{"id":27880,"date":"2015-03-26T13:13:18","date_gmt":"2015-03-26T16:13:18","guid":{"rendered":"http:\/\/www.inclusive.org.br\/?p=27880"},"modified":"2015-03-26T13:13:18","modified_gmt":"2015-03-26T16:13:18","slug":"campanha-mundial-purple-day-tem-dia-de-conscientizacao-sobre-epilepsia","status":"publish","type":"post","link":"https:\/\/inclusivenews.com.br\/?p=27880","title":{"rendered":"Campanha mundial Purple Day tem dia de conscientiza\u00e7\u00e3o sobre epilepsia"},"content":{"rendered":"<p><em>Da Ag\u00eancia Brasil<\/em><\/p>\n<p><img loading=\"lazy\" decoding=\"async\" class=\"alignnone\" title=\"Supporting epilepsy around the world. Purple day - march 26.\" alt=\"Supporting epilepsy around the world. Purple day - march 26.\" src=\"http:\/\/agenciabrasil.ebc.com.br\/sites\/_agenciabrasil2013\/files\/styles\/interna_grande\/public\/logo.png?itok=9sDqg7pL\" width=\"348\" height=\"233\" \/><\/p>\n<p>Com o objetivo de divulgar informa\u00e7\u00f5es e combater o preconceito contra as pessoas que convivem com a epilepsia, associa\u00e7\u00f5es de pacientes trouxeram para o Brasil a campanha mundial Purple Day, o Dia Lil\u00e1s. O dia D da causa \u00e9 hoje (26), mas a semana toda est\u00e1 sendo marcada por a\u00e7\u00f5es que chamam a aten\u00e7\u00e3o para a epilepsia.<\/p>\n<p>A estimativa da Assist\u00eancia \u00e0 Sa\u00fade de Pacientes com Epilepsia (Aspe) \u00e9 que essa condi\u00e7\u00e3o neurol\u00f3gica atinge cerca de 3 milh\u00f5es de pessoas no Brasil. A presen\u00e7a, em alguns casos, de crises convulsivas em que o paciente perde a consci\u00eancia, cai e se debate ainda torna a condi\u00e7\u00e3o alvo de estigma na sociedade. O que grande parte da popula\u00e7\u00e3o n\u00e3o sabe \u00e9 que em 80% dos casos a pessoa com epilepsia pode ter uma vida normal, se tratada adequadamente.<\/p>\n<p>A campanha, de origem canadense, est\u00e1 colorindo de roxo a ilumina\u00e7\u00e3o de pr\u00e9dios importantes, como o Congresso Nacional, a Universidade de Campinas, a sede da Federa\u00e7\u00e3o da Ind\u00fastrias do Estado de S\u00e3o Paulo, entre outros. Segundo o embaixador da campanha no Brasil, Eduardo Caminada, a mobiliza\u00e7\u00e3o \u00e9 uma forma de chamar a aten\u00e7\u00e3o para a causa e informar a popula\u00e7\u00e3o sobre a epilepsia.<\/p>\n<p>\u201c\u00c9 um trabalho de formiguinha contra o preconceito. Com informa\u00e7\u00e3o, as pessoas v\u00e3o entender o que \u00e9 a epilepsia, o preconceito s\u00f3 existe por falta de informa\u00e7\u00e3o\u201d, disse Caminada.<\/p>\n<p>Pelo menos 20 cidades est\u00e3o sediando eventos relacionados \u00e0 campanha. A C\u00e2mara Municipal de S\u00e3o Paulo vai promover uma mesa de debate sobre o tema na manh\u00e3 de hoje. Amanh\u00e3 (27) e depois, a capital de Rond\u00f4nia, Porto Velho, sediar\u00e1 o 13\u00ba Encontro da Federa\u00e7\u00e3o Nacional de Epilepsia.<\/p>\n<p>No dia 28, tr\u00eas capitais v\u00e3o ter caminhadas pelo Purple Day. Em Bras\u00edlia, o movimento vai ocorrer, a partir das 9h, na \u00e1rea pr\u00f3xima \u00e0 Nicol\u00e2ndia, no Parque da Cidade. Em S\u00e3o Paulo, a caminhada vai ser no Parque do Ibirapuera, \u00e0s 10h. No Rio de Janeiro, a a\u00e7\u00e3o partir\u00e1 da Esta\u00e7\u00e3o Cardeal Arcoverde e tamb\u00e9m come\u00e7ar\u00e1 \u00e0s 10h.<\/p>\n","protected":false},"excerpt":{"rendered":"<p>Pelo menos 20 cidades est\u00e3o sediando eventos relacionados \u00e0 campanha. A C\u00e2mara Municipal de S\u00e3o Paulo vai promover uma mesa de debate sobre o tema na manh\u00e3 de hoje. Amanh\u00e3 (27) e depois, a capital de Rond\u00f4nia, Porto Velho, sediar\u00e1 o 13\u00ba Encontro da Federa\u00e7\u00e3o Nacional de Epilepsia.<\/p>\n","protected":false},"author":1,"featured_media":0,"comment_status":"open","ping_status":"open","sticky":false,"template":"","format":"standard","meta":{"site-container-style":"default","site-container-layout":"default","site-sidebar-layout":"default","disable-article-header":"default","disable-site-header":"default","disable-site-footer":"default","disable-content-area-spacing":"default","footnotes":""},"categories":[3],"tags":[188],"class_list":["post-27880","post","type-post","status-publish","format-standard","hentry","category-campanhas","tag-epilepsia"],"yoast_head":"<!-- This site is optimized with the Yoast SEO plugin v27.4 - https:\/\/yoast.com\/product\/yoast-seo-wordpress\/ -->\n<title>Campanha mundial Purple Day tem dia de conscientiza\u00e7\u00e3o sobre epilepsia -<\/title>\n<meta name=\"robots\" content=\"index, follow, max-snippet:-1, max-image-preview:large, max-video-preview:-1\" \/>\n<link rel=\"canonical\" href=\"https:\/\/inclusivenews.com.br\/?p=27880\" \/>\n<meta property=\"og:locale\" content=\"pt_PT\" \/>\n<meta property=\"og:type\" content=\"article\" \/>\n<meta property=\"og:title\" content=\"Campanha mundial Purple Day tem dia de conscientiza\u00e7\u00e3o sobre epilepsia -\" \/>\n<meta property=\"og:description\" content=\"Pelo menos 20 cidades est\u00e3o sediando eventos relacionados \u00e0 campanha. A C\u00e2mara Municipal de S\u00e3o Paulo vai promover uma mesa de debate sobre o tema na manh\u00e3 de hoje. Amanh\u00e3 (27) e depois, a capital de Rond\u00f4nia, Porto Velho, sediar\u00e1 o 13\u00ba Encontro da Federa\u00e7\u00e3o Nacional de Epilepsia.\" \/>\n<meta property=\"og:url\" content=\"https:\/\/inclusivenews.com.br\/?p=27880\" \/>\n<meta property=\"article:publisher\" content=\"https:\/\/www.facebook.com\/agenciainclusive\/\" \/>\n<meta property=\"article:published_time\" content=\"2015-03-26T16:13:18+00:00\" \/>\n<meta property=\"og:image\" content=\"http:\/\/agenciabrasil.ebc.com.br\/sites\/_agenciabrasil2013\/files\/styles\/interna_grande\/public\/logo.png?itok=9sDqg7pL\" \/>\n<meta name=\"author\" content=\"inclusivenews2024\" \/>\n<meta name=\"twitter:card\" content=\"summary_large_image\" \/>\n<meta name=\"twitter:label1\" content=\"Escrito por\" \/>\n\t<meta name=\"twitter:data1\" content=\"inclusivenews2024\" \/>\n\t<meta name=\"twitter:label2\" content=\"Tempo estimado de leitura\" \/>\n\t<meta name=\"twitter:data2\" content=\"2 minutos\" \/>\n<script type=\"application\/ld+json\" class=\"yoast-schema-graph\">{\"@context\":\"https:\\\/\\\/schema.org\",\"@graph\":[{\"@type\":\"Article\",\"@id\":\"https:\\\/\\\/inclusivenews.com.br\\\/?p=27880#article\",\"isPartOf\":{\"@id\":\"https:\\\/\\\/inclusivenews.com.br\\\/?p=27880\"},\"author\":{\"name\":\"inclusivenews2024\",\"@id\":\"https:\\\/\\\/inclusivenews.com.br\\\/#\\\/schema\\\/person\\\/ae4ec7087559b8692fb33b6fffd2273b\"},\"headline\":\"Campanha mundial Purple Day tem dia de conscientiza\u00e7\u00e3o sobre epilepsia\",\"datePublished\":\"2015-03-26T16:13:18+00:00\",\"mainEntityOfPage\":{\"@id\":\"https:\\\/\\\/inclusivenews.com.br\\\/?p=27880\"},\"wordCount\":375,\"commentCount\":0,\"publisher\":{\"@id\":\"https:\\\/\\\/inclusivenews.com.br\\\/#organization\"},\"image\":{\"@id\":\"https:\\\/\\\/inclusivenews.com.br\\\/?p=27880#primaryimage\"},\"thumbnailUrl\":\"http:\\\/\\\/agenciabrasil.ebc.com.br\\\/sites\\\/_agenciabrasil2013\\\/files\\\/styles\\\/interna_grande\\\/public\\\/logo.png?itok=9sDqg7pL\",\"keywords\":[\"Epilepsia\"],\"articleSection\":[\"CAMPANHAS\"],\"inLanguage\":\"pt-PT\",\"potentialAction\":[{\"@type\":\"CommentAction\",\"name\":\"Comment\",\"target\":[\"https:\\\/\\\/inclusivenews.com.br\\\/?p=27880#respond\"]}]},{\"@type\":\"WebPage\",\"@id\":\"https:\\\/\\\/inclusivenews.com.br\\\/?p=27880\",\"url\":\"https:\\\/\\\/inclusivenews.com.br\\\/?p=27880\",\"name\":\"Campanha mundial Purple Day tem dia de conscientiza\u00e7\u00e3o sobre epilepsia -\",\"isPartOf\":{\"@id\":\"https:\\\/\\\/inclusivenews.com.br\\\/#website\"},\"primaryImageOfPage\":{\"@id\":\"https:\\\/\\\/inclusivenews.com.br\\\/?p=27880#primaryimage\"},\"image\":{\"@id\":\"https:\\\/\\\/inclusivenews.com.br\\\/?p=27880#primaryimage\"},\"thumbnailUrl\":\"http:\\\/\\\/agenciabrasil.ebc.com.br\\\/sites\\\/_agenciabrasil2013\\\/files\\\/styles\\\/interna_grande\\\/public\\\/logo.png?itok=9sDqg7pL\",\"datePublished\":\"2015-03-26T16:13:18+00:00\",\"breadcrumb\":{\"@id\":\"https:\\\/\\\/inclusivenews.com.br\\\/?p=27880#breadcrumb\"},\"inLanguage\":\"pt-PT\",\"potentialAction\":[{\"@type\":\"ReadAction\",\"target\":[\"https:\\\/\\\/inclusivenews.com.br\\\/?p=27880\"]}]},{\"@type\":\"ImageObject\",\"inLanguage\":\"pt-PT\",\"@id\":\"https:\\\/\\\/inclusivenews.com.br\\\/?p=27880#primaryimage\",\"url\":\"http:\\\/\\\/agenciabrasil.ebc.com.br\\\/sites\\\/_agenciabrasil2013\\\/files\\\/styles\\\/interna_grande\\\/public\\\/logo.png?itok=9sDqg7pL\",\"contentUrl\":\"http:\\\/\\\/agenciabrasil.ebc.com.br\\\/sites\\\/_agenciabrasil2013\\\/files\\\/styles\\\/interna_grande\\\/public\\\/logo.png?itok=9sDqg7pL\"},{\"@type\":\"BreadcrumbList\",\"@id\":\"https:\\\/\\\/inclusivenews.com.br\\\/?p=27880#breadcrumb\",\"itemListElement\":[{\"@type\":\"ListItem\",\"position\":1,\"name\":\"In\u00edcio\",\"item\":\"https:\\\/\\\/inclusivenews.com.br\\\/\"},{\"@type\":\"ListItem\",\"position\":2,\"name\":\"Campanha mundial Purple Day tem dia de conscientiza\u00e7\u00e3o sobre epilepsia\"}]},{\"@type\":\"WebSite\",\"@id\":\"https:\\\/\\\/inclusivenews.com.br\\\/#website\",\"url\":\"https:\\\/\\\/inclusivenews.com.br\\\/\",\"name\":\"Inclusive News\",\"description\":\"Inclusive News\",\"publisher\":{\"@id\":\"https:\\\/\\\/inclusivenews.com.br\\\/#organization\"},\"potentialAction\":[{\"@type\":\"SearchAction\",\"target\":{\"@type\":\"EntryPoint\",\"urlTemplate\":\"https:\\\/\\\/inclusivenews.com.br\\\/?s={search_term_string}\"},\"query-input\":{\"@type\":\"PropertyValueSpecification\",\"valueRequired\":true,\"valueName\":\"search_term_string\"}}],\"inLanguage\":\"pt-PT\"},{\"@type\":\"Organization\",\"@id\":\"https:\\\/\\\/inclusivenews.com.br\\\/#organization\",\"name\":\"Inclusive - inclus\u00e3o e cidadania\",\"url\":\"https:\\\/\\\/inclusivenews.com.br\\\/\",\"logo\":{\"@type\":\"ImageObject\",\"inLanguage\":\"pt-PT\",\"@id\":\"https:\\\/\\\/inclusivenews.com.br\\\/#\\\/schema\\\/logo\\\/image\\\/\",\"url\":\"https:\\\/\\\/inclusivenews.com.br\\\/wp-content\\\/uploads\\\/2024\\\/03\\\/@grandesite.png\",\"contentUrl\":\"https:\\\/\\\/inclusivenews.com.br\\\/wp-content\\\/uploads\\\/2024\\\/03\\\/@grandesite.png\",\"width\":1080,\"height\":1080,\"caption\":\"Inclusive - inclus\u00e3o e cidadania\"},\"image\":{\"@id\":\"https:\\\/\\\/inclusivenews.com.br\\\/#\\\/schema\\\/logo\\\/image\\\/\"},\"sameAs\":[\"https:\\\/\\\/www.facebook.com\\\/agenciainclusive\\\/\",\"https:\\\/\\\/www.instagram.com\\\/newsinclusive\\\/\"]},{\"@type\":\"Person\",\"@id\":\"https:\\\/\\\/inclusivenews.com.br\\\/#\\\/schema\\\/person\\\/ae4ec7087559b8692fb33b6fffd2273b\",\"name\":\"inclusivenews2024\",\"image\":{\"@type\":\"ImageObject\",\"inLanguage\":\"pt-PT\",\"@id\":\"https:\\\/\\\/secure.gravatar.com\\\/avatar\\\/c5a7ef84c66fa914f55bc4f7ce26cfa275a3b9a1c5568b907bd184fb4dde7b40?s=96&d=mm&r=g\",\"url\":\"https:\\\/\\\/secure.gravatar.com\\\/avatar\\\/c5a7ef84c66fa914f55bc4f7ce26cfa275a3b9a1c5568b907bd184fb4dde7b40?s=96&d=mm&r=g\",\"contentUrl\":\"https:\\\/\\\/secure.gravatar.com\\\/avatar\\\/c5a7ef84c66fa914f55bc4f7ce26cfa275a3b9a1c5568b907bd184fb4dde7b40?s=96&d=mm&r=g\",\"caption\":\"inclusivenews2024\"},\"sameAs\":[\"https:\\\/\\\/inclusivenews.com.br\"],\"url\":\"https:\\\/\\\/inclusivenews.com.br\\\/?author=1\"}]}<\/script>\n<!-- \/ Yoast SEO plugin. -->","yoast_head_json":{"title":"Campanha mundial Purple Day tem dia de conscientiza\u00e7\u00e3o sobre epilepsia -","robots":{"index":"index","follow":"follow","max-snippet":"max-snippet:-1","max-image-preview":"max-image-preview:large","max-video-preview":"max-video-preview:-1"},"canonical":"https:\/\/inclusivenews.com.br\/?p=27880","og_locale":"pt_PT","og_type":"article","og_title":"Campanha mundial Purple Day tem dia de conscientiza\u00e7\u00e3o sobre epilepsia -","og_description":"Pelo menos 20 cidades est\u00e3o sediando eventos relacionados \u00e0 campanha. A C\u00e2mara Municipal de S\u00e3o Paulo vai promover uma mesa de debate sobre o tema na manh\u00e3 de hoje. Amanh\u00e3 (27) e depois, a capital de Rond\u00f4nia, Porto Velho, sediar\u00e1 o 13\u00ba Encontro da Federa\u00e7\u00e3o Nacional de Epilepsia.","og_url":"https:\/\/inclusivenews.com.br\/?p=27880","article_publisher":"https:\/\/www.facebook.com\/agenciainclusive\/","article_published_time":"2015-03-26T16:13:18+00:00","og_image":[{"url":"http:\/\/agenciabrasil.ebc.com.br\/sites\/_agenciabrasil2013\/files\/styles\/interna_grande\/public\/logo.png?itok=9sDqg7pL","type":"","width":"","height":""}],"author":"inclusivenews2024","twitter_card":"summary_large_image","twitter_misc":{"Escrito por":"inclusivenews2024","Tempo estimado de leitura":"2 minutos"},"schema":{"@context":"https:\/\/schema.org","@graph":[{"@type":"Article","@id":"https:\/\/inclusivenews.com.br\/?p=27880#article","isPartOf":{"@id":"https:\/\/inclusivenews.com.br\/?p=27880"},"author":{"name":"inclusivenews2024","@id":"https:\/\/inclusivenews.com.br\/#\/schema\/person\/ae4ec7087559b8692fb33b6fffd2273b"},"headline":"Campanha mundial Purple Day tem dia de conscientiza\u00e7\u00e3o sobre epilepsia","datePublished":"2015-03-26T16:13:18+00:00","mainEntityOfPage":{"@id":"https:\/\/inclusivenews.com.br\/?p=27880"},"wordCount":375,"commentCount":0,"publisher":{"@id":"https:\/\/inclusivenews.com.br\/#organization"},"image":{"@id":"https:\/\/inclusivenews.com.br\/?p=27880#primaryimage"},"thumbnailUrl":"http:\/\/agenciabrasil.ebc.com.br\/sites\/_agenciabrasil2013\/files\/styles\/interna_grande\/public\/logo.png?itok=9sDqg7pL","keywords":["Epilepsia"],"articleSection":["CAMPANHAS"],"inLanguage":"pt-PT","potentialAction":[{"@type":"CommentAction","name":"Comment","target":["https:\/\/inclusivenews.com.br\/?p=27880#respond"]}]},{"@type":"WebPage","@id":"https:\/\/inclusivenews.com.br\/?p=27880","url":"https:\/\/inclusivenews.com.br\/?p=27880","name":"Campanha mundial Purple Day tem dia de conscientiza\u00e7\u00e3o sobre epilepsia -","isPartOf":{"@id":"https:\/\/inclusivenews.com.br\/#website"},"primaryImageOfPage":{"@id":"https:\/\/inclusivenews.com.br\/?p=27880#primaryimage"},"image":{"@id":"https:\/\/inclusivenews.com.br\/?p=27880#primaryimage"},"thumbnailUrl":"http:\/\/agenciabrasil.ebc.com.br\/sites\/_agenciabrasil2013\/files\/styles\/interna_grande\/public\/logo.png?itok=9sDqg7pL","datePublished":"2015-03-26T16:13:18+00:00","breadcrumb":{"@id":"https:\/\/inclusivenews.com.br\/?p=27880#breadcrumb"},"inLanguage":"pt-PT","potentialAction":[{"@type":"ReadAction","target":["https:\/\/inclusivenews.com.br\/?p=27880"]}]},{"@type":"ImageObject","inLanguage":"pt-PT","@id":"https:\/\/inclusivenews.com.br\/?p=27880#primaryimage","url":"http:\/\/agenciabrasil.ebc.com.br\/sites\/_agenciabrasil2013\/files\/styles\/interna_grande\/public\/logo.png?itok=9sDqg7pL","contentUrl":"http:\/\/agenciabrasil.ebc.com.br\/sites\/_agenciabrasil2013\/files\/styles\/interna_grande\/public\/logo.png?itok=9sDqg7pL"},{"@type":"BreadcrumbList","@id":"https:\/\/inclusivenews.com.br\/?p=27880#breadcrumb","itemListElement":[{"@type":"ListItem","position":1,"name":"In\u00edcio","item":"https:\/\/inclusivenews.com.br\/"},{"@type":"ListItem","position":2,"name":"Campanha mundial Purple Day tem dia de conscientiza\u00e7\u00e3o sobre epilepsia"}]},{"@type":"WebSite","@id":"https:\/\/inclusivenews.com.br\/#website","url":"https:\/\/inclusivenews.com.br\/","name":"Inclusive News","description":"Inclusive News","publisher":{"@id":"https:\/\/inclusivenews.com.br\/#organization"},"potentialAction":[{"@type":"SearchAction","target":{"@type":"EntryPoint","urlTemplate":"https:\/\/inclusivenews.com.br\/?s={search_term_string}"},"query-input":{"@type":"PropertyValueSpecification","valueRequired":true,"valueName":"search_term_string"}}],"inLanguage":"pt-PT"},{"@type":"Organization","@id":"https:\/\/inclusivenews.com.br\/#organization","name":"Inclusive - inclus\u00e3o e cidadania","url":"https:\/\/inclusivenews.com.br\/","logo":{"@type":"ImageObject","inLanguage":"pt-PT","@id":"https:\/\/inclusivenews.com.br\/#\/schema\/logo\/image\/","url":"https:\/\/inclusivenews.com.br\/wp-content\/uploads\/2024\/03\/@grandesite.png","contentUrl":"https:\/\/inclusivenews.com.br\/wp-content\/uploads\/2024\/03\/@grandesite.png","width":1080,"height":1080,"caption":"Inclusive - inclus\u00e3o e cidadania"},"image":{"@id":"https:\/\/inclusivenews.com.br\/#\/schema\/logo\/image\/"},"sameAs":["https:\/\/www.facebook.com\/agenciainclusive\/","https:\/\/www.instagram.com\/newsinclusive\/"]},{"@type":"Person","@id":"https:\/\/inclusivenews.com.br\/#\/schema\/person\/ae4ec7087559b8692fb33b6fffd2273b","name":"inclusivenews2024","image":{"@type":"ImageObject","inLanguage":"pt-PT","@id":"https:\/\/secure.gravatar.com\/avatar\/c5a7ef84c66fa914f55bc4f7ce26cfa275a3b9a1c5568b907bd184fb4dde7b40?s=96&d=mm&r=g","url":"https:\/\/secure.gravatar.com\/avatar\/c5a7ef84c66fa914f55bc4f7ce26cfa275a3b9a1c5568b907bd184fb4dde7b40?s=96&d=mm&r=g","contentUrl":"https:\/\/secure.gravatar.com\/avatar\/c5a7ef84c66fa914f55bc4f7ce26cfa275a3b9a1c5568b907bd184fb4dde7b40?s=96&d=mm&r=g","caption":"inclusivenews2024"},"sameAs":["https:\/\/inclusivenews.com.br"],"url":"https:\/\/inclusivenews.com.br\/?author=1"}]}},"_links":{"self":[{"href":"https:\/\/inclusivenews.com.br\/index.php?rest_route=\/wp\/v2\/posts\/27880","targetHints":{"allow":["GET"]}}],"collection":[{"href":"https:\/\/inclusivenews.com.br\/index.php?rest_route=\/wp\/v2\/posts"}],"about":[{"href":"https:\/\/inclusivenews.com.br\/index.php?rest_route=\/wp\/v2\/types\/post"}],"author":[{"embeddable":true,"href":"https:\/\/inclusivenews.com.br\/index.php?rest_route=\/wp\/v2\/users\/1"}],"replies":[{"embeddable":true,"href":"https:\/\/inclusivenews.com.br\/index.php?rest_route=%2Fwp%2Fv2%2Fcomments&post=27880"}],"version-history":[{"count":0,"href":"https:\/\/inclusivenews.com.br\/index.php?rest_route=\/wp\/v2\/posts\/27880\/revisions"}],"wp:attachment":[{"href":"https:\/\/inclusivenews.com.br\/index.php?rest_route=%2Fwp%2Fv2%2Fmedia&parent=27880"}],"wp:term":[{"taxonomy":"category","embeddable":true,"href":"https:\/\/inclusivenews.com.br\/index.php?rest_route=%2Fwp%2Fv2%2Fcategories&post=27880"},{"taxonomy":"post_tag","embeddable":true,"href":"https:\/\/inclusivenews.com.br\/index.php?rest_route=%2Fwp%2Fv2%2Ftags&post=27880"}],"curies":[{"name":"wp","href":"https:\/\/api.w.org\/{rel}","templated":true}]}}