{"id":27886,"date":"2015-03-31T13:13:04","date_gmt":"2015-03-31T16:13:04","guid":{"rendered":"http:\/\/www.inclusive.org.br\/?p=27886"},"modified":"2015-03-31T13:13:04","modified_gmt":"2015-03-31T16:13:04","slug":"autismo-recursos-tecnologicos-para-inclusao-educacional-e-social","status":"publish","type":"post","link":"https:\/\/inclusivenews.com.br\/?p=27886","title":{"rendered":"Autismo: recursos tecnol\u00f3gicos para inclus\u00e3o educacional e social"},"content":{"rendered":"<p><img loading=\"lazy\" decoding=\"async\" class=\"wp-image-16112 alignleft\" title=\"Fita feita de quebra-cabe\u00e7as coloridos - s\u00edmbolo do autismo\" alt=\"Fita feita de quebra-cabe\u00e7as coloridos - s\u00edmbolo do autismo\" src=\"http:\/\/inclusivenews.com.br\/wp-content\/uploads\/2010\/06\/autismo-fita.jpg\" width=\"177\" height=\"310\" \/><\/p>\n<p><span style=\"font-family: Arial; font-size: small;\">Na semana do\u00a0<\/span><em><i><span style=\"font-family: 'Times New Roman';\">Dia Mundial de Conscientiza\u00e7\u00e3o sobre o Autismo<\/span><\/i><\/em><span style=\"font-family: Arial; font-size: small;\">, o ciclo de palestras\u00a0<\/span><em><i><span style=\"font-family: 'Times New Roman';\">Ter\u00e7as Tecnol\u00f3gicas<\/span><\/i><\/em><span style=\"font-family: Arial; font-size: small;\">\u00a0do Instituto Nacional de Tecnologia (INT\/MCTI) apresenta, na pr\u00f3xima ter\u00e7a-feira (31\/03), \u00e0s 14h30, a palestra\u00a0<\/span><em><i><span style=\"font-family: 'Times New Roman';\">Autismo e recursos tecnol\u00f3gicos para inclus\u00e3o educacional e social<\/span><\/i><\/em><span style=\"font-family: Arial; font-size: small;\">. Os palestrantes s\u00e3o a psicopedagoga Bianca Fonseca, s\u00f3cia da empresa Movimento Uniforme Reeduca\u00e7\u00e3o Cognitivo-motora Ltda., incubada do INT, e o tecnologista Saul Mizrahi, da \u00e1rea de Engenharia de Avalia\u00e7\u00f5es e de Produ\u00e7\u00e3o do Instituto e pesquisador do projeto\u00a0<\/span><em><i><span style=\"font-family: 'Times New Roman';\">Gest\u00e3o Escolar para a Escola Inclusiva<\/span><\/i><\/em><span style=\"font-family: Arial; font-size: small;\">, parceiros no desenvolvimento de materiais did\u00e1ticos que facilitam o processo de aprendizagem das pessoas com autismo.<\/span><\/p>\n<p><span style=\"font-family: Arial; font-size: small;\">Bianca Fonseca explica que \u201cquanto mais cedo for detectado, antes de se cristalizar, o autismo tem mais chance de ser tratado e a crian\u00e7a de se desenvolver e tornar mais independente, comunicativo e soci\u00e1vel\u201d. A psicopedagoga relata que, al\u00e9m da pr\u00e9-disposi\u00e7\u00e3o gen\u00e9tica, o dist\u00farbio tamb\u00e9m \u00e9 acionado por um \u201cgatilho ambiental\u201d, como a contamina\u00e7\u00e3o das m\u00e3es por n\u00edveis elevados de metal pesado, que pode ser prevenida com a\u00e7\u00f5es pr\u00e9vias de diagn\u00f3stico.<\/span><\/p>\n<p><span style=\"font-family: Arial; font-size: small;\">Em sua palestra, Bianca mostrar\u00e1 as a\u00e7\u00f5es desenvolvidas pela Movimento Uniforme, que incluem tanto a produ\u00e7\u00e3o dos artefatos e softwares desenvolvidos em conjunto com o INT, como servi\u00e7os de consultoria em adapta\u00e7\u00e3o curricular e a\u00e7\u00f5es relacionadas ao projeto<\/span><em><i><span style=\"font-family: 'Times New Roman';\">Implanta\u00e7\u00e3o de Rede de Atendimento e Capacita\u00e7\u00e3o dos Profissionais de Educa\u00e7\u00e3o para Identifica\u00e7\u00e3o Precoce e Interven\u00e7\u00e3o com Crian\u00e7as Autistas no RJ<\/span><\/i><\/em><span style=\"font-family: Arial; font-size: small;\">, apoiado pela Faperj.<\/span><\/p>\n<p><span style=\"font-family: Arial; font-size: small;\">Saul Eliah\u00fa Mizrahi, por sua vez, ressalta que \u201ca tecnologia pode facilitar o aprendizado e ajudar a incluir no conv\u00edvio social alunos com limita\u00e7\u00f5es psicomotoras, sendo priorit\u00e1rio concretizar pol\u00edticas p\u00fablicas e de forma\u00e7\u00e3o de profissionais para lidar com esses alunos nas escolas\u201d. Esse \u00e9 o papel da Tecnologia Assistiva para Educa\u00e7\u00e3o Inclusiva, que nomeia uma linha de pesquisa do INT, j\u00e1 respons\u00e1vel pela transfer\u00eancia de alguns produtos para a sociedade por meio do Projeto Gest\u00e3o Escolar para a Escola Inclusiva, tamb\u00e9m apoiado pela Faperj. Coordenado pela Universidade Federal do Estado do Rio de Janeiro (UniRio), o trabalho agrega colaboradores das universidades Federal Fluminense (UFF), Est\u00e1cio de S\u00e1 (Unesa), Federal do Rio de Janeiro (UFRJ), do Estado do Rio de Janeiro (UERJ), al\u00e9m da Movimento Uniforme, Autismo BH e das secretarias de educa\u00e7\u00e3o dos munic\u00edpios fluminenses de Niter\u00f3i, S\u00e3o Jo\u00e3o de Meriti, Belford Roxo e Maric\u00e1.<\/span><\/p>\n<p><span style=\"font-family: Arial; font-size: small;\">\u201cA integra\u00e7\u00e3o com os parceiros \u00e9 fundamental, pois \u00e9 a partir da sua experi\u00eancia junto com o p\u00fablico do projeto que desenvolvemos esses recursos pedag\u00f3gicos; que s\u00e3o ainda avaliados em sala de aula pelos professores\u201d, explica o pesquisador Saul Mizrahi.<\/span><\/p>\n<p><span style=\"font-family: Arial; font-size: small;\">O ciclo Ter\u00e7as Tecnol\u00f3gicas \u00e9 voltado para estudantes de gradua\u00e7\u00e3o e p\u00f3s-gradua\u00e7\u00e3o, apresentando projetos como esses, desenvolvidos pelo Instituto Nacional de Tecnologia e seus parceiros. O objetivo do INT com o evento \u00e9 estimular o debate e a intera\u00e7\u00e3o entre tecnologistas e o p\u00fablico universit\u00e1rio e divulgar resultados de pesquisas e tecnologias inovadoras para a sociedade.<\/span><\/p>\n<p><b><span style=\"font-family: Arial; font-size: small;\">Servi\u00e7o:<\/span><\/b><\/p>\n<p><b><i><span style=\"font-family: Arial; font-size: small;\">Ter\u00e7as Tecnol\u00f3gicas<\/span><\/i><\/b><b><span style=\"font-family: Arial; font-size: small;\">\u00a0&#8211; 2015<\/span><\/b><\/p>\n<p><b><span style=\"font-family: Arial; font-size: small;\">Tema:<\/span><\/b><span style=\"font-family: Arial; font-size: small;\">\u00a0<i>Autismo e recursos tecnol\u00f3gicos para inclus\u00e3o educacional e social<\/i><\/span><\/p>\n<p><b><span style=\"font-family: Arial; font-size: small;\">Data:<\/span><\/b><span style=\"font-family: Arial; font-size: small;\">\u00a031 de mar\u00e7o<\/span><\/p>\n<p><b><span style=\"font-family: Arial; font-size: small;\">Hor\u00e1rio:<\/span><\/b><span style=\"font-family: Arial; font-size: small;\">\u00a014h30 \u00e0s 16h30<\/span><\/p>\n<p><b><span style=\"font-family: Arial; font-size: small;\">Local:<\/span><\/b><span style=\"font-family: Arial; font-size: small;\">\u00a0Audit\u00f3rio Fonseca Costa \/ Instituto Nacional de Tecnologia (Av. Venezuela, 82 &#8211; Pra\u00e7a Mau\u00e1 &#8211; Rio de Janeiro)<\/span><\/p>\n<p><b><span style=\"font-family: Arial; font-size: small;\">Inscri\u00e7\u00f5es gratuitas pelo email\u00a0<a href=\"mailto:dcom@int.gov.br\" target=\"_blank\" rel=\"noopener\">dcom@int.gov.br<\/a><\/span><\/b><\/p>\n<p><span style=\"font-family: Arial; font-size: small;\">Os inscritos receber\u00e3o um certificado de participa\u00e7\u00e3o<\/span><\/p>\n","protected":false},"excerpt":{"rendered":"<p>Na semana do Dia Mundial de Conscientiza\u00e7\u00e3o sobre o Autismo, o ciclo de palestras Ter\u00e7as Tecnol\u00f3gicas do Instituto Nacional de Tecnologia (INT\/MCTI) apresenta, na pr\u00f3xima ter\u00e7a-feira (31\/03), \u00e0s 14h30, a palestra Autismo e recursos tecnol\u00f3gicos para inclus\u00e3o educacional e social. Os palestrantes s\u00e3o a psicopedagoga Bianca Fonseca, s\u00f3cia da empresa Movimento Uniforme Reeduca\u00e7\u00e3o Cognitivo-motora Ltda., incubada do INT, e o tecnologista Saul Mizrahi, da \u00e1rea de Engenharia de Avalia\u00e7\u00f5es e de Produ\u00e7\u00e3o do Instituto e pesquisador do projeto Gest\u00e3o Escolar para a Escola Inclusiva, parceiros no desenvolvimento de materiais did\u00e1ticos que facilitam o processo de aprendizagem das pessoas com autismo.<\/p>\n","protected":false},"author":1,"featured_media":0,"comment_status":"open","ping_status":"open","sticky":false,"template":"","format":"standard","meta":{"site-container-style":"default","site-container-layout":"default","site-sidebar-layout":"default","disable-article-header":"default","disable-site-header":"default","disable-site-footer":"default","disable-content-area-spacing":"default","footnotes":""},"categories":[4],"tags":[34,126],"class_list":["post-27886","post","type-post","status-publish","format-standard","hentry","category-noticias","tag-autismo","tag-educacao-inclusiva"],"yoast_head":"<!-- This site is optimized with the Yoast SEO plugin v27.4 - https:\/\/yoast.com\/product\/yoast-seo-wordpress\/ -->\n<title>Autismo: recursos tecnol\u00f3gicos para inclus\u00e3o educacional e social -<\/title>\n<meta name=\"robots\" content=\"index, follow, max-snippet:-1, max-image-preview:large, max-video-preview:-1\" \/>\n<link rel=\"canonical\" href=\"https:\/\/inclusivenews.com.br\/?p=27886\" \/>\n<meta property=\"og:locale\" content=\"pt_PT\" \/>\n<meta property=\"og:type\" content=\"article\" \/>\n<meta property=\"og:title\" content=\"Autismo: recursos tecnol\u00f3gicos para inclus\u00e3o educacional e social -\" \/>\n<meta property=\"og:description\" content=\"Na semana do Dia Mundial de Conscientiza\u00e7\u00e3o sobre o Autismo, o ciclo de palestras Ter\u00e7as Tecnol\u00f3gicas do Instituto Nacional de Tecnologia (INT\/MCTI) apresenta, na pr\u00f3xima ter\u00e7a-feira (31\/03), \u00e0s 14h30, a palestra Autismo e recursos tecnol\u00f3gicos para inclus\u00e3o educacional e social. Os palestrantes s\u00e3o a psicopedagoga Bianca Fonseca, s\u00f3cia da empresa Movimento Uniforme Reeduca\u00e7\u00e3o Cognitivo-motora Ltda., incubada do INT, e o tecnologista Saul Mizrahi, da \u00e1rea de Engenharia de Avalia\u00e7\u00f5es e de Produ\u00e7\u00e3o do Instituto e pesquisador do projeto Gest\u00e3o Escolar para a Escola Inclusiva, parceiros no desenvolvimento de materiais did\u00e1ticos que facilitam o processo de aprendizagem das pessoas com autismo.\" \/>\n<meta property=\"og:url\" content=\"https:\/\/inclusivenews.com.br\/?p=27886\" \/>\n<meta property=\"article:publisher\" content=\"https:\/\/www.facebook.com\/agenciainclusive\/\" \/>\n<meta property=\"article:published_time\" content=\"2015-03-31T16:13:04+00:00\" \/>\n<meta property=\"og:image\" content=\"http:\/\/inclusivenews.com.br\/wp-content\/uploads\/2010\/06\/autismo-fita.jpg\" \/>\n<meta name=\"author\" content=\"inclusivenews2024\" \/>\n<meta name=\"twitter:card\" content=\"summary_large_image\" \/>\n<meta name=\"twitter:label1\" content=\"Escrito por\" \/>\n\t<meta name=\"twitter:data1\" content=\"inclusivenews2024\" \/>\n\t<meta name=\"twitter:label2\" content=\"Tempo estimado de leitura\" \/>\n\t<meta name=\"twitter:data2\" content=\"3 minutos\" \/>\n<script type=\"application\/ld+json\" class=\"yoast-schema-graph\">{\"@context\":\"https:\\\/\\\/schema.org\",\"@graph\":[{\"@type\":\"Article\",\"@id\":\"https:\\\/\\\/inclusivenews.com.br\\\/?p=27886#article\",\"isPartOf\":{\"@id\":\"https:\\\/\\\/inclusivenews.com.br\\\/?p=27886\"},\"author\":{\"name\":\"inclusivenews2024\",\"@id\":\"https:\\\/\\\/inclusivenews.com.br\\\/#\\\/schema\\\/person\\\/ae4ec7087559b8692fb33b6fffd2273b\"},\"headline\":\"Autismo: recursos tecnol\u00f3gicos para inclus\u00e3o educacional e social\",\"datePublished\":\"2015-03-31T16:13:04+00:00\",\"mainEntityOfPage\":{\"@id\":\"https:\\\/\\\/inclusivenews.com.br\\\/?p=27886\"},\"wordCount\":613,\"commentCount\":1,\"publisher\":{\"@id\":\"https:\\\/\\\/inclusivenews.com.br\\\/#organization\"},\"image\":{\"@id\":\"https:\\\/\\\/inclusivenews.com.br\\\/?p=27886#primaryimage\"},\"thumbnailUrl\":\"http:\\\/\\\/inclusivenews.com.br\\\/wp-content\\\/uploads\\\/2010\\\/06\\\/autismo-fita.jpg\",\"keywords\":[\"Autismo\",\"Educa\u00e7\u00e3o inclusiva\"],\"articleSection\":[\"NOT\u00cdCIAS\"],\"inLanguage\":\"pt-PT\",\"potentialAction\":[{\"@type\":\"CommentAction\",\"name\":\"Comment\",\"target\":[\"https:\\\/\\\/inclusivenews.com.br\\\/?p=27886#respond\"]}]},{\"@type\":\"WebPage\",\"@id\":\"https:\\\/\\\/inclusivenews.com.br\\\/?p=27886\",\"url\":\"https:\\\/\\\/inclusivenews.com.br\\\/?p=27886\",\"name\":\"Autismo: recursos tecnol\u00f3gicos para inclus\u00e3o educacional e social -\",\"isPartOf\":{\"@id\":\"https:\\\/\\\/inclusivenews.com.br\\\/#website\"},\"primaryImageOfPage\":{\"@id\":\"https:\\\/\\\/inclusivenews.com.br\\\/?p=27886#primaryimage\"},\"image\":{\"@id\":\"https:\\\/\\\/inclusivenews.com.br\\\/?p=27886#primaryimage\"},\"thumbnailUrl\":\"http:\\\/\\\/inclusivenews.com.br\\\/wp-content\\\/uploads\\\/2010\\\/06\\\/autismo-fita.jpg\",\"datePublished\":\"2015-03-31T16:13:04+00:00\",\"breadcrumb\":{\"@id\":\"https:\\\/\\\/inclusivenews.com.br\\\/?p=27886#breadcrumb\"},\"inLanguage\":\"pt-PT\",\"potentialAction\":[{\"@type\":\"ReadAction\",\"target\":[\"https:\\\/\\\/inclusivenews.com.br\\\/?p=27886\"]}]},{\"@type\":\"ImageObject\",\"inLanguage\":\"pt-PT\",\"@id\":\"https:\\\/\\\/inclusivenews.com.br\\\/?p=27886#primaryimage\",\"url\":\"\",\"contentUrl\":\"\"},{\"@type\":\"BreadcrumbList\",\"@id\":\"https:\\\/\\\/inclusivenews.com.br\\\/?p=27886#breadcrumb\",\"itemListElement\":[{\"@type\":\"ListItem\",\"position\":1,\"name\":\"In\u00edcio\",\"item\":\"https:\\\/\\\/inclusivenews.com.br\\\/\"},{\"@type\":\"ListItem\",\"position\":2,\"name\":\"Autismo: recursos tecnol\u00f3gicos para inclus\u00e3o educacional e social\"}]},{\"@type\":\"WebSite\",\"@id\":\"https:\\\/\\\/inclusivenews.com.br\\\/#website\",\"url\":\"https:\\\/\\\/inclusivenews.com.br\\\/\",\"name\":\"Inclusive News\",\"description\":\"Inclusive News\",\"publisher\":{\"@id\":\"https:\\\/\\\/inclusivenews.com.br\\\/#organization\"},\"potentialAction\":[{\"@type\":\"SearchAction\",\"target\":{\"@type\":\"EntryPoint\",\"urlTemplate\":\"https:\\\/\\\/inclusivenews.com.br\\\/?s={search_term_string}\"},\"query-input\":{\"@type\":\"PropertyValueSpecification\",\"valueRequired\":true,\"valueName\":\"search_term_string\"}}],\"inLanguage\":\"pt-PT\"},{\"@type\":\"Organization\",\"@id\":\"https:\\\/\\\/inclusivenews.com.br\\\/#organization\",\"name\":\"Inclusive - inclus\u00e3o e cidadania\",\"url\":\"https:\\\/\\\/inclusivenews.com.br\\\/\",\"logo\":{\"@type\":\"ImageObject\",\"inLanguage\":\"pt-PT\",\"@id\":\"https:\\\/\\\/inclusivenews.com.br\\\/#\\\/schema\\\/logo\\\/image\\\/\",\"url\":\"https:\\\/\\\/inclusivenews.com.br\\\/wp-content\\\/uploads\\\/2024\\\/03\\\/@grandesite.png\",\"contentUrl\":\"https:\\\/\\\/inclusivenews.com.br\\\/wp-content\\\/uploads\\\/2024\\\/03\\\/@grandesite.png\",\"width\":1080,\"height\":1080,\"caption\":\"Inclusive - inclus\u00e3o e cidadania\"},\"image\":{\"@id\":\"https:\\\/\\\/inclusivenews.com.br\\\/#\\\/schema\\\/logo\\\/image\\\/\"},\"sameAs\":[\"https:\\\/\\\/www.facebook.com\\\/agenciainclusive\\\/\",\"https:\\\/\\\/www.instagram.com\\\/newsinclusive\\\/\"]},{\"@type\":\"Person\",\"@id\":\"https:\\\/\\\/inclusivenews.com.br\\\/#\\\/schema\\\/person\\\/ae4ec7087559b8692fb33b6fffd2273b\",\"name\":\"inclusivenews2024\",\"image\":{\"@type\":\"ImageObject\",\"inLanguage\":\"pt-PT\",\"@id\":\"https:\\\/\\\/secure.gravatar.com\\\/avatar\\\/c5a7ef84c66fa914f55bc4f7ce26cfa275a3b9a1c5568b907bd184fb4dde7b40?s=96&d=mm&r=g\",\"url\":\"https:\\\/\\\/secure.gravatar.com\\\/avatar\\\/c5a7ef84c66fa914f55bc4f7ce26cfa275a3b9a1c5568b907bd184fb4dde7b40?s=96&d=mm&r=g\",\"contentUrl\":\"https:\\\/\\\/secure.gravatar.com\\\/avatar\\\/c5a7ef84c66fa914f55bc4f7ce26cfa275a3b9a1c5568b907bd184fb4dde7b40?s=96&d=mm&r=g\",\"caption\":\"inclusivenews2024\"},\"sameAs\":[\"https:\\\/\\\/inclusivenews.com.br\"],\"url\":\"https:\\\/\\\/inclusivenews.com.br\\\/?author=1\"}]}<\/script>\n<!-- \/ Yoast SEO plugin. -->","yoast_head_json":{"title":"Autismo: recursos tecnol\u00f3gicos para inclus\u00e3o educacional e social -","robots":{"index":"index","follow":"follow","max-snippet":"max-snippet:-1","max-image-preview":"max-image-preview:large","max-video-preview":"max-video-preview:-1"},"canonical":"https:\/\/inclusivenews.com.br\/?p=27886","og_locale":"pt_PT","og_type":"article","og_title":"Autismo: recursos tecnol\u00f3gicos para inclus\u00e3o educacional e social -","og_description":"Na semana do Dia Mundial de Conscientiza\u00e7\u00e3o sobre o Autismo, o ciclo de palestras Ter\u00e7as Tecnol\u00f3gicas do Instituto Nacional de Tecnologia (INT\/MCTI) apresenta, na pr\u00f3xima ter\u00e7a-feira (31\/03), \u00e0s 14h30, a palestra Autismo e recursos tecnol\u00f3gicos para inclus\u00e3o educacional e social. Os palestrantes s\u00e3o a psicopedagoga Bianca Fonseca, s\u00f3cia da empresa Movimento Uniforme Reeduca\u00e7\u00e3o Cognitivo-motora Ltda., incubada do INT, e o tecnologista Saul Mizrahi, da \u00e1rea de Engenharia de Avalia\u00e7\u00f5es e de Produ\u00e7\u00e3o do Instituto e pesquisador do projeto Gest\u00e3o Escolar para a Escola Inclusiva, parceiros no desenvolvimento de materiais did\u00e1ticos que facilitam o processo de aprendizagem das pessoas com autismo.","og_url":"https:\/\/inclusivenews.com.br\/?p=27886","article_publisher":"https:\/\/www.facebook.com\/agenciainclusive\/","article_published_time":"2015-03-31T16:13:04+00:00","og_image":[{"url":"http:\/\/inclusivenews.com.br\/wp-content\/uploads\/2010\/06\/autismo-fita.jpg","type":"","width":"","height":""}],"author":"inclusivenews2024","twitter_card":"summary_large_image","twitter_misc":{"Escrito por":"inclusivenews2024","Tempo estimado de leitura":"3 minutos"},"schema":{"@context":"https:\/\/schema.org","@graph":[{"@type":"Article","@id":"https:\/\/inclusivenews.com.br\/?p=27886#article","isPartOf":{"@id":"https:\/\/inclusivenews.com.br\/?p=27886"},"author":{"name":"inclusivenews2024","@id":"https:\/\/inclusivenews.com.br\/#\/schema\/person\/ae4ec7087559b8692fb33b6fffd2273b"},"headline":"Autismo: recursos tecnol\u00f3gicos para inclus\u00e3o educacional e social","datePublished":"2015-03-31T16:13:04+00:00","mainEntityOfPage":{"@id":"https:\/\/inclusivenews.com.br\/?p=27886"},"wordCount":613,"commentCount":1,"publisher":{"@id":"https:\/\/inclusivenews.com.br\/#organization"},"image":{"@id":"https:\/\/inclusivenews.com.br\/?p=27886#primaryimage"},"thumbnailUrl":"http:\/\/inclusivenews.com.br\/wp-content\/uploads\/2010\/06\/autismo-fita.jpg","keywords":["Autismo","Educa\u00e7\u00e3o inclusiva"],"articleSection":["NOT\u00cdCIAS"],"inLanguage":"pt-PT","potentialAction":[{"@type":"CommentAction","name":"Comment","target":["https:\/\/inclusivenews.com.br\/?p=27886#respond"]}]},{"@type":"WebPage","@id":"https:\/\/inclusivenews.com.br\/?p=27886","url":"https:\/\/inclusivenews.com.br\/?p=27886","name":"Autismo: recursos tecnol\u00f3gicos para inclus\u00e3o educacional e social -","isPartOf":{"@id":"https:\/\/inclusivenews.com.br\/#website"},"primaryImageOfPage":{"@id":"https:\/\/inclusivenews.com.br\/?p=27886#primaryimage"},"image":{"@id":"https:\/\/inclusivenews.com.br\/?p=27886#primaryimage"},"thumbnailUrl":"http:\/\/inclusivenews.com.br\/wp-content\/uploads\/2010\/06\/autismo-fita.jpg","datePublished":"2015-03-31T16:13:04+00:00","breadcrumb":{"@id":"https:\/\/inclusivenews.com.br\/?p=27886#breadcrumb"},"inLanguage":"pt-PT","potentialAction":[{"@type":"ReadAction","target":["https:\/\/inclusivenews.com.br\/?p=27886"]}]},{"@type":"ImageObject","inLanguage":"pt-PT","@id":"https:\/\/inclusivenews.com.br\/?p=27886#primaryimage","url":"","contentUrl":""},{"@type":"BreadcrumbList","@id":"https:\/\/inclusivenews.com.br\/?p=27886#breadcrumb","itemListElement":[{"@type":"ListItem","position":1,"name":"In\u00edcio","item":"https:\/\/inclusivenews.com.br\/"},{"@type":"ListItem","position":2,"name":"Autismo: recursos tecnol\u00f3gicos para inclus\u00e3o educacional e social"}]},{"@type":"WebSite","@id":"https:\/\/inclusivenews.com.br\/#website","url":"https:\/\/inclusivenews.com.br\/","name":"Inclusive News","description":"Inclusive News","publisher":{"@id":"https:\/\/inclusivenews.com.br\/#organization"},"potentialAction":[{"@type":"SearchAction","target":{"@type":"EntryPoint","urlTemplate":"https:\/\/inclusivenews.com.br\/?s={search_term_string}"},"query-input":{"@type":"PropertyValueSpecification","valueRequired":true,"valueName":"search_term_string"}}],"inLanguage":"pt-PT"},{"@type":"Organization","@id":"https:\/\/inclusivenews.com.br\/#organization","name":"Inclusive - inclus\u00e3o e cidadania","url":"https:\/\/inclusivenews.com.br\/","logo":{"@type":"ImageObject","inLanguage":"pt-PT","@id":"https:\/\/inclusivenews.com.br\/#\/schema\/logo\/image\/","url":"https:\/\/inclusivenews.com.br\/wp-content\/uploads\/2024\/03\/@grandesite.png","contentUrl":"https:\/\/inclusivenews.com.br\/wp-content\/uploads\/2024\/03\/@grandesite.png","width":1080,"height":1080,"caption":"Inclusive - inclus\u00e3o e cidadania"},"image":{"@id":"https:\/\/inclusivenews.com.br\/#\/schema\/logo\/image\/"},"sameAs":["https:\/\/www.facebook.com\/agenciainclusive\/","https:\/\/www.instagram.com\/newsinclusive\/"]},{"@type":"Person","@id":"https:\/\/inclusivenews.com.br\/#\/schema\/person\/ae4ec7087559b8692fb33b6fffd2273b","name":"inclusivenews2024","image":{"@type":"ImageObject","inLanguage":"pt-PT","@id":"https:\/\/secure.gravatar.com\/avatar\/c5a7ef84c66fa914f55bc4f7ce26cfa275a3b9a1c5568b907bd184fb4dde7b40?s=96&d=mm&r=g","url":"https:\/\/secure.gravatar.com\/avatar\/c5a7ef84c66fa914f55bc4f7ce26cfa275a3b9a1c5568b907bd184fb4dde7b40?s=96&d=mm&r=g","contentUrl":"https:\/\/secure.gravatar.com\/avatar\/c5a7ef84c66fa914f55bc4f7ce26cfa275a3b9a1c5568b907bd184fb4dde7b40?s=96&d=mm&r=g","caption":"inclusivenews2024"},"sameAs":["https:\/\/inclusivenews.com.br"],"url":"https:\/\/inclusivenews.com.br\/?author=1"}]}},"_links":{"self":[{"href":"https:\/\/inclusivenews.com.br\/index.php?rest_route=\/wp\/v2\/posts\/27886","targetHints":{"allow":["GET"]}}],"collection":[{"href":"https:\/\/inclusivenews.com.br\/index.php?rest_route=\/wp\/v2\/posts"}],"about":[{"href":"https:\/\/inclusivenews.com.br\/index.php?rest_route=\/wp\/v2\/types\/post"}],"author":[{"embeddable":true,"href":"https:\/\/inclusivenews.com.br\/index.php?rest_route=\/wp\/v2\/users\/1"}],"replies":[{"embeddable":true,"href":"https:\/\/inclusivenews.com.br\/index.php?rest_route=%2Fwp%2Fv2%2Fcomments&post=27886"}],"version-history":[{"count":0,"href":"https:\/\/inclusivenews.com.br\/index.php?rest_route=\/wp\/v2\/posts\/27886\/revisions"}],"wp:attachment":[{"href":"https:\/\/inclusivenews.com.br\/index.php?rest_route=%2Fwp%2Fv2%2Fmedia&parent=27886"}],"wp:term":[{"taxonomy":"category","embeddable":true,"href":"https:\/\/inclusivenews.com.br\/index.php?rest_route=%2Fwp%2Fv2%2Fcategories&post=27886"},{"taxonomy":"post_tag","embeddable":true,"href":"https:\/\/inclusivenews.com.br\/index.php?rest_route=%2Fwp%2Fv2%2Ftags&post=27886"}],"curies":[{"name":"wp","href":"https:\/\/api.w.org\/{rel}","templated":true}]}}