{"id":27891,"date":"2015-03-31T13:22:30","date_gmt":"2015-03-31T16:22:30","guid":{"rendered":"http:\/\/www.inclusive.org.br\/?p=27891"},"modified":"2015-03-31T13:22:30","modified_gmt":"2015-03-31T16:22:30","slug":"sessao-comemora-dia-da-conscientizacao-do-autismo","status":"publish","type":"post","link":"https:\/\/inclusivenews.com.br\/?p=27891","title":{"rendered":"Sess\u00e3o comemora Dia da Conscientiza\u00e7\u00e3o do Autismo"},"content":{"rendered":"<figure style=\"width: 225px\" class=\"wp-caption alignnone\"><img loading=\"lazy\" decoding=\"async\" alt=\"Pessoas em um audit\u00f3rio.\" src=\"http:\/\/www.infonet.com.br\/sysinfonet\/images\/secretarias\/politicaeeconomia\/materia-sessao_autismo_fotoheribaldomartins_300315.jpg\" width=\"225\" height=\"169\" \/><figcaption class=\"wp-caption-text\">Foto: INFONET<\/figcaption><\/figure>\n<p>Na tarde da ter\u00e7a(30), a C\u00e2mara Municipal de Aracaju (CMA) realizou uma Sess\u00e3o Especial em homenagem ao Dia Mundial de Conscientiza\u00e7\u00e3o do Autismo, celebrado no dia 2 de abril. Entidades representativas prestigiaram o evento, cujo requerimento \u00e9 de autoria do vereador Lucas Arib\u00e9 (PSB). Cerca de 70 milh\u00f5es de pessoas no mundo s\u00e3o autistas e se estima que o autismo atinja 2 milh\u00f5es de brasileiros.<\/p>\n<p>Para Arib\u00e9, a homenagem aos autistas refor\u00e7a sua luta pela inclus\u00e3o social, especialmente com o desafio da empregabilidade para a pessoa com defici\u00eancia no Brasil. \u201c\u00c9 importante o emprego apoiado. A pessoa com defici\u00eancia vai participar de uma sele\u00e7\u00e3o de emprego e, sendo aprovada, deve haver um profissional que aprimore a presen\u00e7a deste profissional na empresa\u201d, informa o vereador.<\/p>\n<p>O l\u00edder da Bancada do PSB na C\u00e2mara aproveitou a ocasi\u00e3o para divulgar, em primeira-m\u00e3o, uma \u00f3tima not\u00edcia: \u201cFoi publicado no Di\u00e1rio Oficial do dia 27 de mar\u00e7o o Preg\u00e3o 01 de 2015, a ser realizado no dia 10 de abril. Este Preg\u00e3o consiste na implanta\u00e7\u00e3o do Projeto de Acessibilidade da C\u00e2mara Municipal de Aracaju\u201d, comemora Arib\u00e9.<\/p>\n<p>Al\u00e9m do vereador Emmanuel Nascimento (PT), participaram do evento: \u00cdtalo Ant\u00f4nio Melo da Silva, representando os autistas de Sergipe; Berenice Andrade de Melo, promotora de Justi\u00e7a da 4\u00aa Promotoria de Defesa dos Direitos do Cidad\u00e3o de Aracaju; Ana Paula Argolo, presidente da Associa\u00e7\u00e3o de Pais de Autistas de Sergipe (Apase); Patr\u00edcia Mara Medeiros, coordenadora do Centro de Abordagem \u00e0 Pessoas Autistas do Estado de Sergipe (Capazes); Adenilson dos Reis, representante da Associa\u00e7\u00e3o de Amigos do Autista em Sergipe (Amas); Gilv\u00e2nia Soares Cruz, representante do Centro de Integra\u00e7\u00e3o Raio de Sol (Ciras); Selma Modesto e Lourdes Felizardo, representantes da Funda\u00e7\u00e3o Municipal de Forma\u00e7\u00e3o para o Trabalho (Fundat); Byron Silva, coordenador do Projeto Estrelas do Mar, dentre outros.<\/p>\n<p>Segundo a presidente da Apase, Ana Paula Argolo, h\u00e1 muito que transformar quando o assunto \u00e9 autismo, porque h\u00e1 a necessidade de informar. \u201cConscientiza\u00e7\u00e3o traduz a\u00e7\u00e3o e \u00e9 a partir da\u00ed que se inicia a transforma\u00e7\u00e3o. As pessoas autistas precisam de um diagn\u00f3stico, n\u00e3o como forma de rotula-las, mas sim para a correta abordagem e desenvolvimento de sua autonomia, independ\u00eancia e funcionalidade\u201d, informa Argolo.<\/p>\n<p>A representante da Apase destacou ainda que os autistas t\u00eam muito a contribuir com a sociedade, pois possuem habilidades raras e diferenciadas. \u201cS\u00e3o pessoas que t\u00eam direito \u00e0 vida digna e plena, com pol\u00edticas p\u00fablicas que as atendam. A Lei n\u00ba 12.764, de 27 de dezembro de 2012, a chamada Lei Berenice Piana, permitiu o reconhecimento dos autistas como pessoa com defici\u00eancia, mas n\u00e3o \u00e9 aplicada na \u00edntegra. O decreto que a regulamenta foi falho em alguns pontos\u201d, pontua Ana Paula Argolo, agradecendo ao vereador Lucas Arib\u00e9 pelo \u201capre\u00e7o e compromisso na luta pelo respeito \u00e0s diferen\u00e7as\u201d.<\/p>\n<p>A promotora de Justi\u00e7a da 4\u00aa Promotoria de Defesa dos Direitos do Cidad\u00e3o de Aracaju, Berenice Andrade de Melo, focou seu discurso na integra\u00e7\u00e3o da pessoa com defici\u00eancia ao mercado de trabalho. \u201cSou parceira da pessoa com defici\u00eancia e Lucas Arib\u00e9 tem acompanhado o nosso trabalho. \u00c9 preciso cobrar dos gestores que as pol\u00edticas p\u00fablicas para a pessoa com defici\u00eancia sejam implementadas. Nosso foco, neste instante, \u00e9 a capacita\u00e7\u00e3o para integra\u00e7\u00e3o ao mercado de trabalho, juntamente com o Minist\u00e9rio P\u00fablico do Trabalho. Temos que estar preparados para receber cada um no mercado de trabalho. \u00c9 nossa obriga\u00e7\u00e3o, principalmente dos gestores\u201d, comenta Berenice Andrade.<\/p>\n<p>Fonte: INFONET<\/p>\n","protected":false},"excerpt":{"rendered":"<p>Na tarde da ter\u00e7a(30), a C\u00e2mara Municipal de Aracaju (CMA) realizou uma Sess\u00e3o Especial em homenagem ao Dia Mundial de Conscientiza\u00e7\u00e3o do Autismo, celebrado no dia 2 de abril. Entidades representativas prestigiaram o evento, cujo requerimento \u00e9 de autoria do vereador Lucas Arib\u00e9 (PSB). Cerca de 70 milh\u00f5es de pessoas no mundo s\u00e3o autistas e se estima que o autismo atinja 2 milh\u00f5es de brasileiros.<\/p>\n","protected":false},"author":1,"featured_media":0,"comment_status":"open","ping_status":"open","sticky":false,"template":"","format":"standard","meta":{"site-container-style":"default","site-container-layout":"default","site-sidebar-layout":"default","disable-article-header":"default","disable-site-header":"default","disable-site-footer":"default","disable-content-area-spacing":"default","footnotes":""},"categories":[4],"tags":[34],"class_list":["post-27891","post","type-post","status-publish","format-standard","hentry","category-noticias","tag-autismo"],"yoast_head":"<!-- This site is optimized with the Yoast SEO plugin v27.4 - https:\/\/yoast.com\/product\/yoast-seo-wordpress\/ -->\n<title>Sess\u00e3o comemora Dia da Conscientiza\u00e7\u00e3o do Autismo -<\/title>\n<meta name=\"robots\" content=\"index, follow, max-snippet:-1, max-image-preview:large, max-video-preview:-1\" \/>\n<link rel=\"canonical\" href=\"https:\/\/inclusivenews.com.br\/?p=27891\" \/>\n<meta property=\"og:locale\" content=\"pt_PT\" \/>\n<meta property=\"og:type\" content=\"article\" \/>\n<meta property=\"og:title\" content=\"Sess\u00e3o comemora Dia da Conscientiza\u00e7\u00e3o do Autismo -\" \/>\n<meta property=\"og:description\" content=\"Na tarde da ter\u00e7a(30), a C\u00e2mara Municipal de Aracaju (CMA) realizou uma Sess\u00e3o Especial em homenagem ao Dia Mundial de Conscientiza\u00e7\u00e3o do Autismo, celebrado no dia 2 de abril. Entidades representativas prestigiaram o evento, cujo requerimento \u00e9 de autoria do vereador Lucas Arib\u00e9 (PSB). Cerca de 70 milh\u00f5es de pessoas no mundo s\u00e3o autistas e se estima que o autismo atinja 2 milh\u00f5es de brasileiros.\" \/>\n<meta property=\"og:url\" content=\"https:\/\/inclusivenews.com.br\/?p=27891\" \/>\n<meta property=\"article:publisher\" content=\"https:\/\/www.facebook.com\/agenciainclusive\/\" \/>\n<meta property=\"article:published_time\" content=\"2015-03-31T16:22:30+00:00\" \/>\n<meta property=\"og:image\" content=\"http:\/\/www.infonet.com.br\/sysinfonet\/images\/secretarias\/politicaeeconomia\/materia-sessao_autismo_fotoheribaldomartins_300315.jpg\" \/>\n<meta name=\"author\" content=\"inclusivenews2024\" \/>\n<meta name=\"twitter:card\" content=\"summary_large_image\" \/>\n<meta name=\"twitter:label1\" content=\"Escrito por\" \/>\n\t<meta name=\"twitter:data1\" content=\"inclusivenews2024\" \/>\n\t<meta name=\"twitter:label2\" content=\"Tempo estimado de leitura\" \/>\n\t<meta name=\"twitter:data2\" content=\"3 minutos\" \/>\n<script type=\"application\/ld+json\" class=\"yoast-schema-graph\">{\"@context\":\"https:\\\/\\\/schema.org\",\"@graph\":[{\"@type\":\"Article\",\"@id\":\"https:\\\/\\\/inclusivenews.com.br\\\/?p=27891#article\",\"isPartOf\":{\"@id\":\"https:\\\/\\\/inclusivenews.com.br\\\/?p=27891\"},\"author\":{\"name\":\"inclusivenews2024\",\"@id\":\"https:\\\/\\\/inclusivenews.com.br\\\/#\\\/schema\\\/person\\\/ae4ec7087559b8692fb33b6fffd2273b\"},\"headline\":\"Sess\u00e3o comemora Dia da Conscientiza\u00e7\u00e3o do Autismo\",\"datePublished\":\"2015-03-31T16:22:30+00:00\",\"mainEntityOfPage\":{\"@id\":\"https:\\\/\\\/inclusivenews.com.br\\\/?p=27891\"},\"wordCount\":621,\"commentCount\":0,\"publisher\":{\"@id\":\"https:\\\/\\\/inclusivenews.com.br\\\/#organization\"},\"image\":{\"@id\":\"https:\\\/\\\/inclusivenews.com.br\\\/?p=27891#primaryimage\"},\"thumbnailUrl\":\"http:\\\/\\\/www.infonet.com.br\\\/sysinfonet\\\/images\\\/secretarias\\\/politicaeeconomia\\\/materia-sessao_autismo_fotoheribaldomartins_300315.jpg\",\"keywords\":[\"Autismo\"],\"articleSection\":[\"NOT\u00cdCIAS\"],\"inLanguage\":\"pt-PT\",\"potentialAction\":[{\"@type\":\"CommentAction\",\"name\":\"Comment\",\"target\":[\"https:\\\/\\\/inclusivenews.com.br\\\/?p=27891#respond\"]}]},{\"@type\":\"WebPage\",\"@id\":\"https:\\\/\\\/inclusivenews.com.br\\\/?p=27891\",\"url\":\"https:\\\/\\\/inclusivenews.com.br\\\/?p=27891\",\"name\":\"Sess\u00e3o comemora Dia da Conscientiza\u00e7\u00e3o do Autismo -\",\"isPartOf\":{\"@id\":\"https:\\\/\\\/inclusivenews.com.br\\\/#website\"},\"primaryImageOfPage\":{\"@id\":\"https:\\\/\\\/inclusivenews.com.br\\\/?p=27891#primaryimage\"},\"image\":{\"@id\":\"https:\\\/\\\/inclusivenews.com.br\\\/?p=27891#primaryimage\"},\"thumbnailUrl\":\"http:\\\/\\\/www.infonet.com.br\\\/sysinfonet\\\/images\\\/secretarias\\\/politicaeeconomia\\\/materia-sessao_autismo_fotoheribaldomartins_300315.jpg\",\"datePublished\":\"2015-03-31T16:22:30+00:00\",\"breadcrumb\":{\"@id\":\"https:\\\/\\\/inclusivenews.com.br\\\/?p=27891#breadcrumb\"},\"inLanguage\":\"pt-PT\",\"potentialAction\":[{\"@type\":\"ReadAction\",\"target\":[\"https:\\\/\\\/inclusivenews.com.br\\\/?p=27891\"]}]},{\"@type\":\"ImageObject\",\"inLanguage\":\"pt-PT\",\"@id\":\"https:\\\/\\\/inclusivenews.com.br\\\/?p=27891#primaryimage\",\"url\":\"http:\\\/\\\/www.infonet.com.br\\\/sysinfonet\\\/images\\\/secretarias\\\/politicaeeconomia\\\/materia-sessao_autismo_fotoheribaldomartins_300315.jpg\",\"contentUrl\":\"http:\\\/\\\/www.infonet.com.br\\\/sysinfonet\\\/images\\\/secretarias\\\/politicaeeconomia\\\/materia-sessao_autismo_fotoheribaldomartins_300315.jpg\"},{\"@type\":\"BreadcrumbList\",\"@id\":\"https:\\\/\\\/inclusivenews.com.br\\\/?p=27891#breadcrumb\",\"itemListElement\":[{\"@type\":\"ListItem\",\"position\":1,\"name\":\"In\u00edcio\",\"item\":\"https:\\\/\\\/inclusivenews.com.br\\\/\"},{\"@type\":\"ListItem\",\"position\":2,\"name\":\"Sess\u00e3o comemora Dia da Conscientiza\u00e7\u00e3o do Autismo\"}]},{\"@type\":\"WebSite\",\"@id\":\"https:\\\/\\\/inclusivenews.com.br\\\/#website\",\"url\":\"https:\\\/\\\/inclusivenews.com.br\\\/\",\"name\":\"Inclusive News\",\"description\":\"Inclusive News\",\"publisher\":{\"@id\":\"https:\\\/\\\/inclusivenews.com.br\\\/#organization\"},\"potentialAction\":[{\"@type\":\"SearchAction\",\"target\":{\"@type\":\"EntryPoint\",\"urlTemplate\":\"https:\\\/\\\/inclusivenews.com.br\\\/?s={search_term_string}\"},\"query-input\":{\"@type\":\"PropertyValueSpecification\",\"valueRequired\":true,\"valueName\":\"search_term_string\"}}],\"inLanguage\":\"pt-PT\"},{\"@type\":\"Organization\",\"@id\":\"https:\\\/\\\/inclusivenews.com.br\\\/#organization\",\"name\":\"Inclusive - inclus\u00e3o e cidadania\",\"url\":\"https:\\\/\\\/inclusivenews.com.br\\\/\",\"logo\":{\"@type\":\"ImageObject\",\"inLanguage\":\"pt-PT\",\"@id\":\"https:\\\/\\\/inclusivenews.com.br\\\/#\\\/schema\\\/logo\\\/image\\\/\",\"url\":\"https:\\\/\\\/inclusivenews.com.br\\\/wp-content\\\/uploads\\\/2024\\\/03\\\/@grandesite.png\",\"contentUrl\":\"https:\\\/\\\/inclusivenews.com.br\\\/wp-content\\\/uploads\\\/2024\\\/03\\\/@grandesite.png\",\"width\":1080,\"height\":1080,\"caption\":\"Inclusive - inclus\u00e3o e cidadania\"},\"image\":{\"@id\":\"https:\\\/\\\/inclusivenews.com.br\\\/#\\\/schema\\\/logo\\\/image\\\/\"},\"sameAs\":[\"https:\\\/\\\/www.facebook.com\\\/agenciainclusive\\\/\",\"https:\\\/\\\/www.instagram.com\\\/newsinclusive\\\/\"]},{\"@type\":\"Person\",\"@id\":\"https:\\\/\\\/inclusivenews.com.br\\\/#\\\/schema\\\/person\\\/ae4ec7087559b8692fb33b6fffd2273b\",\"name\":\"inclusivenews2024\",\"image\":{\"@type\":\"ImageObject\",\"inLanguage\":\"pt-PT\",\"@id\":\"https:\\\/\\\/secure.gravatar.com\\\/avatar\\\/c5a7ef84c66fa914f55bc4f7ce26cfa275a3b9a1c5568b907bd184fb4dde7b40?s=96&d=mm&r=g\",\"url\":\"https:\\\/\\\/secure.gravatar.com\\\/avatar\\\/c5a7ef84c66fa914f55bc4f7ce26cfa275a3b9a1c5568b907bd184fb4dde7b40?s=96&d=mm&r=g\",\"contentUrl\":\"https:\\\/\\\/secure.gravatar.com\\\/avatar\\\/c5a7ef84c66fa914f55bc4f7ce26cfa275a3b9a1c5568b907bd184fb4dde7b40?s=96&d=mm&r=g\",\"caption\":\"inclusivenews2024\"},\"sameAs\":[\"https:\\\/\\\/inclusivenews.com.br\"],\"url\":\"https:\\\/\\\/inclusivenews.com.br\\\/?author=1\"}]}<\/script>\n<!-- \/ Yoast SEO plugin. -->","yoast_head_json":{"title":"Sess\u00e3o comemora Dia da Conscientiza\u00e7\u00e3o do Autismo -","robots":{"index":"index","follow":"follow","max-snippet":"max-snippet:-1","max-image-preview":"max-image-preview:large","max-video-preview":"max-video-preview:-1"},"canonical":"https:\/\/inclusivenews.com.br\/?p=27891","og_locale":"pt_PT","og_type":"article","og_title":"Sess\u00e3o comemora Dia da Conscientiza\u00e7\u00e3o do Autismo -","og_description":"Na tarde da ter\u00e7a(30), a C\u00e2mara Municipal de Aracaju (CMA) realizou uma Sess\u00e3o Especial em homenagem ao Dia Mundial de Conscientiza\u00e7\u00e3o do Autismo, celebrado no dia 2 de abril. Entidades representativas prestigiaram o evento, cujo requerimento \u00e9 de autoria do vereador Lucas Arib\u00e9 (PSB). Cerca de 70 milh\u00f5es de pessoas no mundo s\u00e3o autistas e se estima que o autismo atinja 2 milh\u00f5es de brasileiros.","og_url":"https:\/\/inclusivenews.com.br\/?p=27891","article_publisher":"https:\/\/www.facebook.com\/agenciainclusive\/","article_published_time":"2015-03-31T16:22:30+00:00","og_image":[{"url":"http:\/\/www.infonet.com.br\/sysinfonet\/images\/secretarias\/politicaeeconomia\/materia-sessao_autismo_fotoheribaldomartins_300315.jpg","type":"","width":"","height":""}],"author":"inclusivenews2024","twitter_card":"summary_large_image","twitter_misc":{"Escrito por":"inclusivenews2024","Tempo estimado de leitura":"3 minutos"},"schema":{"@context":"https:\/\/schema.org","@graph":[{"@type":"Article","@id":"https:\/\/inclusivenews.com.br\/?p=27891#article","isPartOf":{"@id":"https:\/\/inclusivenews.com.br\/?p=27891"},"author":{"name":"inclusivenews2024","@id":"https:\/\/inclusivenews.com.br\/#\/schema\/person\/ae4ec7087559b8692fb33b6fffd2273b"},"headline":"Sess\u00e3o comemora Dia da Conscientiza\u00e7\u00e3o do Autismo","datePublished":"2015-03-31T16:22:30+00:00","mainEntityOfPage":{"@id":"https:\/\/inclusivenews.com.br\/?p=27891"},"wordCount":621,"commentCount":0,"publisher":{"@id":"https:\/\/inclusivenews.com.br\/#organization"},"image":{"@id":"https:\/\/inclusivenews.com.br\/?p=27891#primaryimage"},"thumbnailUrl":"http:\/\/www.infonet.com.br\/sysinfonet\/images\/secretarias\/politicaeeconomia\/materia-sessao_autismo_fotoheribaldomartins_300315.jpg","keywords":["Autismo"],"articleSection":["NOT\u00cdCIAS"],"inLanguage":"pt-PT","potentialAction":[{"@type":"CommentAction","name":"Comment","target":["https:\/\/inclusivenews.com.br\/?p=27891#respond"]}]},{"@type":"WebPage","@id":"https:\/\/inclusivenews.com.br\/?p=27891","url":"https:\/\/inclusivenews.com.br\/?p=27891","name":"Sess\u00e3o comemora Dia da Conscientiza\u00e7\u00e3o do Autismo -","isPartOf":{"@id":"https:\/\/inclusivenews.com.br\/#website"},"primaryImageOfPage":{"@id":"https:\/\/inclusivenews.com.br\/?p=27891#primaryimage"},"image":{"@id":"https:\/\/inclusivenews.com.br\/?p=27891#primaryimage"},"thumbnailUrl":"http:\/\/www.infonet.com.br\/sysinfonet\/images\/secretarias\/politicaeeconomia\/materia-sessao_autismo_fotoheribaldomartins_300315.jpg","datePublished":"2015-03-31T16:22:30+00:00","breadcrumb":{"@id":"https:\/\/inclusivenews.com.br\/?p=27891#breadcrumb"},"inLanguage":"pt-PT","potentialAction":[{"@type":"ReadAction","target":["https:\/\/inclusivenews.com.br\/?p=27891"]}]},{"@type":"ImageObject","inLanguage":"pt-PT","@id":"https:\/\/inclusivenews.com.br\/?p=27891#primaryimage","url":"http:\/\/www.infonet.com.br\/sysinfonet\/images\/secretarias\/politicaeeconomia\/materia-sessao_autismo_fotoheribaldomartins_300315.jpg","contentUrl":"http:\/\/www.infonet.com.br\/sysinfonet\/images\/secretarias\/politicaeeconomia\/materia-sessao_autismo_fotoheribaldomartins_300315.jpg"},{"@type":"BreadcrumbList","@id":"https:\/\/inclusivenews.com.br\/?p=27891#breadcrumb","itemListElement":[{"@type":"ListItem","position":1,"name":"In\u00edcio","item":"https:\/\/inclusivenews.com.br\/"},{"@type":"ListItem","position":2,"name":"Sess\u00e3o comemora Dia da Conscientiza\u00e7\u00e3o do Autismo"}]},{"@type":"WebSite","@id":"https:\/\/inclusivenews.com.br\/#website","url":"https:\/\/inclusivenews.com.br\/","name":"Inclusive News","description":"Inclusive News","publisher":{"@id":"https:\/\/inclusivenews.com.br\/#organization"},"potentialAction":[{"@type":"SearchAction","target":{"@type":"EntryPoint","urlTemplate":"https:\/\/inclusivenews.com.br\/?s={search_term_string}"},"query-input":{"@type":"PropertyValueSpecification","valueRequired":true,"valueName":"search_term_string"}}],"inLanguage":"pt-PT"},{"@type":"Organization","@id":"https:\/\/inclusivenews.com.br\/#organization","name":"Inclusive - inclus\u00e3o e cidadania","url":"https:\/\/inclusivenews.com.br\/","logo":{"@type":"ImageObject","inLanguage":"pt-PT","@id":"https:\/\/inclusivenews.com.br\/#\/schema\/logo\/image\/","url":"https:\/\/inclusivenews.com.br\/wp-content\/uploads\/2024\/03\/@grandesite.png","contentUrl":"https:\/\/inclusivenews.com.br\/wp-content\/uploads\/2024\/03\/@grandesite.png","width":1080,"height":1080,"caption":"Inclusive - inclus\u00e3o e cidadania"},"image":{"@id":"https:\/\/inclusivenews.com.br\/#\/schema\/logo\/image\/"},"sameAs":["https:\/\/www.facebook.com\/agenciainclusive\/","https:\/\/www.instagram.com\/newsinclusive\/"]},{"@type":"Person","@id":"https:\/\/inclusivenews.com.br\/#\/schema\/person\/ae4ec7087559b8692fb33b6fffd2273b","name":"inclusivenews2024","image":{"@type":"ImageObject","inLanguage":"pt-PT","@id":"https:\/\/secure.gravatar.com\/avatar\/c5a7ef84c66fa914f55bc4f7ce26cfa275a3b9a1c5568b907bd184fb4dde7b40?s=96&d=mm&r=g","url":"https:\/\/secure.gravatar.com\/avatar\/c5a7ef84c66fa914f55bc4f7ce26cfa275a3b9a1c5568b907bd184fb4dde7b40?s=96&d=mm&r=g","contentUrl":"https:\/\/secure.gravatar.com\/avatar\/c5a7ef84c66fa914f55bc4f7ce26cfa275a3b9a1c5568b907bd184fb4dde7b40?s=96&d=mm&r=g","caption":"inclusivenews2024"},"sameAs":["https:\/\/inclusivenews.com.br"],"url":"https:\/\/inclusivenews.com.br\/?author=1"}]}},"_links":{"self":[{"href":"https:\/\/inclusivenews.com.br\/index.php?rest_route=\/wp\/v2\/posts\/27891","targetHints":{"allow":["GET"]}}],"collection":[{"href":"https:\/\/inclusivenews.com.br\/index.php?rest_route=\/wp\/v2\/posts"}],"about":[{"href":"https:\/\/inclusivenews.com.br\/index.php?rest_route=\/wp\/v2\/types\/post"}],"author":[{"embeddable":true,"href":"https:\/\/inclusivenews.com.br\/index.php?rest_route=\/wp\/v2\/users\/1"}],"replies":[{"embeddable":true,"href":"https:\/\/inclusivenews.com.br\/index.php?rest_route=%2Fwp%2Fv2%2Fcomments&post=27891"}],"version-history":[{"count":0,"href":"https:\/\/inclusivenews.com.br\/index.php?rest_route=\/wp\/v2\/posts\/27891\/revisions"}],"wp:attachment":[{"href":"https:\/\/inclusivenews.com.br\/index.php?rest_route=%2Fwp%2Fv2%2Fmedia&parent=27891"}],"wp:term":[{"taxonomy":"category","embeddable":true,"href":"https:\/\/inclusivenews.com.br\/index.php?rest_route=%2Fwp%2Fv2%2Fcategories&post=27891"},{"taxonomy":"post_tag","embeddable":true,"href":"https:\/\/inclusivenews.com.br\/index.php?rest_route=%2Fwp%2Fv2%2Ftags&post=27891"}],"curies":[{"name":"wp","href":"https:\/\/api.w.org\/{rel}","templated":true}]}}