{"id":27913,"date":"2015-04-02T17:06:47","date_gmt":"2015-04-02T20:06:47","guid":{"rendered":"http:\/\/www.inclusive.org.br\/?p=27913"},"modified":"2015-04-02T17:06:47","modified_gmt":"2015-04-02T20:06:47","slug":"o-que-querem-as-mulheres-com-deficiencia","status":"publish","type":"post","link":"https:\/\/inclusivenews.com.br\/?p=27913","title":{"rendered":"O que querem as mulheres com defici\u00eancia?"},"content":{"rendered":"<div dir=\"ltr\"><img loading=\"lazy\" decoding=\"async\" class=\"alignnone  wp-image-27909\" alt=\"MULHER COM VESTIDO ROSA E VEU, EM CADEIRA DE RODAS, SEGURA PAPEL ESCRITO #WeWwdWant OPORTUNIDADES IGUAIS.\" src=\"http:\/\/inclusivenews.com.br\/wp-content\/uploads\/B5mZGiqCQAEboHi.jpg\" width=\"236\" height=\"214\" \/><\/p>\n<div id=\"delete-action\"><a class=\"submitdelete deletion\" href=\"http:\/\/www.inclusive.org.br\/wp-admin\/post.php?post=27913&amp;action=trash&amp;_wpnonce=c69af4837b\">Mover para a lixeira<\/a><\/div>\n<\/div>\n<div dir=\"ltr\"><\/div>\n<div dir=\"ltr\">&#8220;N\u00f3s, mulheres com defici\u00eancia queremos&#8221; (#WeWwdWant), \u00e9 uma campanha da Alian\u00e7a Internacional da Defici\u00eancia (Disability Alliance International &#8211; IDA), que convoca as mulheres e meninas com defici\u00eancia em todo o mundo para expressar o que elas querem da comunidade internacional para avan\u00e7ar no exerc\u00edcio dos seus direitos.2015 \u00e9 um ano com muitas oportunidades para as mulheres e meninas com defici\u00eancia participarem como agentes de mudan\u00e7a e firmarem suas posi\u00e7\u00f5es na agenda global!A IDA, liderada por Maryanne Diamond, o Comit\u00ea sobre os Direitos das Pessoas com Defici\u00eancia, presidido por Maria Soledad Cisternas, e a Relatora Especial sobre os Direitos das Pessoas com Defici\u00eancia, Catalina Devandas, querem levar as mensagens de mulheres e meninas com defici\u00eancia de todo o mundo at\u00e9 representantes de alto n\u00edvel que podem t\u00eam poder para promover os direitos destas mulheres na arena internacional.As mulheres com defici\u00eancia representam tr\u00eas quartos de todas as pessoas com defici\u00eancia em pa\u00edses de renda baixa e m\u00e9dia &#8211; a maioria vivendo em \u00e1reas rurais e remotas de pa\u00edses em desenvolvimento. Eles continuam a ser alvo de discrimina\u00e7\u00e3o m\u00faltipla e intersetorial por conta de seu g\u00eanero, defici\u00eancia e outros elementos de suas identidades, como a sua idade, classe s\u00f3cio-econ\u00f4mica, grupo ind\u00edgena ou \u00e9tnico, religi\u00e3o ou sexualidade, entre outros.<\/p>\n<p>Vamos mudar isso juntos!<\/p>\n<p>Se voc\u00ea \u00e9 uma mulher ou menina com defici\u00eancia ou defensor de seus direitos, envie uma foto e uma frase, em qualquer idioma, usando a hashtag #WeWwdWant (We Women with disability Want)<\/p>\n<p>Junte-se \u00e0 campanha on-line no Twitter e Facebook.<\/p>\n<\/div>\n<div dir=\"ltr\">O QUE QUEREM AS MULHERES COM DEFICI\u00caNCIA?<\/div>\n<div dir=\"ltr\"><\/div>\n<div dir=\"ltr\">POSTE NOS ENDERE\u00c7OS ABAIXO SUA FOTO E ESCREVA A FRASE, OU ESCREVA A FRASE NUM PAPEL E TIRE UMA FOTO COM ELA, OU ESCREVA A FRASE NA FOTO. N\u00c3O ESQUE\u00c7A O HASHTAG#Facebook: <a href=\"www.facebook.com\/InternationalDisabilityAllianceIDA\">www.facebook.com\/InternationalDisabilityAllianceIDA<\/a>IDA Twitter: <a href=\"twitter.com\/IDA_CRPD_Forum\">twitter.com\/IDA_CRPD_Forum<\/a> &#8211; #WeWwdWant<\/div>\n<div dir=\"ltr\">Contato: tfleury@ida-secretariat.org e vlee@ida-secretariat.orgWebsite: <a href=\"www.internationaldisabilityalliance.org\">www.internationaldisabilityalliance.org<\/a>Fonte: Inclusive<\/div>\n","protected":false},"excerpt":{"rendered":"<p>Poste sua foto e frase no Twitter e Facebook #WeWwdWant.<\/p>\n","protected":false},"author":1,"featured_media":0,"comment_status":"open","ping_status":"open","sticky":false,"template":"","format":"standard","meta":{"site-container-style":"default","site-container-layout":"default","site-sidebar-layout":"default","disable-article-header":"default","disable-site-header":"default","disable-site-footer":"default","disable-content-area-spacing":"default","footnotes":""},"categories":[3,5,38,11,4],"tags":[],"class_list":["post-27913","post","type-post","status-publish","format-standard","hentry","category-campanhas","category-convencao","category-deficiencia","category-direitos-humanos","category-noticias"],"yoast_head":"<!-- This site is optimized with the Yoast SEO plugin v27.4 - https:\/\/yoast.com\/product\/yoast-seo-wordpress\/ -->\n<title>O que querem as mulheres com defici\u00eancia? -<\/title>\n<meta name=\"robots\" content=\"index, follow, max-snippet:-1, max-image-preview:large, max-video-preview:-1\" \/>\n<link rel=\"canonical\" href=\"https:\/\/inclusivenews.com.br\/?p=27913\" \/>\n<meta property=\"og:locale\" content=\"pt_PT\" \/>\n<meta property=\"og:type\" content=\"article\" \/>\n<meta property=\"og:title\" content=\"O que querem as mulheres com defici\u00eancia? -\" \/>\n<meta property=\"og:description\" content=\"Poste sua foto e frase no Twitter e Facebook #WeWwdWant.\" \/>\n<meta property=\"og:url\" content=\"https:\/\/inclusivenews.com.br\/?p=27913\" \/>\n<meta property=\"article:publisher\" content=\"https:\/\/www.facebook.com\/agenciainclusive\/\" \/>\n<meta property=\"article:published_time\" content=\"2015-04-02T20:06:47+00:00\" \/>\n<meta property=\"og:image\" content=\"http:\/\/inclusivenews.com.br\/wp-content\/uploads\/B5mZGiqCQAEboHi.jpg\" \/>\n<meta name=\"author\" content=\"inclusivenews2024\" \/>\n<meta name=\"twitter:card\" content=\"summary_large_image\" \/>\n<meta name=\"twitter:label1\" content=\"Escrito por\" \/>\n\t<meta name=\"twitter:data1\" content=\"inclusivenews2024\" \/>\n\t<meta name=\"twitter:label2\" content=\"Tempo estimado de leitura\" \/>\n\t<meta name=\"twitter:data2\" content=\"2 minutos\" \/>\n<script type=\"application\/ld+json\" class=\"yoast-schema-graph\">{\"@context\":\"https:\\\/\\\/schema.org\",\"@graph\":[{\"@type\":\"Article\",\"@id\":\"https:\\\/\\\/inclusivenews.com.br\\\/?p=27913#article\",\"isPartOf\":{\"@id\":\"https:\\\/\\\/inclusivenews.com.br\\\/?p=27913\"},\"author\":{\"name\":\"inclusivenews2024\",\"@id\":\"https:\\\/\\\/inclusivenews.com.br\\\/#\\\/schema\\\/person\\\/ae4ec7087559b8692fb33b6fffd2273b\"},\"headline\":\"O que querem as mulheres com defici\u00eancia?\",\"datePublished\":\"2015-04-02T20:06:47+00:00\",\"mainEntityOfPage\":{\"@id\":\"https:\\\/\\\/inclusivenews.com.br\\\/?p=27913\"},\"wordCount\":357,\"commentCount\":2,\"publisher\":{\"@id\":\"https:\\\/\\\/inclusivenews.com.br\\\/#organization\"},\"image\":{\"@id\":\"https:\\\/\\\/inclusivenews.com.br\\\/?p=27913#primaryimage\"},\"thumbnailUrl\":\"http:\\\/\\\/inclusivenews.com.br\\\/wp-content\\\/uploads\\\/B5mZGiqCQAEboHi.jpg\",\"articleSection\":[\"CAMPANHAS\",\"Conven\u00e7\u00e3o\",\"Defici\u00eancia\",\"DIREITOS HUMANOS\",\"NOT\u00cdCIAS\"],\"inLanguage\":\"pt-PT\",\"potentialAction\":[{\"@type\":\"CommentAction\",\"name\":\"Comment\",\"target\":[\"https:\\\/\\\/inclusivenews.com.br\\\/?p=27913#respond\"]}]},{\"@type\":\"WebPage\",\"@id\":\"https:\\\/\\\/inclusivenews.com.br\\\/?p=27913\",\"url\":\"https:\\\/\\\/inclusivenews.com.br\\\/?p=27913\",\"name\":\"O que querem as mulheres com defici\u00eancia? -\",\"isPartOf\":{\"@id\":\"https:\\\/\\\/inclusivenews.com.br\\\/#website\"},\"primaryImageOfPage\":{\"@id\":\"https:\\\/\\\/inclusivenews.com.br\\\/?p=27913#primaryimage\"},\"image\":{\"@id\":\"https:\\\/\\\/inclusivenews.com.br\\\/?p=27913#primaryimage\"},\"thumbnailUrl\":\"http:\\\/\\\/inclusivenews.com.br\\\/wp-content\\\/uploads\\\/B5mZGiqCQAEboHi.jpg\",\"datePublished\":\"2015-04-02T20:06:47+00:00\",\"breadcrumb\":{\"@id\":\"https:\\\/\\\/inclusivenews.com.br\\\/?p=27913#breadcrumb\"},\"inLanguage\":\"pt-PT\",\"potentialAction\":[{\"@type\":\"ReadAction\",\"target\":[\"https:\\\/\\\/inclusivenews.com.br\\\/?p=27913\"]}]},{\"@type\":\"ImageObject\",\"inLanguage\":\"pt-PT\",\"@id\":\"https:\\\/\\\/inclusivenews.com.br\\\/?p=27913#primaryimage\",\"url\":\"\",\"contentUrl\":\"\"},{\"@type\":\"BreadcrumbList\",\"@id\":\"https:\\\/\\\/inclusivenews.com.br\\\/?p=27913#breadcrumb\",\"itemListElement\":[{\"@type\":\"ListItem\",\"position\":1,\"name\":\"In\u00edcio\",\"item\":\"https:\\\/\\\/inclusivenews.com.br\\\/\"},{\"@type\":\"ListItem\",\"position\":2,\"name\":\"O que querem as mulheres com defici\u00eancia?\"}]},{\"@type\":\"WebSite\",\"@id\":\"https:\\\/\\\/inclusivenews.com.br\\\/#website\",\"url\":\"https:\\\/\\\/inclusivenews.com.br\\\/\",\"name\":\"Inclusive News\",\"description\":\"Inclusive News\",\"publisher\":{\"@id\":\"https:\\\/\\\/inclusivenews.com.br\\\/#organization\"},\"potentialAction\":[{\"@type\":\"SearchAction\",\"target\":{\"@type\":\"EntryPoint\",\"urlTemplate\":\"https:\\\/\\\/inclusivenews.com.br\\\/?s={search_term_string}\"},\"query-input\":{\"@type\":\"PropertyValueSpecification\",\"valueRequired\":true,\"valueName\":\"search_term_string\"}}],\"inLanguage\":\"pt-PT\"},{\"@type\":\"Organization\",\"@id\":\"https:\\\/\\\/inclusivenews.com.br\\\/#organization\",\"name\":\"Inclusive - inclus\u00e3o e cidadania\",\"url\":\"https:\\\/\\\/inclusivenews.com.br\\\/\",\"logo\":{\"@type\":\"ImageObject\",\"inLanguage\":\"pt-PT\",\"@id\":\"https:\\\/\\\/inclusivenews.com.br\\\/#\\\/schema\\\/logo\\\/image\\\/\",\"url\":\"https:\\\/\\\/inclusivenews.com.br\\\/wp-content\\\/uploads\\\/2024\\\/03\\\/@grandesite.png\",\"contentUrl\":\"https:\\\/\\\/inclusivenews.com.br\\\/wp-content\\\/uploads\\\/2024\\\/03\\\/@grandesite.png\",\"width\":1080,\"height\":1080,\"caption\":\"Inclusive - inclus\u00e3o e cidadania\"},\"image\":{\"@id\":\"https:\\\/\\\/inclusivenews.com.br\\\/#\\\/schema\\\/logo\\\/image\\\/\"},\"sameAs\":[\"https:\\\/\\\/www.facebook.com\\\/agenciainclusive\\\/\",\"https:\\\/\\\/www.instagram.com\\\/newsinclusive\\\/\"]},{\"@type\":\"Person\",\"@id\":\"https:\\\/\\\/inclusivenews.com.br\\\/#\\\/schema\\\/person\\\/ae4ec7087559b8692fb33b6fffd2273b\",\"name\":\"inclusivenews2024\",\"image\":{\"@type\":\"ImageObject\",\"inLanguage\":\"pt-PT\",\"@id\":\"https:\\\/\\\/secure.gravatar.com\\\/avatar\\\/c5a7ef84c66fa914f55bc4f7ce26cfa275a3b9a1c5568b907bd184fb4dde7b40?s=96&d=mm&r=g\",\"url\":\"https:\\\/\\\/secure.gravatar.com\\\/avatar\\\/c5a7ef84c66fa914f55bc4f7ce26cfa275a3b9a1c5568b907bd184fb4dde7b40?s=96&d=mm&r=g\",\"contentUrl\":\"https:\\\/\\\/secure.gravatar.com\\\/avatar\\\/c5a7ef84c66fa914f55bc4f7ce26cfa275a3b9a1c5568b907bd184fb4dde7b40?s=96&d=mm&r=g\",\"caption\":\"inclusivenews2024\"},\"sameAs\":[\"https:\\\/\\\/inclusivenews.com.br\"],\"url\":\"https:\\\/\\\/inclusivenews.com.br\\\/?author=1\"}]}<\/script>\n<!-- \/ Yoast SEO plugin. -->","yoast_head_json":{"title":"O que querem as mulheres com defici\u00eancia? -","robots":{"index":"index","follow":"follow","max-snippet":"max-snippet:-1","max-image-preview":"max-image-preview:large","max-video-preview":"max-video-preview:-1"},"canonical":"https:\/\/inclusivenews.com.br\/?p=27913","og_locale":"pt_PT","og_type":"article","og_title":"O que querem as mulheres com defici\u00eancia? -","og_description":"Poste sua foto e frase no Twitter e Facebook #WeWwdWant.","og_url":"https:\/\/inclusivenews.com.br\/?p=27913","article_publisher":"https:\/\/www.facebook.com\/agenciainclusive\/","article_published_time":"2015-04-02T20:06:47+00:00","og_image":[{"url":"http:\/\/inclusivenews.com.br\/wp-content\/uploads\/B5mZGiqCQAEboHi.jpg","type":"","width":"","height":""}],"author":"inclusivenews2024","twitter_card":"summary_large_image","twitter_misc":{"Escrito por":"inclusivenews2024","Tempo estimado de leitura":"2 minutos"},"schema":{"@context":"https:\/\/schema.org","@graph":[{"@type":"Article","@id":"https:\/\/inclusivenews.com.br\/?p=27913#article","isPartOf":{"@id":"https:\/\/inclusivenews.com.br\/?p=27913"},"author":{"name":"inclusivenews2024","@id":"https:\/\/inclusivenews.com.br\/#\/schema\/person\/ae4ec7087559b8692fb33b6fffd2273b"},"headline":"O que querem as mulheres com defici\u00eancia?","datePublished":"2015-04-02T20:06:47+00:00","mainEntityOfPage":{"@id":"https:\/\/inclusivenews.com.br\/?p=27913"},"wordCount":357,"commentCount":2,"publisher":{"@id":"https:\/\/inclusivenews.com.br\/#organization"},"image":{"@id":"https:\/\/inclusivenews.com.br\/?p=27913#primaryimage"},"thumbnailUrl":"http:\/\/inclusivenews.com.br\/wp-content\/uploads\/B5mZGiqCQAEboHi.jpg","articleSection":["CAMPANHAS","Conven\u00e7\u00e3o","Defici\u00eancia","DIREITOS HUMANOS","NOT\u00cdCIAS"],"inLanguage":"pt-PT","potentialAction":[{"@type":"CommentAction","name":"Comment","target":["https:\/\/inclusivenews.com.br\/?p=27913#respond"]}]},{"@type":"WebPage","@id":"https:\/\/inclusivenews.com.br\/?p=27913","url":"https:\/\/inclusivenews.com.br\/?p=27913","name":"O que querem as mulheres com defici\u00eancia? -","isPartOf":{"@id":"https:\/\/inclusivenews.com.br\/#website"},"primaryImageOfPage":{"@id":"https:\/\/inclusivenews.com.br\/?p=27913#primaryimage"},"image":{"@id":"https:\/\/inclusivenews.com.br\/?p=27913#primaryimage"},"thumbnailUrl":"http:\/\/inclusivenews.com.br\/wp-content\/uploads\/B5mZGiqCQAEboHi.jpg","datePublished":"2015-04-02T20:06:47+00:00","breadcrumb":{"@id":"https:\/\/inclusivenews.com.br\/?p=27913#breadcrumb"},"inLanguage":"pt-PT","potentialAction":[{"@type":"ReadAction","target":["https:\/\/inclusivenews.com.br\/?p=27913"]}]},{"@type":"ImageObject","inLanguage":"pt-PT","@id":"https:\/\/inclusivenews.com.br\/?p=27913#primaryimage","url":"","contentUrl":""},{"@type":"BreadcrumbList","@id":"https:\/\/inclusivenews.com.br\/?p=27913#breadcrumb","itemListElement":[{"@type":"ListItem","position":1,"name":"In\u00edcio","item":"https:\/\/inclusivenews.com.br\/"},{"@type":"ListItem","position":2,"name":"O que querem as mulheres com defici\u00eancia?"}]},{"@type":"WebSite","@id":"https:\/\/inclusivenews.com.br\/#website","url":"https:\/\/inclusivenews.com.br\/","name":"Inclusive News","description":"Inclusive News","publisher":{"@id":"https:\/\/inclusivenews.com.br\/#organization"},"potentialAction":[{"@type":"SearchAction","target":{"@type":"EntryPoint","urlTemplate":"https:\/\/inclusivenews.com.br\/?s={search_term_string}"},"query-input":{"@type":"PropertyValueSpecification","valueRequired":true,"valueName":"search_term_string"}}],"inLanguage":"pt-PT"},{"@type":"Organization","@id":"https:\/\/inclusivenews.com.br\/#organization","name":"Inclusive - inclus\u00e3o e cidadania","url":"https:\/\/inclusivenews.com.br\/","logo":{"@type":"ImageObject","inLanguage":"pt-PT","@id":"https:\/\/inclusivenews.com.br\/#\/schema\/logo\/image\/","url":"https:\/\/inclusivenews.com.br\/wp-content\/uploads\/2024\/03\/@grandesite.png","contentUrl":"https:\/\/inclusivenews.com.br\/wp-content\/uploads\/2024\/03\/@grandesite.png","width":1080,"height":1080,"caption":"Inclusive - inclus\u00e3o e cidadania"},"image":{"@id":"https:\/\/inclusivenews.com.br\/#\/schema\/logo\/image\/"},"sameAs":["https:\/\/www.facebook.com\/agenciainclusive\/","https:\/\/www.instagram.com\/newsinclusive\/"]},{"@type":"Person","@id":"https:\/\/inclusivenews.com.br\/#\/schema\/person\/ae4ec7087559b8692fb33b6fffd2273b","name":"inclusivenews2024","image":{"@type":"ImageObject","inLanguage":"pt-PT","@id":"https:\/\/secure.gravatar.com\/avatar\/c5a7ef84c66fa914f55bc4f7ce26cfa275a3b9a1c5568b907bd184fb4dde7b40?s=96&d=mm&r=g","url":"https:\/\/secure.gravatar.com\/avatar\/c5a7ef84c66fa914f55bc4f7ce26cfa275a3b9a1c5568b907bd184fb4dde7b40?s=96&d=mm&r=g","contentUrl":"https:\/\/secure.gravatar.com\/avatar\/c5a7ef84c66fa914f55bc4f7ce26cfa275a3b9a1c5568b907bd184fb4dde7b40?s=96&d=mm&r=g","caption":"inclusivenews2024"},"sameAs":["https:\/\/inclusivenews.com.br"],"url":"https:\/\/inclusivenews.com.br\/?author=1"}]}},"_links":{"self":[{"href":"https:\/\/inclusivenews.com.br\/index.php?rest_route=\/wp\/v2\/posts\/27913","targetHints":{"allow":["GET"]}}],"collection":[{"href":"https:\/\/inclusivenews.com.br\/index.php?rest_route=\/wp\/v2\/posts"}],"about":[{"href":"https:\/\/inclusivenews.com.br\/index.php?rest_route=\/wp\/v2\/types\/post"}],"author":[{"embeddable":true,"href":"https:\/\/inclusivenews.com.br\/index.php?rest_route=\/wp\/v2\/users\/1"}],"replies":[{"embeddable":true,"href":"https:\/\/inclusivenews.com.br\/index.php?rest_route=%2Fwp%2Fv2%2Fcomments&post=27913"}],"version-history":[{"count":0,"href":"https:\/\/inclusivenews.com.br\/index.php?rest_route=\/wp\/v2\/posts\/27913\/revisions"}],"wp:attachment":[{"href":"https:\/\/inclusivenews.com.br\/index.php?rest_route=%2Fwp%2Fv2%2Fmedia&parent=27913"}],"wp:term":[{"taxonomy":"category","embeddable":true,"href":"https:\/\/inclusivenews.com.br\/index.php?rest_route=%2Fwp%2Fv2%2Fcategories&post=27913"},{"taxonomy":"post_tag","embeddable":true,"href":"https:\/\/inclusivenews.com.br\/index.php?rest_route=%2Fwp%2Fv2%2Ftags&post=27913"}],"curies":[{"name":"wp","href":"https:\/\/api.w.org\/{rel}","templated":true}]}}