{"id":27920,"date":"2015-04-06T07:39:44","date_gmt":"2015-04-06T10:39:44","guid":{"rendered":"http:\/\/www.inclusive.org.br\/?p=27920"},"modified":"2015-04-06T07:39:44","modified_gmt":"2015-04-06T10:39:44","slug":"fundacion-mapfre-e-oei-firmam-acordo-de-colaboracao","status":"publish","type":"post","link":"https:\/\/inclusivenews.com.br\/?p=27920","title":{"rendered":"FUNDACI\u00d3N MAPFRE e OEI firmam acordo de colabora\u00e7\u00e3o"},"content":{"rendered":"<div>\n<p><img loading=\"lazy\" decoding=\"async\" class=\" wp-image-13999 alignnone\" title=\"Logotipo OEI\" alt=\"Logotipo OEI\" src=\"http:\/\/inclusivenews.com.br\/wp-content\/uploads\/2010\/02\/Logo-OEI.jpg\" width=\"317\" height=\"192\" \/><\/p>\n<p>Parceria, que beneficiar\u00e1, diretamente, 20 mil professores e, indiretamente, 600 mil crian\u00e7as, envolve a realiza\u00e7\u00e3o de um programa de inclus\u00e3o para a preven\u00e7\u00e3o do fracasso escolar de crian\u00e7as e adolescentes no Brasil e em mais tr\u00eas pa\u00edses latino-americanos.<\/p>\n<\/div>\n<div><\/div>\n<div>A FUNDACI\u00d3N MAPFRE acaba de fechar um acordo de colabora\u00e7\u00e3o com a Organiza\u00e7\u00e3o dos Estados Ibero-americanos (OEI) para a realiza\u00e7\u00e3o do Programa de Inclus\u00e3o para a Preven\u00e7\u00e3o do Fracasso Escolar \u2013 uma iniciativa criada para melhorar o desempenho escolar de alunos em situa\u00e7\u00e3o de vulnerabilidade (ind\u00edgenas, afrodescendentes, pessoas em situa\u00e7\u00e3o de pobreza, portadores de defici\u00eancia ou estudantes rurais).<\/div>\n<div><\/div>\n<div>As dificuldades enfrentadas por crian\u00e7as e adolescentes em situa\u00e7\u00e3o de risco educacional est\u00e3o relacionadas n\u00e3o somente \u00e0s suas condi\u00e7\u00f5es de vida, mas tamb\u00e9m \u00e0s condi\u00e7\u00f5es de escolaridade. Neste sentido, o objetivo \u00e9 produzir respostas pedag\u00f3gicas para situa\u00e7\u00f5es escolares espec\u00edficas que afetam a educa\u00e7\u00e3o de milhares de crian\u00e7as e adolescentes no Brasil e em mais tr\u00eas pa\u00edses latino-americanos participantes: Chile, Col\u00f4mbia e M\u00e9xico.<\/div>\n<div><\/div>\n<div>A expectativa \u00e9 beneficiar diretamente 20 mil professores da Am\u00e9rica Latina e, indiretamente, 600 mil crian\u00e7as que ser\u00e3o atingidas pelos conte\u00fados disseminados pelo programa. Para isso, o programa se desenvolver\u00e1 em tr\u00eas frentes de atua\u00e7\u00e3o.<\/div>\n<div><\/div>\n<div>Em cada pa\u00eds participante ser\u00e3o identificadas tr\u00eas escolas que tenham alcan\u00e7ado resultados positivos com a perman\u00eancia de seus alunos e a continuidade dos estudos. Essas institui\u00e7\u00f5es ser\u00e3o premiadas com um est\u00e1gio para conhecer de perto o sistema educativo finland\u00eas, que \u00e9 refer\u00eancia mundial por ocupar as primeiras posi\u00e7\u00f5es nos resultados do Programa Internacional de Avalia\u00e7\u00e3o de Alunos (PISA).<\/div>\n<div><\/div>\n<div>Com o objetivo de capacitar a comunidade educativa nas tem\u00e1ticas propostas, ser\u00e3o promovidos semin\u00e1rios na Col\u00f4mbia, M\u00e9xico e Chile.<\/div>\n<div><\/div>\n<div>E, para apresentar os resultados do projeto e promover o debate sobre a quest\u00e3o do fracasso escolar e da educa\u00e7\u00e3o inclusiva, est\u00e1 prevista a realiza\u00e7\u00e3o de um congresso internacional no Brasil no segundo semestre de 2015. Paralelamente, tamb\u00e9m ser\u00e1 realizada uma reuni\u00e3o de especialistas e representantes ministeriais, como objetivo de analisar os principais desafios para cada um dos pa\u00edses da regi\u00e3o.<\/div>\n<div><\/div>\n<div>\u201c\u00c9 uma honra atuar em parceria com a OEI para a realiza\u00e7\u00e3o de um programa t\u00e3o importante como esse, que investe na qualifica\u00e7\u00e3o de professores com o objetivo de promover a inclus\u00e3o escolar de crian\u00e7as e adolescentes em situa\u00e7\u00e3o de vulnerabilidade. Esta \u00e9, sem d\u00favida, uma iniciativa alinhada \u00e0s diretrizes da FUNDACI\u00d3N MAPFRE, que acredita no poder de transforma\u00e7\u00e3o dos jovens e, para isso, apoia a\u00e7\u00f5es capazes de promover o desenvolvimento da sociedade e a inclus\u00e3o social em diferentes n\u00edveis, construindo uma cultura de respeito \u00e0s diferen\u00e7as e garantindo a igualdade de oportunidades\u201d, destaca Wilson Toneto, presidente da MAPFRE Brasil.<\/div>\n<div><\/div>\n<div>A cerim\u00f4nia de assinatura do acordo de colabora\u00e7\u00e3o entre a FUNDACI\u00d3N MAPFRE e a OEI aconteceu hoje, \u00e0s 9h30, no Audit\u00f3rio da Secretaria Municipal de Educa\u00e7\u00e3o de S\u00e3o Paulo. O evento contou com a presen\u00e7a do Secret\u00e1rio Geral da OEI, Paulo Speller, e do presidente da MAPFRE Brasil, Wilson Toneto, que, juntos celebraram esta importante parceria em prol da sociedade.<\/div>\n<div><\/div>\n<div>\u201cPara a OEI essa parceria j\u00e1 consolidada com a FUNDACI\u00d3N MAPFRE vem colaborar mais uma vez com as pol\u00edticas p\u00fablicas dos pa\u00edses membros da OEI, no sentido de ampliar e promover a equidade educacional na regi\u00e3o a milh\u00f5es de crian\u00e7as e adolescentes que s\u00e3o, cotidianamente, exclu\u00eddos do processo educativo por falta de oferta adequada e condi\u00e7\u00f5es dos sistemas de ensino\u201d, destaca Paulo Speller, Secretario Geral da OEI.<\/div>\n<div><\/div>\n<div>Este n\u00e3o \u00e9 o primeiro acordo firmado entre a OEI e a FUNDACI\u00d3N MAPFRE, que j\u00e1 atuam em parceria desde 2009 com o Pr\u00eamio Experi\u00eancias Educacionais Inclusivas \u2013 A Escola Aprendendo com as Diferen\u00e7as.<\/div>\n<div><\/div>\n<div>Sobre a FUNDACI\u00d3N MAPFRE<\/div>\n<div><\/div>\n<div>Com sede na Espanha e atua\u00e7\u00e3o em diversos pa\u00edses da Am\u00e9rica Latina, a FUNDACI\u00d3N MAPFRE \u00e9 uma institui\u00e7\u00e3o sem fins lucrativos criada para promover e financiar atividades de interesse geral da sociedade, em linha com os princ\u00edpios institucionais da MAPFRE. Sua atua\u00e7\u00e3o \u00e9 direcionada para cinco \u00e1reas de atua\u00e7\u00e3o: A\u00e7\u00e3o Social, Cultura, Preven\u00e7\u00e3o e Seguran\u00e7a Vi\u00e1ria, Promo\u00e7\u00e3o da Sa\u00fade e Seguro e Previd\u00eancia Social.<\/div>\n","protected":false},"excerpt":{"rendered":"<p>Parceria, que beneficiar\u00e1, diretamente, 20 mil professores e, indiretamente, 600 mil crian\u00e7as, envolve a realiza\u00e7\u00e3o de um programa de inclus\u00e3o para a preven\u00e7\u00e3o do fracasso escolar de crian\u00e7as e adolescentes no Brasil e em mais tr\u00eas pa\u00edses latino-americanos.<\/p>\n","protected":false},"author":1,"featured_media":0,"comment_status":"open","ping_status":"open","sticky":false,"template":"","format":"standard","meta":{"site-container-style":"default","site-container-layout":"default","site-sidebar-layout":"default","disable-article-header":"default","disable-site-header":"default","disable-site-footer":"default","disable-content-area-spacing":"default","footnotes":""},"categories":[11],"tags":[],"class_list":["post-27920","post","type-post","status-publish","format-standard","hentry","category-direitos-humanos"],"yoast_head":"<!-- This site is optimized with the Yoast SEO plugin v27.4 - https:\/\/yoast.com\/product\/yoast-seo-wordpress\/ -->\n<title>FUNDACI\u00d3N MAPFRE e OEI firmam acordo de colabora\u00e7\u00e3o -<\/title>\n<meta name=\"robots\" content=\"index, follow, max-snippet:-1, max-image-preview:large, max-video-preview:-1\" \/>\n<link rel=\"canonical\" href=\"https:\/\/inclusivenews.com.br\/?p=27920\" \/>\n<meta property=\"og:locale\" content=\"pt_PT\" \/>\n<meta property=\"og:type\" content=\"article\" \/>\n<meta property=\"og:title\" content=\"FUNDACI\u00d3N MAPFRE e OEI firmam acordo de colabora\u00e7\u00e3o -\" \/>\n<meta property=\"og:description\" content=\"Parceria, que beneficiar\u00e1, diretamente, 20 mil professores e, indiretamente, 600 mil crian\u00e7as, envolve a realiza\u00e7\u00e3o de um programa de inclus\u00e3o para a preven\u00e7\u00e3o do fracasso escolar de crian\u00e7as e adolescentes no Brasil e em mais tr\u00eas pa\u00edses latino-americanos.\" \/>\n<meta property=\"og:url\" content=\"https:\/\/inclusivenews.com.br\/?p=27920\" \/>\n<meta property=\"article:publisher\" content=\"https:\/\/www.facebook.com\/agenciainclusive\/\" \/>\n<meta property=\"article:published_time\" content=\"2015-04-06T10:39:44+00:00\" \/>\n<meta property=\"og:image\" content=\"http:\/\/inclusivenews.com.br\/wp-content\/uploads\/2010\/02\/Logo-OEI.jpg\" \/>\n<meta name=\"author\" content=\"inclusivenews2024\" \/>\n<meta name=\"twitter:card\" content=\"summary_large_image\" \/>\n<meta name=\"twitter:label1\" content=\"Escrito por\" \/>\n\t<meta name=\"twitter:data1\" content=\"inclusivenews2024\" \/>\n\t<meta name=\"twitter:label2\" content=\"Tempo estimado de leitura\" \/>\n\t<meta name=\"twitter:data2\" content=\"4 minutos\" \/>\n<script type=\"application\/ld+json\" class=\"yoast-schema-graph\">{\"@context\":\"https:\\\/\\\/schema.org\",\"@graph\":[{\"@type\":\"Article\",\"@id\":\"https:\\\/\\\/inclusivenews.com.br\\\/?p=27920#article\",\"isPartOf\":{\"@id\":\"https:\\\/\\\/inclusivenews.com.br\\\/?p=27920\"},\"author\":{\"name\":\"inclusivenews2024\",\"@id\":\"https:\\\/\\\/inclusivenews.com.br\\\/#\\\/schema\\\/person\\\/ae4ec7087559b8692fb33b6fffd2273b\"},\"headline\":\"FUNDACI\u00d3N MAPFRE e OEI firmam acordo de colabora\u00e7\u00e3o\",\"datePublished\":\"2015-04-06T10:39:44+00:00\",\"mainEntityOfPage\":{\"@id\":\"https:\\\/\\\/inclusivenews.com.br\\\/?p=27920\"},\"wordCount\":769,\"commentCount\":0,\"publisher\":{\"@id\":\"https:\\\/\\\/inclusivenews.com.br\\\/#organization\"},\"image\":{\"@id\":\"https:\\\/\\\/inclusivenews.com.br\\\/?p=27920#primaryimage\"},\"thumbnailUrl\":\"http:\\\/\\\/inclusivenews.com.br\\\/wp-content\\\/uploads\\\/2010\\\/02\\\/Logo-OEI.jpg\",\"articleSection\":[\"DIREITOS HUMANOS\"],\"inLanguage\":\"pt-PT\",\"potentialAction\":[{\"@type\":\"CommentAction\",\"name\":\"Comment\",\"target\":[\"https:\\\/\\\/inclusivenews.com.br\\\/?p=27920#respond\"]}]},{\"@type\":\"WebPage\",\"@id\":\"https:\\\/\\\/inclusivenews.com.br\\\/?p=27920\",\"url\":\"https:\\\/\\\/inclusivenews.com.br\\\/?p=27920\",\"name\":\"FUNDACI\u00d3N MAPFRE e OEI firmam acordo de colabora\u00e7\u00e3o -\",\"isPartOf\":{\"@id\":\"https:\\\/\\\/inclusivenews.com.br\\\/#website\"},\"primaryImageOfPage\":{\"@id\":\"https:\\\/\\\/inclusivenews.com.br\\\/?p=27920#primaryimage\"},\"image\":{\"@id\":\"https:\\\/\\\/inclusivenews.com.br\\\/?p=27920#primaryimage\"},\"thumbnailUrl\":\"http:\\\/\\\/inclusivenews.com.br\\\/wp-content\\\/uploads\\\/2010\\\/02\\\/Logo-OEI.jpg\",\"datePublished\":\"2015-04-06T10:39:44+00:00\",\"breadcrumb\":{\"@id\":\"https:\\\/\\\/inclusivenews.com.br\\\/?p=27920#breadcrumb\"},\"inLanguage\":\"pt-PT\",\"potentialAction\":[{\"@type\":\"ReadAction\",\"target\":[\"https:\\\/\\\/inclusivenews.com.br\\\/?p=27920\"]}]},{\"@type\":\"ImageObject\",\"inLanguage\":\"pt-PT\",\"@id\":\"https:\\\/\\\/inclusivenews.com.br\\\/?p=27920#primaryimage\",\"url\":\"\",\"contentUrl\":\"\"},{\"@type\":\"BreadcrumbList\",\"@id\":\"https:\\\/\\\/inclusivenews.com.br\\\/?p=27920#breadcrumb\",\"itemListElement\":[{\"@type\":\"ListItem\",\"position\":1,\"name\":\"In\u00edcio\",\"item\":\"https:\\\/\\\/inclusivenews.com.br\\\/\"},{\"@type\":\"ListItem\",\"position\":2,\"name\":\"FUNDACI\u00d3N MAPFRE e OEI firmam acordo de colabora\u00e7\u00e3o\"}]},{\"@type\":\"WebSite\",\"@id\":\"https:\\\/\\\/inclusivenews.com.br\\\/#website\",\"url\":\"https:\\\/\\\/inclusivenews.com.br\\\/\",\"name\":\"Inclusive News\",\"description\":\"Inclusive News\",\"publisher\":{\"@id\":\"https:\\\/\\\/inclusivenews.com.br\\\/#organization\"},\"potentialAction\":[{\"@type\":\"SearchAction\",\"target\":{\"@type\":\"EntryPoint\",\"urlTemplate\":\"https:\\\/\\\/inclusivenews.com.br\\\/?s={search_term_string}\"},\"query-input\":{\"@type\":\"PropertyValueSpecification\",\"valueRequired\":true,\"valueName\":\"search_term_string\"}}],\"inLanguage\":\"pt-PT\"},{\"@type\":\"Organization\",\"@id\":\"https:\\\/\\\/inclusivenews.com.br\\\/#organization\",\"name\":\"Inclusive - inclus\u00e3o e cidadania\",\"url\":\"https:\\\/\\\/inclusivenews.com.br\\\/\",\"logo\":{\"@type\":\"ImageObject\",\"inLanguage\":\"pt-PT\",\"@id\":\"https:\\\/\\\/inclusivenews.com.br\\\/#\\\/schema\\\/logo\\\/image\\\/\",\"url\":\"https:\\\/\\\/inclusivenews.com.br\\\/wp-content\\\/uploads\\\/2024\\\/03\\\/@grandesite.png\",\"contentUrl\":\"https:\\\/\\\/inclusivenews.com.br\\\/wp-content\\\/uploads\\\/2024\\\/03\\\/@grandesite.png\",\"width\":1080,\"height\":1080,\"caption\":\"Inclusive - inclus\u00e3o e cidadania\"},\"image\":{\"@id\":\"https:\\\/\\\/inclusivenews.com.br\\\/#\\\/schema\\\/logo\\\/image\\\/\"},\"sameAs\":[\"https:\\\/\\\/www.facebook.com\\\/agenciainclusive\\\/\",\"https:\\\/\\\/www.instagram.com\\\/newsinclusive\\\/\"]},{\"@type\":\"Person\",\"@id\":\"https:\\\/\\\/inclusivenews.com.br\\\/#\\\/schema\\\/person\\\/ae4ec7087559b8692fb33b6fffd2273b\",\"name\":\"inclusivenews2024\",\"image\":{\"@type\":\"ImageObject\",\"inLanguage\":\"pt-PT\",\"@id\":\"https:\\\/\\\/secure.gravatar.com\\\/avatar\\\/c5a7ef84c66fa914f55bc4f7ce26cfa275a3b9a1c5568b907bd184fb4dde7b40?s=96&d=mm&r=g\",\"url\":\"https:\\\/\\\/secure.gravatar.com\\\/avatar\\\/c5a7ef84c66fa914f55bc4f7ce26cfa275a3b9a1c5568b907bd184fb4dde7b40?s=96&d=mm&r=g\",\"contentUrl\":\"https:\\\/\\\/secure.gravatar.com\\\/avatar\\\/c5a7ef84c66fa914f55bc4f7ce26cfa275a3b9a1c5568b907bd184fb4dde7b40?s=96&d=mm&r=g\",\"caption\":\"inclusivenews2024\"},\"sameAs\":[\"https:\\\/\\\/inclusivenews.com.br\"],\"url\":\"https:\\\/\\\/inclusivenews.com.br\\\/?author=1\"}]}<\/script>\n<!-- \/ Yoast SEO plugin. -->","yoast_head_json":{"title":"FUNDACI\u00d3N MAPFRE e OEI firmam acordo de colabora\u00e7\u00e3o -","robots":{"index":"index","follow":"follow","max-snippet":"max-snippet:-1","max-image-preview":"max-image-preview:large","max-video-preview":"max-video-preview:-1"},"canonical":"https:\/\/inclusivenews.com.br\/?p=27920","og_locale":"pt_PT","og_type":"article","og_title":"FUNDACI\u00d3N MAPFRE e OEI firmam acordo de colabora\u00e7\u00e3o -","og_description":"Parceria, que beneficiar\u00e1, diretamente, 20 mil professores e, indiretamente, 600 mil crian\u00e7as, envolve a realiza\u00e7\u00e3o de um programa de inclus\u00e3o para a preven\u00e7\u00e3o do fracasso escolar de crian\u00e7as e adolescentes no Brasil e em mais tr\u00eas pa\u00edses latino-americanos.","og_url":"https:\/\/inclusivenews.com.br\/?p=27920","article_publisher":"https:\/\/www.facebook.com\/agenciainclusive\/","article_published_time":"2015-04-06T10:39:44+00:00","og_image":[{"url":"http:\/\/inclusivenews.com.br\/wp-content\/uploads\/2010\/02\/Logo-OEI.jpg","type":"","width":"","height":""}],"author":"inclusivenews2024","twitter_card":"summary_large_image","twitter_misc":{"Escrito por":"inclusivenews2024","Tempo estimado de leitura":"4 minutos"},"schema":{"@context":"https:\/\/schema.org","@graph":[{"@type":"Article","@id":"https:\/\/inclusivenews.com.br\/?p=27920#article","isPartOf":{"@id":"https:\/\/inclusivenews.com.br\/?p=27920"},"author":{"name":"inclusivenews2024","@id":"https:\/\/inclusivenews.com.br\/#\/schema\/person\/ae4ec7087559b8692fb33b6fffd2273b"},"headline":"FUNDACI\u00d3N MAPFRE e OEI firmam acordo de colabora\u00e7\u00e3o","datePublished":"2015-04-06T10:39:44+00:00","mainEntityOfPage":{"@id":"https:\/\/inclusivenews.com.br\/?p=27920"},"wordCount":769,"commentCount":0,"publisher":{"@id":"https:\/\/inclusivenews.com.br\/#organization"},"image":{"@id":"https:\/\/inclusivenews.com.br\/?p=27920#primaryimage"},"thumbnailUrl":"http:\/\/inclusivenews.com.br\/wp-content\/uploads\/2010\/02\/Logo-OEI.jpg","articleSection":["DIREITOS HUMANOS"],"inLanguage":"pt-PT","potentialAction":[{"@type":"CommentAction","name":"Comment","target":["https:\/\/inclusivenews.com.br\/?p=27920#respond"]}]},{"@type":"WebPage","@id":"https:\/\/inclusivenews.com.br\/?p=27920","url":"https:\/\/inclusivenews.com.br\/?p=27920","name":"FUNDACI\u00d3N MAPFRE e OEI firmam acordo de colabora\u00e7\u00e3o -","isPartOf":{"@id":"https:\/\/inclusivenews.com.br\/#website"},"primaryImageOfPage":{"@id":"https:\/\/inclusivenews.com.br\/?p=27920#primaryimage"},"image":{"@id":"https:\/\/inclusivenews.com.br\/?p=27920#primaryimage"},"thumbnailUrl":"http:\/\/inclusivenews.com.br\/wp-content\/uploads\/2010\/02\/Logo-OEI.jpg","datePublished":"2015-04-06T10:39:44+00:00","breadcrumb":{"@id":"https:\/\/inclusivenews.com.br\/?p=27920#breadcrumb"},"inLanguage":"pt-PT","potentialAction":[{"@type":"ReadAction","target":["https:\/\/inclusivenews.com.br\/?p=27920"]}]},{"@type":"ImageObject","inLanguage":"pt-PT","@id":"https:\/\/inclusivenews.com.br\/?p=27920#primaryimage","url":"","contentUrl":""},{"@type":"BreadcrumbList","@id":"https:\/\/inclusivenews.com.br\/?p=27920#breadcrumb","itemListElement":[{"@type":"ListItem","position":1,"name":"In\u00edcio","item":"https:\/\/inclusivenews.com.br\/"},{"@type":"ListItem","position":2,"name":"FUNDACI\u00d3N MAPFRE e OEI firmam acordo de colabora\u00e7\u00e3o"}]},{"@type":"WebSite","@id":"https:\/\/inclusivenews.com.br\/#website","url":"https:\/\/inclusivenews.com.br\/","name":"Inclusive News","description":"Inclusive News","publisher":{"@id":"https:\/\/inclusivenews.com.br\/#organization"},"potentialAction":[{"@type":"SearchAction","target":{"@type":"EntryPoint","urlTemplate":"https:\/\/inclusivenews.com.br\/?s={search_term_string}"},"query-input":{"@type":"PropertyValueSpecification","valueRequired":true,"valueName":"search_term_string"}}],"inLanguage":"pt-PT"},{"@type":"Organization","@id":"https:\/\/inclusivenews.com.br\/#organization","name":"Inclusive - inclus\u00e3o e cidadania","url":"https:\/\/inclusivenews.com.br\/","logo":{"@type":"ImageObject","inLanguage":"pt-PT","@id":"https:\/\/inclusivenews.com.br\/#\/schema\/logo\/image\/","url":"https:\/\/inclusivenews.com.br\/wp-content\/uploads\/2024\/03\/@grandesite.png","contentUrl":"https:\/\/inclusivenews.com.br\/wp-content\/uploads\/2024\/03\/@grandesite.png","width":1080,"height":1080,"caption":"Inclusive - inclus\u00e3o e cidadania"},"image":{"@id":"https:\/\/inclusivenews.com.br\/#\/schema\/logo\/image\/"},"sameAs":["https:\/\/www.facebook.com\/agenciainclusive\/","https:\/\/www.instagram.com\/newsinclusive\/"]},{"@type":"Person","@id":"https:\/\/inclusivenews.com.br\/#\/schema\/person\/ae4ec7087559b8692fb33b6fffd2273b","name":"inclusivenews2024","image":{"@type":"ImageObject","inLanguage":"pt-PT","@id":"https:\/\/secure.gravatar.com\/avatar\/c5a7ef84c66fa914f55bc4f7ce26cfa275a3b9a1c5568b907bd184fb4dde7b40?s=96&d=mm&r=g","url":"https:\/\/secure.gravatar.com\/avatar\/c5a7ef84c66fa914f55bc4f7ce26cfa275a3b9a1c5568b907bd184fb4dde7b40?s=96&d=mm&r=g","contentUrl":"https:\/\/secure.gravatar.com\/avatar\/c5a7ef84c66fa914f55bc4f7ce26cfa275a3b9a1c5568b907bd184fb4dde7b40?s=96&d=mm&r=g","caption":"inclusivenews2024"},"sameAs":["https:\/\/inclusivenews.com.br"],"url":"https:\/\/inclusivenews.com.br\/?author=1"}]}},"_links":{"self":[{"href":"https:\/\/inclusivenews.com.br\/index.php?rest_route=\/wp\/v2\/posts\/27920","targetHints":{"allow":["GET"]}}],"collection":[{"href":"https:\/\/inclusivenews.com.br\/index.php?rest_route=\/wp\/v2\/posts"}],"about":[{"href":"https:\/\/inclusivenews.com.br\/index.php?rest_route=\/wp\/v2\/types\/post"}],"author":[{"embeddable":true,"href":"https:\/\/inclusivenews.com.br\/index.php?rest_route=\/wp\/v2\/users\/1"}],"replies":[{"embeddable":true,"href":"https:\/\/inclusivenews.com.br\/index.php?rest_route=%2Fwp%2Fv2%2Fcomments&post=27920"}],"version-history":[{"count":0,"href":"https:\/\/inclusivenews.com.br\/index.php?rest_route=\/wp\/v2\/posts\/27920\/revisions"}],"wp:attachment":[{"href":"https:\/\/inclusivenews.com.br\/index.php?rest_route=%2Fwp%2Fv2%2Fmedia&parent=27920"}],"wp:term":[{"taxonomy":"category","embeddable":true,"href":"https:\/\/inclusivenews.com.br\/index.php?rest_route=%2Fwp%2Fv2%2Fcategories&post=27920"},{"taxonomy":"post_tag","embeddable":true,"href":"https:\/\/inclusivenews.com.br\/index.php?rest_route=%2Fwp%2Fv2%2Ftags&post=27920"}],"curies":[{"name":"wp","href":"https:\/\/api.w.org\/{rel}","templated":true}]}}