{"id":27928,"date":"2015-04-06T10:06:19","date_gmt":"2015-04-06T13:06:19","guid":{"rendered":"http:\/\/www.inclusive.org.br\/?p=27928"},"modified":"2015-04-06T10:06:19","modified_gmt":"2015-04-06T13:06:19","slug":"premio-fundacao-banco-do-brasil-de-tecnologia-social","status":"publish","type":"post","link":"https:\/\/inclusivenews.com.br\/?p=27928","title":{"rendered":"Pr\u00eamio Funda\u00e7\u00e3o Banco do Brasil de Tecnologia Social"},"content":{"rendered":"<p><img decoding=\"async\" alt=\"Descri\u00e7\u00e3o n\u00e3o oferecida no site de origem.\" src=\"http:\/\/www.fbb.org.br\/data\/files\/37\/F6\/8D\/05\/A9C6C410A6A2F0C4BD983EA8\/Banner%20online%20Premio%202015.jpg\" \/><\/p>\n<p>At\u00e9 o dia 31.05.2015 est\u00e3o abertas as inscri\u00e7\u00f5es para a 8\u00aa edi\u00e7\u00e3o do Pr\u00eamio Funda\u00e7\u00e3o Banco do Brasil de Tecnologia Social. Ser\u00e3o R$ 600 mil em premia\u00e7\u00e3o! Participe! Compartilhe as solu\u00e7\u00f5es que transformaram a sua comunidade com todo o Pa\u00eds! Ao clicar na imagem, voc\u00ea ter\u00e1 acesso ao site de inscri\u00e7\u00e3o do Pr\u00eamio. Realize a sua inscri\u00e7\u00e3o!<\/p>\n","protected":false},"excerpt":{"rendered":"<p>At\u00e9 o dia 31.05.2015 est\u00e3o abertas as inscri\u00e7\u00f5es para a 8\u00aa edi\u00e7\u00e3o do Pr\u00eamio Funda\u00e7\u00e3o Banco do Brasil de Tecnologia Social. Ser\u00e3o R$ 600 mil em premia\u00e7\u00e3o! Participe! Compartilhe as solu\u00e7\u00f5es que transformaram a sua comunidade com todo o Pa\u00eds! Ao clicar na imagem, voc\u00ea ter\u00e1 acesso ao site de inscri\u00e7\u00e3o do Pr\u00eamio. Realize a sua inscri\u00e7\u00e3o!<\/p>\n","protected":false},"author":1,"featured_media":0,"comment_status":"open","ping_status":"open","sticky":false,"template":"","format":"standard","meta":{"site-container-style":"default","site-container-layout":"default","site-sidebar-layout":"default","disable-article-header":"default","disable-site-header":"default","disable-site-footer":"default","disable-content-area-spacing":"default","footnotes":""},"categories":[12,4],"tags":[],"class_list":["post-27928","post","type-post","status-publish","format-standard","hentry","category-cursos-e-eventos","category-noticias"],"yoast_head":"<!-- This site is optimized with the Yoast SEO plugin v27.4 - https:\/\/yoast.com\/product\/yoast-seo-wordpress\/ -->\n<title>Pr\u00eamio Funda\u00e7\u00e3o Banco do Brasil de Tecnologia Social -<\/title>\n<meta name=\"robots\" content=\"index, follow, max-snippet:-1, max-image-preview:large, max-video-preview:-1\" \/>\n<link rel=\"canonical\" href=\"https:\/\/inclusivenews.com.br\/?p=27928\" \/>\n<meta property=\"og:locale\" content=\"pt_PT\" \/>\n<meta property=\"og:type\" content=\"article\" \/>\n<meta property=\"og:title\" content=\"Pr\u00eamio Funda\u00e7\u00e3o Banco do Brasil de Tecnologia Social -\" \/>\n<meta property=\"og:description\" content=\"At\u00e9 o dia 31.05.2015 est\u00e3o abertas as inscri\u00e7\u00f5es para a 8\u00aa edi\u00e7\u00e3o do Pr\u00eamio Funda\u00e7\u00e3o Banco do Brasil de Tecnologia Social. Ser\u00e3o R$ 600 mil em premia\u00e7\u00e3o! Participe! Compartilhe as solu\u00e7\u00f5es que transformaram a sua comunidade com todo o Pa\u00eds! Ao clicar na imagem, voc\u00ea ter\u00e1 acesso ao site de inscri\u00e7\u00e3o do Pr\u00eamio. Realize a sua inscri\u00e7\u00e3o!\" \/>\n<meta property=\"og:url\" content=\"https:\/\/inclusivenews.com.br\/?p=27928\" \/>\n<meta property=\"article:publisher\" content=\"https:\/\/www.facebook.com\/agenciainclusive\/\" \/>\n<meta property=\"article:published_time\" content=\"2015-04-06T13:06:19+00:00\" \/>\n<meta property=\"og:image\" content=\"http:\/\/www.fbb.org.br\/data\/files\/37\/F6\/8D\/05\/A9C6C410A6A2F0C4BD983EA8\/Banner%20online%20Premio%202015.jpg\" \/>\n<meta name=\"author\" content=\"inclusivenews2024\" \/>\n<meta name=\"twitter:card\" content=\"summary_large_image\" \/>\n<meta name=\"twitter:label1\" content=\"Escrito por\" \/>\n\t<meta name=\"twitter:data1\" content=\"inclusivenews2024\" \/>\n<script type=\"application\/ld+json\" class=\"yoast-schema-graph\">{\"@context\":\"https:\\\/\\\/schema.org\",\"@graph\":[{\"@type\":\"Article\",\"@id\":\"https:\\\/\\\/inclusivenews.com.br\\\/?p=27928#article\",\"isPartOf\":{\"@id\":\"https:\\\/\\\/inclusivenews.com.br\\\/?p=27928\"},\"author\":{\"name\":\"inclusivenews2024\",\"@id\":\"https:\\\/\\\/inclusivenews.com.br\\\/#\\\/schema\\\/person\\\/ae4ec7087559b8692fb33b6fffd2273b\"},\"headline\":\"Pr\u00eamio Funda\u00e7\u00e3o Banco do Brasil de Tecnologia Social\",\"datePublished\":\"2015-04-06T13:06:19+00:00\",\"mainEntityOfPage\":{\"@id\":\"https:\\\/\\\/inclusivenews.com.br\\\/?p=27928\"},\"wordCount\":76,\"commentCount\":0,\"publisher\":{\"@id\":\"https:\\\/\\\/inclusivenews.com.br\\\/#organization\"},\"image\":{\"@id\":\"https:\\\/\\\/inclusivenews.com.br\\\/?p=27928#primaryimage\"},\"thumbnailUrl\":\"http:\\\/\\\/www.fbb.org.br\\\/data\\\/files\\\/37\\\/F6\\\/8D\\\/05\\\/A9C6C410A6A2F0C4BD983EA8\\\/Banner%20online%20Premio%202015.jpg\",\"articleSection\":[\"Cursos e eventos\",\"NOT\u00cdCIAS\"],\"inLanguage\":\"pt-PT\",\"potentialAction\":[{\"@type\":\"CommentAction\",\"name\":\"Comment\",\"target\":[\"https:\\\/\\\/inclusivenews.com.br\\\/?p=27928#respond\"]}]},{\"@type\":\"WebPage\",\"@id\":\"https:\\\/\\\/inclusivenews.com.br\\\/?p=27928\",\"url\":\"https:\\\/\\\/inclusivenews.com.br\\\/?p=27928\",\"name\":\"Pr\u00eamio Funda\u00e7\u00e3o Banco do Brasil de Tecnologia Social -\",\"isPartOf\":{\"@id\":\"https:\\\/\\\/inclusivenews.com.br\\\/#website\"},\"primaryImageOfPage\":{\"@id\":\"https:\\\/\\\/inclusivenews.com.br\\\/?p=27928#primaryimage\"},\"image\":{\"@id\":\"https:\\\/\\\/inclusivenews.com.br\\\/?p=27928#primaryimage\"},\"thumbnailUrl\":\"http:\\\/\\\/www.fbb.org.br\\\/data\\\/files\\\/37\\\/F6\\\/8D\\\/05\\\/A9C6C410A6A2F0C4BD983EA8\\\/Banner%20online%20Premio%202015.jpg\",\"datePublished\":\"2015-04-06T13:06:19+00:00\",\"breadcrumb\":{\"@id\":\"https:\\\/\\\/inclusivenews.com.br\\\/?p=27928#breadcrumb\"},\"inLanguage\":\"pt-PT\",\"potentialAction\":[{\"@type\":\"ReadAction\",\"target\":[\"https:\\\/\\\/inclusivenews.com.br\\\/?p=27928\"]}]},{\"@type\":\"ImageObject\",\"inLanguage\":\"pt-PT\",\"@id\":\"https:\\\/\\\/inclusivenews.com.br\\\/?p=27928#primaryimage\",\"url\":\"http:\\\/\\\/www.fbb.org.br\\\/data\\\/files\\\/37\\\/F6\\\/8D\\\/05\\\/A9C6C410A6A2F0C4BD983EA8\\\/Banner%20online%20Premio%202015.jpg\",\"contentUrl\":\"http:\\\/\\\/www.fbb.org.br\\\/data\\\/files\\\/37\\\/F6\\\/8D\\\/05\\\/A9C6C410A6A2F0C4BD983EA8\\\/Banner%20online%20Premio%202015.jpg\"},{\"@type\":\"BreadcrumbList\",\"@id\":\"https:\\\/\\\/inclusivenews.com.br\\\/?p=27928#breadcrumb\",\"itemListElement\":[{\"@type\":\"ListItem\",\"position\":1,\"name\":\"In\u00edcio\",\"item\":\"https:\\\/\\\/inclusivenews.com.br\\\/\"},{\"@type\":\"ListItem\",\"position\":2,\"name\":\"Pr\u00eamio Funda\u00e7\u00e3o Banco do Brasil de Tecnologia Social\"}]},{\"@type\":\"WebSite\",\"@id\":\"https:\\\/\\\/inclusivenews.com.br\\\/#website\",\"url\":\"https:\\\/\\\/inclusivenews.com.br\\\/\",\"name\":\"Inclusive News\",\"description\":\"Inclusive News\",\"publisher\":{\"@id\":\"https:\\\/\\\/inclusivenews.com.br\\\/#organization\"},\"potentialAction\":[{\"@type\":\"SearchAction\",\"target\":{\"@type\":\"EntryPoint\",\"urlTemplate\":\"https:\\\/\\\/inclusivenews.com.br\\\/?s={search_term_string}\"},\"query-input\":{\"@type\":\"PropertyValueSpecification\",\"valueRequired\":true,\"valueName\":\"search_term_string\"}}],\"inLanguage\":\"pt-PT\"},{\"@type\":\"Organization\",\"@id\":\"https:\\\/\\\/inclusivenews.com.br\\\/#organization\",\"name\":\"Inclusive - inclus\u00e3o e cidadania\",\"url\":\"https:\\\/\\\/inclusivenews.com.br\\\/\",\"logo\":{\"@type\":\"ImageObject\",\"inLanguage\":\"pt-PT\",\"@id\":\"https:\\\/\\\/inclusivenews.com.br\\\/#\\\/schema\\\/logo\\\/image\\\/\",\"url\":\"https:\\\/\\\/inclusivenews.com.br\\\/wp-content\\\/uploads\\\/2024\\\/03\\\/@grandesite.png\",\"contentUrl\":\"https:\\\/\\\/inclusivenews.com.br\\\/wp-content\\\/uploads\\\/2024\\\/03\\\/@grandesite.png\",\"width\":1080,\"height\":1080,\"caption\":\"Inclusive - inclus\u00e3o e cidadania\"},\"image\":{\"@id\":\"https:\\\/\\\/inclusivenews.com.br\\\/#\\\/schema\\\/logo\\\/image\\\/\"},\"sameAs\":[\"https:\\\/\\\/www.facebook.com\\\/agenciainclusive\\\/\",\"https:\\\/\\\/www.instagram.com\\\/newsinclusive\\\/\"]},{\"@type\":\"Person\",\"@id\":\"https:\\\/\\\/inclusivenews.com.br\\\/#\\\/schema\\\/person\\\/ae4ec7087559b8692fb33b6fffd2273b\",\"name\":\"inclusivenews2024\",\"image\":{\"@type\":\"ImageObject\",\"inLanguage\":\"pt-PT\",\"@id\":\"https:\\\/\\\/secure.gravatar.com\\\/avatar\\\/c5a7ef84c66fa914f55bc4f7ce26cfa275a3b9a1c5568b907bd184fb4dde7b40?s=96&d=mm&r=g\",\"url\":\"https:\\\/\\\/secure.gravatar.com\\\/avatar\\\/c5a7ef84c66fa914f55bc4f7ce26cfa275a3b9a1c5568b907bd184fb4dde7b40?s=96&d=mm&r=g\",\"contentUrl\":\"https:\\\/\\\/secure.gravatar.com\\\/avatar\\\/c5a7ef84c66fa914f55bc4f7ce26cfa275a3b9a1c5568b907bd184fb4dde7b40?s=96&d=mm&r=g\",\"caption\":\"inclusivenews2024\"},\"sameAs\":[\"https:\\\/\\\/inclusivenews.com.br\"],\"url\":\"https:\\\/\\\/inclusivenews.com.br\\\/?author=1\"}]}<\/script>\n<!-- \/ Yoast SEO plugin. -->","yoast_head_json":{"title":"Pr\u00eamio Funda\u00e7\u00e3o Banco do Brasil de Tecnologia Social -","robots":{"index":"index","follow":"follow","max-snippet":"max-snippet:-1","max-image-preview":"max-image-preview:large","max-video-preview":"max-video-preview:-1"},"canonical":"https:\/\/inclusivenews.com.br\/?p=27928","og_locale":"pt_PT","og_type":"article","og_title":"Pr\u00eamio Funda\u00e7\u00e3o Banco do Brasil de Tecnologia Social -","og_description":"At\u00e9 o dia 31.05.2015 est\u00e3o abertas as inscri\u00e7\u00f5es para a 8\u00aa edi\u00e7\u00e3o do Pr\u00eamio Funda\u00e7\u00e3o Banco do Brasil de Tecnologia Social. Ser\u00e3o R$ 600 mil em premia\u00e7\u00e3o! Participe! Compartilhe as solu\u00e7\u00f5es que transformaram a sua comunidade com todo o Pa\u00eds! Ao clicar na imagem, voc\u00ea ter\u00e1 acesso ao site de inscri\u00e7\u00e3o do Pr\u00eamio. Realize a sua inscri\u00e7\u00e3o!","og_url":"https:\/\/inclusivenews.com.br\/?p=27928","article_publisher":"https:\/\/www.facebook.com\/agenciainclusive\/","article_published_time":"2015-04-06T13:06:19+00:00","og_image":[{"url":"http:\/\/www.fbb.org.br\/data\/files\/37\/F6\/8D\/05\/A9C6C410A6A2F0C4BD983EA8\/Banner%20online%20Premio%202015.jpg","type":"","width":"","height":""}],"author":"inclusivenews2024","twitter_card":"summary_large_image","twitter_misc":{"Escrito por":"inclusivenews2024"},"schema":{"@context":"https:\/\/schema.org","@graph":[{"@type":"Article","@id":"https:\/\/inclusivenews.com.br\/?p=27928#article","isPartOf":{"@id":"https:\/\/inclusivenews.com.br\/?p=27928"},"author":{"name":"inclusivenews2024","@id":"https:\/\/inclusivenews.com.br\/#\/schema\/person\/ae4ec7087559b8692fb33b6fffd2273b"},"headline":"Pr\u00eamio Funda\u00e7\u00e3o Banco do Brasil de Tecnologia Social","datePublished":"2015-04-06T13:06:19+00:00","mainEntityOfPage":{"@id":"https:\/\/inclusivenews.com.br\/?p=27928"},"wordCount":76,"commentCount":0,"publisher":{"@id":"https:\/\/inclusivenews.com.br\/#organization"},"image":{"@id":"https:\/\/inclusivenews.com.br\/?p=27928#primaryimage"},"thumbnailUrl":"http:\/\/www.fbb.org.br\/data\/files\/37\/F6\/8D\/05\/A9C6C410A6A2F0C4BD983EA8\/Banner%20online%20Premio%202015.jpg","articleSection":["Cursos e eventos","NOT\u00cdCIAS"],"inLanguage":"pt-PT","potentialAction":[{"@type":"CommentAction","name":"Comment","target":["https:\/\/inclusivenews.com.br\/?p=27928#respond"]}]},{"@type":"WebPage","@id":"https:\/\/inclusivenews.com.br\/?p=27928","url":"https:\/\/inclusivenews.com.br\/?p=27928","name":"Pr\u00eamio Funda\u00e7\u00e3o Banco do Brasil de Tecnologia Social -","isPartOf":{"@id":"https:\/\/inclusivenews.com.br\/#website"},"primaryImageOfPage":{"@id":"https:\/\/inclusivenews.com.br\/?p=27928#primaryimage"},"image":{"@id":"https:\/\/inclusivenews.com.br\/?p=27928#primaryimage"},"thumbnailUrl":"http:\/\/www.fbb.org.br\/data\/files\/37\/F6\/8D\/05\/A9C6C410A6A2F0C4BD983EA8\/Banner%20online%20Premio%202015.jpg","datePublished":"2015-04-06T13:06:19+00:00","breadcrumb":{"@id":"https:\/\/inclusivenews.com.br\/?p=27928#breadcrumb"},"inLanguage":"pt-PT","potentialAction":[{"@type":"ReadAction","target":["https:\/\/inclusivenews.com.br\/?p=27928"]}]},{"@type":"ImageObject","inLanguage":"pt-PT","@id":"https:\/\/inclusivenews.com.br\/?p=27928#primaryimage","url":"http:\/\/www.fbb.org.br\/data\/files\/37\/F6\/8D\/05\/A9C6C410A6A2F0C4BD983EA8\/Banner%20online%20Premio%202015.jpg","contentUrl":"http:\/\/www.fbb.org.br\/data\/files\/37\/F6\/8D\/05\/A9C6C410A6A2F0C4BD983EA8\/Banner%20online%20Premio%202015.jpg"},{"@type":"BreadcrumbList","@id":"https:\/\/inclusivenews.com.br\/?p=27928#breadcrumb","itemListElement":[{"@type":"ListItem","position":1,"name":"In\u00edcio","item":"https:\/\/inclusivenews.com.br\/"},{"@type":"ListItem","position":2,"name":"Pr\u00eamio Funda\u00e7\u00e3o Banco do Brasil de Tecnologia Social"}]},{"@type":"WebSite","@id":"https:\/\/inclusivenews.com.br\/#website","url":"https:\/\/inclusivenews.com.br\/","name":"Inclusive News","description":"Inclusive News","publisher":{"@id":"https:\/\/inclusivenews.com.br\/#organization"},"potentialAction":[{"@type":"SearchAction","target":{"@type":"EntryPoint","urlTemplate":"https:\/\/inclusivenews.com.br\/?s={search_term_string}"},"query-input":{"@type":"PropertyValueSpecification","valueRequired":true,"valueName":"search_term_string"}}],"inLanguage":"pt-PT"},{"@type":"Organization","@id":"https:\/\/inclusivenews.com.br\/#organization","name":"Inclusive - inclus\u00e3o e cidadania","url":"https:\/\/inclusivenews.com.br\/","logo":{"@type":"ImageObject","inLanguage":"pt-PT","@id":"https:\/\/inclusivenews.com.br\/#\/schema\/logo\/image\/","url":"https:\/\/inclusivenews.com.br\/wp-content\/uploads\/2024\/03\/@grandesite.png","contentUrl":"https:\/\/inclusivenews.com.br\/wp-content\/uploads\/2024\/03\/@grandesite.png","width":1080,"height":1080,"caption":"Inclusive - inclus\u00e3o e cidadania"},"image":{"@id":"https:\/\/inclusivenews.com.br\/#\/schema\/logo\/image\/"},"sameAs":["https:\/\/www.facebook.com\/agenciainclusive\/","https:\/\/www.instagram.com\/newsinclusive\/"]},{"@type":"Person","@id":"https:\/\/inclusivenews.com.br\/#\/schema\/person\/ae4ec7087559b8692fb33b6fffd2273b","name":"inclusivenews2024","image":{"@type":"ImageObject","inLanguage":"pt-PT","@id":"https:\/\/secure.gravatar.com\/avatar\/c5a7ef84c66fa914f55bc4f7ce26cfa275a3b9a1c5568b907bd184fb4dde7b40?s=96&d=mm&r=g","url":"https:\/\/secure.gravatar.com\/avatar\/c5a7ef84c66fa914f55bc4f7ce26cfa275a3b9a1c5568b907bd184fb4dde7b40?s=96&d=mm&r=g","contentUrl":"https:\/\/secure.gravatar.com\/avatar\/c5a7ef84c66fa914f55bc4f7ce26cfa275a3b9a1c5568b907bd184fb4dde7b40?s=96&d=mm&r=g","caption":"inclusivenews2024"},"sameAs":["https:\/\/inclusivenews.com.br"],"url":"https:\/\/inclusivenews.com.br\/?author=1"}]}},"_links":{"self":[{"href":"https:\/\/inclusivenews.com.br\/index.php?rest_route=\/wp\/v2\/posts\/27928","targetHints":{"allow":["GET"]}}],"collection":[{"href":"https:\/\/inclusivenews.com.br\/index.php?rest_route=\/wp\/v2\/posts"}],"about":[{"href":"https:\/\/inclusivenews.com.br\/index.php?rest_route=\/wp\/v2\/types\/post"}],"author":[{"embeddable":true,"href":"https:\/\/inclusivenews.com.br\/index.php?rest_route=\/wp\/v2\/users\/1"}],"replies":[{"embeddable":true,"href":"https:\/\/inclusivenews.com.br\/index.php?rest_route=%2Fwp%2Fv2%2Fcomments&post=27928"}],"version-history":[{"count":0,"href":"https:\/\/inclusivenews.com.br\/index.php?rest_route=\/wp\/v2\/posts\/27928\/revisions"}],"wp:attachment":[{"href":"https:\/\/inclusivenews.com.br\/index.php?rest_route=%2Fwp%2Fv2%2Fmedia&parent=27928"}],"wp:term":[{"taxonomy":"category","embeddable":true,"href":"https:\/\/inclusivenews.com.br\/index.php?rest_route=%2Fwp%2Fv2%2Fcategories&post=27928"},{"taxonomy":"post_tag","embeddable":true,"href":"https:\/\/inclusivenews.com.br\/index.php?rest_route=%2Fwp%2Fv2%2Ftags&post=27928"}],"curies":[{"name":"wp","href":"https:\/\/api.w.org\/{rel}","templated":true}]}}