{"id":27938,"date":"2015-04-08T08:44:56","date_gmt":"2015-04-08T11:44:56","guid":{"rendered":"http:\/\/www.inclusive.org.br\/?p=27938"},"modified":"2015-04-08T08:44:56","modified_gmt":"2015-04-08T11:44:56","slug":"organizacoes-levam-a-onu-propostas-de-educacao-inclusiva-para-jovens","status":"publish","type":"post","link":"https:\/\/inclusivenews.com.br\/?p=27938","title":{"rendered":"Organiza\u00e7\u00f5es levam \u00e0 ONU propostas de educa\u00e7\u00e3o inclusiva para jovens"},"content":{"rendered":"<figure style=\"width: 330px\" class=\"wp-caption alignnone\"><img loading=\"lazy\" decoding=\"async\" class=\" \" title=\"Menino cadeirante brinca de bola com menino em p\u00e9.\" alt=\"Menino cadeirante brinca de bola com menino em p\u00e9.\" src=\"http:\/\/www.adital.com.br\/arquivos2\/2015_04_inclusao_legenda-1_foto-unicef.jpg\" width=\"330\" height=\"202\" \/><figcaption class=\"wp-caption-text\">Foto: UNICEF<\/figcaption><\/figure>\n<p>Gerar padr\u00f5es para identificar a discrimina\u00e7\u00e3o por motivos de defici\u00eancia, adequar programas de forma\u00e7\u00e3o docente e produzir dados estat\u00edsticos de qualidade s\u00e3o algumas das propostas que um conjunto de organiza\u00e7\u00f5es sociais uruguaias dever\u00e1 apresentar \u00e0 Organiza\u00e7\u00e3o das Na\u00e7\u00f5es Unidas (ONU). O objetivo \u00e9 garantir o direito \u00e0 educa\u00e7\u00e3o inclusive das pessoas com algum tipo de defici\u00eancia no Uruguai.<\/p>\n<p align=\"justify\">As entidades, articuladas por meio do Grupo de Trabalho sobre Educa\u00e7\u00e3o Inclusiva, dever\u00e3o encaminhar as sugest\u00f5es a comit\u00ea de especialistas das Na\u00e7\u00f5es Unidas, que supervisionam a Conven\u00e7\u00e3o dos Direitos das Pessoas com Defici\u00eancia (CDPD) no pr\u00f3ximo dia 15 de abril, marco de discuss\u00e3o geral sobre a tem\u00e1tica. O debate ser\u00e1 realizado em Genebra, capital da Su\u00ed\u00e7a, sede da ONU. No documento, relembram distintos pactos e tratados internacionais, assim como leis nacionais com as quais o Uruguai se comprometeu a garantir o direito \u00e0 educa\u00e7\u00e3o de meninas, meninos e adolescentes com defici\u00eancia.<\/p>\n<p align=\"justify\">&#8220;Mesmo que reconhe\u00e7amos que nos \u00faltimos anos se hajam destinado esfor\u00e7os para implementar uma pol\u00edtica de inclus\u00e3o educativa geral, \u00e9 fundamental que (&#8230;) se trabalhe de forma hol\u00edstica para que todo o sistema educativo uruguaio p\u00fablico e privado, formal e n\u00e3o formal, gere as condi\u00e7\u00f5es necess\u00e1rias para garantir que a educa\u00e7\u00e3o no Uruguai seja um direito que se promova com base na igualdade e n\u00e3o discrimina\u00e7\u00e3o\u201d, assinala a organiza\u00e7\u00e3o da proposta.<\/p>\n<p align=\"justify\">Segundo a proposta, a forma\u00e7\u00e3o docente deve harmonizar-se com os padr\u00f5es da CDPD. Para isso, devem destinar recursos para assegurar uma forma\u00e7\u00e3o adequada dos docentes e estabelecer uma proposta pedag\u00f3gica e did\u00e1tica da educa\u00e7\u00e3o inclusiva em todos os n\u00edveis. Segundo as entidades, tamb\u00e9m \u00e9 necess\u00e1rio adequar a normativa e a pr\u00e1tica administrativa para que o processo de admiss\u00e3o e inclus\u00e3o das pessoas com defici\u00eancia nos centros educacionais se fa\u00e7a com base no princ\u00edpio de n\u00e3o discrimina\u00e7\u00e3o.<\/p>\n<p align=\"justify\">De acordo com as organiza\u00e7\u00f5es, para se efetivar o direito \u00e0 educa\u00e7\u00e3o, os Estados devem fazer ajustes para que se garanta as necessidades individuais dos estudantes, al\u00e9m de estabelecer a acessibilidade como um princ\u00edpio geral &#8211; classificando-se o que se entende por acessibilidade. Al\u00e9m disso, \u00e9 necess\u00e1rio gerar dados de qualidade com os quais basear as pol\u00edticas de inclus\u00e3o.<\/p>\n<p align=\"justify\">Atualmente, no Uruguai, existem in\u00fameras lacunas com rela\u00e7\u00e3o \u00e0 sistematiza\u00e7\u00e3o de dados estat\u00edsticos e \u00e0 informa\u00e7\u00e3o de qualidade quanto ao n\u00edvel de inclus\u00e3o de crian\u00e7as e adolescentes com defici\u00eancia nos mais variados \u00e2mbitos educacionais. &#8220;Isto impede que as pessoas com defici\u00eancia e as pessoas que se encontram a cargo delas possam tomar uma decis\u00e3o informada com rela\u00e7\u00e3o \u00e0s op\u00e7\u00f5es que existem atualmente no \u00e2mbito educativo\u201d, observa a proposta.<\/p>\n<p align=\"justify\">\n<p align=\"justify\">Segundo as entidades, esse vazio tamb\u00e9m dificulta a formula\u00e7\u00e3o e implementa\u00e7\u00e3o de pol\u00edticas p\u00fablicas efetivas que garantam a plena realiza\u00e7\u00e3o dos direitos humanos das pessoas com defici\u00eancia. Nesse sentido, defendem que \u00e9 necess\u00e1rio promover a obriga\u00e7\u00e3o para que os Estados produzam informa\u00e7\u00e3o ampla e de qualidade sobre a inclus\u00e3o nos diversos \u00e2mbitos da sociedade, com \u00eanfase no \u00e2mbito educativo.<\/p>\n<p align=\"justify\">(Com informa\u00e7\u00f5es do\u00a0Centro de Archivos y Acceso a la Informaci\u00f3n P\u00fablica &#8211; CAinfo e Adital)<\/p>\n","protected":false},"excerpt":{"rendered":"<p>Gerar padr\u00f5es para identificar a discrimina\u00e7\u00e3o por motivos de defici\u00eancia, adequar programas de forma\u00e7\u00e3o docente e produzir dados estat\u00edsticos de qualidade s\u00e3o algumas das propostas que um conjunto de organiza\u00e7\u00f5es sociais uruguaias dever\u00e1 apresentar \u00e0 Organiza\u00e7\u00e3o das Na\u00e7\u00f5es Unidas (ONU). O objetivo \u00e9 garantir o direito \u00e0 educa\u00e7\u00e3o inclusive das pessoas com algum tipo de defici\u00eancia no Uruguai. Da Adital.<\/p>\n","protected":false},"author":1,"featured_media":0,"comment_status":"open","ping_status":"open","sticky":false,"template":"","format":"standard","meta":{"site-container-style":"default","site-container-layout":"default","site-sidebar-layout":"default","disable-article-header":"default","disable-site-header":"default","disable-site-footer":"default","disable-content-area-spacing":"default","footnotes":""},"categories":[4],"tags":[126],"class_list":["post-27938","post","type-post","status-publish","format-standard","hentry","category-noticias","tag-educacao-inclusiva"],"yoast_head":"<!-- This site is optimized with the Yoast SEO plugin v27.4 - https:\/\/yoast.com\/product\/yoast-seo-wordpress\/ -->\n<title>Organiza\u00e7\u00f5es levam \u00e0 ONU propostas de educa\u00e7\u00e3o inclusiva para jovens -<\/title>\n<meta name=\"robots\" content=\"index, follow, max-snippet:-1, max-image-preview:large, max-video-preview:-1\" \/>\n<link rel=\"canonical\" href=\"https:\/\/inclusivenews.com.br\/?p=27938\" \/>\n<meta property=\"og:locale\" content=\"pt_PT\" \/>\n<meta property=\"og:type\" content=\"article\" \/>\n<meta property=\"og:title\" content=\"Organiza\u00e7\u00f5es levam \u00e0 ONU propostas de educa\u00e7\u00e3o inclusiva para jovens -\" \/>\n<meta property=\"og:description\" content=\"Gerar padr\u00f5es para identificar a discrimina\u00e7\u00e3o por motivos de defici\u00eancia, adequar programas de forma\u00e7\u00e3o docente e produzir dados estat\u00edsticos de qualidade s\u00e3o algumas das propostas que um conjunto de organiza\u00e7\u00f5es sociais uruguaias dever\u00e1 apresentar \u00e0 Organiza\u00e7\u00e3o das Na\u00e7\u00f5es Unidas (ONU). O objetivo \u00e9 garantir o direito \u00e0 educa\u00e7\u00e3o inclusive das pessoas com algum tipo de defici\u00eancia no Uruguai. Da Adital.\" \/>\n<meta property=\"og:url\" content=\"https:\/\/inclusivenews.com.br\/?p=27938\" \/>\n<meta property=\"article:publisher\" content=\"https:\/\/www.facebook.com\/agenciainclusive\/\" \/>\n<meta property=\"article:published_time\" content=\"2015-04-08T11:44:56+00:00\" \/>\n<meta property=\"og:image\" content=\"http:\/\/www.adital.com.br\/arquivos2\/2015_04_inclusao_legenda-1_foto-unicef.jpg\" \/>\n<meta name=\"author\" content=\"inclusivenews2024\" \/>\n<meta name=\"twitter:card\" content=\"summary_large_image\" \/>\n<meta name=\"twitter:label1\" content=\"Escrito por\" \/>\n\t<meta name=\"twitter:data1\" content=\"inclusivenews2024\" \/>\n\t<meta name=\"twitter:label2\" content=\"Tempo estimado de leitura\" \/>\n\t<meta name=\"twitter:data2\" content=\"3 minutos\" \/>\n<script type=\"application\/ld+json\" class=\"yoast-schema-graph\">{\"@context\":\"https:\\\/\\\/schema.org\",\"@graph\":[{\"@type\":\"Article\",\"@id\":\"https:\\\/\\\/inclusivenews.com.br\\\/?p=27938#article\",\"isPartOf\":{\"@id\":\"https:\\\/\\\/inclusivenews.com.br\\\/?p=27938\"},\"author\":{\"name\":\"inclusivenews2024\",\"@id\":\"https:\\\/\\\/inclusivenews.com.br\\\/#\\\/schema\\\/person\\\/ae4ec7087559b8692fb33b6fffd2273b\"},\"headline\":\"Organiza\u00e7\u00f5es levam \u00e0 ONU propostas de educa\u00e7\u00e3o inclusiva para jovens\",\"datePublished\":\"2015-04-08T11:44:56+00:00\",\"mainEntityOfPage\":{\"@id\":\"https:\\\/\\\/inclusivenews.com.br\\\/?p=27938\"},\"wordCount\":592,\"commentCount\":0,\"publisher\":{\"@id\":\"https:\\\/\\\/inclusivenews.com.br\\\/#organization\"},\"image\":{\"@id\":\"https:\\\/\\\/inclusivenews.com.br\\\/?p=27938#primaryimage\"},\"thumbnailUrl\":\"http:\\\/\\\/www.adital.com.br\\\/arquivos2\\\/2015_04_inclusao_legenda-1_foto-unicef.jpg\",\"keywords\":[\"Educa\u00e7\u00e3o inclusiva\"],\"articleSection\":[\"NOT\u00cdCIAS\"],\"inLanguage\":\"pt-PT\",\"potentialAction\":[{\"@type\":\"CommentAction\",\"name\":\"Comment\",\"target\":[\"https:\\\/\\\/inclusivenews.com.br\\\/?p=27938#respond\"]}]},{\"@type\":\"WebPage\",\"@id\":\"https:\\\/\\\/inclusivenews.com.br\\\/?p=27938\",\"url\":\"https:\\\/\\\/inclusivenews.com.br\\\/?p=27938\",\"name\":\"Organiza\u00e7\u00f5es levam \u00e0 ONU propostas de educa\u00e7\u00e3o inclusiva para jovens -\",\"isPartOf\":{\"@id\":\"https:\\\/\\\/inclusivenews.com.br\\\/#website\"},\"primaryImageOfPage\":{\"@id\":\"https:\\\/\\\/inclusivenews.com.br\\\/?p=27938#primaryimage\"},\"image\":{\"@id\":\"https:\\\/\\\/inclusivenews.com.br\\\/?p=27938#primaryimage\"},\"thumbnailUrl\":\"http:\\\/\\\/www.adital.com.br\\\/arquivos2\\\/2015_04_inclusao_legenda-1_foto-unicef.jpg\",\"datePublished\":\"2015-04-08T11:44:56+00:00\",\"breadcrumb\":{\"@id\":\"https:\\\/\\\/inclusivenews.com.br\\\/?p=27938#breadcrumb\"},\"inLanguage\":\"pt-PT\",\"potentialAction\":[{\"@type\":\"ReadAction\",\"target\":[\"https:\\\/\\\/inclusivenews.com.br\\\/?p=27938\"]}]},{\"@type\":\"ImageObject\",\"inLanguage\":\"pt-PT\",\"@id\":\"https:\\\/\\\/inclusivenews.com.br\\\/?p=27938#primaryimage\",\"url\":\"http:\\\/\\\/www.adital.com.br\\\/arquivos2\\\/2015_04_inclusao_legenda-1_foto-unicef.jpg\",\"contentUrl\":\"http:\\\/\\\/www.adital.com.br\\\/arquivos2\\\/2015_04_inclusao_legenda-1_foto-unicef.jpg\"},{\"@type\":\"BreadcrumbList\",\"@id\":\"https:\\\/\\\/inclusivenews.com.br\\\/?p=27938#breadcrumb\",\"itemListElement\":[{\"@type\":\"ListItem\",\"position\":1,\"name\":\"In\u00edcio\",\"item\":\"https:\\\/\\\/inclusivenews.com.br\\\/\"},{\"@type\":\"ListItem\",\"position\":2,\"name\":\"Organiza\u00e7\u00f5es levam \u00e0 ONU propostas de educa\u00e7\u00e3o inclusiva para jovens\"}]},{\"@type\":\"WebSite\",\"@id\":\"https:\\\/\\\/inclusivenews.com.br\\\/#website\",\"url\":\"https:\\\/\\\/inclusivenews.com.br\\\/\",\"name\":\"Inclusive News\",\"description\":\"Inclusive News\",\"publisher\":{\"@id\":\"https:\\\/\\\/inclusivenews.com.br\\\/#organization\"},\"potentialAction\":[{\"@type\":\"SearchAction\",\"target\":{\"@type\":\"EntryPoint\",\"urlTemplate\":\"https:\\\/\\\/inclusivenews.com.br\\\/?s={search_term_string}\"},\"query-input\":{\"@type\":\"PropertyValueSpecification\",\"valueRequired\":true,\"valueName\":\"search_term_string\"}}],\"inLanguage\":\"pt-PT\"},{\"@type\":\"Organization\",\"@id\":\"https:\\\/\\\/inclusivenews.com.br\\\/#organization\",\"name\":\"Inclusive - inclus\u00e3o e cidadania\",\"url\":\"https:\\\/\\\/inclusivenews.com.br\\\/\",\"logo\":{\"@type\":\"ImageObject\",\"inLanguage\":\"pt-PT\",\"@id\":\"https:\\\/\\\/inclusivenews.com.br\\\/#\\\/schema\\\/logo\\\/image\\\/\",\"url\":\"https:\\\/\\\/inclusivenews.com.br\\\/wp-content\\\/uploads\\\/2024\\\/03\\\/@grandesite.png\",\"contentUrl\":\"https:\\\/\\\/inclusivenews.com.br\\\/wp-content\\\/uploads\\\/2024\\\/03\\\/@grandesite.png\",\"width\":1080,\"height\":1080,\"caption\":\"Inclusive - inclus\u00e3o e cidadania\"},\"image\":{\"@id\":\"https:\\\/\\\/inclusivenews.com.br\\\/#\\\/schema\\\/logo\\\/image\\\/\"},\"sameAs\":[\"https:\\\/\\\/www.facebook.com\\\/agenciainclusive\\\/\",\"https:\\\/\\\/www.instagram.com\\\/newsinclusive\\\/\"]},{\"@type\":\"Person\",\"@id\":\"https:\\\/\\\/inclusivenews.com.br\\\/#\\\/schema\\\/person\\\/ae4ec7087559b8692fb33b6fffd2273b\",\"name\":\"inclusivenews2024\",\"image\":{\"@type\":\"ImageObject\",\"inLanguage\":\"pt-PT\",\"@id\":\"https:\\\/\\\/secure.gravatar.com\\\/avatar\\\/c5a7ef84c66fa914f55bc4f7ce26cfa275a3b9a1c5568b907bd184fb4dde7b40?s=96&d=mm&r=g\",\"url\":\"https:\\\/\\\/secure.gravatar.com\\\/avatar\\\/c5a7ef84c66fa914f55bc4f7ce26cfa275a3b9a1c5568b907bd184fb4dde7b40?s=96&d=mm&r=g\",\"contentUrl\":\"https:\\\/\\\/secure.gravatar.com\\\/avatar\\\/c5a7ef84c66fa914f55bc4f7ce26cfa275a3b9a1c5568b907bd184fb4dde7b40?s=96&d=mm&r=g\",\"caption\":\"inclusivenews2024\"},\"sameAs\":[\"https:\\\/\\\/inclusivenews.com.br\"],\"url\":\"https:\\\/\\\/inclusivenews.com.br\\\/?author=1\"}]}<\/script>\n<!-- \/ Yoast SEO plugin. -->","yoast_head_json":{"title":"Organiza\u00e7\u00f5es levam \u00e0 ONU propostas de educa\u00e7\u00e3o inclusiva para jovens -","robots":{"index":"index","follow":"follow","max-snippet":"max-snippet:-1","max-image-preview":"max-image-preview:large","max-video-preview":"max-video-preview:-1"},"canonical":"https:\/\/inclusivenews.com.br\/?p=27938","og_locale":"pt_PT","og_type":"article","og_title":"Organiza\u00e7\u00f5es levam \u00e0 ONU propostas de educa\u00e7\u00e3o inclusiva para jovens -","og_description":"Gerar padr\u00f5es para identificar a discrimina\u00e7\u00e3o por motivos de defici\u00eancia, adequar programas de forma\u00e7\u00e3o docente e produzir dados estat\u00edsticos de qualidade s\u00e3o algumas das propostas que um conjunto de organiza\u00e7\u00f5es sociais uruguaias dever\u00e1 apresentar \u00e0 Organiza\u00e7\u00e3o das Na\u00e7\u00f5es Unidas (ONU). O objetivo \u00e9 garantir o direito \u00e0 educa\u00e7\u00e3o inclusive das pessoas com algum tipo de defici\u00eancia no Uruguai. Da Adital.","og_url":"https:\/\/inclusivenews.com.br\/?p=27938","article_publisher":"https:\/\/www.facebook.com\/agenciainclusive\/","article_published_time":"2015-04-08T11:44:56+00:00","og_image":[{"url":"http:\/\/www.adital.com.br\/arquivos2\/2015_04_inclusao_legenda-1_foto-unicef.jpg","type":"","width":"","height":""}],"author":"inclusivenews2024","twitter_card":"summary_large_image","twitter_misc":{"Escrito por":"inclusivenews2024","Tempo estimado de leitura":"3 minutos"},"schema":{"@context":"https:\/\/schema.org","@graph":[{"@type":"Article","@id":"https:\/\/inclusivenews.com.br\/?p=27938#article","isPartOf":{"@id":"https:\/\/inclusivenews.com.br\/?p=27938"},"author":{"name":"inclusivenews2024","@id":"https:\/\/inclusivenews.com.br\/#\/schema\/person\/ae4ec7087559b8692fb33b6fffd2273b"},"headline":"Organiza\u00e7\u00f5es levam \u00e0 ONU propostas de educa\u00e7\u00e3o inclusiva para jovens","datePublished":"2015-04-08T11:44:56+00:00","mainEntityOfPage":{"@id":"https:\/\/inclusivenews.com.br\/?p=27938"},"wordCount":592,"commentCount":0,"publisher":{"@id":"https:\/\/inclusivenews.com.br\/#organization"},"image":{"@id":"https:\/\/inclusivenews.com.br\/?p=27938#primaryimage"},"thumbnailUrl":"http:\/\/www.adital.com.br\/arquivos2\/2015_04_inclusao_legenda-1_foto-unicef.jpg","keywords":["Educa\u00e7\u00e3o inclusiva"],"articleSection":["NOT\u00cdCIAS"],"inLanguage":"pt-PT","potentialAction":[{"@type":"CommentAction","name":"Comment","target":["https:\/\/inclusivenews.com.br\/?p=27938#respond"]}]},{"@type":"WebPage","@id":"https:\/\/inclusivenews.com.br\/?p=27938","url":"https:\/\/inclusivenews.com.br\/?p=27938","name":"Organiza\u00e7\u00f5es levam \u00e0 ONU propostas de educa\u00e7\u00e3o inclusiva para jovens -","isPartOf":{"@id":"https:\/\/inclusivenews.com.br\/#website"},"primaryImageOfPage":{"@id":"https:\/\/inclusivenews.com.br\/?p=27938#primaryimage"},"image":{"@id":"https:\/\/inclusivenews.com.br\/?p=27938#primaryimage"},"thumbnailUrl":"http:\/\/www.adital.com.br\/arquivos2\/2015_04_inclusao_legenda-1_foto-unicef.jpg","datePublished":"2015-04-08T11:44:56+00:00","breadcrumb":{"@id":"https:\/\/inclusivenews.com.br\/?p=27938#breadcrumb"},"inLanguage":"pt-PT","potentialAction":[{"@type":"ReadAction","target":["https:\/\/inclusivenews.com.br\/?p=27938"]}]},{"@type":"ImageObject","inLanguage":"pt-PT","@id":"https:\/\/inclusivenews.com.br\/?p=27938#primaryimage","url":"http:\/\/www.adital.com.br\/arquivos2\/2015_04_inclusao_legenda-1_foto-unicef.jpg","contentUrl":"http:\/\/www.adital.com.br\/arquivos2\/2015_04_inclusao_legenda-1_foto-unicef.jpg"},{"@type":"BreadcrumbList","@id":"https:\/\/inclusivenews.com.br\/?p=27938#breadcrumb","itemListElement":[{"@type":"ListItem","position":1,"name":"In\u00edcio","item":"https:\/\/inclusivenews.com.br\/"},{"@type":"ListItem","position":2,"name":"Organiza\u00e7\u00f5es levam \u00e0 ONU propostas de educa\u00e7\u00e3o inclusiva para jovens"}]},{"@type":"WebSite","@id":"https:\/\/inclusivenews.com.br\/#website","url":"https:\/\/inclusivenews.com.br\/","name":"Inclusive News","description":"Inclusive News","publisher":{"@id":"https:\/\/inclusivenews.com.br\/#organization"},"potentialAction":[{"@type":"SearchAction","target":{"@type":"EntryPoint","urlTemplate":"https:\/\/inclusivenews.com.br\/?s={search_term_string}"},"query-input":{"@type":"PropertyValueSpecification","valueRequired":true,"valueName":"search_term_string"}}],"inLanguage":"pt-PT"},{"@type":"Organization","@id":"https:\/\/inclusivenews.com.br\/#organization","name":"Inclusive - inclus\u00e3o e cidadania","url":"https:\/\/inclusivenews.com.br\/","logo":{"@type":"ImageObject","inLanguage":"pt-PT","@id":"https:\/\/inclusivenews.com.br\/#\/schema\/logo\/image\/","url":"https:\/\/inclusivenews.com.br\/wp-content\/uploads\/2024\/03\/@grandesite.png","contentUrl":"https:\/\/inclusivenews.com.br\/wp-content\/uploads\/2024\/03\/@grandesite.png","width":1080,"height":1080,"caption":"Inclusive - inclus\u00e3o e cidadania"},"image":{"@id":"https:\/\/inclusivenews.com.br\/#\/schema\/logo\/image\/"},"sameAs":["https:\/\/www.facebook.com\/agenciainclusive\/","https:\/\/www.instagram.com\/newsinclusive\/"]},{"@type":"Person","@id":"https:\/\/inclusivenews.com.br\/#\/schema\/person\/ae4ec7087559b8692fb33b6fffd2273b","name":"inclusivenews2024","image":{"@type":"ImageObject","inLanguage":"pt-PT","@id":"https:\/\/secure.gravatar.com\/avatar\/c5a7ef84c66fa914f55bc4f7ce26cfa275a3b9a1c5568b907bd184fb4dde7b40?s=96&d=mm&r=g","url":"https:\/\/secure.gravatar.com\/avatar\/c5a7ef84c66fa914f55bc4f7ce26cfa275a3b9a1c5568b907bd184fb4dde7b40?s=96&d=mm&r=g","contentUrl":"https:\/\/secure.gravatar.com\/avatar\/c5a7ef84c66fa914f55bc4f7ce26cfa275a3b9a1c5568b907bd184fb4dde7b40?s=96&d=mm&r=g","caption":"inclusivenews2024"},"sameAs":["https:\/\/inclusivenews.com.br"],"url":"https:\/\/inclusivenews.com.br\/?author=1"}]}},"_links":{"self":[{"href":"https:\/\/inclusivenews.com.br\/index.php?rest_route=\/wp\/v2\/posts\/27938","targetHints":{"allow":["GET"]}}],"collection":[{"href":"https:\/\/inclusivenews.com.br\/index.php?rest_route=\/wp\/v2\/posts"}],"about":[{"href":"https:\/\/inclusivenews.com.br\/index.php?rest_route=\/wp\/v2\/types\/post"}],"author":[{"embeddable":true,"href":"https:\/\/inclusivenews.com.br\/index.php?rest_route=\/wp\/v2\/users\/1"}],"replies":[{"embeddable":true,"href":"https:\/\/inclusivenews.com.br\/index.php?rest_route=%2Fwp%2Fv2%2Fcomments&post=27938"}],"version-history":[{"count":0,"href":"https:\/\/inclusivenews.com.br\/index.php?rest_route=\/wp\/v2\/posts\/27938\/revisions"}],"wp:attachment":[{"href":"https:\/\/inclusivenews.com.br\/index.php?rest_route=%2Fwp%2Fv2%2Fmedia&parent=27938"}],"wp:term":[{"taxonomy":"category","embeddable":true,"href":"https:\/\/inclusivenews.com.br\/index.php?rest_route=%2Fwp%2Fv2%2Fcategories&post=27938"},{"taxonomy":"post_tag","embeddable":true,"href":"https:\/\/inclusivenews.com.br\/index.php?rest_route=%2Fwp%2Fv2%2Ftags&post=27938"}],"curies":[{"name":"wp","href":"https:\/\/api.w.org\/{rel}","templated":true}]}}