{"id":27940,"date":"2015-04-09T13:03:56","date_gmt":"2015-04-09T16:03:56","guid":{"rendered":"http:\/\/www.inclusive.org.br\/?p=27940"},"modified":"2015-04-09T13:03:56","modified_gmt":"2015-04-09T16:03:56","slug":"memorial-da-inclusao-promove-experiencia-multissensorial-as-pessoas-sem-deficiencia","status":"publish","type":"post","link":"https:\/\/inclusivenews.com.br\/?p=27940","title":{"rendered":"Memorial da Inclus\u00e3o promove experi\u00eancia multissensorial \u00e0s pessoas sem defici\u00eancia"},"content":{"rendered":"<p><img loading=\"lazy\" decoding=\"async\" class=\"alignnone\" alt=\"Memorial da inclus\u00e3o - os caminhos da pessoa com defici\u00eancia\" src=\"http:\/\/www.memorialdainclusao.sp.gov.br\/br\/img\/logo_memorial.png\" width=\"260\" height=\"130\" \/><\/p>\n<p><em>Exposi\u00e7\u00e3o \u201cSentir pr\u00e1 Ver\u201d traz 14 obras da Pinacoteca reproduzidas em relevo, maquetes t\u00e1teis, extratos sonoros, jogos associativos e audiodescri\u00e7\u00e3o; participantes ser\u00e3o vendados e ser\u00e3o estimulados a usar outros sentidos<\/em><\/p>\n<p>Entre os dias 8 de abril e 26 de junho, o Memorial da Inclus\u00e3o recebe a exposi\u00e7\u00e3o \u201cSentir pr\u00e1 Ver: g\u00eaneros da pintura na Pinacoteca de S\u00e3o Paulo\u201d com 14 reprodu\u00e7\u00f5es fotogr\u00e1ficas. Voltada para pessoas com e sem defici\u00eancia, a exposi\u00e7\u00e3o acontecer\u00e1 em um ambiente 100% acess\u00edvel, com piso t\u00e1til, e as obras contar\u00e3o com recursos de acessibilidade para estimular e ampliar o conhecimento e a aprecia\u00e7\u00e3o da arte por meio de todos os sentidos. Entre os recursos, est\u00e3o em reprodu\u00e7\u00f5es em relevo e maquetes t\u00e1teis, extratos sonoros (m\u00fasicas da \u00e9poca em que cada obra foi produzida e que poder\u00e3o ser conferidos com fone), jogos associativos (poemas e ca\u00e7a-detalhes), al\u00e9m de legenda com caracteres ampliados e em braile e audiodescri\u00e7\u00e3o.<\/p>\n<p>A sele\u00e7\u00e3o abrange obras brasileiras do final do s\u00e9culo XIX a meados do s\u00e9culo XX e ilustra os principais temas das artes pl\u00e1sticas: natureza morta, retrato, cenas, marinha, paisagem rural, urbana, e abstra\u00e7\u00e3o. Os artistas presentes na exposi\u00e7\u00e3o s\u00e3o: Pedro Alexandrino, Carlos Scliar, Almeida Junior, Gino Bruno, Berthe Worms, Di Cavalcanti, Navarro da Costa, Francisco Rebolo, Dario Barbosa, Arnaldo Ferrari, Maur\u00edcio Nogueira Lima e Leopoldo Raimo. Cada tema ser\u00e1 representado por duas obras que apresentam solu\u00e7\u00f5es e tratamentos diferenciados para um mesmo tema, permitindo aos visitantes a possibilidade de leituras comparativas que enrique\u00e7am o seu repert\u00f3rio art\u00edstico e cultural.<\/p>\n<p>O Memorial da Inclus\u00e3o aborda cada uma das quatro defici\u00eancias \u2013 auditiva, visual, intelectual e f\u00edsica \u2013 e conta com atra\u00e7\u00f5es como a Sala Preparat\u00f3ria dos Sentidos: um local escuro com pain\u00e9is de texturas diversas, altera\u00e7\u00e3o de temperatura e sensores sonoros e olfativos. O espa\u00e7o tamb\u00e9m pode ser visitado atrav\u00e9s do site www.memorialdainclusao.sp.gov.br. Por meio de uma plataforma 3D, os visitantes se sentem dentro do Memorial e podem acessar textos e \u00e1udios em tr\u00eas vers\u00f5es, portugu\u00eas, ingl\u00eas e espanhol.<\/p>\n<p>Inaugurado no dia 3 de dezembro de 2009, o Memorial da Inclus\u00e3o: os Caminhos da Pessoa com Defici\u00eancia tem o prop\u00f3sito de reunir em um s\u00f3 espa\u00e7o fotografias, documentos, manuscritos, \u00e1udios, v\u00eddeos e refer\u00eancias aos principais personagens, \u00e0s lutas e \u00e0s v\u00e1rias iniciativas que incentivaram as conquistas e melhores oportunidades \u00e0s pessoas com defici\u00eancias.<\/p>\n<p>Servi\u00e7o:<\/p>\n<p>Memorial da Inclus\u00e3o recebe exposi\u00e7\u00e3o \u201cSentir pr\u00e1 Ver\u201d<\/p>\n<p>Data: 8 de abril a 26 de junho<br \/>\nHor\u00e1rio: segunda a sexta, das 10h \u00e0s 17h<\/p>\n<p>Local: Memorial da Inclus\u00e3o \u2013 Sede da Secretaria de Estado dos Direitos da Pessoa com Defici\u00eancia<br \/>\nEndere\u00e7o: Av. Auro Soares de Moura Andrade, 564 \u2013 port\u00e3o 10 \u2013 Barra Funda \u2013 S\u00e3o Paulo\/SP.<\/p>\n<p>CONTATO:\u00a0Tel.: (11) 5212.3700<\/p>\n<p>http:\/\/www.memorialdainclusao.sp.gov.br\/br\/home\/contato.shtml<\/p>\n","protected":false},"excerpt":{"rendered":"<p>Entre os dias 8 de abril e 26 de junho, o Memorial da Inclus\u00e3o recebe a exposi\u00e7\u00e3o \u201cSentir pr\u00e1 Ver: g\u00eaneros da pintura na Pinacoteca de S\u00e3o Paulo\u201d com 14 reprodu\u00e7\u00f5es fotogr\u00e1ficas. Voltada para pessoas com e sem defici\u00eancia, a exposi\u00e7\u00e3o acontecer\u00e1 em um ambiente 100% acess\u00edvel, com piso t\u00e1til, e as obras contar\u00e3o com recursos de acessibilidade para estimular e ampliar o conhecimento e a aprecia\u00e7\u00e3o da arte por meio de todos os sentidos. Entre os recursos, est\u00e3o em reprodu\u00e7\u00f5es em relevo e maquetes t\u00e1teis, extratos sonoros (m\u00fasicas da \u00e9poca em que cada obra foi produzida e que poder\u00e3o ser conferidos com fone), jogos associativos (poemas e ca\u00e7a-detalhes), al\u00e9m de legenda com caracteres ampliados e em braile e audiodescri\u00e7\u00e3o. <\/p>\n","protected":false},"author":1,"featured_media":0,"comment_status":"open","ping_status":"open","sticky":false,"template":"","format":"standard","meta":{"site-container-style":"default","site-container-layout":"default","site-sidebar-layout":"default","disable-article-header":"default","disable-site-header":"default","disable-site-footer":"default","disable-content-area-spacing":"default","footnotes":""},"categories":[44,29,38,48],"tags":[],"class_list":["post-27940","post","type-post","status-publish","format-standard","hentry","category-acessibilidade","category-cultura","category-deficiencia","category-inclusao"],"yoast_head":"<!-- This site is optimized with the Yoast SEO plugin v27.4 - https:\/\/yoast.com\/product\/yoast-seo-wordpress\/ -->\n<title>Memorial da Inclus\u00e3o promove experi\u00eancia multissensorial \u00e0s pessoas sem defici\u00eancia -<\/title>\n<meta name=\"robots\" content=\"index, follow, max-snippet:-1, max-image-preview:large, max-video-preview:-1\" \/>\n<link rel=\"canonical\" href=\"https:\/\/inclusivenews.com.br\/?p=27940\" \/>\n<meta property=\"og:locale\" content=\"pt_PT\" \/>\n<meta property=\"og:type\" content=\"article\" \/>\n<meta property=\"og:title\" content=\"Memorial da Inclus\u00e3o promove experi\u00eancia multissensorial \u00e0s pessoas sem defici\u00eancia -\" \/>\n<meta property=\"og:description\" content=\"Entre os dias 8 de abril e 26 de junho, o Memorial da Inclus\u00e3o recebe a exposi\u00e7\u00e3o \u201cSentir pr\u00e1 Ver: g\u00eaneros da pintura na Pinacoteca de S\u00e3o Paulo\u201d com 14 reprodu\u00e7\u00f5es fotogr\u00e1ficas. Voltada para pessoas com e sem defici\u00eancia, a exposi\u00e7\u00e3o acontecer\u00e1 em um ambiente 100% acess\u00edvel, com piso t\u00e1til, e as obras contar\u00e3o com recursos de acessibilidade para estimular e ampliar o conhecimento e a aprecia\u00e7\u00e3o da arte por meio de todos os sentidos. Entre os recursos, est\u00e3o em reprodu\u00e7\u00f5es em relevo e maquetes t\u00e1teis, extratos sonoros (m\u00fasicas da \u00e9poca em que cada obra foi produzida e que poder\u00e3o ser conferidos com fone), jogos associativos (poemas e ca\u00e7a-detalhes), al\u00e9m de legenda com caracteres ampliados e em braile e audiodescri\u00e7\u00e3o.\" \/>\n<meta property=\"og:url\" content=\"https:\/\/inclusivenews.com.br\/?p=27940\" \/>\n<meta property=\"article:publisher\" content=\"https:\/\/www.facebook.com\/agenciainclusive\/\" \/>\n<meta property=\"article:published_time\" content=\"2015-04-09T16:03:56+00:00\" \/>\n<meta property=\"og:image\" content=\"http:\/\/www.memorialdainclusao.sp.gov.br\/br\/img\/logo_memorial.png\" \/>\n<meta name=\"author\" content=\"inclusivenews2024\" \/>\n<meta name=\"twitter:card\" content=\"summary_large_image\" \/>\n<meta name=\"twitter:label1\" content=\"Escrito por\" \/>\n\t<meta name=\"twitter:data1\" content=\"inclusivenews2024\" \/>\n\t<meta name=\"twitter:label2\" content=\"Tempo estimado de leitura\" \/>\n\t<meta name=\"twitter:data2\" content=\"3 minutos\" \/>\n<script type=\"application\/ld+json\" class=\"yoast-schema-graph\">{\"@context\":\"https:\\\/\\\/schema.org\",\"@graph\":[{\"@type\":\"Article\",\"@id\":\"https:\\\/\\\/inclusivenews.com.br\\\/?p=27940#article\",\"isPartOf\":{\"@id\":\"https:\\\/\\\/inclusivenews.com.br\\\/?p=27940\"},\"author\":{\"name\":\"inclusivenews2024\",\"@id\":\"https:\\\/\\\/inclusivenews.com.br\\\/#\\\/schema\\\/person\\\/ae4ec7087559b8692fb33b6fffd2273b\"},\"headline\":\"Memorial da Inclus\u00e3o promove experi\u00eancia multissensorial \u00e0s pessoas sem defici\u00eancia\",\"datePublished\":\"2015-04-09T16:03:56+00:00\",\"mainEntityOfPage\":{\"@id\":\"https:\\\/\\\/inclusivenews.com.br\\\/?p=27940\"},\"wordCount\":521,\"commentCount\":2,\"publisher\":{\"@id\":\"https:\\\/\\\/inclusivenews.com.br\\\/#organization\"},\"image\":{\"@id\":\"https:\\\/\\\/inclusivenews.com.br\\\/?p=27940#primaryimage\"},\"thumbnailUrl\":\"http:\\\/\\\/www.memorialdainclusao.sp.gov.br\\\/br\\\/img\\\/logo_memorial.png\",\"articleSection\":[\"ACESSIBILIDADE\",\"Cultura\",\"Defici\u00eancia\",\"INCLUS\u00c3O SOCIAL\"],\"inLanguage\":\"pt-PT\",\"potentialAction\":[{\"@type\":\"CommentAction\",\"name\":\"Comment\",\"target\":[\"https:\\\/\\\/inclusivenews.com.br\\\/?p=27940#respond\"]}]},{\"@type\":\"WebPage\",\"@id\":\"https:\\\/\\\/inclusivenews.com.br\\\/?p=27940\",\"url\":\"https:\\\/\\\/inclusivenews.com.br\\\/?p=27940\",\"name\":\"Memorial da Inclus\u00e3o promove experi\u00eancia multissensorial \u00e0s pessoas sem defici\u00eancia -\",\"isPartOf\":{\"@id\":\"https:\\\/\\\/inclusivenews.com.br\\\/#website\"},\"primaryImageOfPage\":{\"@id\":\"https:\\\/\\\/inclusivenews.com.br\\\/?p=27940#primaryimage\"},\"image\":{\"@id\":\"https:\\\/\\\/inclusivenews.com.br\\\/?p=27940#primaryimage\"},\"thumbnailUrl\":\"http:\\\/\\\/www.memorialdainclusao.sp.gov.br\\\/br\\\/img\\\/logo_memorial.png\",\"datePublished\":\"2015-04-09T16:03:56+00:00\",\"breadcrumb\":{\"@id\":\"https:\\\/\\\/inclusivenews.com.br\\\/?p=27940#breadcrumb\"},\"inLanguage\":\"pt-PT\",\"potentialAction\":[{\"@type\":\"ReadAction\",\"target\":[\"https:\\\/\\\/inclusivenews.com.br\\\/?p=27940\"]}]},{\"@type\":\"ImageObject\",\"inLanguage\":\"pt-PT\",\"@id\":\"https:\\\/\\\/inclusivenews.com.br\\\/?p=27940#primaryimage\",\"url\":\"http:\\\/\\\/www.memorialdainclusao.sp.gov.br\\\/br\\\/img\\\/logo_memorial.png\",\"contentUrl\":\"http:\\\/\\\/www.memorialdainclusao.sp.gov.br\\\/br\\\/img\\\/logo_memorial.png\"},{\"@type\":\"BreadcrumbList\",\"@id\":\"https:\\\/\\\/inclusivenews.com.br\\\/?p=27940#breadcrumb\",\"itemListElement\":[{\"@type\":\"ListItem\",\"position\":1,\"name\":\"In\u00edcio\",\"item\":\"https:\\\/\\\/inclusivenews.com.br\\\/\"},{\"@type\":\"ListItem\",\"position\":2,\"name\":\"Memorial da Inclus\u00e3o promove experi\u00eancia multissensorial \u00e0s pessoas sem defici\u00eancia\"}]},{\"@type\":\"WebSite\",\"@id\":\"https:\\\/\\\/inclusivenews.com.br\\\/#website\",\"url\":\"https:\\\/\\\/inclusivenews.com.br\\\/\",\"name\":\"Inclusive News\",\"description\":\"Inclusive News\",\"publisher\":{\"@id\":\"https:\\\/\\\/inclusivenews.com.br\\\/#organization\"},\"potentialAction\":[{\"@type\":\"SearchAction\",\"target\":{\"@type\":\"EntryPoint\",\"urlTemplate\":\"https:\\\/\\\/inclusivenews.com.br\\\/?s={search_term_string}\"},\"query-input\":{\"@type\":\"PropertyValueSpecification\",\"valueRequired\":true,\"valueName\":\"search_term_string\"}}],\"inLanguage\":\"pt-PT\"},{\"@type\":\"Organization\",\"@id\":\"https:\\\/\\\/inclusivenews.com.br\\\/#organization\",\"name\":\"Inclusive - inclus\u00e3o e cidadania\",\"url\":\"https:\\\/\\\/inclusivenews.com.br\\\/\",\"logo\":{\"@type\":\"ImageObject\",\"inLanguage\":\"pt-PT\",\"@id\":\"https:\\\/\\\/inclusivenews.com.br\\\/#\\\/schema\\\/logo\\\/image\\\/\",\"url\":\"https:\\\/\\\/inclusivenews.com.br\\\/wp-content\\\/uploads\\\/2024\\\/03\\\/@grandesite.png\",\"contentUrl\":\"https:\\\/\\\/inclusivenews.com.br\\\/wp-content\\\/uploads\\\/2024\\\/03\\\/@grandesite.png\",\"width\":1080,\"height\":1080,\"caption\":\"Inclusive - inclus\u00e3o e cidadania\"},\"image\":{\"@id\":\"https:\\\/\\\/inclusivenews.com.br\\\/#\\\/schema\\\/logo\\\/image\\\/\"},\"sameAs\":[\"https:\\\/\\\/www.facebook.com\\\/agenciainclusive\\\/\",\"https:\\\/\\\/www.instagram.com\\\/newsinclusive\\\/\"]},{\"@type\":\"Person\",\"@id\":\"https:\\\/\\\/inclusivenews.com.br\\\/#\\\/schema\\\/person\\\/ae4ec7087559b8692fb33b6fffd2273b\",\"name\":\"inclusivenews2024\",\"image\":{\"@type\":\"ImageObject\",\"inLanguage\":\"pt-PT\",\"@id\":\"https:\\\/\\\/secure.gravatar.com\\\/avatar\\\/c5a7ef84c66fa914f55bc4f7ce26cfa275a3b9a1c5568b907bd184fb4dde7b40?s=96&d=mm&r=g\",\"url\":\"https:\\\/\\\/secure.gravatar.com\\\/avatar\\\/c5a7ef84c66fa914f55bc4f7ce26cfa275a3b9a1c5568b907bd184fb4dde7b40?s=96&d=mm&r=g\",\"contentUrl\":\"https:\\\/\\\/secure.gravatar.com\\\/avatar\\\/c5a7ef84c66fa914f55bc4f7ce26cfa275a3b9a1c5568b907bd184fb4dde7b40?s=96&d=mm&r=g\",\"caption\":\"inclusivenews2024\"},\"sameAs\":[\"https:\\\/\\\/inclusivenews.com.br\"],\"url\":\"https:\\\/\\\/inclusivenews.com.br\\\/?author=1\"}]}<\/script>\n<!-- \/ Yoast SEO plugin. -->","yoast_head_json":{"title":"Memorial da Inclus\u00e3o promove experi\u00eancia multissensorial \u00e0s pessoas sem defici\u00eancia -","robots":{"index":"index","follow":"follow","max-snippet":"max-snippet:-1","max-image-preview":"max-image-preview:large","max-video-preview":"max-video-preview:-1"},"canonical":"https:\/\/inclusivenews.com.br\/?p=27940","og_locale":"pt_PT","og_type":"article","og_title":"Memorial da Inclus\u00e3o promove experi\u00eancia multissensorial \u00e0s pessoas sem defici\u00eancia -","og_description":"Entre os dias 8 de abril e 26 de junho, o Memorial da Inclus\u00e3o recebe a exposi\u00e7\u00e3o \u201cSentir pr\u00e1 Ver: g\u00eaneros da pintura na Pinacoteca de S\u00e3o Paulo\u201d com 14 reprodu\u00e7\u00f5es fotogr\u00e1ficas. Voltada para pessoas com e sem defici\u00eancia, a exposi\u00e7\u00e3o acontecer\u00e1 em um ambiente 100% acess\u00edvel, com piso t\u00e1til, e as obras contar\u00e3o com recursos de acessibilidade para estimular e ampliar o conhecimento e a aprecia\u00e7\u00e3o da arte por meio de todos os sentidos. Entre os recursos, est\u00e3o em reprodu\u00e7\u00f5es em relevo e maquetes t\u00e1teis, extratos sonoros (m\u00fasicas da \u00e9poca em que cada obra foi produzida e que poder\u00e3o ser conferidos com fone), jogos associativos (poemas e ca\u00e7a-detalhes), al\u00e9m de legenda com caracteres ampliados e em braile e audiodescri\u00e7\u00e3o.","og_url":"https:\/\/inclusivenews.com.br\/?p=27940","article_publisher":"https:\/\/www.facebook.com\/agenciainclusive\/","article_published_time":"2015-04-09T16:03:56+00:00","og_image":[{"url":"http:\/\/www.memorialdainclusao.sp.gov.br\/br\/img\/logo_memorial.png","type":"","width":"","height":""}],"author":"inclusivenews2024","twitter_card":"summary_large_image","twitter_misc":{"Escrito por":"inclusivenews2024","Tempo estimado de leitura":"3 minutos"},"schema":{"@context":"https:\/\/schema.org","@graph":[{"@type":"Article","@id":"https:\/\/inclusivenews.com.br\/?p=27940#article","isPartOf":{"@id":"https:\/\/inclusivenews.com.br\/?p=27940"},"author":{"name":"inclusivenews2024","@id":"https:\/\/inclusivenews.com.br\/#\/schema\/person\/ae4ec7087559b8692fb33b6fffd2273b"},"headline":"Memorial da Inclus\u00e3o promove experi\u00eancia multissensorial \u00e0s pessoas sem defici\u00eancia","datePublished":"2015-04-09T16:03:56+00:00","mainEntityOfPage":{"@id":"https:\/\/inclusivenews.com.br\/?p=27940"},"wordCount":521,"commentCount":2,"publisher":{"@id":"https:\/\/inclusivenews.com.br\/#organization"},"image":{"@id":"https:\/\/inclusivenews.com.br\/?p=27940#primaryimage"},"thumbnailUrl":"http:\/\/www.memorialdainclusao.sp.gov.br\/br\/img\/logo_memorial.png","articleSection":["ACESSIBILIDADE","Cultura","Defici\u00eancia","INCLUS\u00c3O SOCIAL"],"inLanguage":"pt-PT","potentialAction":[{"@type":"CommentAction","name":"Comment","target":["https:\/\/inclusivenews.com.br\/?p=27940#respond"]}]},{"@type":"WebPage","@id":"https:\/\/inclusivenews.com.br\/?p=27940","url":"https:\/\/inclusivenews.com.br\/?p=27940","name":"Memorial da Inclus\u00e3o promove experi\u00eancia multissensorial \u00e0s pessoas sem defici\u00eancia -","isPartOf":{"@id":"https:\/\/inclusivenews.com.br\/#website"},"primaryImageOfPage":{"@id":"https:\/\/inclusivenews.com.br\/?p=27940#primaryimage"},"image":{"@id":"https:\/\/inclusivenews.com.br\/?p=27940#primaryimage"},"thumbnailUrl":"http:\/\/www.memorialdainclusao.sp.gov.br\/br\/img\/logo_memorial.png","datePublished":"2015-04-09T16:03:56+00:00","breadcrumb":{"@id":"https:\/\/inclusivenews.com.br\/?p=27940#breadcrumb"},"inLanguage":"pt-PT","potentialAction":[{"@type":"ReadAction","target":["https:\/\/inclusivenews.com.br\/?p=27940"]}]},{"@type":"ImageObject","inLanguage":"pt-PT","@id":"https:\/\/inclusivenews.com.br\/?p=27940#primaryimage","url":"http:\/\/www.memorialdainclusao.sp.gov.br\/br\/img\/logo_memorial.png","contentUrl":"http:\/\/www.memorialdainclusao.sp.gov.br\/br\/img\/logo_memorial.png"},{"@type":"BreadcrumbList","@id":"https:\/\/inclusivenews.com.br\/?p=27940#breadcrumb","itemListElement":[{"@type":"ListItem","position":1,"name":"In\u00edcio","item":"https:\/\/inclusivenews.com.br\/"},{"@type":"ListItem","position":2,"name":"Memorial da Inclus\u00e3o promove experi\u00eancia multissensorial \u00e0s pessoas sem defici\u00eancia"}]},{"@type":"WebSite","@id":"https:\/\/inclusivenews.com.br\/#website","url":"https:\/\/inclusivenews.com.br\/","name":"Inclusive News","description":"Inclusive News","publisher":{"@id":"https:\/\/inclusivenews.com.br\/#organization"},"potentialAction":[{"@type":"SearchAction","target":{"@type":"EntryPoint","urlTemplate":"https:\/\/inclusivenews.com.br\/?s={search_term_string}"},"query-input":{"@type":"PropertyValueSpecification","valueRequired":true,"valueName":"search_term_string"}}],"inLanguage":"pt-PT"},{"@type":"Organization","@id":"https:\/\/inclusivenews.com.br\/#organization","name":"Inclusive - inclus\u00e3o e cidadania","url":"https:\/\/inclusivenews.com.br\/","logo":{"@type":"ImageObject","inLanguage":"pt-PT","@id":"https:\/\/inclusivenews.com.br\/#\/schema\/logo\/image\/","url":"https:\/\/inclusivenews.com.br\/wp-content\/uploads\/2024\/03\/@grandesite.png","contentUrl":"https:\/\/inclusivenews.com.br\/wp-content\/uploads\/2024\/03\/@grandesite.png","width":1080,"height":1080,"caption":"Inclusive - inclus\u00e3o e cidadania"},"image":{"@id":"https:\/\/inclusivenews.com.br\/#\/schema\/logo\/image\/"},"sameAs":["https:\/\/www.facebook.com\/agenciainclusive\/","https:\/\/www.instagram.com\/newsinclusive\/"]},{"@type":"Person","@id":"https:\/\/inclusivenews.com.br\/#\/schema\/person\/ae4ec7087559b8692fb33b6fffd2273b","name":"inclusivenews2024","image":{"@type":"ImageObject","inLanguage":"pt-PT","@id":"https:\/\/secure.gravatar.com\/avatar\/c5a7ef84c66fa914f55bc4f7ce26cfa275a3b9a1c5568b907bd184fb4dde7b40?s=96&d=mm&r=g","url":"https:\/\/secure.gravatar.com\/avatar\/c5a7ef84c66fa914f55bc4f7ce26cfa275a3b9a1c5568b907bd184fb4dde7b40?s=96&d=mm&r=g","contentUrl":"https:\/\/secure.gravatar.com\/avatar\/c5a7ef84c66fa914f55bc4f7ce26cfa275a3b9a1c5568b907bd184fb4dde7b40?s=96&d=mm&r=g","caption":"inclusivenews2024"},"sameAs":["https:\/\/inclusivenews.com.br"],"url":"https:\/\/inclusivenews.com.br\/?author=1"}]}},"_links":{"self":[{"href":"https:\/\/inclusivenews.com.br\/index.php?rest_route=\/wp\/v2\/posts\/27940","targetHints":{"allow":["GET"]}}],"collection":[{"href":"https:\/\/inclusivenews.com.br\/index.php?rest_route=\/wp\/v2\/posts"}],"about":[{"href":"https:\/\/inclusivenews.com.br\/index.php?rest_route=\/wp\/v2\/types\/post"}],"author":[{"embeddable":true,"href":"https:\/\/inclusivenews.com.br\/index.php?rest_route=\/wp\/v2\/users\/1"}],"replies":[{"embeddable":true,"href":"https:\/\/inclusivenews.com.br\/index.php?rest_route=%2Fwp%2Fv2%2Fcomments&post=27940"}],"version-history":[{"count":0,"href":"https:\/\/inclusivenews.com.br\/index.php?rest_route=\/wp\/v2\/posts\/27940\/revisions"}],"wp:attachment":[{"href":"https:\/\/inclusivenews.com.br\/index.php?rest_route=%2Fwp%2Fv2%2Fmedia&parent=27940"}],"wp:term":[{"taxonomy":"category","embeddable":true,"href":"https:\/\/inclusivenews.com.br\/index.php?rest_route=%2Fwp%2Fv2%2Fcategories&post=27940"},{"taxonomy":"post_tag","embeddable":true,"href":"https:\/\/inclusivenews.com.br\/index.php?rest_route=%2Fwp%2Fv2%2Ftags&post=27940"}],"curies":[{"name":"wp","href":"https:\/\/api.w.org\/{rel}","templated":true}]}}