{"id":27945,"date":"2015-04-14T11:06:40","date_gmt":"2015-04-14T14:06:40","guid":{"rendered":"http:\/\/www.inclusive.org.br\/?p=27945"},"modified":"2015-04-14T11:06:40","modified_gmt":"2015-04-14T14:06:40","slug":"apr-promove-primeira-corrida-para-criancas-em-cadeira-de-rodas","status":"publish","type":"post","link":"https:\/\/inclusivenews.com.br\/?p=27945","title":{"rendered":"APR promove primeira corrida para crian\u00e7as em cadeira de rodas"},"content":{"rendered":"<p><img loading=\"lazy\" decoding=\"async\" class=\"alignnone size-full wp-image-27946\" title=\"Corrida de rua para crian\u00e7as em cadeiras rodas - duas crian\u00e7as em uma pista asfaltada, uma dela \u00e9 cadeirante\" alt=\"Corrida de rua para crian\u00e7as em cadeiras rodas - duas crian\u00e7as em uma pista asfaltada, uma dela \u00e9 cadeirante\" src=\"http:\/\/inclusivenews.com.br\/wp-content\/uploads\/crowdfunding-pernas.jpg\" width=\"315\" height=\"210\" \/><\/p>\n<p>Vento na cara, felicidade no rosto, a sensa\u00e7\u00e3o de liberdade\u2026 Uma corrida para crian\u00e7as com defici\u00eancia, cada uma conduzida por 3 corredores volunt\u00e1rio em revezamento, capacitados e treinados. \u00c9 isso que a Associa\u00e7\u00e3o Paranaense de Reabilita\u00e7\u00e3o (APR) em parceria com a Secretaria Municipal do Esporte, Lazer e Juventude (SMELJ) e apoio da Secretaria da Pessoa com Defici\u00eancia de Curitiba, ir\u00e1 promover no dia 21 de junho.<\/p>\n<p><b>Porque mais importante que partir \u00e9 a vontade de chegar<\/b><\/p>\n<p>Inspirada na hist\u00f3ria de Karolina Cordeiro e seu filho Pedro &#8211; diagnosticado com uma grave paralisia, que largou tudo para se dedicar ao filho e correr junto com ele, a APR adere a esse desafio inovador, permitindo que todas as crian\u00e7as, mesmo as com dificuldade de locomo\u00e7\u00e3o, possam praticar o segundo maior esporte do Brasil, a corrida, promovendo a sua inclus\u00e3o e sociabiliza\u00e7\u00e3o.<\/p>\n<p>\u201cPernas pra que te quero\u201d \u00e9 uma a\u00e7\u00e3o que integra crian\u00e7as que usam cadeiras de rodas ao Circuito Infantil de Corridas da Cidade de Curitiba. Nesta proposta, as crian\u00e7as s\u00e3o levadas por corredores volunt\u00e1rios em suas cadeiras adaptadas, podendo sentir a emo\u00e7\u00e3o de \u201ccorrer\u201d atrav\u00e9s das pernas de outras pessoas. A primeira corrida \u201cPernas pra te quero\u201d ser\u00e1 no pr\u00f3ximo dia 21 de junho em local e hor\u00e1rio definido pela SMELJ, com a participa\u00e7\u00e3o de 20 crian\u00e7as cadeirantes e 60 volunt\u00e1rios corredores.<\/p>\n<p>O projeto est\u00e1 sendo desenvolvido pelas empresas SerSustent\u00e1vel e Bliss Care e a comunica\u00e7\u00e3o \u00e9 de responsabilidade da Ag\u00eancia de Transforma\u00e7\u00e3o Social Nossa Causa.<\/p>\n<p><b>Associa\u00e7\u00e3o Paranaense de Reabilita\u00e7\u00e3o<\/b><\/p>\n<p>A\u00a0APR,\u00a0com mais de 50 anos de atua\u00e7\u00e3o, est\u00e1 localizada em Curitiba e \u00e9 mantenedora do Hospital de Reabilita\u00e7\u00e3o do Estado do Paran\u00e1, da escola Nabil Tacla Unidade Cabral e da escola Nabil Tacla unidade Get\u00falio Vargas, com mais de 200\u00a0crian\u00e7as e adolescentes matriculados. Possui ainda cl\u00ednica de reabilta\u00e7\u00e3o em ambas as escolas, Oficina Ortop\u00e9dica &#8211; credenciada ao Minist\u00e9rio da Sa\u00fade na produ\u00e7\u00e3o de produtos ortop\u00e9dicos, pr\u00f3teses e \u00f3rteses, Oficina de Cadeira de Rodas e Centro Especializado em \u00a0Reabilita\u00e7\u00e3o\u00a0N\u00edvel III &#8211; CER III &#8211; credenciada junto ao Minist\u00e9rio da Sa\u00fade.<\/p>\n<p>A associa\u00e7\u00e3o ainda desenvolve Pesquisa e Desenvolvimento em Tecnologia Assistiva em seu\u00a0Centro de Projetos e Pesquisas na promo\u00e7\u00e3o da educa\u00e7\u00e3o, sa\u00fade, reabilita\u00e7\u00e3o e conforto para pessoas com defici\u00eancia f\u00edsica motora, auditiva e visual.<\/p>\n<p>Oferecendo servi\u00e7os e produtos especializados assegurando meios de supera\u00e7\u00e3o das limita\u00e7\u00f5es e a forma\u00e7\u00e3o para o exerc\u00edcio da cidadania<\/p>\n<p><b>Se voc\u00ea quer ver uma crian\u00e7a feliz, n\u00e3o fique parado!<\/b><\/p>\n<p>Voc\u00ea pode garantir o seu lugar na corrida \u201cPernas pra que te quero\u201d.<\/p>\n<p>Fa\u00e7a parte da constru\u00e7\u00e3o desse evento e contribua colaborativamente atrav\u00e9s da plataforma Kickante, afinal, s\u00f3 juntos vamos mais longe: http:\/\/www.kickante.com.br\/campanhas\/pernas-pra-que-te-quero-por-nossas-criancas<\/p>\n<p>Seja um apoiador curtindo e compartilhando as novidades da nossa p\u00e1gina no facebook: <a href=\"https:\/\/www.facebook.com\/CorridaPernasPraQueTeQuero\">https:\/\/www.facebook.com\/CorridaPernasPraQueTeQuero<\/a>.<\/p>\n<p>Voc\u00ea pode ainda ser um patrocinador, adotando uma crian\u00e7a em sua cadeira de rodas. Entre em contato pelo email <a href=\"mailto:contato@pernaspraquetequero.org\">contato@pernaspraquetequero.org<\/a> e corra para garantir a sua participa\u00e7\u00e3o!<\/p>\n<p>&nbsp;<\/p>\n<p><b>Servi\u00e7o<\/b><\/p>\n<p><b>1\u00aa Corrida \u201cPernas pra que te quero\u201d<\/b><\/p>\n<p>21 de junho 2015<\/p>\n<p>Local: a definir<\/p>\n<p>Hor\u00e1rio: a definir<\/p>\n<p><a href=\"http:\/\/pernaspraquetequero.org\" target=\"_blank\" rel=\"noopener\">pernaspraquetequero.org<\/a><\/p>\n<p>&nbsp;<\/p>\n<p><a href=\"mailto:contato@pernaspraquetequero.org\">contato@pernaspraquetequero.org<\/a><\/p>\n","protected":false},"excerpt":{"rendered":"<p>Vento na cara, felicidade no rosto, a sensa\u00e7\u00e3o de liberdade\u2026 Uma corrida para crian\u00e7as com defici\u00eancia, cada uma conduzida por 3 corredores volunt\u00e1rio em revezamento, capacitados e treinados. \u00c9 isso que a Associa\u00e7\u00e3o Paranaense de Reabilita\u00e7\u00e3o (APR) em parceria com a Secretaria Municipal do Esporte, Lazer e Juventude (SMELJ) e apoio da Secretaria da Pessoa com Defici\u00eancia de Curitiba, ir\u00e1 promover no dia 21 de junho.<\/p>\n","protected":false},"author":1,"featured_media":0,"comment_status":"open","ping_status":"open","sticky":false,"template":"","format":"standard","meta":{"site-container-style":"default","site-container-layout":"default","site-sidebar-layout":"default","disable-article-header":"default","disable-site-header":"default","disable-site-footer":"default","disable-content-area-spacing":"default","footnotes":""},"categories":[38,27,48],"tags":[],"class_list":["post-27945","post","type-post","status-publish","format-standard","hentry","category-deficiencia","category-esporte","category-inclusao"],"yoast_head":"<!-- This site is optimized with the Yoast SEO plugin v27.4 - https:\/\/yoast.com\/product\/yoast-seo-wordpress\/ -->\n<title>APR promove primeira corrida para crian\u00e7as em cadeira de rodas -<\/title>\n<meta name=\"robots\" content=\"index, follow, max-snippet:-1, max-image-preview:large, max-video-preview:-1\" \/>\n<link rel=\"canonical\" href=\"https:\/\/inclusivenews.com.br\/?p=27945\" \/>\n<meta property=\"og:locale\" content=\"pt_PT\" \/>\n<meta property=\"og:type\" content=\"article\" \/>\n<meta property=\"og:title\" content=\"APR promove primeira corrida para crian\u00e7as em cadeira de rodas -\" \/>\n<meta property=\"og:description\" content=\"Vento na cara, felicidade no rosto, a sensa\u00e7\u00e3o de liberdade\u2026 Uma corrida para crian\u00e7as com defici\u00eancia, cada uma conduzida por 3 corredores volunt\u00e1rio em revezamento, capacitados e treinados. \u00c9 isso que a Associa\u00e7\u00e3o Paranaense de Reabilita\u00e7\u00e3o (APR) em parceria com a Secretaria Municipal do Esporte, Lazer e Juventude (SMELJ) e apoio da Secretaria da Pessoa com Defici\u00eancia de Curitiba, ir\u00e1 promover no dia 21 de junho.\" \/>\n<meta property=\"og:url\" content=\"https:\/\/inclusivenews.com.br\/?p=27945\" \/>\n<meta property=\"article:publisher\" content=\"https:\/\/www.facebook.com\/agenciainclusive\/\" \/>\n<meta property=\"article:published_time\" content=\"2015-04-14T14:06:40+00:00\" \/>\n<meta property=\"og:image\" content=\"http:\/\/inclusivenews.com.br\/wp-content\/uploads\/crowdfunding-pernas.jpg\" \/>\n<meta name=\"author\" content=\"inclusivenews2024\" \/>\n<meta name=\"twitter:card\" content=\"summary_large_image\" \/>\n<meta name=\"twitter:label1\" content=\"Escrito por\" \/>\n\t<meta name=\"twitter:data1\" content=\"inclusivenews2024\" \/>\n\t<meta name=\"twitter:label2\" content=\"Tempo estimado de leitura\" \/>\n\t<meta name=\"twitter:data2\" content=\"3 minutos\" \/>\n<script type=\"application\/ld+json\" class=\"yoast-schema-graph\">{\"@context\":\"https:\\\/\\\/schema.org\",\"@graph\":[{\"@type\":\"Article\",\"@id\":\"https:\\\/\\\/inclusivenews.com.br\\\/?p=27945#article\",\"isPartOf\":{\"@id\":\"https:\\\/\\\/inclusivenews.com.br\\\/?p=27945\"},\"author\":{\"name\":\"inclusivenews2024\",\"@id\":\"https:\\\/\\\/inclusivenews.com.br\\\/#\\\/schema\\\/person\\\/ae4ec7087559b8692fb33b6fffd2273b\"},\"headline\":\"APR promove primeira corrida para crian\u00e7as em cadeira de rodas\",\"datePublished\":\"2015-04-14T14:06:40+00:00\",\"mainEntityOfPage\":{\"@id\":\"https:\\\/\\\/inclusivenews.com.br\\\/?p=27945\"},\"wordCount\":580,\"commentCount\":0,\"publisher\":{\"@id\":\"https:\\\/\\\/inclusivenews.com.br\\\/#organization\"},\"image\":{\"@id\":\"https:\\\/\\\/inclusivenews.com.br\\\/?p=27945#primaryimage\"},\"thumbnailUrl\":\"http:\\\/\\\/inclusivenews.com.br\\\/wp-content\\\/uploads\\\/crowdfunding-pernas.jpg\",\"articleSection\":[\"Defici\u00eancia\",\"Esporte\",\"INCLUS\u00c3O SOCIAL\"],\"inLanguage\":\"pt-PT\",\"potentialAction\":[{\"@type\":\"CommentAction\",\"name\":\"Comment\",\"target\":[\"https:\\\/\\\/inclusivenews.com.br\\\/?p=27945#respond\"]}]},{\"@type\":\"WebPage\",\"@id\":\"https:\\\/\\\/inclusivenews.com.br\\\/?p=27945\",\"url\":\"https:\\\/\\\/inclusivenews.com.br\\\/?p=27945\",\"name\":\"APR promove primeira corrida para crian\u00e7as em cadeira de rodas -\",\"isPartOf\":{\"@id\":\"https:\\\/\\\/inclusivenews.com.br\\\/#website\"},\"primaryImageOfPage\":{\"@id\":\"https:\\\/\\\/inclusivenews.com.br\\\/?p=27945#primaryimage\"},\"image\":{\"@id\":\"https:\\\/\\\/inclusivenews.com.br\\\/?p=27945#primaryimage\"},\"thumbnailUrl\":\"http:\\\/\\\/inclusivenews.com.br\\\/wp-content\\\/uploads\\\/crowdfunding-pernas.jpg\",\"datePublished\":\"2015-04-14T14:06:40+00:00\",\"breadcrumb\":{\"@id\":\"https:\\\/\\\/inclusivenews.com.br\\\/?p=27945#breadcrumb\"},\"inLanguage\":\"pt-PT\",\"potentialAction\":[{\"@type\":\"ReadAction\",\"target\":[\"https:\\\/\\\/inclusivenews.com.br\\\/?p=27945\"]}]},{\"@type\":\"ImageObject\",\"inLanguage\":\"pt-PT\",\"@id\":\"https:\\\/\\\/inclusivenews.com.br\\\/?p=27945#primaryimage\",\"url\":\"\",\"contentUrl\":\"\"},{\"@type\":\"BreadcrumbList\",\"@id\":\"https:\\\/\\\/inclusivenews.com.br\\\/?p=27945#breadcrumb\",\"itemListElement\":[{\"@type\":\"ListItem\",\"position\":1,\"name\":\"In\u00edcio\",\"item\":\"https:\\\/\\\/inclusivenews.com.br\\\/\"},{\"@type\":\"ListItem\",\"position\":2,\"name\":\"APR promove primeira corrida para crian\u00e7as em cadeira de rodas\"}]},{\"@type\":\"WebSite\",\"@id\":\"https:\\\/\\\/inclusivenews.com.br\\\/#website\",\"url\":\"https:\\\/\\\/inclusivenews.com.br\\\/\",\"name\":\"Inclusive News\",\"description\":\"Inclusive News\",\"publisher\":{\"@id\":\"https:\\\/\\\/inclusivenews.com.br\\\/#organization\"},\"potentialAction\":[{\"@type\":\"SearchAction\",\"target\":{\"@type\":\"EntryPoint\",\"urlTemplate\":\"https:\\\/\\\/inclusivenews.com.br\\\/?s={search_term_string}\"},\"query-input\":{\"@type\":\"PropertyValueSpecification\",\"valueRequired\":true,\"valueName\":\"search_term_string\"}}],\"inLanguage\":\"pt-PT\"},{\"@type\":\"Organization\",\"@id\":\"https:\\\/\\\/inclusivenews.com.br\\\/#organization\",\"name\":\"Inclusive - inclus\u00e3o e cidadania\",\"url\":\"https:\\\/\\\/inclusivenews.com.br\\\/\",\"logo\":{\"@type\":\"ImageObject\",\"inLanguage\":\"pt-PT\",\"@id\":\"https:\\\/\\\/inclusivenews.com.br\\\/#\\\/schema\\\/logo\\\/image\\\/\",\"url\":\"https:\\\/\\\/inclusivenews.com.br\\\/wp-content\\\/uploads\\\/2024\\\/03\\\/@grandesite.png\",\"contentUrl\":\"https:\\\/\\\/inclusivenews.com.br\\\/wp-content\\\/uploads\\\/2024\\\/03\\\/@grandesite.png\",\"width\":1080,\"height\":1080,\"caption\":\"Inclusive - inclus\u00e3o e cidadania\"},\"image\":{\"@id\":\"https:\\\/\\\/inclusivenews.com.br\\\/#\\\/schema\\\/logo\\\/image\\\/\"},\"sameAs\":[\"https:\\\/\\\/www.facebook.com\\\/agenciainclusive\\\/\",\"https:\\\/\\\/www.instagram.com\\\/newsinclusive\\\/\"]},{\"@type\":\"Person\",\"@id\":\"https:\\\/\\\/inclusivenews.com.br\\\/#\\\/schema\\\/person\\\/ae4ec7087559b8692fb33b6fffd2273b\",\"name\":\"inclusivenews2024\",\"image\":{\"@type\":\"ImageObject\",\"inLanguage\":\"pt-PT\",\"@id\":\"https:\\\/\\\/secure.gravatar.com\\\/avatar\\\/c5a7ef84c66fa914f55bc4f7ce26cfa275a3b9a1c5568b907bd184fb4dde7b40?s=96&d=mm&r=g\",\"url\":\"https:\\\/\\\/secure.gravatar.com\\\/avatar\\\/c5a7ef84c66fa914f55bc4f7ce26cfa275a3b9a1c5568b907bd184fb4dde7b40?s=96&d=mm&r=g\",\"contentUrl\":\"https:\\\/\\\/secure.gravatar.com\\\/avatar\\\/c5a7ef84c66fa914f55bc4f7ce26cfa275a3b9a1c5568b907bd184fb4dde7b40?s=96&d=mm&r=g\",\"caption\":\"inclusivenews2024\"},\"sameAs\":[\"https:\\\/\\\/inclusivenews.com.br\"],\"url\":\"https:\\\/\\\/inclusivenews.com.br\\\/?author=1\"}]}<\/script>\n<!-- \/ Yoast SEO plugin. -->","yoast_head_json":{"title":"APR promove primeira corrida para crian\u00e7as em cadeira de rodas -","robots":{"index":"index","follow":"follow","max-snippet":"max-snippet:-1","max-image-preview":"max-image-preview:large","max-video-preview":"max-video-preview:-1"},"canonical":"https:\/\/inclusivenews.com.br\/?p=27945","og_locale":"pt_PT","og_type":"article","og_title":"APR promove primeira corrida para crian\u00e7as em cadeira de rodas -","og_description":"Vento na cara, felicidade no rosto, a sensa\u00e7\u00e3o de liberdade\u2026 Uma corrida para crian\u00e7as com defici\u00eancia, cada uma conduzida por 3 corredores volunt\u00e1rio em revezamento, capacitados e treinados. \u00c9 isso que a Associa\u00e7\u00e3o Paranaense de Reabilita\u00e7\u00e3o (APR) em parceria com a Secretaria Municipal do Esporte, Lazer e Juventude (SMELJ) e apoio da Secretaria da Pessoa com Defici\u00eancia de Curitiba, ir\u00e1 promover no dia 21 de junho.","og_url":"https:\/\/inclusivenews.com.br\/?p=27945","article_publisher":"https:\/\/www.facebook.com\/agenciainclusive\/","article_published_time":"2015-04-14T14:06:40+00:00","og_image":[{"url":"http:\/\/inclusivenews.com.br\/wp-content\/uploads\/crowdfunding-pernas.jpg","type":"","width":"","height":""}],"author":"inclusivenews2024","twitter_card":"summary_large_image","twitter_misc":{"Escrito por":"inclusivenews2024","Tempo estimado de leitura":"3 minutos"},"schema":{"@context":"https:\/\/schema.org","@graph":[{"@type":"Article","@id":"https:\/\/inclusivenews.com.br\/?p=27945#article","isPartOf":{"@id":"https:\/\/inclusivenews.com.br\/?p=27945"},"author":{"name":"inclusivenews2024","@id":"https:\/\/inclusivenews.com.br\/#\/schema\/person\/ae4ec7087559b8692fb33b6fffd2273b"},"headline":"APR promove primeira corrida para crian\u00e7as em cadeira de rodas","datePublished":"2015-04-14T14:06:40+00:00","mainEntityOfPage":{"@id":"https:\/\/inclusivenews.com.br\/?p=27945"},"wordCount":580,"commentCount":0,"publisher":{"@id":"https:\/\/inclusivenews.com.br\/#organization"},"image":{"@id":"https:\/\/inclusivenews.com.br\/?p=27945#primaryimage"},"thumbnailUrl":"http:\/\/inclusivenews.com.br\/wp-content\/uploads\/crowdfunding-pernas.jpg","articleSection":["Defici\u00eancia","Esporte","INCLUS\u00c3O SOCIAL"],"inLanguage":"pt-PT","potentialAction":[{"@type":"CommentAction","name":"Comment","target":["https:\/\/inclusivenews.com.br\/?p=27945#respond"]}]},{"@type":"WebPage","@id":"https:\/\/inclusivenews.com.br\/?p=27945","url":"https:\/\/inclusivenews.com.br\/?p=27945","name":"APR promove primeira corrida para crian\u00e7as em cadeira de rodas -","isPartOf":{"@id":"https:\/\/inclusivenews.com.br\/#website"},"primaryImageOfPage":{"@id":"https:\/\/inclusivenews.com.br\/?p=27945#primaryimage"},"image":{"@id":"https:\/\/inclusivenews.com.br\/?p=27945#primaryimage"},"thumbnailUrl":"http:\/\/inclusivenews.com.br\/wp-content\/uploads\/crowdfunding-pernas.jpg","datePublished":"2015-04-14T14:06:40+00:00","breadcrumb":{"@id":"https:\/\/inclusivenews.com.br\/?p=27945#breadcrumb"},"inLanguage":"pt-PT","potentialAction":[{"@type":"ReadAction","target":["https:\/\/inclusivenews.com.br\/?p=27945"]}]},{"@type":"ImageObject","inLanguage":"pt-PT","@id":"https:\/\/inclusivenews.com.br\/?p=27945#primaryimage","url":"","contentUrl":""},{"@type":"BreadcrumbList","@id":"https:\/\/inclusivenews.com.br\/?p=27945#breadcrumb","itemListElement":[{"@type":"ListItem","position":1,"name":"In\u00edcio","item":"https:\/\/inclusivenews.com.br\/"},{"@type":"ListItem","position":2,"name":"APR promove primeira corrida para crian\u00e7as em cadeira de rodas"}]},{"@type":"WebSite","@id":"https:\/\/inclusivenews.com.br\/#website","url":"https:\/\/inclusivenews.com.br\/","name":"Inclusive News","description":"Inclusive News","publisher":{"@id":"https:\/\/inclusivenews.com.br\/#organization"},"potentialAction":[{"@type":"SearchAction","target":{"@type":"EntryPoint","urlTemplate":"https:\/\/inclusivenews.com.br\/?s={search_term_string}"},"query-input":{"@type":"PropertyValueSpecification","valueRequired":true,"valueName":"search_term_string"}}],"inLanguage":"pt-PT"},{"@type":"Organization","@id":"https:\/\/inclusivenews.com.br\/#organization","name":"Inclusive - inclus\u00e3o e cidadania","url":"https:\/\/inclusivenews.com.br\/","logo":{"@type":"ImageObject","inLanguage":"pt-PT","@id":"https:\/\/inclusivenews.com.br\/#\/schema\/logo\/image\/","url":"https:\/\/inclusivenews.com.br\/wp-content\/uploads\/2024\/03\/@grandesite.png","contentUrl":"https:\/\/inclusivenews.com.br\/wp-content\/uploads\/2024\/03\/@grandesite.png","width":1080,"height":1080,"caption":"Inclusive - inclus\u00e3o e cidadania"},"image":{"@id":"https:\/\/inclusivenews.com.br\/#\/schema\/logo\/image\/"},"sameAs":["https:\/\/www.facebook.com\/agenciainclusive\/","https:\/\/www.instagram.com\/newsinclusive\/"]},{"@type":"Person","@id":"https:\/\/inclusivenews.com.br\/#\/schema\/person\/ae4ec7087559b8692fb33b6fffd2273b","name":"inclusivenews2024","image":{"@type":"ImageObject","inLanguage":"pt-PT","@id":"https:\/\/secure.gravatar.com\/avatar\/c5a7ef84c66fa914f55bc4f7ce26cfa275a3b9a1c5568b907bd184fb4dde7b40?s=96&d=mm&r=g","url":"https:\/\/secure.gravatar.com\/avatar\/c5a7ef84c66fa914f55bc4f7ce26cfa275a3b9a1c5568b907bd184fb4dde7b40?s=96&d=mm&r=g","contentUrl":"https:\/\/secure.gravatar.com\/avatar\/c5a7ef84c66fa914f55bc4f7ce26cfa275a3b9a1c5568b907bd184fb4dde7b40?s=96&d=mm&r=g","caption":"inclusivenews2024"},"sameAs":["https:\/\/inclusivenews.com.br"],"url":"https:\/\/inclusivenews.com.br\/?author=1"}]}},"_links":{"self":[{"href":"https:\/\/inclusivenews.com.br\/index.php?rest_route=\/wp\/v2\/posts\/27945","targetHints":{"allow":["GET"]}}],"collection":[{"href":"https:\/\/inclusivenews.com.br\/index.php?rest_route=\/wp\/v2\/posts"}],"about":[{"href":"https:\/\/inclusivenews.com.br\/index.php?rest_route=\/wp\/v2\/types\/post"}],"author":[{"embeddable":true,"href":"https:\/\/inclusivenews.com.br\/index.php?rest_route=\/wp\/v2\/users\/1"}],"replies":[{"embeddable":true,"href":"https:\/\/inclusivenews.com.br\/index.php?rest_route=%2Fwp%2Fv2%2Fcomments&post=27945"}],"version-history":[{"count":0,"href":"https:\/\/inclusivenews.com.br\/index.php?rest_route=\/wp\/v2\/posts\/27945\/revisions"}],"wp:attachment":[{"href":"https:\/\/inclusivenews.com.br\/index.php?rest_route=%2Fwp%2Fv2%2Fmedia&parent=27945"}],"wp:term":[{"taxonomy":"category","embeddable":true,"href":"https:\/\/inclusivenews.com.br\/index.php?rest_route=%2Fwp%2Fv2%2Fcategories&post=27945"},{"taxonomy":"post_tag","embeddable":true,"href":"https:\/\/inclusivenews.com.br\/index.php?rest_route=%2Fwp%2Fv2%2Ftags&post=27945"}],"curies":[{"name":"wp","href":"https:\/\/api.w.org\/{rel}","templated":true}]}}