{"id":27948,"date":"2015-04-14T11:07:02","date_gmt":"2015-04-14T14:07:02","guid":{"rendered":"http:\/\/www.inclusive.org.br\/?p=27948"},"modified":"2015-04-14T11:07:02","modified_gmt":"2015-04-14T14:07:02","slug":"os-pequenos-nadas","status":"publish","type":"post","link":"https:\/\/inclusivenews.com.br\/?p=27948","title":{"rendered":"Os pequenos nadas"},"content":{"rendered":"<p><img loading=\"lazy\" decoding=\"async\" class=\"alignnone  wp-image-27949\" title=\"Duas m\u00e3os segurando uma \u00e1rvore\" alt=\"Duas m\u00e3os segurando uma \u00e1rvore\" src=\"http:\/\/inclusivenews.com.br\/wp-content\/uploads\/autistas.jpg\" width=\"235\" height=\"331\" \/><\/p>\n<p>N\u00e3o fossem os autistas t\u00e3o invis\u00edveis quanto \u00e9 o Autismo que os caracteriza, \u00e9 poss\u00edvel acreditar que eles estendessem suas m\u00e3os para n\u00f3s, como um apelo para tentar impedir uma miss\u00e3o de futuro incerto, n\u00e3o sabido e desencorajador pelo seu alto grau de complexidade.<\/p>\n<p>O risco de falar sobre Autismo \u00e9 sobrevalorizar o indevido, supervalorizar o insignificante ou descobrir que o mais relevante ainda n\u00e3o se sabia, ficou no meio do caminho ou desapareceu.<\/p>\n<p>Autistas&#8230; Os Pequenos Nadas, enquanto objetos por meio das palavras de um e de outro, impactam e mostram o que vai por dentro deles, desafiando a exist\u00eancia e abreviando dist\u00e2ncias para se revelar ao mundo.<\/p>\n<p>As not\u00edcias s\u00e3o animadoras. Cada linha disposta neste livro \u00e9 uma express\u00e3o de ganhos contra o Autismo, sem que o leitor precise buscar refer\u00eancias para entender a narrativa de todos que inegoisticamente dividiram suas experi\u00eancias.<\/p>\n<p>Os Pequenos Nadas s\u00e3o guias para vencer obst\u00e1culos de situa\u00e7\u00f5es inseguras, tarefa das mais dif\u00edceis que o Autismo oferece, como fachos de luz a iluminar o caminho da sa\u00edda, at\u00e9 que o autista se veja como protagonista da sua pr\u00f3pria vida.<\/p>\n<p><a href=\"http:\/\/wakeditora.com.br\/loja\/product_info.php?products_id=552&amp;osCsid=f9f8d9f92edbcf65e16fa9f30ebe2664\" target=\"_blank\" rel=\"noopener\">Saiba mais e adquira neste link.<\/a><\/p>\n<p>&nbsp;<\/p>\n<div><\/div>\n","protected":false},"excerpt":{"rendered":"<p>As not\u00edcias s\u00e3o animadoras. Cada linha disposta neste livro \u00e9 uma express\u00e3o de ganhos contra o Autismo, sem que o leitor precise buscar refer\u00eancias para entender a narrativa de todos que inegoisticamente dividiram suas experi\u00eancias. Lan\u00e7amento da WAK Editora.<\/p>\n","protected":false},"author":1,"featured_media":0,"comment_status":"open","ping_status":"open","sticky":false,"template":"","format":"standard","meta":{"site-container-style":"default","site-container-layout":"default","site-sidebar-layout":"default","disable-article-header":"default","disable-site-header":"default","disable-site-footer":"default","disable-content-area-spacing":"default","footnotes":""},"categories":[50,51,10],"tags":[],"class_list":["post-27948","post","type-post","status-publish","format-standard","hentry","category-lancamentos","category-livros","category-publicacoes"],"yoast_head":"<!-- This site is optimized with the Yoast SEO plugin v27.4 - https:\/\/yoast.com\/product\/yoast-seo-wordpress\/ -->\n<title>Os pequenos nadas -<\/title>\n<meta name=\"robots\" content=\"index, follow, max-snippet:-1, max-image-preview:large, max-video-preview:-1\" \/>\n<link rel=\"canonical\" href=\"https:\/\/inclusivenews.com.br\/?p=27948\" \/>\n<meta property=\"og:locale\" content=\"pt_PT\" \/>\n<meta property=\"og:type\" content=\"article\" \/>\n<meta property=\"og:title\" content=\"Os pequenos nadas -\" \/>\n<meta property=\"og:description\" content=\"As not\u00edcias s\u00e3o animadoras. Cada linha disposta neste livro \u00e9 uma express\u00e3o de ganhos contra o Autismo, sem que o leitor precise buscar refer\u00eancias para entender a narrativa de todos que inegoisticamente dividiram suas experi\u00eancias. Lan\u00e7amento da WAK Editora.\" \/>\n<meta property=\"og:url\" content=\"https:\/\/inclusivenews.com.br\/?p=27948\" \/>\n<meta property=\"article:publisher\" content=\"https:\/\/www.facebook.com\/agenciainclusive\/\" \/>\n<meta property=\"article:published_time\" content=\"2015-04-14T14:07:02+00:00\" \/>\n<meta property=\"og:image\" content=\"http:\/\/inclusivenews.com.br\/wp-content\/uploads\/autistas.jpg\" \/>\n<meta name=\"author\" content=\"inclusivenews2024\" \/>\n<meta name=\"twitter:card\" content=\"summary_large_image\" \/>\n<meta name=\"twitter:label1\" content=\"Escrito por\" \/>\n\t<meta name=\"twitter:data1\" content=\"inclusivenews2024\" \/>\n\t<meta name=\"twitter:label2\" content=\"Tempo estimado de leitura\" \/>\n\t<meta name=\"twitter:data2\" content=\"1 minuto\" \/>\n<script type=\"application\/ld+json\" class=\"yoast-schema-graph\">{\"@context\":\"https:\\\/\\\/schema.org\",\"@graph\":[{\"@type\":\"Article\",\"@id\":\"https:\\\/\\\/inclusivenews.com.br\\\/?p=27948#article\",\"isPartOf\":{\"@id\":\"https:\\\/\\\/inclusivenews.com.br\\\/?p=27948\"},\"author\":{\"name\":\"inclusivenews2024\",\"@id\":\"https:\\\/\\\/inclusivenews.com.br\\\/#\\\/schema\\\/person\\\/ae4ec7087559b8692fb33b6fffd2273b\"},\"headline\":\"Os pequenos nadas\",\"datePublished\":\"2015-04-14T14:07:02+00:00\",\"mainEntityOfPage\":{\"@id\":\"https:\\\/\\\/inclusivenews.com.br\\\/?p=27948\"},\"wordCount\":213,\"commentCount\":0,\"publisher\":{\"@id\":\"https:\\\/\\\/inclusivenews.com.br\\\/#organization\"},\"image\":{\"@id\":\"https:\\\/\\\/inclusivenews.com.br\\\/?p=27948#primaryimage\"},\"thumbnailUrl\":\"http:\\\/\\\/inclusivenews.com.br\\\/wp-content\\\/uploads\\\/autistas.jpg\",\"articleSection\":[\"Lan\u00e7amentos\",\"Livros\",\"PUBLICA\u00c7\u00d5ES\"],\"inLanguage\":\"pt-PT\",\"potentialAction\":[{\"@type\":\"CommentAction\",\"name\":\"Comment\",\"target\":[\"https:\\\/\\\/inclusivenews.com.br\\\/?p=27948#respond\"]}]},{\"@type\":\"WebPage\",\"@id\":\"https:\\\/\\\/inclusivenews.com.br\\\/?p=27948\",\"url\":\"https:\\\/\\\/inclusivenews.com.br\\\/?p=27948\",\"name\":\"Os pequenos nadas -\",\"isPartOf\":{\"@id\":\"https:\\\/\\\/inclusivenews.com.br\\\/#website\"},\"primaryImageOfPage\":{\"@id\":\"https:\\\/\\\/inclusivenews.com.br\\\/?p=27948#primaryimage\"},\"image\":{\"@id\":\"https:\\\/\\\/inclusivenews.com.br\\\/?p=27948#primaryimage\"},\"thumbnailUrl\":\"http:\\\/\\\/inclusivenews.com.br\\\/wp-content\\\/uploads\\\/autistas.jpg\",\"datePublished\":\"2015-04-14T14:07:02+00:00\",\"breadcrumb\":{\"@id\":\"https:\\\/\\\/inclusivenews.com.br\\\/?p=27948#breadcrumb\"},\"inLanguage\":\"pt-PT\",\"potentialAction\":[{\"@type\":\"ReadAction\",\"target\":[\"https:\\\/\\\/inclusivenews.com.br\\\/?p=27948\"]}]},{\"@type\":\"ImageObject\",\"inLanguage\":\"pt-PT\",\"@id\":\"https:\\\/\\\/inclusivenews.com.br\\\/?p=27948#primaryimage\",\"url\":\"\",\"contentUrl\":\"\"},{\"@type\":\"BreadcrumbList\",\"@id\":\"https:\\\/\\\/inclusivenews.com.br\\\/?p=27948#breadcrumb\",\"itemListElement\":[{\"@type\":\"ListItem\",\"position\":1,\"name\":\"In\u00edcio\",\"item\":\"https:\\\/\\\/inclusivenews.com.br\\\/\"},{\"@type\":\"ListItem\",\"position\":2,\"name\":\"Os pequenos nadas\"}]},{\"@type\":\"WebSite\",\"@id\":\"https:\\\/\\\/inclusivenews.com.br\\\/#website\",\"url\":\"https:\\\/\\\/inclusivenews.com.br\\\/\",\"name\":\"Inclusive News\",\"description\":\"Inclusive News\",\"publisher\":{\"@id\":\"https:\\\/\\\/inclusivenews.com.br\\\/#organization\"},\"potentialAction\":[{\"@type\":\"SearchAction\",\"target\":{\"@type\":\"EntryPoint\",\"urlTemplate\":\"https:\\\/\\\/inclusivenews.com.br\\\/?s={search_term_string}\"},\"query-input\":{\"@type\":\"PropertyValueSpecification\",\"valueRequired\":true,\"valueName\":\"search_term_string\"}}],\"inLanguage\":\"pt-PT\"},{\"@type\":\"Organization\",\"@id\":\"https:\\\/\\\/inclusivenews.com.br\\\/#organization\",\"name\":\"Inclusive - inclus\u00e3o e cidadania\",\"url\":\"https:\\\/\\\/inclusivenews.com.br\\\/\",\"logo\":{\"@type\":\"ImageObject\",\"inLanguage\":\"pt-PT\",\"@id\":\"https:\\\/\\\/inclusivenews.com.br\\\/#\\\/schema\\\/logo\\\/image\\\/\",\"url\":\"https:\\\/\\\/inclusivenews.com.br\\\/wp-content\\\/uploads\\\/2024\\\/03\\\/@grandesite.png\",\"contentUrl\":\"https:\\\/\\\/inclusivenews.com.br\\\/wp-content\\\/uploads\\\/2024\\\/03\\\/@grandesite.png\",\"width\":1080,\"height\":1080,\"caption\":\"Inclusive - inclus\u00e3o e cidadania\"},\"image\":{\"@id\":\"https:\\\/\\\/inclusivenews.com.br\\\/#\\\/schema\\\/logo\\\/image\\\/\"},\"sameAs\":[\"https:\\\/\\\/www.facebook.com\\\/agenciainclusive\\\/\",\"https:\\\/\\\/www.instagram.com\\\/newsinclusive\\\/\"]},{\"@type\":\"Person\",\"@id\":\"https:\\\/\\\/inclusivenews.com.br\\\/#\\\/schema\\\/person\\\/ae4ec7087559b8692fb33b6fffd2273b\",\"name\":\"inclusivenews2024\",\"image\":{\"@type\":\"ImageObject\",\"inLanguage\":\"pt-PT\",\"@id\":\"https:\\\/\\\/secure.gravatar.com\\\/avatar\\\/c5a7ef84c66fa914f55bc4f7ce26cfa275a3b9a1c5568b907bd184fb4dde7b40?s=96&d=mm&r=g\",\"url\":\"https:\\\/\\\/secure.gravatar.com\\\/avatar\\\/c5a7ef84c66fa914f55bc4f7ce26cfa275a3b9a1c5568b907bd184fb4dde7b40?s=96&d=mm&r=g\",\"contentUrl\":\"https:\\\/\\\/secure.gravatar.com\\\/avatar\\\/c5a7ef84c66fa914f55bc4f7ce26cfa275a3b9a1c5568b907bd184fb4dde7b40?s=96&d=mm&r=g\",\"caption\":\"inclusivenews2024\"},\"sameAs\":[\"https:\\\/\\\/inclusivenews.com.br\"],\"url\":\"https:\\\/\\\/inclusivenews.com.br\\\/?author=1\"}]}<\/script>\n<!-- \/ Yoast SEO plugin. -->","yoast_head_json":{"title":"Os pequenos nadas -","robots":{"index":"index","follow":"follow","max-snippet":"max-snippet:-1","max-image-preview":"max-image-preview:large","max-video-preview":"max-video-preview:-1"},"canonical":"https:\/\/inclusivenews.com.br\/?p=27948","og_locale":"pt_PT","og_type":"article","og_title":"Os pequenos nadas -","og_description":"As not\u00edcias s\u00e3o animadoras. Cada linha disposta neste livro \u00e9 uma express\u00e3o de ganhos contra o Autismo, sem que o leitor precise buscar refer\u00eancias para entender a narrativa de todos que inegoisticamente dividiram suas experi\u00eancias. Lan\u00e7amento da WAK Editora.","og_url":"https:\/\/inclusivenews.com.br\/?p=27948","article_publisher":"https:\/\/www.facebook.com\/agenciainclusive\/","article_published_time":"2015-04-14T14:07:02+00:00","og_image":[{"url":"http:\/\/inclusivenews.com.br\/wp-content\/uploads\/autistas.jpg","type":"","width":"","height":""}],"author":"inclusivenews2024","twitter_card":"summary_large_image","twitter_misc":{"Escrito por":"inclusivenews2024","Tempo estimado de leitura":"1 minuto"},"schema":{"@context":"https:\/\/schema.org","@graph":[{"@type":"Article","@id":"https:\/\/inclusivenews.com.br\/?p=27948#article","isPartOf":{"@id":"https:\/\/inclusivenews.com.br\/?p=27948"},"author":{"name":"inclusivenews2024","@id":"https:\/\/inclusivenews.com.br\/#\/schema\/person\/ae4ec7087559b8692fb33b6fffd2273b"},"headline":"Os pequenos nadas","datePublished":"2015-04-14T14:07:02+00:00","mainEntityOfPage":{"@id":"https:\/\/inclusivenews.com.br\/?p=27948"},"wordCount":213,"commentCount":0,"publisher":{"@id":"https:\/\/inclusivenews.com.br\/#organization"},"image":{"@id":"https:\/\/inclusivenews.com.br\/?p=27948#primaryimage"},"thumbnailUrl":"http:\/\/inclusivenews.com.br\/wp-content\/uploads\/autistas.jpg","articleSection":["Lan\u00e7amentos","Livros","PUBLICA\u00c7\u00d5ES"],"inLanguage":"pt-PT","potentialAction":[{"@type":"CommentAction","name":"Comment","target":["https:\/\/inclusivenews.com.br\/?p=27948#respond"]}]},{"@type":"WebPage","@id":"https:\/\/inclusivenews.com.br\/?p=27948","url":"https:\/\/inclusivenews.com.br\/?p=27948","name":"Os pequenos nadas -","isPartOf":{"@id":"https:\/\/inclusivenews.com.br\/#website"},"primaryImageOfPage":{"@id":"https:\/\/inclusivenews.com.br\/?p=27948#primaryimage"},"image":{"@id":"https:\/\/inclusivenews.com.br\/?p=27948#primaryimage"},"thumbnailUrl":"http:\/\/inclusivenews.com.br\/wp-content\/uploads\/autistas.jpg","datePublished":"2015-04-14T14:07:02+00:00","breadcrumb":{"@id":"https:\/\/inclusivenews.com.br\/?p=27948#breadcrumb"},"inLanguage":"pt-PT","potentialAction":[{"@type":"ReadAction","target":["https:\/\/inclusivenews.com.br\/?p=27948"]}]},{"@type":"ImageObject","inLanguage":"pt-PT","@id":"https:\/\/inclusivenews.com.br\/?p=27948#primaryimage","url":"","contentUrl":""},{"@type":"BreadcrumbList","@id":"https:\/\/inclusivenews.com.br\/?p=27948#breadcrumb","itemListElement":[{"@type":"ListItem","position":1,"name":"In\u00edcio","item":"https:\/\/inclusivenews.com.br\/"},{"@type":"ListItem","position":2,"name":"Os pequenos nadas"}]},{"@type":"WebSite","@id":"https:\/\/inclusivenews.com.br\/#website","url":"https:\/\/inclusivenews.com.br\/","name":"Inclusive News","description":"Inclusive News","publisher":{"@id":"https:\/\/inclusivenews.com.br\/#organization"},"potentialAction":[{"@type":"SearchAction","target":{"@type":"EntryPoint","urlTemplate":"https:\/\/inclusivenews.com.br\/?s={search_term_string}"},"query-input":{"@type":"PropertyValueSpecification","valueRequired":true,"valueName":"search_term_string"}}],"inLanguage":"pt-PT"},{"@type":"Organization","@id":"https:\/\/inclusivenews.com.br\/#organization","name":"Inclusive - inclus\u00e3o e cidadania","url":"https:\/\/inclusivenews.com.br\/","logo":{"@type":"ImageObject","inLanguage":"pt-PT","@id":"https:\/\/inclusivenews.com.br\/#\/schema\/logo\/image\/","url":"https:\/\/inclusivenews.com.br\/wp-content\/uploads\/2024\/03\/@grandesite.png","contentUrl":"https:\/\/inclusivenews.com.br\/wp-content\/uploads\/2024\/03\/@grandesite.png","width":1080,"height":1080,"caption":"Inclusive - inclus\u00e3o e cidadania"},"image":{"@id":"https:\/\/inclusivenews.com.br\/#\/schema\/logo\/image\/"},"sameAs":["https:\/\/www.facebook.com\/agenciainclusive\/","https:\/\/www.instagram.com\/newsinclusive\/"]},{"@type":"Person","@id":"https:\/\/inclusivenews.com.br\/#\/schema\/person\/ae4ec7087559b8692fb33b6fffd2273b","name":"inclusivenews2024","image":{"@type":"ImageObject","inLanguage":"pt-PT","@id":"https:\/\/secure.gravatar.com\/avatar\/c5a7ef84c66fa914f55bc4f7ce26cfa275a3b9a1c5568b907bd184fb4dde7b40?s=96&d=mm&r=g","url":"https:\/\/secure.gravatar.com\/avatar\/c5a7ef84c66fa914f55bc4f7ce26cfa275a3b9a1c5568b907bd184fb4dde7b40?s=96&d=mm&r=g","contentUrl":"https:\/\/secure.gravatar.com\/avatar\/c5a7ef84c66fa914f55bc4f7ce26cfa275a3b9a1c5568b907bd184fb4dde7b40?s=96&d=mm&r=g","caption":"inclusivenews2024"},"sameAs":["https:\/\/inclusivenews.com.br"],"url":"https:\/\/inclusivenews.com.br\/?author=1"}]}},"_links":{"self":[{"href":"https:\/\/inclusivenews.com.br\/index.php?rest_route=\/wp\/v2\/posts\/27948","targetHints":{"allow":["GET"]}}],"collection":[{"href":"https:\/\/inclusivenews.com.br\/index.php?rest_route=\/wp\/v2\/posts"}],"about":[{"href":"https:\/\/inclusivenews.com.br\/index.php?rest_route=\/wp\/v2\/types\/post"}],"author":[{"embeddable":true,"href":"https:\/\/inclusivenews.com.br\/index.php?rest_route=\/wp\/v2\/users\/1"}],"replies":[{"embeddable":true,"href":"https:\/\/inclusivenews.com.br\/index.php?rest_route=%2Fwp%2Fv2%2Fcomments&post=27948"}],"version-history":[{"count":0,"href":"https:\/\/inclusivenews.com.br\/index.php?rest_route=\/wp\/v2\/posts\/27948\/revisions"}],"wp:attachment":[{"href":"https:\/\/inclusivenews.com.br\/index.php?rest_route=%2Fwp%2Fv2%2Fmedia&parent=27948"}],"wp:term":[{"taxonomy":"category","embeddable":true,"href":"https:\/\/inclusivenews.com.br\/index.php?rest_route=%2Fwp%2Fv2%2Fcategories&post=27948"},{"taxonomy":"post_tag","embeddable":true,"href":"https:\/\/inclusivenews.com.br\/index.php?rest_route=%2Fwp%2Fv2%2Ftags&post=27948"}],"curies":[{"name":"wp","href":"https:\/\/api.w.org\/{rel}","templated":true}]}}