{"id":27952,"date":"2015-04-14T11:06:25","date_gmt":"2015-04-14T14:06:25","guid":{"rendered":"http:\/\/www.inclusive.org.br\/?p=27952"},"modified":"2015-04-14T11:06:25","modified_gmt":"2015-04-14T14:06:25","slug":"congresso-de-acessibilidade-online-volta-a-ser-exibido-em-abril","status":"publish","type":"post","link":"https:\/\/inclusivenews.com.br\/?p=27952","title":{"rendered":"Congresso de Acessibilidade online volta a ser exibido em abril"},"content":{"rendered":"<p><img loading=\"lazy\" decoding=\"async\" class=\"alignnone\" alt=\"Congresso de acessibilidade\" src=\"http:\/\/www.congressodeacessibilidade.com\/wp-content\/uploads\/2014\/06\/Logosite_congresso_acessibilidade_021.png\" width=\"286\" height=\"89\" \/><\/p>\n<p>O 1\u00ba Congresso de Acessibilidade, ocorrido em setembro do ano passado e o primeiro no formato online sobre o assunto, voltar\u00e1 a ser exibido de 06 a 12 de abril. Depois do sucesso da primeira edi\u00e7\u00e3o, a organiza\u00e7\u00e3o do evento recebeu in\u00fameros pedidos para que as palestras fossem reprisadas. De acordo com Dolores Affonso, consultora em acessibilidade e inclus\u00e3o e idealizadora desse projeto, o encontro registrou aproximadamente 50 mil espectadores. \u201cAinda estamos colhendo os frutos da repercuss\u00e3o positiva. Recebi milhares de pedidos para reexibi\u00e7\u00e3o do congresso por parte de pessoas que n\u00e3o puderam assistir em setembro ou que querem ver novamente\u201d.<\/p>\n<p>Visando a conquista de uma sociedade inclusiva, o congresso contou com a presen\u00e7a de 40 palestrantes que discutiram acessibilidade, diversidade, inclus\u00e3o, e outros temas de interesse comum a todos que possuem ou n\u00e3o alguma defici\u00eancia. Alguns temas abordados foram: carreira, novas tecnologias de informa\u00e7\u00e3o e comunica\u00e7\u00e3o, tecnologias assistivas, educa\u00e7\u00e3o inclusiva, sa\u00fade, qualidade de vida, relacionamentos, sexualidade, desenvolvimento pessoal, supera\u00e7\u00e3o e empreendedorismo.<\/p>\n<p><strong>P\u00fablico<\/strong><\/p>\n<p>O evento \u00e9 voltado aos mais diversos p\u00fablicos, apesar do foco em acessibilidade e inclus\u00e3o: pessoas com e sem defici\u00eancia e\/ou necessidades especiais, pais, amigos e demais interessados no tema, como educadores, institui\u00e7\u00f5es de ensino e empresas que precisam se tornar acess\u00edveis e inclusivas. Fazem parte tamb\u00e9m deste perfil: ONGs e entidades p\u00fablicas de apoio, \u00f3rg\u00e3os governamentais, profissionais da sa\u00fade, como m\u00e9dicos, enfermeiros e cuidadores; e outras \u00e1reas como cultura, design, arquitetura, esporte e todos que precisam conhecer as necessidades especiais, expectativas, capacidades e potencial das pessoas com defici\u00eancia e suas reais possibilidades de participa\u00e7\u00e3o na sociedade, para realizarem melhor suas atividades pessoais e profissionais.<\/p>\n<p>A reprise da 1\u00aa edi\u00e7\u00e3o do Congresso de Acessibilidade ser\u00e1 uma nova oportunidade para apoiar a luta de 45 milh\u00f5es de deficientes no Brasil. A consultora Dolores Affonso enumera os resultados conquistados com o evento online e que poder\u00e3o se multiplicar com a reexibi\u00e7\u00e3o: \u201cEducadores dizendo como est\u00e3o conseguindo mudar a vida e o aprendizado de seus alunos com adapta\u00e7\u00f5es simples; pais que conseguiram tornar a vida de seus filhos melhor e tamb\u00e9m as suas pr\u00f3prias; pessoas com defici\u00eancia que afirmam entender melhor seus direitos e como buscar sua inclus\u00e3o na sociedade de forma digna, superando suas limita\u00e7\u00f5es; empresas que se tornaram mais capazes de incluir e de ter uma equipe realmente inclusiva, que usa a diversidade como ferramenta de melhoria e n\u00e3o como base para preconceitos e barreiras; entre outros\u201d.<\/p>\n<p>Novamente, a exibi\u00e7\u00e3o ser\u00e1 online e gratuita e poder\u00e1 ser acompanhada por meio de computadores convencionais, tablets e celulares. \u00c9 importante ressaltar que, neste evento, que tem por objetivo promover a inclus\u00e3o de pessoas com alguma defici\u00eancia auditiva, visual, f\u00edsica, intelectual ou problemas de mobilidade, a transmiss\u00e3o contar\u00e1 com legenda, audiodescri\u00e7\u00e3o e tradu\u00e7\u00e3o em libras. Caso o espectador tenha interesse em obter o certificado de participa\u00e7\u00e3o, ser\u00e1 poss\u00edvel adquiri-lo por meio do site do Congresso ap\u00f3s o evento.<\/p>\n<p>As pessoas, empresas e institui\u00e7\u00f5es que se interessarem em transformar vidas podem participar do congresso como parceiros, apoiadores, patrocinadores, fornecedores de brindes, divulgadores de produtos, entre outros. Para isso, entrem em contato com a idealizadora do evento Dolores Affonso (<a href=\"mailto:contato@congressodeacessibilidade.com\" target=\"_blank\" rel=\"noopener\">contato@<wbr \/>congressodeacessibilidade.com<\/a>)<wbr \/>.<\/p>\n<p>Acesse nosso site <a href=\"http:\/\/www.congressodeacessibilidade.com\" target=\"_blank\" rel=\"noopener\">www.congressodeacessibilidade.<wbr \/>com<\/a> e conhe\u00e7a os palestrantes e temas que ser\u00e3o abordados durante o congresso.<\/p>\n<p><strong>Servi\u00e7o<\/strong><\/p>\n<p>Evento: Congresso de Acessibilidade<br \/>\nDatas: De 06 a 12 de abril de 2015<br \/>\nLocal: Online<br \/>\nPre\u00e7o: Gratuito<br \/>\nInscri\u00e7\u00f5es e mais informa\u00e7\u00f5es: <a href=\"http:\/\/www.congressodeacessibilidade.com\" target=\"_blank\" rel=\"noopener\">www.congressodeacessibilidade.<wbr \/>com<\/a> e <a href=\"mailto:contato@congressodeacessibilidade.com\" target=\"_blank\" rel=\"noopener\">contato@<wbr \/>congressodeacessibilidade.com<\/a><\/p>\n","protected":false},"excerpt":{"rendered":"<p>Novamente, a exibi\u00e7\u00e3o ser\u00e1 online e gratuita e poder\u00e1 ser acompanhada por meio de computadores convencionais, tablets e celulares. \u00c9 importante ressaltar que, neste evento, que tem por objetivo promover a inclus\u00e3o de pessoas com alguma defici\u00eancia auditiva, visual, f\u00edsica, intelectual ou problemas de mobilidade, a transmiss\u00e3o contar\u00e1 com legenda, audiodescri\u00e7\u00e3o e tradu\u00e7\u00e3o em libras. Caso o espectador tenha interesse em obter o certificado de participa\u00e7\u00e3o, ser\u00e1 poss\u00edvel adquiri-lo por meio do site do Congresso ap\u00f3s o evento.<\/p>\n","protected":false},"author":1,"featured_media":0,"comment_status":"open","ping_status":"open","sticky":false,"template":"","format":"standard","meta":{"site-container-style":"default","site-container-layout":"default","site-sidebar-layout":"default","disable-article-header":"default","disable-site-header":"default","disable-site-footer":"default","disable-content-area-spacing":"default","footnotes":""},"categories":[12,4],"tags":[],"class_list":["post-27952","post","type-post","status-publish","format-standard","hentry","category-cursos-e-eventos","category-noticias"],"yoast_head":"<!-- This site is optimized with the Yoast SEO plugin v27.4 - https:\/\/yoast.com\/product\/yoast-seo-wordpress\/ -->\n<title>Congresso de Acessibilidade online volta a ser exibido em abril -<\/title>\n<meta name=\"robots\" content=\"index, follow, max-snippet:-1, max-image-preview:large, max-video-preview:-1\" \/>\n<link rel=\"canonical\" href=\"https:\/\/inclusivenews.com.br\/?p=27952\" \/>\n<meta property=\"og:locale\" content=\"pt_PT\" \/>\n<meta property=\"og:type\" content=\"article\" \/>\n<meta property=\"og:title\" content=\"Congresso de Acessibilidade online volta a ser exibido em abril -\" \/>\n<meta property=\"og:description\" content=\"Novamente, a exibi\u00e7\u00e3o ser\u00e1 online e gratuita e poder\u00e1 ser acompanhada por meio de computadores convencionais, tablets e celulares. \u00c9 importante ressaltar que, neste evento, que tem por objetivo promover a inclus\u00e3o de pessoas com alguma defici\u00eancia auditiva, visual, f\u00edsica, intelectual ou problemas de mobilidade, a transmiss\u00e3o contar\u00e1 com legenda, audiodescri\u00e7\u00e3o e tradu\u00e7\u00e3o em libras. Caso o espectador tenha interesse em obter o certificado de participa\u00e7\u00e3o, ser\u00e1 poss\u00edvel adquiri-lo por meio do site do Congresso ap\u00f3s o evento.\" \/>\n<meta property=\"og:url\" content=\"https:\/\/inclusivenews.com.br\/?p=27952\" \/>\n<meta property=\"article:publisher\" content=\"https:\/\/www.facebook.com\/agenciainclusive\/\" \/>\n<meta property=\"article:published_time\" content=\"2015-04-14T14:06:25+00:00\" \/>\n<meta property=\"og:image\" content=\"http:\/\/www.congressodeacessibilidade.com\/wp-content\/uploads\/2014\/06\/Logosite_congresso_acessibilidade_021.png\" \/>\n<meta name=\"author\" content=\"inclusivenews2024\" \/>\n<meta name=\"twitter:card\" content=\"summary_large_image\" \/>\n<meta name=\"twitter:label1\" content=\"Escrito por\" \/>\n\t<meta name=\"twitter:data1\" content=\"inclusivenews2024\" \/>\n\t<meta name=\"twitter:label2\" content=\"Tempo estimado de leitura\" \/>\n\t<meta name=\"twitter:data2\" content=\"3 minutos\" \/>\n<script type=\"application\/ld+json\" class=\"yoast-schema-graph\">{\"@context\":\"https:\\\/\\\/schema.org\",\"@graph\":[{\"@type\":\"Article\",\"@id\":\"https:\\\/\\\/inclusivenews.com.br\\\/?p=27952#article\",\"isPartOf\":{\"@id\":\"https:\\\/\\\/inclusivenews.com.br\\\/?p=27952\"},\"author\":{\"name\":\"inclusivenews2024\",\"@id\":\"https:\\\/\\\/inclusivenews.com.br\\\/#\\\/schema\\\/person\\\/ae4ec7087559b8692fb33b6fffd2273b\"},\"headline\":\"Congresso de Acessibilidade online volta a ser exibido em abril\",\"datePublished\":\"2015-04-14T14:06:25+00:00\",\"mainEntityOfPage\":{\"@id\":\"https:\\\/\\\/inclusivenews.com.br\\\/?p=27952\"},\"wordCount\":623,\"commentCount\":1,\"publisher\":{\"@id\":\"https:\\\/\\\/inclusivenews.com.br\\\/#organization\"},\"image\":{\"@id\":\"https:\\\/\\\/inclusivenews.com.br\\\/?p=27952#primaryimage\"},\"thumbnailUrl\":\"http:\\\/\\\/www.congressodeacessibilidade.com\\\/wp-content\\\/uploads\\\/2014\\\/06\\\/Logosite_congresso_acessibilidade_021.png\",\"articleSection\":[\"Cursos e eventos\",\"NOT\u00cdCIAS\"],\"inLanguage\":\"pt-PT\",\"potentialAction\":[{\"@type\":\"CommentAction\",\"name\":\"Comment\",\"target\":[\"https:\\\/\\\/inclusivenews.com.br\\\/?p=27952#respond\"]}]},{\"@type\":\"WebPage\",\"@id\":\"https:\\\/\\\/inclusivenews.com.br\\\/?p=27952\",\"url\":\"https:\\\/\\\/inclusivenews.com.br\\\/?p=27952\",\"name\":\"Congresso de Acessibilidade online volta a ser exibido em abril -\",\"isPartOf\":{\"@id\":\"https:\\\/\\\/inclusivenews.com.br\\\/#website\"},\"primaryImageOfPage\":{\"@id\":\"https:\\\/\\\/inclusivenews.com.br\\\/?p=27952#primaryimage\"},\"image\":{\"@id\":\"https:\\\/\\\/inclusivenews.com.br\\\/?p=27952#primaryimage\"},\"thumbnailUrl\":\"http:\\\/\\\/www.congressodeacessibilidade.com\\\/wp-content\\\/uploads\\\/2014\\\/06\\\/Logosite_congresso_acessibilidade_021.png\",\"datePublished\":\"2015-04-14T14:06:25+00:00\",\"breadcrumb\":{\"@id\":\"https:\\\/\\\/inclusivenews.com.br\\\/?p=27952#breadcrumb\"},\"inLanguage\":\"pt-PT\",\"potentialAction\":[{\"@type\":\"ReadAction\",\"target\":[\"https:\\\/\\\/inclusivenews.com.br\\\/?p=27952\"]}]},{\"@type\":\"ImageObject\",\"inLanguage\":\"pt-PT\",\"@id\":\"https:\\\/\\\/inclusivenews.com.br\\\/?p=27952#primaryimage\",\"url\":\"http:\\\/\\\/www.congressodeacessibilidade.com\\\/wp-content\\\/uploads\\\/2014\\\/06\\\/Logosite_congresso_acessibilidade_021.png\",\"contentUrl\":\"http:\\\/\\\/www.congressodeacessibilidade.com\\\/wp-content\\\/uploads\\\/2014\\\/06\\\/Logosite_congresso_acessibilidade_021.png\"},{\"@type\":\"BreadcrumbList\",\"@id\":\"https:\\\/\\\/inclusivenews.com.br\\\/?p=27952#breadcrumb\",\"itemListElement\":[{\"@type\":\"ListItem\",\"position\":1,\"name\":\"In\u00edcio\",\"item\":\"https:\\\/\\\/inclusivenews.com.br\\\/\"},{\"@type\":\"ListItem\",\"position\":2,\"name\":\"Congresso de Acessibilidade online volta a ser exibido em abril\"}]},{\"@type\":\"WebSite\",\"@id\":\"https:\\\/\\\/inclusivenews.com.br\\\/#website\",\"url\":\"https:\\\/\\\/inclusivenews.com.br\\\/\",\"name\":\"Inclusive News\",\"description\":\"Inclusive News\",\"publisher\":{\"@id\":\"https:\\\/\\\/inclusivenews.com.br\\\/#organization\"},\"potentialAction\":[{\"@type\":\"SearchAction\",\"target\":{\"@type\":\"EntryPoint\",\"urlTemplate\":\"https:\\\/\\\/inclusivenews.com.br\\\/?s={search_term_string}\"},\"query-input\":{\"@type\":\"PropertyValueSpecification\",\"valueRequired\":true,\"valueName\":\"search_term_string\"}}],\"inLanguage\":\"pt-PT\"},{\"@type\":\"Organization\",\"@id\":\"https:\\\/\\\/inclusivenews.com.br\\\/#organization\",\"name\":\"Inclusive - inclus\u00e3o e cidadania\",\"url\":\"https:\\\/\\\/inclusivenews.com.br\\\/\",\"logo\":{\"@type\":\"ImageObject\",\"inLanguage\":\"pt-PT\",\"@id\":\"https:\\\/\\\/inclusivenews.com.br\\\/#\\\/schema\\\/logo\\\/image\\\/\",\"url\":\"https:\\\/\\\/inclusivenews.com.br\\\/wp-content\\\/uploads\\\/2024\\\/03\\\/@grandesite.png\",\"contentUrl\":\"https:\\\/\\\/inclusivenews.com.br\\\/wp-content\\\/uploads\\\/2024\\\/03\\\/@grandesite.png\",\"width\":1080,\"height\":1080,\"caption\":\"Inclusive - inclus\u00e3o e cidadania\"},\"image\":{\"@id\":\"https:\\\/\\\/inclusivenews.com.br\\\/#\\\/schema\\\/logo\\\/image\\\/\"},\"sameAs\":[\"https:\\\/\\\/www.facebook.com\\\/agenciainclusive\\\/\",\"https:\\\/\\\/www.instagram.com\\\/newsinclusive\\\/\"]},{\"@type\":\"Person\",\"@id\":\"https:\\\/\\\/inclusivenews.com.br\\\/#\\\/schema\\\/person\\\/ae4ec7087559b8692fb33b6fffd2273b\",\"name\":\"inclusivenews2024\",\"image\":{\"@type\":\"ImageObject\",\"inLanguage\":\"pt-PT\",\"@id\":\"https:\\\/\\\/secure.gravatar.com\\\/avatar\\\/c5a7ef84c66fa914f55bc4f7ce26cfa275a3b9a1c5568b907bd184fb4dde7b40?s=96&d=mm&r=g\",\"url\":\"https:\\\/\\\/secure.gravatar.com\\\/avatar\\\/c5a7ef84c66fa914f55bc4f7ce26cfa275a3b9a1c5568b907bd184fb4dde7b40?s=96&d=mm&r=g\",\"contentUrl\":\"https:\\\/\\\/secure.gravatar.com\\\/avatar\\\/c5a7ef84c66fa914f55bc4f7ce26cfa275a3b9a1c5568b907bd184fb4dde7b40?s=96&d=mm&r=g\",\"caption\":\"inclusivenews2024\"},\"sameAs\":[\"https:\\\/\\\/inclusivenews.com.br\"],\"url\":\"https:\\\/\\\/inclusivenews.com.br\\\/?author=1\"}]}<\/script>\n<!-- \/ Yoast SEO plugin. -->","yoast_head_json":{"title":"Congresso de Acessibilidade online volta a ser exibido em abril -","robots":{"index":"index","follow":"follow","max-snippet":"max-snippet:-1","max-image-preview":"max-image-preview:large","max-video-preview":"max-video-preview:-1"},"canonical":"https:\/\/inclusivenews.com.br\/?p=27952","og_locale":"pt_PT","og_type":"article","og_title":"Congresso de Acessibilidade online volta a ser exibido em abril -","og_description":"Novamente, a exibi\u00e7\u00e3o ser\u00e1 online e gratuita e poder\u00e1 ser acompanhada por meio de computadores convencionais, tablets e celulares. \u00c9 importante ressaltar que, neste evento, que tem por objetivo promover a inclus\u00e3o de pessoas com alguma defici\u00eancia auditiva, visual, f\u00edsica, intelectual ou problemas de mobilidade, a transmiss\u00e3o contar\u00e1 com legenda, audiodescri\u00e7\u00e3o e tradu\u00e7\u00e3o em libras. Caso o espectador tenha interesse em obter o certificado de participa\u00e7\u00e3o, ser\u00e1 poss\u00edvel adquiri-lo por meio do site do Congresso ap\u00f3s o evento.","og_url":"https:\/\/inclusivenews.com.br\/?p=27952","article_publisher":"https:\/\/www.facebook.com\/agenciainclusive\/","article_published_time":"2015-04-14T14:06:25+00:00","og_image":[{"url":"http:\/\/www.congressodeacessibilidade.com\/wp-content\/uploads\/2014\/06\/Logosite_congresso_acessibilidade_021.png","type":"","width":"","height":""}],"author":"inclusivenews2024","twitter_card":"summary_large_image","twitter_misc":{"Escrito por":"inclusivenews2024","Tempo estimado de leitura":"3 minutos"},"schema":{"@context":"https:\/\/schema.org","@graph":[{"@type":"Article","@id":"https:\/\/inclusivenews.com.br\/?p=27952#article","isPartOf":{"@id":"https:\/\/inclusivenews.com.br\/?p=27952"},"author":{"name":"inclusivenews2024","@id":"https:\/\/inclusivenews.com.br\/#\/schema\/person\/ae4ec7087559b8692fb33b6fffd2273b"},"headline":"Congresso de Acessibilidade online volta a ser exibido em abril","datePublished":"2015-04-14T14:06:25+00:00","mainEntityOfPage":{"@id":"https:\/\/inclusivenews.com.br\/?p=27952"},"wordCount":623,"commentCount":1,"publisher":{"@id":"https:\/\/inclusivenews.com.br\/#organization"},"image":{"@id":"https:\/\/inclusivenews.com.br\/?p=27952#primaryimage"},"thumbnailUrl":"http:\/\/www.congressodeacessibilidade.com\/wp-content\/uploads\/2014\/06\/Logosite_congresso_acessibilidade_021.png","articleSection":["Cursos e eventos","NOT\u00cdCIAS"],"inLanguage":"pt-PT","potentialAction":[{"@type":"CommentAction","name":"Comment","target":["https:\/\/inclusivenews.com.br\/?p=27952#respond"]}]},{"@type":"WebPage","@id":"https:\/\/inclusivenews.com.br\/?p=27952","url":"https:\/\/inclusivenews.com.br\/?p=27952","name":"Congresso de Acessibilidade online volta a ser exibido em abril -","isPartOf":{"@id":"https:\/\/inclusivenews.com.br\/#website"},"primaryImageOfPage":{"@id":"https:\/\/inclusivenews.com.br\/?p=27952#primaryimage"},"image":{"@id":"https:\/\/inclusivenews.com.br\/?p=27952#primaryimage"},"thumbnailUrl":"http:\/\/www.congressodeacessibilidade.com\/wp-content\/uploads\/2014\/06\/Logosite_congresso_acessibilidade_021.png","datePublished":"2015-04-14T14:06:25+00:00","breadcrumb":{"@id":"https:\/\/inclusivenews.com.br\/?p=27952#breadcrumb"},"inLanguage":"pt-PT","potentialAction":[{"@type":"ReadAction","target":["https:\/\/inclusivenews.com.br\/?p=27952"]}]},{"@type":"ImageObject","inLanguage":"pt-PT","@id":"https:\/\/inclusivenews.com.br\/?p=27952#primaryimage","url":"http:\/\/www.congressodeacessibilidade.com\/wp-content\/uploads\/2014\/06\/Logosite_congresso_acessibilidade_021.png","contentUrl":"http:\/\/www.congressodeacessibilidade.com\/wp-content\/uploads\/2014\/06\/Logosite_congresso_acessibilidade_021.png"},{"@type":"BreadcrumbList","@id":"https:\/\/inclusivenews.com.br\/?p=27952#breadcrumb","itemListElement":[{"@type":"ListItem","position":1,"name":"In\u00edcio","item":"https:\/\/inclusivenews.com.br\/"},{"@type":"ListItem","position":2,"name":"Congresso de Acessibilidade online volta a ser exibido em abril"}]},{"@type":"WebSite","@id":"https:\/\/inclusivenews.com.br\/#website","url":"https:\/\/inclusivenews.com.br\/","name":"Inclusive News","description":"Inclusive News","publisher":{"@id":"https:\/\/inclusivenews.com.br\/#organization"},"potentialAction":[{"@type":"SearchAction","target":{"@type":"EntryPoint","urlTemplate":"https:\/\/inclusivenews.com.br\/?s={search_term_string}"},"query-input":{"@type":"PropertyValueSpecification","valueRequired":true,"valueName":"search_term_string"}}],"inLanguage":"pt-PT"},{"@type":"Organization","@id":"https:\/\/inclusivenews.com.br\/#organization","name":"Inclusive - inclus\u00e3o e cidadania","url":"https:\/\/inclusivenews.com.br\/","logo":{"@type":"ImageObject","inLanguage":"pt-PT","@id":"https:\/\/inclusivenews.com.br\/#\/schema\/logo\/image\/","url":"https:\/\/inclusivenews.com.br\/wp-content\/uploads\/2024\/03\/@grandesite.png","contentUrl":"https:\/\/inclusivenews.com.br\/wp-content\/uploads\/2024\/03\/@grandesite.png","width":1080,"height":1080,"caption":"Inclusive - inclus\u00e3o e cidadania"},"image":{"@id":"https:\/\/inclusivenews.com.br\/#\/schema\/logo\/image\/"},"sameAs":["https:\/\/www.facebook.com\/agenciainclusive\/","https:\/\/www.instagram.com\/newsinclusive\/"]},{"@type":"Person","@id":"https:\/\/inclusivenews.com.br\/#\/schema\/person\/ae4ec7087559b8692fb33b6fffd2273b","name":"inclusivenews2024","image":{"@type":"ImageObject","inLanguage":"pt-PT","@id":"https:\/\/secure.gravatar.com\/avatar\/c5a7ef84c66fa914f55bc4f7ce26cfa275a3b9a1c5568b907bd184fb4dde7b40?s=96&d=mm&r=g","url":"https:\/\/secure.gravatar.com\/avatar\/c5a7ef84c66fa914f55bc4f7ce26cfa275a3b9a1c5568b907bd184fb4dde7b40?s=96&d=mm&r=g","contentUrl":"https:\/\/secure.gravatar.com\/avatar\/c5a7ef84c66fa914f55bc4f7ce26cfa275a3b9a1c5568b907bd184fb4dde7b40?s=96&d=mm&r=g","caption":"inclusivenews2024"},"sameAs":["https:\/\/inclusivenews.com.br"],"url":"https:\/\/inclusivenews.com.br\/?author=1"}]}},"_links":{"self":[{"href":"https:\/\/inclusivenews.com.br\/index.php?rest_route=\/wp\/v2\/posts\/27952","targetHints":{"allow":["GET"]}}],"collection":[{"href":"https:\/\/inclusivenews.com.br\/index.php?rest_route=\/wp\/v2\/posts"}],"about":[{"href":"https:\/\/inclusivenews.com.br\/index.php?rest_route=\/wp\/v2\/types\/post"}],"author":[{"embeddable":true,"href":"https:\/\/inclusivenews.com.br\/index.php?rest_route=\/wp\/v2\/users\/1"}],"replies":[{"embeddable":true,"href":"https:\/\/inclusivenews.com.br\/index.php?rest_route=%2Fwp%2Fv2%2Fcomments&post=27952"}],"version-history":[{"count":0,"href":"https:\/\/inclusivenews.com.br\/index.php?rest_route=\/wp\/v2\/posts\/27952\/revisions"}],"wp:attachment":[{"href":"https:\/\/inclusivenews.com.br\/index.php?rest_route=%2Fwp%2Fv2%2Fmedia&parent=27952"}],"wp:term":[{"taxonomy":"category","embeddable":true,"href":"https:\/\/inclusivenews.com.br\/index.php?rest_route=%2Fwp%2Fv2%2Fcategories&post=27952"},{"taxonomy":"post_tag","embeddable":true,"href":"https:\/\/inclusivenews.com.br\/index.php?rest_route=%2Fwp%2Fv2%2Ftags&post=27952"}],"curies":[{"name":"wp","href":"https:\/\/api.w.org\/{rel}","templated":true}]}}