{"id":27955,"date":"2015-04-14T11:08:02","date_gmt":"2015-04-14T14:08:02","guid":{"rendered":"http:\/\/www.inclusive.org.br\/?p=27955"},"modified":"2015-04-14T11:08:02","modified_gmt":"2015-04-14T14:08:02","slug":"inclusao-em-pauta-debates-sobre-midia-bioetica-educacao-politicas-publicas-e-comportamento","status":"publish","type":"post","link":"https:\/\/inclusivenews.com.br\/?p=27955","title":{"rendered":"Inclus\u00e3o em pauta: debates sobre m\u00eddia, bio\u00e9tica, educa\u00e7\u00e3o, pol\u00edticas p\u00fablicas e comportamento"},"content":{"rendered":"<p>&#8220;Inclus\u00e3o em pauta: debates sobre m\u00eddia, bio\u00e9tica, educa\u00e7\u00e3o, pol\u00edticas p\u00fablicas e comportamento&#8221; \u00e9 o t\u00edtulo do e-book rec\u00e9m lan\u00e7ado por Lucio Carvalho, Coordenador-Geral da Inclusive &#8211; Inclus\u00e3o e Cidadania. O e-book pode ser obtido diretamente na livraria Amazon.com, para ser lido no Kindle e tamb\u00e9m nos aplicativos dispon\u00edveis para Windows, iOS, Android e Windows Phone.<\/p>\n<p><img loading=\"lazy\" decoding=\"async\" class=\"alignnone  wp-image-27956\" title=\"Inclus\u00e3o em pauta: debates sobre m\u00eddia, bio\u00e9tica, educa\u00e7\u00e3o, pol\u00edticas p\u00fablicas e comportamento, por Lucio Carvalho. Amazon Books. A capa do livro inclinada em um ret\u00e2ngulo bicolor.\" alt=\"Inclus\u00e3o em pauta: debates sobre m\u00eddia, bio\u00e9tica, educa\u00e7\u00e3o, pol\u00edticas p\u00fablicas e comportamento, por Lucio Carvalho. Amazon Books. A capa do livro inclinada em um ret\u00e2ngulo bicolor.\" src=\"http:\/\/inclusivenews.com.br\/wp-content\/uploads\/publicidade.jpg\" width=\"394\" height=\"296\" \/><\/p>\n<p><a href=\"https:\/\/www.amazon.com.br\/gp\/digital\/fiona\/kcp-landing-page?ie=UTF8&amp;ref_=nav_karlall\" target=\"_blank\" rel=\"noopener\">Fa\u00e7a download gratuito dos aplicativos Kindle a partir deste link.<\/a><\/p>\n<p>O livro \u00e9 resultado da compila\u00e7\u00e3o de dezenas de artigos, ensaios e cr\u00f4nicas publicados ao longo dos \u00faltimos sete anos em diversos meios de comunica\u00e7\u00e3o. S\u00e3o textos que procuram debater quest\u00f5es como a educa\u00e7\u00e3o inclusiva, as rela\u00e7\u00f5es da tem\u00e1tica inclusiva com os meios de comunica\u00e7\u00e3o social, a bio\u00e9tica, a quest\u00e3o das pol\u00edticas p\u00fablicas educacionais e muitas outras. Destina-se a todos os interessados nestes assuntos, especialmente os profissionais da educa\u00e7\u00e3o, profissionais da \u00e1rea de sa\u00fade, terapeutas, ativistas, jornalistas e, principalmente, pessoas com defici\u00eancia e suas fam\u00edlias.<\/p>\n<p><a href=\"http:\/\/www.amazon.com.br\/Inclus%C3%A3o-pauta-bio%C3%A9tica-pol%C3%ADticas-comportamento-ebook\/dp\/B00VYUTQTG\/ref=sr_1_1?s=digital-text&amp;ie=UTF8&amp;qid=1429019701&amp;sr=1-1&amp;keywords=inclus%C3%A3o+em+pauta\" target=\"_blank\" rel=\"noopener\">Use este link para adquirir o livro diretamente na Amazon.com.<\/a><\/p>\n<p>Trata-se de um volume que re\u00fane textos publicados em diversas revistas e ve\u00edculos de m\u00eddia nos \u00faltimos anos e que n\u00e3o pretendem encerrar conclus\u00f5es, mas ensejar o debate. Da\u00ed o t\u00edtulo. Em breve o livro dever\u00e1 ser lan\u00e7ado tamb\u00e9m em diversas plataformas digitais, como Kindle, Kobo, Lev e uma nova vers\u00e3o acess\u00edvel gratuita. Por enquanto, continua dispon\u00edvel apenas a vers\u00e3o para Kindle, comercializada na Amazon.<\/p>\n<p><b>Da &#8220;Apresenta\u00e7\u00e3o&#8221;<\/b><\/p>\n<p>&#8220;(&#8230;) A ideia de reunir em um \u00fanico volume os textos e artigos aqui apresentados vem sendo gestada e pensada desde h\u00e1 alguns anos, a partir de sugest\u00f5es de amigos e leitores que desejariam encontrar com maior facilidade textos que foram publicados originalmente de forma dispersa, em muitos de meios de comunica\u00e7\u00e3o. Pois aquilo que nasceu de forma despretensiosa encontra agora uma forma de viabilizar-se. A voca\u00e7\u00e3o inicial destes textos, ainda que muitos tenham sido objeto de revis\u00e3o, permanece intocada: s\u00e3o essencialmente artigos de discuss\u00e3o nos quais os processos de inclus\u00e3o e exclus\u00e3o social s\u00e3o esmiu\u00e7ados desde o ponto de vista da cr\u00edtica pol\u00edtica e da an\u00e1lise institucional at\u00e9 a realidade do ponto de vista mais pessoal.<\/p>\n<p>(&#8230;)<\/p>\n<p>Acima de tudo, os textos deste livro s\u00e3o esfor\u00e7os realizados no sentido de dialogar com outros setores sociais que n\u00e3o apenas os diretamente envolvidos e interessados nas quest\u00f5es a respeito da defici\u00eancia e da inclus\u00e3o social de um modo geral. Falar para fora da aldeia, invocar a visibilidade sempre desej\u00e1vel e buscar por provocar a sociedade a refletir sobre tem\u00e1ticas inerentes a uma parcela da popula\u00e7\u00e3o que cada vez mais busca seu protagonismo s\u00e3o as ideias que sempre fundamentaram o esp\u00edrito pretendido em sua elabora\u00e7\u00e3o e escrita.&#8221;<\/p>\n<p>&nbsp;<\/p>\n","protected":false},"excerpt":{"rendered":"<p>O livro \u00e9 resultado da compila\u00e7\u00e3o de dezenas de artigos, ensaios e cr\u00f4nicas publicados ao longo dos \u00faltimos sete anos em diversos meios de comunica\u00e7\u00e3o. S\u00e3o textos que procuram debater quest\u00f5es como a educa\u00e7\u00e3o inclusiva, as rela\u00e7\u00f5es da tem\u00e1tica inclusiva com os meios de comunica\u00e7\u00e3o social, a bio\u00e9tica, a quest\u00e3o das pol\u00edticas p\u00fablicas educacionais e muitas outras. Destina-se a todos os interessados nestes assuntos, especialmente os profissionais da educa\u00e7\u00e3o, profissionais da \u00e1rea de sa\u00fade, terapeutas, ativistas, jornalistas e, principalmente, pessoas com defici\u00eancia e suas fam\u00edlias.<\/p>\n","protected":false},"author":1,"featured_media":0,"comment_status":"open","ping_status":"open","sticky":false,"template":"","format":"standard","meta":{"site-container-style":"default","site-container-layout":"default","site-sidebar-layout":"default","disable-article-header":"default","disable-site-header":"default","disable-site-footer":"default","disable-content-area-spacing":"default","footnotes":""},"categories":[50,51],"tags":[122,102,324,126,325],"class_list":["post-27955","post","type-post","status-publish","format-standard","hentry","category-lancamentos","category-livros","tag-bioetica","tag-comportamento","tag-e-book","tag-educacao-inclusiva","tag-politicas-publicas-2"],"yoast_head":"<!-- This site is optimized with the Yoast SEO plugin v27.4 - https:\/\/yoast.com\/product\/yoast-seo-wordpress\/ -->\n<title>Inclus\u00e3o em pauta: debates sobre m\u00eddia, bio\u00e9tica, educa\u00e7\u00e3o, pol\u00edticas p\u00fablicas e comportamento -<\/title>\n<meta name=\"robots\" content=\"index, follow, max-snippet:-1, max-image-preview:large, max-video-preview:-1\" \/>\n<link rel=\"canonical\" href=\"https:\/\/inclusivenews.com.br\/?p=27955\" \/>\n<meta property=\"og:locale\" content=\"pt_PT\" \/>\n<meta property=\"og:type\" content=\"article\" \/>\n<meta property=\"og:title\" content=\"Inclus\u00e3o em pauta: debates sobre m\u00eddia, bio\u00e9tica, educa\u00e7\u00e3o, pol\u00edticas p\u00fablicas e comportamento -\" \/>\n<meta property=\"og:description\" content=\"O livro \u00e9 resultado da compila\u00e7\u00e3o de dezenas de artigos, ensaios e cr\u00f4nicas publicados ao longo dos \u00faltimos sete anos em diversos meios de comunica\u00e7\u00e3o. S\u00e3o textos que procuram debater quest\u00f5es como a educa\u00e7\u00e3o inclusiva, as rela\u00e7\u00f5es da tem\u00e1tica inclusiva com os meios de comunica\u00e7\u00e3o social, a bio\u00e9tica, a quest\u00e3o das pol\u00edticas p\u00fablicas educacionais e muitas outras. Destina-se a todos os interessados nestes assuntos, especialmente os profissionais da educa\u00e7\u00e3o, profissionais da \u00e1rea de sa\u00fade, terapeutas, ativistas, jornalistas e, principalmente, pessoas com defici\u00eancia e suas fam\u00edlias.\" \/>\n<meta property=\"og:url\" content=\"https:\/\/inclusivenews.com.br\/?p=27955\" \/>\n<meta property=\"article:publisher\" content=\"https:\/\/www.facebook.com\/agenciainclusive\/\" \/>\n<meta property=\"article:published_time\" content=\"2015-04-14T14:08:02+00:00\" \/>\n<meta property=\"og:image\" content=\"http:\/\/inclusivenews.com.br\/wp-content\/uploads\/publicidade.jpg\" \/>\n<meta name=\"author\" content=\"inclusivenews2024\" \/>\n<meta name=\"twitter:card\" content=\"summary_large_image\" \/>\n<meta name=\"twitter:label1\" content=\"Escrito por\" \/>\n\t<meta name=\"twitter:data1\" content=\"inclusivenews2024\" \/>\n\t<meta name=\"twitter:label2\" content=\"Tempo estimado de leitura\" \/>\n\t<meta name=\"twitter:data2\" content=\"2 minutos\" \/>\n<script type=\"application\/ld+json\" class=\"yoast-schema-graph\">{\"@context\":\"https:\\\/\\\/schema.org\",\"@graph\":[{\"@type\":\"Article\",\"@id\":\"https:\\\/\\\/inclusivenews.com.br\\\/?p=27955#article\",\"isPartOf\":{\"@id\":\"https:\\\/\\\/inclusivenews.com.br\\\/?p=27955\"},\"author\":{\"name\":\"inclusivenews2024\",\"@id\":\"https:\\\/\\\/inclusivenews.com.br\\\/#\\\/schema\\\/person\\\/ae4ec7087559b8692fb33b6fffd2273b\"},\"headline\":\"Inclus\u00e3o em pauta: debates sobre m\u00eddia, bio\u00e9tica, educa\u00e7\u00e3o, pol\u00edticas p\u00fablicas e comportamento\",\"datePublished\":\"2015-04-14T14:08:02+00:00\",\"mainEntityOfPage\":{\"@id\":\"https:\\\/\\\/inclusivenews.com.br\\\/?p=27955\"},\"wordCount\":517,\"commentCount\":0,\"publisher\":{\"@id\":\"https:\\\/\\\/inclusivenews.com.br\\\/#organization\"},\"image\":{\"@id\":\"https:\\\/\\\/inclusivenews.com.br\\\/?p=27955#primaryimage\"},\"thumbnailUrl\":\"http:\\\/\\\/inclusivenews.com.br\\\/wp-content\\\/uploads\\\/publicidade.jpg\",\"keywords\":[\"Bio\u00e9tica\",\"Comportamento\",\"e-book\",\"Educa\u00e7\u00e3o inclusiva\",\"pol\u00edticas p\u00fablicas\"],\"articleSection\":[\"Lan\u00e7amentos\",\"Livros\"],\"inLanguage\":\"pt-PT\",\"potentialAction\":[{\"@type\":\"CommentAction\",\"name\":\"Comment\",\"target\":[\"https:\\\/\\\/inclusivenews.com.br\\\/?p=27955#respond\"]}]},{\"@type\":\"WebPage\",\"@id\":\"https:\\\/\\\/inclusivenews.com.br\\\/?p=27955\",\"url\":\"https:\\\/\\\/inclusivenews.com.br\\\/?p=27955\",\"name\":\"Inclus\u00e3o em pauta: debates sobre m\u00eddia, bio\u00e9tica, educa\u00e7\u00e3o, pol\u00edticas p\u00fablicas e comportamento -\",\"isPartOf\":{\"@id\":\"https:\\\/\\\/inclusivenews.com.br\\\/#website\"},\"primaryImageOfPage\":{\"@id\":\"https:\\\/\\\/inclusivenews.com.br\\\/?p=27955#primaryimage\"},\"image\":{\"@id\":\"https:\\\/\\\/inclusivenews.com.br\\\/?p=27955#primaryimage\"},\"thumbnailUrl\":\"http:\\\/\\\/inclusivenews.com.br\\\/wp-content\\\/uploads\\\/publicidade.jpg\",\"datePublished\":\"2015-04-14T14:08:02+00:00\",\"breadcrumb\":{\"@id\":\"https:\\\/\\\/inclusivenews.com.br\\\/?p=27955#breadcrumb\"},\"inLanguage\":\"pt-PT\",\"potentialAction\":[{\"@type\":\"ReadAction\",\"target\":[\"https:\\\/\\\/inclusivenews.com.br\\\/?p=27955\"]}]},{\"@type\":\"ImageObject\",\"inLanguage\":\"pt-PT\",\"@id\":\"https:\\\/\\\/inclusivenews.com.br\\\/?p=27955#primaryimage\",\"url\":\"\",\"contentUrl\":\"\"},{\"@type\":\"BreadcrumbList\",\"@id\":\"https:\\\/\\\/inclusivenews.com.br\\\/?p=27955#breadcrumb\",\"itemListElement\":[{\"@type\":\"ListItem\",\"position\":1,\"name\":\"In\u00edcio\",\"item\":\"https:\\\/\\\/inclusivenews.com.br\\\/\"},{\"@type\":\"ListItem\",\"position\":2,\"name\":\"Inclus\u00e3o em pauta: debates sobre m\u00eddia, bio\u00e9tica, educa\u00e7\u00e3o, pol\u00edticas p\u00fablicas e comportamento\"}]},{\"@type\":\"WebSite\",\"@id\":\"https:\\\/\\\/inclusivenews.com.br\\\/#website\",\"url\":\"https:\\\/\\\/inclusivenews.com.br\\\/\",\"name\":\"Inclusive News\",\"description\":\"Inclusive News\",\"publisher\":{\"@id\":\"https:\\\/\\\/inclusivenews.com.br\\\/#organization\"},\"potentialAction\":[{\"@type\":\"SearchAction\",\"target\":{\"@type\":\"EntryPoint\",\"urlTemplate\":\"https:\\\/\\\/inclusivenews.com.br\\\/?s={search_term_string}\"},\"query-input\":{\"@type\":\"PropertyValueSpecification\",\"valueRequired\":true,\"valueName\":\"search_term_string\"}}],\"inLanguage\":\"pt-PT\"},{\"@type\":\"Organization\",\"@id\":\"https:\\\/\\\/inclusivenews.com.br\\\/#organization\",\"name\":\"Inclusive - inclus\u00e3o e cidadania\",\"url\":\"https:\\\/\\\/inclusivenews.com.br\\\/\",\"logo\":{\"@type\":\"ImageObject\",\"inLanguage\":\"pt-PT\",\"@id\":\"https:\\\/\\\/inclusivenews.com.br\\\/#\\\/schema\\\/logo\\\/image\\\/\",\"url\":\"https:\\\/\\\/inclusivenews.com.br\\\/wp-content\\\/uploads\\\/2024\\\/03\\\/@grandesite.png\",\"contentUrl\":\"https:\\\/\\\/inclusivenews.com.br\\\/wp-content\\\/uploads\\\/2024\\\/03\\\/@grandesite.png\",\"width\":1080,\"height\":1080,\"caption\":\"Inclusive - inclus\u00e3o e cidadania\"},\"image\":{\"@id\":\"https:\\\/\\\/inclusivenews.com.br\\\/#\\\/schema\\\/logo\\\/image\\\/\"},\"sameAs\":[\"https:\\\/\\\/www.facebook.com\\\/agenciainclusive\\\/\",\"https:\\\/\\\/www.instagram.com\\\/newsinclusive\\\/\"]},{\"@type\":\"Person\",\"@id\":\"https:\\\/\\\/inclusivenews.com.br\\\/#\\\/schema\\\/person\\\/ae4ec7087559b8692fb33b6fffd2273b\",\"name\":\"inclusivenews2024\",\"image\":{\"@type\":\"ImageObject\",\"inLanguage\":\"pt-PT\",\"@id\":\"https:\\\/\\\/secure.gravatar.com\\\/avatar\\\/c5a7ef84c66fa914f55bc4f7ce26cfa275a3b9a1c5568b907bd184fb4dde7b40?s=96&d=mm&r=g\",\"url\":\"https:\\\/\\\/secure.gravatar.com\\\/avatar\\\/c5a7ef84c66fa914f55bc4f7ce26cfa275a3b9a1c5568b907bd184fb4dde7b40?s=96&d=mm&r=g\",\"contentUrl\":\"https:\\\/\\\/secure.gravatar.com\\\/avatar\\\/c5a7ef84c66fa914f55bc4f7ce26cfa275a3b9a1c5568b907bd184fb4dde7b40?s=96&d=mm&r=g\",\"caption\":\"inclusivenews2024\"},\"sameAs\":[\"https:\\\/\\\/inclusivenews.com.br\"],\"url\":\"https:\\\/\\\/inclusivenews.com.br\\\/?author=1\"}]}<\/script>\n<!-- \/ Yoast SEO plugin. -->","yoast_head_json":{"title":"Inclus\u00e3o em pauta: debates sobre m\u00eddia, bio\u00e9tica, educa\u00e7\u00e3o, pol\u00edticas p\u00fablicas e comportamento -","robots":{"index":"index","follow":"follow","max-snippet":"max-snippet:-1","max-image-preview":"max-image-preview:large","max-video-preview":"max-video-preview:-1"},"canonical":"https:\/\/inclusivenews.com.br\/?p=27955","og_locale":"pt_PT","og_type":"article","og_title":"Inclus\u00e3o em pauta: debates sobre m\u00eddia, bio\u00e9tica, educa\u00e7\u00e3o, pol\u00edticas p\u00fablicas e comportamento -","og_description":"O livro \u00e9 resultado da compila\u00e7\u00e3o de dezenas de artigos, ensaios e cr\u00f4nicas publicados ao longo dos \u00faltimos sete anos em diversos meios de comunica\u00e7\u00e3o. S\u00e3o textos que procuram debater quest\u00f5es como a educa\u00e7\u00e3o inclusiva, as rela\u00e7\u00f5es da tem\u00e1tica inclusiva com os meios de comunica\u00e7\u00e3o social, a bio\u00e9tica, a quest\u00e3o das pol\u00edticas p\u00fablicas educacionais e muitas outras. Destina-se a todos os interessados nestes assuntos, especialmente os profissionais da educa\u00e7\u00e3o, profissionais da \u00e1rea de sa\u00fade, terapeutas, ativistas, jornalistas e, principalmente, pessoas com defici\u00eancia e suas fam\u00edlias.","og_url":"https:\/\/inclusivenews.com.br\/?p=27955","article_publisher":"https:\/\/www.facebook.com\/agenciainclusive\/","article_published_time":"2015-04-14T14:08:02+00:00","og_image":[{"url":"http:\/\/inclusivenews.com.br\/wp-content\/uploads\/publicidade.jpg","type":"","width":"","height":""}],"author":"inclusivenews2024","twitter_card":"summary_large_image","twitter_misc":{"Escrito por":"inclusivenews2024","Tempo estimado de leitura":"2 minutos"},"schema":{"@context":"https:\/\/schema.org","@graph":[{"@type":"Article","@id":"https:\/\/inclusivenews.com.br\/?p=27955#article","isPartOf":{"@id":"https:\/\/inclusivenews.com.br\/?p=27955"},"author":{"name":"inclusivenews2024","@id":"https:\/\/inclusivenews.com.br\/#\/schema\/person\/ae4ec7087559b8692fb33b6fffd2273b"},"headline":"Inclus\u00e3o em pauta: debates sobre m\u00eddia, bio\u00e9tica, educa\u00e7\u00e3o, pol\u00edticas p\u00fablicas e comportamento","datePublished":"2015-04-14T14:08:02+00:00","mainEntityOfPage":{"@id":"https:\/\/inclusivenews.com.br\/?p=27955"},"wordCount":517,"commentCount":0,"publisher":{"@id":"https:\/\/inclusivenews.com.br\/#organization"},"image":{"@id":"https:\/\/inclusivenews.com.br\/?p=27955#primaryimage"},"thumbnailUrl":"http:\/\/inclusivenews.com.br\/wp-content\/uploads\/publicidade.jpg","keywords":["Bio\u00e9tica","Comportamento","e-book","Educa\u00e7\u00e3o inclusiva","pol\u00edticas p\u00fablicas"],"articleSection":["Lan\u00e7amentos","Livros"],"inLanguage":"pt-PT","potentialAction":[{"@type":"CommentAction","name":"Comment","target":["https:\/\/inclusivenews.com.br\/?p=27955#respond"]}]},{"@type":"WebPage","@id":"https:\/\/inclusivenews.com.br\/?p=27955","url":"https:\/\/inclusivenews.com.br\/?p=27955","name":"Inclus\u00e3o em pauta: debates sobre m\u00eddia, bio\u00e9tica, educa\u00e7\u00e3o, pol\u00edticas p\u00fablicas e comportamento -","isPartOf":{"@id":"https:\/\/inclusivenews.com.br\/#website"},"primaryImageOfPage":{"@id":"https:\/\/inclusivenews.com.br\/?p=27955#primaryimage"},"image":{"@id":"https:\/\/inclusivenews.com.br\/?p=27955#primaryimage"},"thumbnailUrl":"http:\/\/inclusivenews.com.br\/wp-content\/uploads\/publicidade.jpg","datePublished":"2015-04-14T14:08:02+00:00","breadcrumb":{"@id":"https:\/\/inclusivenews.com.br\/?p=27955#breadcrumb"},"inLanguage":"pt-PT","potentialAction":[{"@type":"ReadAction","target":["https:\/\/inclusivenews.com.br\/?p=27955"]}]},{"@type":"ImageObject","inLanguage":"pt-PT","@id":"https:\/\/inclusivenews.com.br\/?p=27955#primaryimage","url":"","contentUrl":""},{"@type":"BreadcrumbList","@id":"https:\/\/inclusivenews.com.br\/?p=27955#breadcrumb","itemListElement":[{"@type":"ListItem","position":1,"name":"In\u00edcio","item":"https:\/\/inclusivenews.com.br\/"},{"@type":"ListItem","position":2,"name":"Inclus\u00e3o em pauta: debates sobre m\u00eddia, bio\u00e9tica, educa\u00e7\u00e3o, pol\u00edticas p\u00fablicas e comportamento"}]},{"@type":"WebSite","@id":"https:\/\/inclusivenews.com.br\/#website","url":"https:\/\/inclusivenews.com.br\/","name":"Inclusive News","description":"Inclusive News","publisher":{"@id":"https:\/\/inclusivenews.com.br\/#organization"},"potentialAction":[{"@type":"SearchAction","target":{"@type":"EntryPoint","urlTemplate":"https:\/\/inclusivenews.com.br\/?s={search_term_string}"},"query-input":{"@type":"PropertyValueSpecification","valueRequired":true,"valueName":"search_term_string"}}],"inLanguage":"pt-PT"},{"@type":"Organization","@id":"https:\/\/inclusivenews.com.br\/#organization","name":"Inclusive - inclus\u00e3o e cidadania","url":"https:\/\/inclusivenews.com.br\/","logo":{"@type":"ImageObject","inLanguage":"pt-PT","@id":"https:\/\/inclusivenews.com.br\/#\/schema\/logo\/image\/","url":"https:\/\/inclusivenews.com.br\/wp-content\/uploads\/2024\/03\/@grandesite.png","contentUrl":"https:\/\/inclusivenews.com.br\/wp-content\/uploads\/2024\/03\/@grandesite.png","width":1080,"height":1080,"caption":"Inclusive - inclus\u00e3o e cidadania"},"image":{"@id":"https:\/\/inclusivenews.com.br\/#\/schema\/logo\/image\/"},"sameAs":["https:\/\/www.facebook.com\/agenciainclusive\/","https:\/\/www.instagram.com\/newsinclusive\/"]},{"@type":"Person","@id":"https:\/\/inclusivenews.com.br\/#\/schema\/person\/ae4ec7087559b8692fb33b6fffd2273b","name":"inclusivenews2024","image":{"@type":"ImageObject","inLanguage":"pt-PT","@id":"https:\/\/secure.gravatar.com\/avatar\/c5a7ef84c66fa914f55bc4f7ce26cfa275a3b9a1c5568b907bd184fb4dde7b40?s=96&d=mm&r=g","url":"https:\/\/secure.gravatar.com\/avatar\/c5a7ef84c66fa914f55bc4f7ce26cfa275a3b9a1c5568b907bd184fb4dde7b40?s=96&d=mm&r=g","contentUrl":"https:\/\/secure.gravatar.com\/avatar\/c5a7ef84c66fa914f55bc4f7ce26cfa275a3b9a1c5568b907bd184fb4dde7b40?s=96&d=mm&r=g","caption":"inclusivenews2024"},"sameAs":["https:\/\/inclusivenews.com.br"],"url":"https:\/\/inclusivenews.com.br\/?author=1"}]}},"_links":{"self":[{"href":"https:\/\/inclusivenews.com.br\/index.php?rest_route=\/wp\/v2\/posts\/27955","targetHints":{"allow":["GET"]}}],"collection":[{"href":"https:\/\/inclusivenews.com.br\/index.php?rest_route=\/wp\/v2\/posts"}],"about":[{"href":"https:\/\/inclusivenews.com.br\/index.php?rest_route=\/wp\/v2\/types\/post"}],"author":[{"embeddable":true,"href":"https:\/\/inclusivenews.com.br\/index.php?rest_route=\/wp\/v2\/users\/1"}],"replies":[{"embeddable":true,"href":"https:\/\/inclusivenews.com.br\/index.php?rest_route=%2Fwp%2Fv2%2Fcomments&post=27955"}],"version-history":[{"count":0,"href":"https:\/\/inclusivenews.com.br\/index.php?rest_route=\/wp\/v2\/posts\/27955\/revisions"}],"wp:attachment":[{"href":"https:\/\/inclusivenews.com.br\/index.php?rest_route=%2Fwp%2Fv2%2Fmedia&parent=27955"}],"wp:term":[{"taxonomy":"category","embeddable":true,"href":"https:\/\/inclusivenews.com.br\/index.php?rest_route=%2Fwp%2Fv2%2Fcategories&post=27955"},{"taxonomy":"post_tag","embeddable":true,"href":"https:\/\/inclusivenews.com.br\/index.php?rest_route=%2Fwp%2Fv2%2Ftags&post=27955"}],"curies":[{"name":"wp","href":"https:\/\/api.w.org\/{rel}","templated":true}]}}