{"id":27969,"date":"2015-04-16T13:24:36","date_gmt":"2015-04-16T16:24:36","guid":{"rendered":"http:\/\/www.inclusive.org.br\/?p=27969"},"modified":"2015-04-16T13:24:36","modified_gmt":"2015-04-16T16:24:36","slug":"cct-aprova-projeto-que-assegura-acessibilidade-em-portais-publicos","status":"publish","type":"post","link":"https:\/\/inclusivenews.com.br\/?p=27969","title":{"rendered":"CCT aprova projeto que assegura acessibilidade em portais p\u00fablicos"},"content":{"rendered":"<figure style=\"width: 516px\" class=\"wp-caption alignnone\"><img loading=\"lazy\" decoding=\"async\" class=\"   \" alt=\"Senador Cristovam Buarque entre tr\u00eas pessoas.\" src=\"http:\/\/www12.senado.gov.br\/noticias\/materias\/2015\/04\/14\/cct-aprova-projeto-que-assegura-acessibilidade-em-portais-publicos\/20150414_00267e.jpg\/@@images\/image\/imagem_materia\" width=\"516\" height=\"342\" \/><figcaption class=\"wp-caption-text\">Edilson Rodrigues\/Ag\u00eancia Senado<\/figcaption><\/figure>\n<p>A Comiss\u00e3o de Ci\u00eancia, Tecnologia, Inova\u00e7\u00e3o, Comunica\u00e7\u00e3o e Inform\u00e1tica (CCT) aprovou, nesta ter\u00e7a-feira (14), projeto de lei da C\u00e2mara dos Deputados que pretende garantir acessibilidade aos portais p\u00fablicos e aos sites de interesse p\u00fablico. O projeto (<a href=\"http:\/\/www.senado.leg.br\/atividade\/materia\/detalhes.asp?p_cod_mate=108639\">PLC 106\/2012<\/a>) altera a Lei de Acessibilidade (<a href=\"http:\/\/www.planalto.gov.br\/ccivil_03\/leis\/l10098.htm\">Lei 10.098\/2000<\/a>) e reconceitua \u201cbarreiras nas comunica\u00e7\u00f5es\u201d, para incluir expressamente os portais p\u00fablicos ou de interesse p\u00fablico na internet.<\/p>\n<p>Originado de sugest\u00e3o da Associa\u00e7\u00e3o Brasileira de Acessibilidade (Abra), o texto inclui esses meios entre os sistemas de comunica\u00e7\u00e3o para os quais o poder p\u00fablico se obriga a promover solu\u00e7\u00f5es t\u00e9cnicas. O objetivo \u00e9 torn\u00e1-los acess\u00edveis a pessoas com defici\u00eancia sensorial e com dificuldade de comunica\u00e7\u00e3o.<\/p>\n<p>O relator, senador Cristovam Buarque (PDT-DF), que tamb\u00e9m preside a comiss\u00e3o, recomendou a aprova\u00e7\u00e3o da mat\u00e9ria. A seu ver, mais do que o acesso puro e simples a informa\u00e7\u00f5es, a altera\u00e7\u00e3o legal proporcionar\u00e1 a expans\u00e3o do exerc\u00edcio da cidadania plena aos portadores de defici\u00eancia, ao responsabilizar o setor p\u00fablico por encontrar \u201cmecanismos que permitam \u00e0 pessoa deficiente, principalmente ao portador de defici\u00eancia sensorial ou de comunica\u00e7\u00e3o, a apreens\u00e3o e compreens\u00e3o de conte\u00fados veiculados por esses portais\u201d.<\/p>\n<p>Durante o debate, o senador Omar Aziz (PSD-AM) sugeriu que a comiss\u00e3o tamb\u00e9m ou\u00e7a diretamente as associa\u00e7\u00f5es de pessoas com defici\u00eancia, buscando saber como podem ser ajudadas por meio de solu\u00e7\u00f5es tecnol\u00f3gicas. Em resposta, Cristovam sugeriu que seja promovida uma audi\u00eancia p\u00fablica com esse prop\u00f3sito.<\/p>\n<p>Ser\u00e1 ainda preparado requerimento visando confirmar a audi\u00eancia, com a previs\u00e3o de que seja uma promo\u00e7\u00e3o em conjunto com a Comiss\u00e3o de Direitos Humanos e Legisla\u00e7\u00e3o Participativa (CDH). Essa \u00e9 a comiss\u00e3o encarregada da pr\u00f3xima etapa de exame do projeto, que depois ser\u00e1 levado a Plen\u00e1rio para decis\u00e3o final.<\/p>\n<h3><strong>Debate com ministro<\/strong><\/h3>\n<p>A comiss\u00e3o tamb\u00e9m aprovou no dia requerimentos de Cristovam prevendo uma s\u00e9rie de quatro audi\u00eancias, que ter\u00e3o como finalidade aprofundar discuss\u00f5es sobre a quest\u00e3o da ci\u00eancia, tecnologia, inova\u00e7\u00e3o e competitividade no pa\u00eds. Um dos debates ter\u00e1 como convidado o ministro do Desenvolvimento, Ind\u00fastria e Com\u00e9rcio Exterior, Armando Monteiro Neto, que ser\u00e1 chamado a falar sobre a agenda e prioridades da sua pasta para o bi\u00eanio 2015\/2016.<\/p>\n<p>Um segundo requerimento trata da realiza\u00e7\u00e3o de audi\u00eancia que abrir\u00e1 ciclo de avalia\u00e7\u00e3o sobre a forma\u00e7\u00e3o de recursos humanos para a ci\u00eancia, tecnologia e inova\u00e7\u00e3o, com especial enfoque para o Programa Ci\u00eancia sem Fronteiras. Com esse programa, o governo intensificou a concess\u00e3o de bolsas de est\u00e1gio no exterior, para alunos de gradua\u00e7\u00e3o e p\u00f3s-gradua\u00e7\u00e3o. A inten\u00e7\u00e3o \u00e9 que os estudantes possam travar contato com sistemas educacionais mais avan\u00e7ados em pesquisa.<\/p>\n<p>\u2014 \u00c9 um projeto maravilhoso, mas precisamos saber o que [os bolsistas] est\u00e3o estudando l\u00e1 e se vai servir ao Brasil ou n\u00e3o \u2014 comentou Omar, em apoio ao requerimento.<\/p>\n<p>Ser\u00e3o convidados os presidentes da Coordena\u00e7\u00e3o de Aperfei\u00e7oamento de Pessoal de N\u00edvel Superior (Capes), vinculada ao Minist\u00e9rio da Educa\u00e7\u00e3o, e do Conselho Nacional de Desenvolvimento Cient\u00edfico e Tecnol\u00f3gico (CNPq), \u00f3rg\u00e3o do Minist\u00e9rio da Ci\u00eancia, Tecnologia e Inova\u00e7\u00e3o. Tamb\u00e9m ser\u00e1 chamado um representante da Sociedade Brasileira para o Progresso da Ci\u00eancia (SBPC), al\u00e9m do professor Isaac Roitman, da Academia Brasileira de Ci\u00eancias (ABC).<\/p>\n<p>A avalia\u00e7\u00e3o da forma\u00e7\u00e3o de recursos humanos para o setor de ci\u00eancia, tecnologia e inova\u00e7\u00e3o j\u00e1 havia sido definida pela comiss\u00e3o como o foco de sua aten\u00e7\u00e3o neste ano, em cumprimento a norma regimental do Senado que imp\u00f5e a cada comiss\u00e3o t\u00e9cnica da Casa a avaliar a cada per\u00edodo pol\u00edticas p\u00fablicas federais relacionadas \u00e0 sua \u00e1rea tem\u00e1tica.<\/p>\n<h3><strong>Marco legal<\/strong><\/h3>\n<p>Outra audi\u00eancia deve analisar projetos em andamento e lacunas relativas ao marco legal para o desenvolvimento de um Sistema Nacional de Conhecimento e Inova\u00e7\u00e3o (SNCI) no pa\u00eds. Ser\u00e1 convidado o ministro da Ci\u00eancia, Tecnologia e Inova\u00e7\u00e3o, Aldo Rebelo, al\u00e9m de dirigentes universit\u00e1rios e empres\u00e1rios.<\/p>\n<p>Ser\u00e1 tamb\u00e9m debatida, em debate espec\u00edfico, a aloca\u00e7\u00e3o de recursos para ci\u00eancia, tecnologia e informa\u00e7\u00e3o, estando prevista a participa\u00e7\u00e3o, entre os convidados, de representante do Minist\u00e9rio do Planejamento, Or\u00e7amento e Gest\u00e3o (MPOG) e do Tribunal de Contas da Uni\u00e3o (TCU).<\/p>\n","protected":false},"excerpt":{"rendered":"<p>Originado de sugest\u00e3o da Associa\u00e7\u00e3o Brasileira de Acessibilidade (Abra), o texto inclui esses meios entre os sistemas de comunica\u00e7\u00e3o para os quais o poder p\u00fablico se obriga a promover solu\u00e7\u00f5es t\u00e9cnicas. O objetivo \u00e9 torn\u00e1-los acess\u00edveis a pessoas com defici\u00eancia sensorial e com dificuldade de comunica\u00e7\u00e3o. Da Ag\u00eancia Senado.<\/p>\n","protected":false},"author":1,"featured_media":0,"comment_status":"open","ping_status":"open","sticky":false,"template":"","format":"standard","meta":{"site-container-style":"default","site-container-layout":"default","site-sidebar-layout":"default","disable-article-header":"default","disable-site-header":"default","disable-site-footer":"default","disable-content-area-spacing":"default","footnotes":""},"categories":[44,4],"tags":[],"class_list":["post-27969","post","type-post","status-publish","format-standard","hentry","category-acessibilidade","category-noticias"],"yoast_head":"<!-- This site is optimized with the Yoast SEO plugin v27.4 - https:\/\/yoast.com\/product\/yoast-seo-wordpress\/ -->\n<title>CCT aprova projeto que assegura acessibilidade em portais p\u00fablicos -<\/title>\n<meta name=\"robots\" content=\"index, follow, max-snippet:-1, max-image-preview:large, max-video-preview:-1\" \/>\n<link rel=\"canonical\" href=\"https:\/\/inclusivenews.com.br\/?p=27969\" \/>\n<meta property=\"og:locale\" content=\"pt_PT\" \/>\n<meta property=\"og:type\" content=\"article\" \/>\n<meta property=\"og:title\" content=\"CCT aprova projeto que assegura acessibilidade em portais p\u00fablicos -\" \/>\n<meta property=\"og:description\" content=\"Originado de sugest\u00e3o da Associa\u00e7\u00e3o Brasileira de Acessibilidade (Abra), o texto inclui esses meios entre os sistemas de comunica\u00e7\u00e3o para os quais o poder p\u00fablico se obriga a promover solu\u00e7\u00f5es t\u00e9cnicas. O objetivo \u00e9 torn\u00e1-los acess\u00edveis a pessoas com defici\u00eancia sensorial e com dificuldade de comunica\u00e7\u00e3o. Da Ag\u00eancia Senado.\" \/>\n<meta property=\"og:url\" content=\"https:\/\/inclusivenews.com.br\/?p=27969\" \/>\n<meta property=\"article:publisher\" content=\"https:\/\/www.facebook.com\/agenciainclusive\/\" \/>\n<meta property=\"article:published_time\" content=\"2015-04-16T16:24:36+00:00\" \/>\n<meta property=\"og:image\" content=\"http:\/\/www12.senado.gov.br\/noticias\/materias\/2015\/04\/14\/cct-aprova-projeto-que-assegura-acessibilidade-em-portais-publicos\/20150414_00267e.jpg\/@@images\/image\/imagem_materia\" \/>\n<meta name=\"author\" content=\"inclusivenews2024\" \/>\n<meta name=\"twitter:card\" content=\"summary_large_image\" \/>\n<meta name=\"twitter:label1\" content=\"Escrito por\" \/>\n\t<meta name=\"twitter:data1\" content=\"inclusivenews2024\" \/>\n\t<meta name=\"twitter:label2\" content=\"Tempo estimado de leitura\" \/>\n\t<meta name=\"twitter:data2\" content=\"4 minutos\" \/>\n<script type=\"application\/ld+json\" class=\"yoast-schema-graph\">{\"@context\":\"https:\\\/\\\/schema.org\",\"@graph\":[{\"@type\":\"Article\",\"@id\":\"https:\\\/\\\/inclusivenews.com.br\\\/?p=27969#article\",\"isPartOf\":{\"@id\":\"https:\\\/\\\/inclusivenews.com.br\\\/?p=27969\"},\"author\":{\"name\":\"inclusivenews2024\",\"@id\":\"https:\\\/\\\/inclusivenews.com.br\\\/#\\\/schema\\\/person\\\/ae4ec7087559b8692fb33b6fffd2273b\"},\"headline\":\"CCT aprova projeto que assegura acessibilidade em portais p\u00fablicos\",\"datePublished\":\"2015-04-16T16:24:36+00:00\",\"mainEntityOfPage\":{\"@id\":\"https:\\\/\\\/inclusivenews.com.br\\\/?p=27969\"},\"wordCount\":793,\"commentCount\":0,\"publisher\":{\"@id\":\"https:\\\/\\\/inclusivenews.com.br\\\/#organization\"},\"image\":{\"@id\":\"https:\\\/\\\/inclusivenews.com.br\\\/?p=27969#primaryimage\"},\"thumbnailUrl\":\"http:\\\/\\\/www12.senado.gov.br\\\/noticias\\\/materias\\\/2015\\\/04\\\/14\\\/cct-aprova-projeto-que-assegura-acessibilidade-em-portais-publicos\\\/20150414_00267e.jpg\\\/@@images\\\/image\\\/imagem_materia\",\"articleSection\":[\"ACESSIBILIDADE\",\"NOT\u00cdCIAS\"],\"inLanguage\":\"pt-PT\",\"potentialAction\":[{\"@type\":\"CommentAction\",\"name\":\"Comment\",\"target\":[\"https:\\\/\\\/inclusivenews.com.br\\\/?p=27969#respond\"]}]},{\"@type\":\"WebPage\",\"@id\":\"https:\\\/\\\/inclusivenews.com.br\\\/?p=27969\",\"url\":\"https:\\\/\\\/inclusivenews.com.br\\\/?p=27969\",\"name\":\"CCT aprova projeto que assegura acessibilidade em portais p\u00fablicos -\",\"isPartOf\":{\"@id\":\"https:\\\/\\\/inclusivenews.com.br\\\/#website\"},\"primaryImageOfPage\":{\"@id\":\"https:\\\/\\\/inclusivenews.com.br\\\/?p=27969#primaryimage\"},\"image\":{\"@id\":\"https:\\\/\\\/inclusivenews.com.br\\\/?p=27969#primaryimage\"},\"thumbnailUrl\":\"http:\\\/\\\/www12.senado.gov.br\\\/noticias\\\/materias\\\/2015\\\/04\\\/14\\\/cct-aprova-projeto-que-assegura-acessibilidade-em-portais-publicos\\\/20150414_00267e.jpg\\\/@@images\\\/image\\\/imagem_materia\",\"datePublished\":\"2015-04-16T16:24:36+00:00\",\"breadcrumb\":{\"@id\":\"https:\\\/\\\/inclusivenews.com.br\\\/?p=27969#breadcrumb\"},\"inLanguage\":\"pt-PT\",\"potentialAction\":[{\"@type\":\"ReadAction\",\"target\":[\"https:\\\/\\\/inclusivenews.com.br\\\/?p=27969\"]}]},{\"@type\":\"ImageObject\",\"inLanguage\":\"pt-PT\",\"@id\":\"https:\\\/\\\/inclusivenews.com.br\\\/?p=27969#primaryimage\",\"url\":\"http:\\\/\\\/www12.senado.gov.br\\\/noticias\\\/materias\\\/2015\\\/04\\\/14\\\/cct-aprova-projeto-que-assegura-acessibilidade-em-portais-publicos\\\/20150414_00267e.jpg\\\/@@images\\\/image\\\/imagem_materia\",\"contentUrl\":\"http:\\\/\\\/www12.senado.gov.br\\\/noticias\\\/materias\\\/2015\\\/04\\\/14\\\/cct-aprova-projeto-que-assegura-acessibilidade-em-portais-publicos\\\/20150414_00267e.jpg\\\/@@images\\\/image\\\/imagem_materia\"},{\"@type\":\"BreadcrumbList\",\"@id\":\"https:\\\/\\\/inclusivenews.com.br\\\/?p=27969#breadcrumb\",\"itemListElement\":[{\"@type\":\"ListItem\",\"position\":1,\"name\":\"In\u00edcio\",\"item\":\"https:\\\/\\\/inclusivenews.com.br\\\/\"},{\"@type\":\"ListItem\",\"position\":2,\"name\":\"CCT aprova projeto que assegura acessibilidade em portais p\u00fablicos\"}]},{\"@type\":\"WebSite\",\"@id\":\"https:\\\/\\\/inclusivenews.com.br\\\/#website\",\"url\":\"https:\\\/\\\/inclusivenews.com.br\\\/\",\"name\":\"Inclusive News\",\"description\":\"Inclusive News\",\"publisher\":{\"@id\":\"https:\\\/\\\/inclusivenews.com.br\\\/#organization\"},\"potentialAction\":[{\"@type\":\"SearchAction\",\"target\":{\"@type\":\"EntryPoint\",\"urlTemplate\":\"https:\\\/\\\/inclusivenews.com.br\\\/?s={search_term_string}\"},\"query-input\":{\"@type\":\"PropertyValueSpecification\",\"valueRequired\":true,\"valueName\":\"search_term_string\"}}],\"inLanguage\":\"pt-PT\"},{\"@type\":\"Organization\",\"@id\":\"https:\\\/\\\/inclusivenews.com.br\\\/#organization\",\"name\":\"Inclusive - inclus\u00e3o e cidadania\",\"url\":\"https:\\\/\\\/inclusivenews.com.br\\\/\",\"logo\":{\"@type\":\"ImageObject\",\"inLanguage\":\"pt-PT\",\"@id\":\"https:\\\/\\\/inclusivenews.com.br\\\/#\\\/schema\\\/logo\\\/image\\\/\",\"url\":\"https:\\\/\\\/inclusivenews.com.br\\\/wp-content\\\/uploads\\\/2024\\\/03\\\/@grandesite.png\",\"contentUrl\":\"https:\\\/\\\/inclusivenews.com.br\\\/wp-content\\\/uploads\\\/2024\\\/03\\\/@grandesite.png\",\"width\":1080,\"height\":1080,\"caption\":\"Inclusive - inclus\u00e3o e cidadania\"},\"image\":{\"@id\":\"https:\\\/\\\/inclusivenews.com.br\\\/#\\\/schema\\\/logo\\\/image\\\/\"},\"sameAs\":[\"https:\\\/\\\/www.facebook.com\\\/agenciainclusive\\\/\",\"https:\\\/\\\/www.instagram.com\\\/newsinclusive\\\/\"]},{\"@type\":\"Person\",\"@id\":\"https:\\\/\\\/inclusivenews.com.br\\\/#\\\/schema\\\/person\\\/ae4ec7087559b8692fb33b6fffd2273b\",\"name\":\"inclusivenews2024\",\"image\":{\"@type\":\"ImageObject\",\"inLanguage\":\"pt-PT\",\"@id\":\"https:\\\/\\\/secure.gravatar.com\\\/avatar\\\/c5a7ef84c66fa914f55bc4f7ce26cfa275a3b9a1c5568b907bd184fb4dde7b40?s=96&d=mm&r=g\",\"url\":\"https:\\\/\\\/secure.gravatar.com\\\/avatar\\\/c5a7ef84c66fa914f55bc4f7ce26cfa275a3b9a1c5568b907bd184fb4dde7b40?s=96&d=mm&r=g\",\"contentUrl\":\"https:\\\/\\\/secure.gravatar.com\\\/avatar\\\/c5a7ef84c66fa914f55bc4f7ce26cfa275a3b9a1c5568b907bd184fb4dde7b40?s=96&d=mm&r=g\",\"caption\":\"inclusivenews2024\"},\"sameAs\":[\"https:\\\/\\\/inclusivenews.com.br\"],\"url\":\"https:\\\/\\\/inclusivenews.com.br\\\/?author=1\"}]}<\/script>\n<!-- \/ Yoast SEO plugin. -->","yoast_head_json":{"title":"CCT aprova projeto que assegura acessibilidade em portais p\u00fablicos -","robots":{"index":"index","follow":"follow","max-snippet":"max-snippet:-1","max-image-preview":"max-image-preview:large","max-video-preview":"max-video-preview:-1"},"canonical":"https:\/\/inclusivenews.com.br\/?p=27969","og_locale":"pt_PT","og_type":"article","og_title":"CCT aprova projeto que assegura acessibilidade em portais p\u00fablicos -","og_description":"Originado de sugest\u00e3o da Associa\u00e7\u00e3o Brasileira de Acessibilidade (Abra), o texto inclui esses meios entre os sistemas de comunica\u00e7\u00e3o para os quais o poder p\u00fablico se obriga a promover solu\u00e7\u00f5es t\u00e9cnicas. O objetivo \u00e9 torn\u00e1-los acess\u00edveis a pessoas com defici\u00eancia sensorial e com dificuldade de comunica\u00e7\u00e3o. Da Ag\u00eancia Senado.","og_url":"https:\/\/inclusivenews.com.br\/?p=27969","article_publisher":"https:\/\/www.facebook.com\/agenciainclusive\/","article_published_time":"2015-04-16T16:24:36+00:00","og_image":[{"url":"http:\/\/www12.senado.gov.br\/noticias\/materias\/2015\/04\/14\/cct-aprova-projeto-que-assegura-acessibilidade-em-portais-publicos\/20150414_00267e.jpg\/@@images\/image\/imagem_materia","type":"","width":"","height":""}],"author":"inclusivenews2024","twitter_card":"summary_large_image","twitter_misc":{"Escrito por":"inclusivenews2024","Tempo estimado de leitura":"4 minutos"},"schema":{"@context":"https:\/\/schema.org","@graph":[{"@type":"Article","@id":"https:\/\/inclusivenews.com.br\/?p=27969#article","isPartOf":{"@id":"https:\/\/inclusivenews.com.br\/?p=27969"},"author":{"name":"inclusivenews2024","@id":"https:\/\/inclusivenews.com.br\/#\/schema\/person\/ae4ec7087559b8692fb33b6fffd2273b"},"headline":"CCT aprova projeto que assegura acessibilidade em portais p\u00fablicos","datePublished":"2015-04-16T16:24:36+00:00","mainEntityOfPage":{"@id":"https:\/\/inclusivenews.com.br\/?p=27969"},"wordCount":793,"commentCount":0,"publisher":{"@id":"https:\/\/inclusivenews.com.br\/#organization"},"image":{"@id":"https:\/\/inclusivenews.com.br\/?p=27969#primaryimage"},"thumbnailUrl":"http:\/\/www12.senado.gov.br\/noticias\/materias\/2015\/04\/14\/cct-aprova-projeto-que-assegura-acessibilidade-em-portais-publicos\/20150414_00267e.jpg\/@@images\/image\/imagem_materia","articleSection":["ACESSIBILIDADE","NOT\u00cdCIAS"],"inLanguage":"pt-PT","potentialAction":[{"@type":"CommentAction","name":"Comment","target":["https:\/\/inclusivenews.com.br\/?p=27969#respond"]}]},{"@type":"WebPage","@id":"https:\/\/inclusivenews.com.br\/?p=27969","url":"https:\/\/inclusivenews.com.br\/?p=27969","name":"CCT aprova projeto que assegura acessibilidade em portais p\u00fablicos -","isPartOf":{"@id":"https:\/\/inclusivenews.com.br\/#website"},"primaryImageOfPage":{"@id":"https:\/\/inclusivenews.com.br\/?p=27969#primaryimage"},"image":{"@id":"https:\/\/inclusivenews.com.br\/?p=27969#primaryimage"},"thumbnailUrl":"http:\/\/www12.senado.gov.br\/noticias\/materias\/2015\/04\/14\/cct-aprova-projeto-que-assegura-acessibilidade-em-portais-publicos\/20150414_00267e.jpg\/@@images\/image\/imagem_materia","datePublished":"2015-04-16T16:24:36+00:00","breadcrumb":{"@id":"https:\/\/inclusivenews.com.br\/?p=27969#breadcrumb"},"inLanguage":"pt-PT","potentialAction":[{"@type":"ReadAction","target":["https:\/\/inclusivenews.com.br\/?p=27969"]}]},{"@type":"ImageObject","inLanguage":"pt-PT","@id":"https:\/\/inclusivenews.com.br\/?p=27969#primaryimage","url":"http:\/\/www12.senado.gov.br\/noticias\/materias\/2015\/04\/14\/cct-aprova-projeto-que-assegura-acessibilidade-em-portais-publicos\/20150414_00267e.jpg\/@@images\/image\/imagem_materia","contentUrl":"http:\/\/www12.senado.gov.br\/noticias\/materias\/2015\/04\/14\/cct-aprova-projeto-que-assegura-acessibilidade-em-portais-publicos\/20150414_00267e.jpg\/@@images\/image\/imagem_materia"},{"@type":"BreadcrumbList","@id":"https:\/\/inclusivenews.com.br\/?p=27969#breadcrumb","itemListElement":[{"@type":"ListItem","position":1,"name":"In\u00edcio","item":"https:\/\/inclusivenews.com.br\/"},{"@type":"ListItem","position":2,"name":"CCT aprova projeto que assegura acessibilidade em portais p\u00fablicos"}]},{"@type":"WebSite","@id":"https:\/\/inclusivenews.com.br\/#website","url":"https:\/\/inclusivenews.com.br\/","name":"Inclusive News","description":"Inclusive News","publisher":{"@id":"https:\/\/inclusivenews.com.br\/#organization"},"potentialAction":[{"@type":"SearchAction","target":{"@type":"EntryPoint","urlTemplate":"https:\/\/inclusivenews.com.br\/?s={search_term_string}"},"query-input":{"@type":"PropertyValueSpecification","valueRequired":true,"valueName":"search_term_string"}}],"inLanguage":"pt-PT"},{"@type":"Organization","@id":"https:\/\/inclusivenews.com.br\/#organization","name":"Inclusive - inclus\u00e3o e cidadania","url":"https:\/\/inclusivenews.com.br\/","logo":{"@type":"ImageObject","inLanguage":"pt-PT","@id":"https:\/\/inclusivenews.com.br\/#\/schema\/logo\/image\/","url":"https:\/\/inclusivenews.com.br\/wp-content\/uploads\/2024\/03\/@grandesite.png","contentUrl":"https:\/\/inclusivenews.com.br\/wp-content\/uploads\/2024\/03\/@grandesite.png","width":1080,"height":1080,"caption":"Inclusive - inclus\u00e3o e cidadania"},"image":{"@id":"https:\/\/inclusivenews.com.br\/#\/schema\/logo\/image\/"},"sameAs":["https:\/\/www.facebook.com\/agenciainclusive\/","https:\/\/www.instagram.com\/newsinclusive\/"]},{"@type":"Person","@id":"https:\/\/inclusivenews.com.br\/#\/schema\/person\/ae4ec7087559b8692fb33b6fffd2273b","name":"inclusivenews2024","image":{"@type":"ImageObject","inLanguage":"pt-PT","@id":"https:\/\/secure.gravatar.com\/avatar\/c5a7ef84c66fa914f55bc4f7ce26cfa275a3b9a1c5568b907bd184fb4dde7b40?s=96&d=mm&r=g","url":"https:\/\/secure.gravatar.com\/avatar\/c5a7ef84c66fa914f55bc4f7ce26cfa275a3b9a1c5568b907bd184fb4dde7b40?s=96&d=mm&r=g","contentUrl":"https:\/\/secure.gravatar.com\/avatar\/c5a7ef84c66fa914f55bc4f7ce26cfa275a3b9a1c5568b907bd184fb4dde7b40?s=96&d=mm&r=g","caption":"inclusivenews2024"},"sameAs":["https:\/\/inclusivenews.com.br"],"url":"https:\/\/inclusivenews.com.br\/?author=1"}]}},"_links":{"self":[{"href":"https:\/\/inclusivenews.com.br\/index.php?rest_route=\/wp\/v2\/posts\/27969","targetHints":{"allow":["GET"]}}],"collection":[{"href":"https:\/\/inclusivenews.com.br\/index.php?rest_route=\/wp\/v2\/posts"}],"about":[{"href":"https:\/\/inclusivenews.com.br\/index.php?rest_route=\/wp\/v2\/types\/post"}],"author":[{"embeddable":true,"href":"https:\/\/inclusivenews.com.br\/index.php?rest_route=\/wp\/v2\/users\/1"}],"replies":[{"embeddable":true,"href":"https:\/\/inclusivenews.com.br\/index.php?rest_route=%2Fwp%2Fv2%2Fcomments&post=27969"}],"version-history":[{"count":0,"href":"https:\/\/inclusivenews.com.br\/index.php?rest_route=\/wp\/v2\/posts\/27969\/revisions"}],"wp:attachment":[{"href":"https:\/\/inclusivenews.com.br\/index.php?rest_route=%2Fwp%2Fv2%2Fmedia&parent=27969"}],"wp:term":[{"taxonomy":"category","embeddable":true,"href":"https:\/\/inclusivenews.com.br\/index.php?rest_route=%2Fwp%2Fv2%2Fcategories&post=27969"},{"taxonomy":"post_tag","embeddable":true,"href":"https:\/\/inclusivenews.com.br\/index.php?rest_route=%2Fwp%2Fv2%2Ftags&post=27969"}],"curies":[{"name":"wp","href":"https:\/\/api.w.org\/{rel}","templated":true}]}}