{"id":27972,"date":"2015-04-16T13:29:41","date_gmt":"2015-04-16T16:29:41","guid":{"rendered":"http:\/\/www.inclusive.org.br\/?p=27972"},"modified":"2015-04-16T13:29:41","modified_gmt":"2015-04-16T16:29:41","slug":"plano-nacional-dos-direitos-da-pessoa-com-deficiencia-viver-sem-limite-e-criticado-na-camara-dos-deputados","status":"publish","type":"post","link":"https:\/\/inclusivenews.com.br\/?p=27972","title":{"rendered":"Plano Nacional dos Direitos da Pessoa com Defici\u00eancia \u201cViver sem Limite&quot; \u00e9 criticado na C\u00e2mara dos Deputados"},"content":{"rendered":"<p><em>Quando foi lan\u00e7ado, o programa previa a\u00e7\u00f5es de 15 minist\u00e9rios com investimento total de R$ 7,6 bilh\u00f5es at\u00e9 2014.<\/em><\/p>\n<p><img loading=\"lazy\" decoding=\"async\" class=\"alignnone\" title=\"O texto &quot;Plano Nacional dos Direitos da Pessoa com Defici\u00eancia - Viver sem Limite&quot; escrito sobre um gramado verde\" alt=\"O texto &quot;Plano Nacional dos Direitos da Pessoa com Defici\u00eancia - Viver sem Limite&quot; escrito sobre um gramado verde\" src=\"http:\/\/www.secom.gov.br\/atuacao\/publicidade\/imagens\/image007.jpg\" width=\"200\" height=\"120\" \/><\/p>\n<p align=\"justify\">Os resultados do Plano Nacional dos Direitos da Pessoa com Defici\u00eancia \u201cViver sem Limite&#8221; foram duramente criticados nesta ter\u00e7a-feira (14) na C\u00e2mara dos Deputados por n\u00e3o atingir metas, mas principalmente por omitir os valores empenhados desde seu lan\u00e7amento em 2011.<\/p>\n<p align=\"justify\">Quando foi lan\u00e7ado, o programa previa a\u00e7\u00f5es de 15 minist\u00e9rios com investimento total de R$ 7,6 bilh\u00f5es at\u00e9 2014. Previa incluir, assistir e desenvolver tecnologias de tratamento e acessibilidade aos deficientes.<\/p>\n<p align=\"justify\">Ao analisar o relat\u00f3rio na Comiss\u00e3o de Defesa dos Direitos das Pessoas com Defici\u00eancia, o secret\u00e1rio nacional de Promo\u00e7\u00e3o das Pessoa com Defici\u00eancia, Ant\u00f4nio Jos\u00e9 do Nascimento Ferreira, representando a Casa Civil da Presid\u00eancia da Rep\u00fablica, reconheceu que em alguns aspectos o programa ficou aqu\u00e9m do previsto e admitiu que desconhecia os valores investidos.<\/p>\n<p align=\"justify\">O deputado Ot\u00e1vio Leite (PSDB-RJ) indagou quais os valores gastos dos mais de R$ 7 bilh\u00f5es previstos, e se existe uma rubrica or\u00e7amentaria, mas n\u00e3o obteve resposta. \u201cEsta comiss\u00e3o precisa saber esses valores at\u00e9 mesmo por uma quest\u00e3o de apresentar emendas ao or\u00e7amento.\u201d O deputado Eduardo Barbosa (PSDB-MG) concordou: \u201cEstes dados s\u00e3o fundamentais\u201d.<\/p>\n<p align=\"justify\">No entender de Barbosa, o programa ficou muito aqu\u00e9m das previs\u00f5es em v\u00e1rios setores. \u201cNo Pronatec, a inclus\u00e3o de deficientes foi um arraso, principalmente na \u00e1rea de defici\u00eancia intelectual. N\u00e3o houve mudan\u00e7a de metodologia para se adaptar a essas pessoas. Na inova\u00e7\u00e3o tecnol\u00f3gica, n\u00e3o progredimos. A grande massa das pessoas com defici\u00eancia ainda depende de produtos importados, at\u00e9 os mais simples, como cadeiras de roda motorizadas.<\/p>\n","protected":false},"excerpt":{"rendered":"<p>Ao analisar o relat\u00f3rio na Comiss\u00e3o de Defesa dos Direitos das Pessoas com Defici\u00eancia, o secret\u00e1rio nacional de Promo\u00e7\u00e3o das Pessoa com Defici\u00eancia, Ant\u00f4nio Jos\u00e9 do Nascimento Ferreira, representando a Casa Civil da Presid\u00eancia da Rep\u00fablica, reconheceu que em alguns aspectos o programa ficou aqu\u00e9m do previsto e admitiu que desconhecia os valores investidos. Da CBN.<\/p>\n","protected":false},"author":1,"featured_media":0,"comment_status":"open","ping_status":"open","sticky":false,"template":"","format":"standard","meta":{"site-container-style":"default","site-container-layout":"default","site-sidebar-layout":"default","disable-article-header":"default","disable-site-header":"default","disable-site-footer":"default","disable-content-area-spacing":"default","footnotes":""},"categories":[4],"tags":[],"class_list":["post-27972","post","type-post","status-publish","format-standard","hentry","category-noticias"],"yoast_head":"<!-- This site is optimized with the Yoast SEO plugin v27.4 - https:\/\/yoast.com\/product\/yoast-seo-wordpress\/ -->\n<title>Plano Nacional dos Direitos da Pessoa com Defici\u00eancia \u201cViver sem Limite&quot; \u00e9 criticado na C\u00e2mara dos Deputados -<\/title>\n<meta name=\"robots\" content=\"index, follow, max-snippet:-1, max-image-preview:large, max-video-preview:-1\" \/>\n<link rel=\"canonical\" href=\"https:\/\/inclusivenews.com.br\/?p=27972\" \/>\n<meta property=\"og:locale\" content=\"pt_PT\" \/>\n<meta property=\"og:type\" content=\"article\" \/>\n<meta property=\"og:title\" content=\"Plano Nacional dos Direitos da Pessoa com Defici\u00eancia \u201cViver sem Limite&quot; \u00e9 criticado na C\u00e2mara dos Deputados -\" \/>\n<meta property=\"og:description\" content=\"Ao analisar o relat\u00f3rio na Comiss\u00e3o de Defesa dos Direitos das Pessoas com Defici\u00eancia, o secret\u00e1rio nacional de Promo\u00e7\u00e3o das Pessoa com Defici\u00eancia, Ant\u00f4nio Jos\u00e9 do Nascimento Ferreira, representando a Casa Civil da Presid\u00eancia da Rep\u00fablica, reconheceu que em alguns aspectos o programa ficou aqu\u00e9m do previsto e admitiu que desconhecia os valores investidos. Da CBN.\" \/>\n<meta property=\"og:url\" content=\"https:\/\/inclusivenews.com.br\/?p=27972\" \/>\n<meta property=\"article:publisher\" content=\"https:\/\/www.facebook.com\/agenciainclusive\/\" \/>\n<meta property=\"article:published_time\" content=\"2015-04-16T16:29:41+00:00\" \/>\n<meta property=\"og:image\" content=\"http:\/\/www.secom.gov.br\/atuacao\/publicidade\/imagens\/image007.jpg\" \/>\n<meta name=\"author\" content=\"inclusivenews2024\" \/>\n<meta name=\"twitter:card\" content=\"summary_large_image\" \/>\n<meta name=\"twitter:label1\" content=\"Escrito por\" \/>\n\t<meta name=\"twitter:data1\" content=\"inclusivenews2024\" \/>\n\t<meta name=\"twitter:label2\" content=\"Tempo estimado de leitura\" \/>\n\t<meta name=\"twitter:data2\" content=\"1 minuto\" \/>\n<script type=\"application\/ld+json\" class=\"yoast-schema-graph\">{\"@context\":\"https:\\\/\\\/schema.org\",\"@graph\":[{\"@type\":\"Article\",\"@id\":\"https:\\\/\\\/inclusivenews.com.br\\\/?p=27972#article\",\"isPartOf\":{\"@id\":\"https:\\\/\\\/inclusivenews.com.br\\\/?p=27972\"},\"author\":{\"name\":\"inclusivenews2024\",\"@id\":\"https:\\\/\\\/inclusivenews.com.br\\\/#\\\/schema\\\/person\\\/ae4ec7087559b8692fb33b6fffd2273b\"},\"headline\":\"Plano Nacional dos Direitos da Pessoa com Defici\u00eancia \u201cViver sem Limite&quot; \u00e9 criticado na C\u00e2mara dos Deputados\",\"datePublished\":\"2015-04-16T16:29:41+00:00\",\"mainEntityOfPage\":{\"@id\":\"https:\\\/\\\/inclusivenews.com.br\\\/?p=27972\"},\"wordCount\":315,\"commentCount\":3,\"publisher\":{\"@id\":\"https:\\\/\\\/inclusivenews.com.br\\\/#organization\"},\"image\":{\"@id\":\"https:\\\/\\\/inclusivenews.com.br\\\/?p=27972#primaryimage\"},\"thumbnailUrl\":\"http:\\\/\\\/www.secom.gov.br\\\/atuacao\\\/publicidade\\\/imagens\\\/image007.jpg\",\"articleSection\":[\"NOT\u00cdCIAS\"],\"inLanguage\":\"pt-PT\",\"potentialAction\":[{\"@type\":\"CommentAction\",\"name\":\"Comment\",\"target\":[\"https:\\\/\\\/inclusivenews.com.br\\\/?p=27972#respond\"]}]},{\"@type\":\"WebPage\",\"@id\":\"https:\\\/\\\/inclusivenews.com.br\\\/?p=27972\",\"url\":\"https:\\\/\\\/inclusivenews.com.br\\\/?p=27972\",\"name\":\"Plano Nacional dos Direitos da Pessoa com Defici\u00eancia \u201cViver sem Limite&quot; \u00e9 criticado na C\u00e2mara dos Deputados -\",\"isPartOf\":{\"@id\":\"https:\\\/\\\/inclusivenews.com.br\\\/#website\"},\"primaryImageOfPage\":{\"@id\":\"https:\\\/\\\/inclusivenews.com.br\\\/?p=27972#primaryimage\"},\"image\":{\"@id\":\"https:\\\/\\\/inclusivenews.com.br\\\/?p=27972#primaryimage\"},\"thumbnailUrl\":\"http:\\\/\\\/www.secom.gov.br\\\/atuacao\\\/publicidade\\\/imagens\\\/image007.jpg\",\"datePublished\":\"2015-04-16T16:29:41+00:00\",\"breadcrumb\":{\"@id\":\"https:\\\/\\\/inclusivenews.com.br\\\/?p=27972#breadcrumb\"},\"inLanguage\":\"pt-PT\",\"potentialAction\":[{\"@type\":\"ReadAction\",\"target\":[\"https:\\\/\\\/inclusivenews.com.br\\\/?p=27972\"]}]},{\"@type\":\"ImageObject\",\"inLanguage\":\"pt-PT\",\"@id\":\"https:\\\/\\\/inclusivenews.com.br\\\/?p=27972#primaryimage\",\"url\":\"http:\\\/\\\/www.secom.gov.br\\\/atuacao\\\/publicidade\\\/imagens\\\/image007.jpg\",\"contentUrl\":\"http:\\\/\\\/www.secom.gov.br\\\/atuacao\\\/publicidade\\\/imagens\\\/image007.jpg\"},{\"@type\":\"BreadcrumbList\",\"@id\":\"https:\\\/\\\/inclusivenews.com.br\\\/?p=27972#breadcrumb\",\"itemListElement\":[{\"@type\":\"ListItem\",\"position\":1,\"name\":\"In\u00edcio\",\"item\":\"https:\\\/\\\/inclusivenews.com.br\\\/\"},{\"@type\":\"ListItem\",\"position\":2,\"name\":\"Plano Nacional dos Direitos da Pessoa com Defici\u00eancia \u201cViver sem Limite&quot; \u00e9 criticado na C\u00e2mara dos Deputados\"}]},{\"@type\":\"WebSite\",\"@id\":\"https:\\\/\\\/inclusivenews.com.br\\\/#website\",\"url\":\"https:\\\/\\\/inclusivenews.com.br\\\/\",\"name\":\"Inclusive News\",\"description\":\"Inclusive News\",\"publisher\":{\"@id\":\"https:\\\/\\\/inclusivenews.com.br\\\/#organization\"},\"potentialAction\":[{\"@type\":\"SearchAction\",\"target\":{\"@type\":\"EntryPoint\",\"urlTemplate\":\"https:\\\/\\\/inclusivenews.com.br\\\/?s={search_term_string}\"},\"query-input\":{\"@type\":\"PropertyValueSpecification\",\"valueRequired\":true,\"valueName\":\"search_term_string\"}}],\"inLanguage\":\"pt-PT\"},{\"@type\":\"Organization\",\"@id\":\"https:\\\/\\\/inclusivenews.com.br\\\/#organization\",\"name\":\"Inclusive - inclus\u00e3o e cidadania\",\"url\":\"https:\\\/\\\/inclusivenews.com.br\\\/\",\"logo\":{\"@type\":\"ImageObject\",\"inLanguage\":\"pt-PT\",\"@id\":\"https:\\\/\\\/inclusivenews.com.br\\\/#\\\/schema\\\/logo\\\/image\\\/\",\"url\":\"https:\\\/\\\/inclusivenews.com.br\\\/wp-content\\\/uploads\\\/2024\\\/03\\\/@grandesite.png\",\"contentUrl\":\"https:\\\/\\\/inclusivenews.com.br\\\/wp-content\\\/uploads\\\/2024\\\/03\\\/@grandesite.png\",\"width\":1080,\"height\":1080,\"caption\":\"Inclusive - inclus\u00e3o e cidadania\"},\"image\":{\"@id\":\"https:\\\/\\\/inclusivenews.com.br\\\/#\\\/schema\\\/logo\\\/image\\\/\"},\"sameAs\":[\"https:\\\/\\\/www.facebook.com\\\/agenciainclusive\\\/\",\"https:\\\/\\\/www.instagram.com\\\/newsinclusive\\\/\"]},{\"@type\":\"Person\",\"@id\":\"https:\\\/\\\/inclusivenews.com.br\\\/#\\\/schema\\\/person\\\/ae4ec7087559b8692fb33b6fffd2273b\",\"name\":\"inclusivenews2024\",\"image\":{\"@type\":\"ImageObject\",\"inLanguage\":\"pt-PT\",\"@id\":\"https:\\\/\\\/secure.gravatar.com\\\/avatar\\\/c5a7ef84c66fa914f55bc4f7ce26cfa275a3b9a1c5568b907bd184fb4dde7b40?s=96&d=mm&r=g\",\"url\":\"https:\\\/\\\/secure.gravatar.com\\\/avatar\\\/c5a7ef84c66fa914f55bc4f7ce26cfa275a3b9a1c5568b907bd184fb4dde7b40?s=96&d=mm&r=g\",\"contentUrl\":\"https:\\\/\\\/secure.gravatar.com\\\/avatar\\\/c5a7ef84c66fa914f55bc4f7ce26cfa275a3b9a1c5568b907bd184fb4dde7b40?s=96&d=mm&r=g\",\"caption\":\"inclusivenews2024\"},\"sameAs\":[\"https:\\\/\\\/inclusivenews.com.br\"],\"url\":\"https:\\\/\\\/inclusivenews.com.br\\\/?author=1\"}]}<\/script>\n<!-- \/ Yoast SEO plugin. -->","yoast_head_json":{"title":"Plano Nacional dos Direitos da Pessoa com Defici\u00eancia \u201cViver sem Limite&quot; \u00e9 criticado na C\u00e2mara dos Deputados -","robots":{"index":"index","follow":"follow","max-snippet":"max-snippet:-1","max-image-preview":"max-image-preview:large","max-video-preview":"max-video-preview:-1"},"canonical":"https:\/\/inclusivenews.com.br\/?p=27972","og_locale":"pt_PT","og_type":"article","og_title":"Plano Nacional dos Direitos da Pessoa com Defici\u00eancia \u201cViver sem Limite&quot; \u00e9 criticado na C\u00e2mara dos Deputados -","og_description":"Ao analisar o relat\u00f3rio na Comiss\u00e3o de Defesa dos Direitos das Pessoas com Defici\u00eancia, o secret\u00e1rio nacional de Promo\u00e7\u00e3o das Pessoa com Defici\u00eancia, Ant\u00f4nio Jos\u00e9 do Nascimento Ferreira, representando a Casa Civil da Presid\u00eancia da Rep\u00fablica, reconheceu que em alguns aspectos o programa ficou aqu\u00e9m do previsto e admitiu que desconhecia os valores investidos. Da CBN.","og_url":"https:\/\/inclusivenews.com.br\/?p=27972","article_publisher":"https:\/\/www.facebook.com\/agenciainclusive\/","article_published_time":"2015-04-16T16:29:41+00:00","og_image":[{"url":"http:\/\/www.secom.gov.br\/atuacao\/publicidade\/imagens\/image007.jpg","type":"","width":"","height":""}],"author":"inclusivenews2024","twitter_card":"summary_large_image","twitter_misc":{"Escrito por":"inclusivenews2024","Tempo estimado de leitura":"1 minuto"},"schema":{"@context":"https:\/\/schema.org","@graph":[{"@type":"Article","@id":"https:\/\/inclusivenews.com.br\/?p=27972#article","isPartOf":{"@id":"https:\/\/inclusivenews.com.br\/?p=27972"},"author":{"name":"inclusivenews2024","@id":"https:\/\/inclusivenews.com.br\/#\/schema\/person\/ae4ec7087559b8692fb33b6fffd2273b"},"headline":"Plano Nacional dos Direitos da Pessoa com Defici\u00eancia \u201cViver sem Limite&quot; \u00e9 criticado na C\u00e2mara dos Deputados","datePublished":"2015-04-16T16:29:41+00:00","mainEntityOfPage":{"@id":"https:\/\/inclusivenews.com.br\/?p=27972"},"wordCount":315,"commentCount":3,"publisher":{"@id":"https:\/\/inclusivenews.com.br\/#organization"},"image":{"@id":"https:\/\/inclusivenews.com.br\/?p=27972#primaryimage"},"thumbnailUrl":"http:\/\/www.secom.gov.br\/atuacao\/publicidade\/imagens\/image007.jpg","articleSection":["NOT\u00cdCIAS"],"inLanguage":"pt-PT","potentialAction":[{"@type":"CommentAction","name":"Comment","target":["https:\/\/inclusivenews.com.br\/?p=27972#respond"]}]},{"@type":"WebPage","@id":"https:\/\/inclusivenews.com.br\/?p=27972","url":"https:\/\/inclusivenews.com.br\/?p=27972","name":"Plano Nacional dos Direitos da Pessoa com Defici\u00eancia \u201cViver sem Limite&quot; \u00e9 criticado na C\u00e2mara dos Deputados -","isPartOf":{"@id":"https:\/\/inclusivenews.com.br\/#website"},"primaryImageOfPage":{"@id":"https:\/\/inclusivenews.com.br\/?p=27972#primaryimage"},"image":{"@id":"https:\/\/inclusivenews.com.br\/?p=27972#primaryimage"},"thumbnailUrl":"http:\/\/www.secom.gov.br\/atuacao\/publicidade\/imagens\/image007.jpg","datePublished":"2015-04-16T16:29:41+00:00","breadcrumb":{"@id":"https:\/\/inclusivenews.com.br\/?p=27972#breadcrumb"},"inLanguage":"pt-PT","potentialAction":[{"@type":"ReadAction","target":["https:\/\/inclusivenews.com.br\/?p=27972"]}]},{"@type":"ImageObject","inLanguage":"pt-PT","@id":"https:\/\/inclusivenews.com.br\/?p=27972#primaryimage","url":"http:\/\/www.secom.gov.br\/atuacao\/publicidade\/imagens\/image007.jpg","contentUrl":"http:\/\/www.secom.gov.br\/atuacao\/publicidade\/imagens\/image007.jpg"},{"@type":"BreadcrumbList","@id":"https:\/\/inclusivenews.com.br\/?p=27972#breadcrumb","itemListElement":[{"@type":"ListItem","position":1,"name":"In\u00edcio","item":"https:\/\/inclusivenews.com.br\/"},{"@type":"ListItem","position":2,"name":"Plano Nacional dos Direitos da Pessoa com Defici\u00eancia \u201cViver sem Limite&quot; \u00e9 criticado na C\u00e2mara dos Deputados"}]},{"@type":"WebSite","@id":"https:\/\/inclusivenews.com.br\/#website","url":"https:\/\/inclusivenews.com.br\/","name":"Inclusive News","description":"Inclusive News","publisher":{"@id":"https:\/\/inclusivenews.com.br\/#organization"},"potentialAction":[{"@type":"SearchAction","target":{"@type":"EntryPoint","urlTemplate":"https:\/\/inclusivenews.com.br\/?s={search_term_string}"},"query-input":{"@type":"PropertyValueSpecification","valueRequired":true,"valueName":"search_term_string"}}],"inLanguage":"pt-PT"},{"@type":"Organization","@id":"https:\/\/inclusivenews.com.br\/#organization","name":"Inclusive - inclus\u00e3o e cidadania","url":"https:\/\/inclusivenews.com.br\/","logo":{"@type":"ImageObject","inLanguage":"pt-PT","@id":"https:\/\/inclusivenews.com.br\/#\/schema\/logo\/image\/","url":"https:\/\/inclusivenews.com.br\/wp-content\/uploads\/2024\/03\/@grandesite.png","contentUrl":"https:\/\/inclusivenews.com.br\/wp-content\/uploads\/2024\/03\/@grandesite.png","width":1080,"height":1080,"caption":"Inclusive - inclus\u00e3o e cidadania"},"image":{"@id":"https:\/\/inclusivenews.com.br\/#\/schema\/logo\/image\/"},"sameAs":["https:\/\/www.facebook.com\/agenciainclusive\/","https:\/\/www.instagram.com\/newsinclusive\/"]},{"@type":"Person","@id":"https:\/\/inclusivenews.com.br\/#\/schema\/person\/ae4ec7087559b8692fb33b6fffd2273b","name":"inclusivenews2024","image":{"@type":"ImageObject","inLanguage":"pt-PT","@id":"https:\/\/secure.gravatar.com\/avatar\/c5a7ef84c66fa914f55bc4f7ce26cfa275a3b9a1c5568b907bd184fb4dde7b40?s=96&d=mm&r=g","url":"https:\/\/secure.gravatar.com\/avatar\/c5a7ef84c66fa914f55bc4f7ce26cfa275a3b9a1c5568b907bd184fb4dde7b40?s=96&d=mm&r=g","contentUrl":"https:\/\/secure.gravatar.com\/avatar\/c5a7ef84c66fa914f55bc4f7ce26cfa275a3b9a1c5568b907bd184fb4dde7b40?s=96&d=mm&r=g","caption":"inclusivenews2024"},"sameAs":["https:\/\/inclusivenews.com.br"],"url":"https:\/\/inclusivenews.com.br\/?author=1"}]}},"_links":{"self":[{"href":"https:\/\/inclusivenews.com.br\/index.php?rest_route=\/wp\/v2\/posts\/27972","targetHints":{"allow":["GET"]}}],"collection":[{"href":"https:\/\/inclusivenews.com.br\/index.php?rest_route=\/wp\/v2\/posts"}],"about":[{"href":"https:\/\/inclusivenews.com.br\/index.php?rest_route=\/wp\/v2\/types\/post"}],"author":[{"embeddable":true,"href":"https:\/\/inclusivenews.com.br\/index.php?rest_route=\/wp\/v2\/users\/1"}],"replies":[{"embeddable":true,"href":"https:\/\/inclusivenews.com.br\/index.php?rest_route=%2Fwp%2Fv2%2Fcomments&post=27972"}],"version-history":[{"count":0,"href":"https:\/\/inclusivenews.com.br\/index.php?rest_route=\/wp\/v2\/posts\/27972\/revisions"}],"wp:attachment":[{"href":"https:\/\/inclusivenews.com.br\/index.php?rest_route=%2Fwp%2Fv2%2Fmedia&parent=27972"}],"wp:term":[{"taxonomy":"category","embeddable":true,"href":"https:\/\/inclusivenews.com.br\/index.php?rest_route=%2Fwp%2Fv2%2Fcategories&post=27972"},{"taxonomy":"post_tag","embeddable":true,"href":"https:\/\/inclusivenews.com.br\/index.php?rest_route=%2Fwp%2Fv2%2Ftags&post=27972"}],"curies":[{"name":"wp","href":"https:\/\/api.w.org\/{rel}","templated":true}]}}