{"id":27987,"date":"2015-04-21T11:44:58","date_gmt":"2015-04-21T14:44:58","guid":{"rendered":"http:\/\/www.inclusive.org.br\/?p=27987"},"modified":"2015-04-21T11:44:58","modified_gmt":"2015-04-21T14:44:58","slug":"nova-rede-brasileira-do-movimento-de-vida-independente-rede-mvi-brasil","status":"publish","type":"post","link":"https:\/\/inclusivenews.com.br\/?p=27987","title":{"rendered":"Nova Rede Brasileira do Movimento de Vida Independente &#8211; Rede MVI &#8211; Brasil"},"content":{"rendered":"<p><img loading=\"lazy\" decoding=\"async\" id=\"irc_mi\" alt=\"\" src=\"http:\/\/www.cosemssp.org.br\/upload\/images\/deficiente.jpg\" width=\"341\" height=\"296\" \/><\/p>\n<p>Foi lan\u00e7ada hoje a <b>Rede Brasileira do Movimento de Vida Independente (Rede MVI-Brasil)<\/b>, movimento pol\u00edtico e de ativismo social, apartid\u00e1rio e fundado por pessoas envolvidas com o movimento de vida independente (MVI) no Brasil.<\/p>\n<p>O principal objetivo da <b>Rede MVI-Brasil<\/b> \u00e9 monitorar o processo pol\u00edtico, em \u00e2mbito nacional, que diz respeito ao desenvolvimento da legisla\u00e7\u00e3o e pol\u00edticas p\u00fablicas relacionadas \u00e0s pessoas com defici\u00eancia.<\/p>\n<p>No link abaixo s\u00e3o apresentadas mais informa\u00e7\u00f5es sobre a Rede. Contamos com a divulga\u00e7\u00e3o de todos!<\/p>\n<p><span style=\"font-family: Times New Roman,serif;\"><a href=\"https:\/\/redemvibrasil.wordpress.com\/\" target=\"_blank\" rel=\"noopener\">https:\/\/redemvibrasil.<wbr \/>wordpress.com\/<\/a>\u00a0<\/span><\/p>\n<p>Sauda\u00e7\u00f5es,<\/p>\n<p>Lia Crespo<\/p>\n<p>Anahi Mello<\/p>\n<p>Regina Atalla<\/p>\n<p>M\u00e1rcio Aguiar<\/p>\n<p>H\u00e9lio de Ara\u00fajo<\/p>\n<p>Claudio Vereza<\/p>\n<p>Katia Ferraz<\/p>\n<p>Lilia Martins<\/p>\n<p>Geraldo Nogueira<\/p>\n<p>Romeu Sassaki<\/p>\n<p>Katia Fonseca<\/p>\n<p>Vinicius Garcia<\/p>\n<p>Ida Palermo<\/p>\n<p>Helo\u00edsa Chagas<\/p>\n<p>&nbsp;<\/p>\n<header>\n<h1><a href=\"https:\/\/redemvibrasil.wordpress.com\/2015\/04\/16\/manifesto-de-fundacao-21-de-abril-de-2015\/\" rel=\"bookmark\">Manifesto de Funda\u00e7\u00e3o<\/a><\/h1>\n<\/header>\n<div>\n<p>21 de Abril de 2015<\/p>\n<p>A Rede Brasileira do Movimento de Vida Independente <strong><em>(Rede MVI-Brasil)<\/em><\/strong>, criada em 2015, \u00e9 um movimento pol\u00edtico e de ativismo social, apartid\u00e1rio e fundado por pessoas envolvidas com o movimento de vida independente (MVI). A cria\u00e7\u00e3o do Centro de Vida Independente do Rio de Janeiro (CVI-Rio) em 1988 marca o in\u00edcio do MVI no Brasil, tendo como inspira\u00e7\u00e3o o movimento norte-americano de vida independente, originado em Berkeley, na Calif\u00f3rnia, em 1972 por veteranos da Guerra do Vietn\u00e3 e civis com defici\u00eancia.<\/p>\n<p>Nos \u00faltimos 25 anos, 23 Centros de Vida Independente foram criados tamb\u00e9m pautados pela filosofia de vida independente, mas considerando as particularidades regionais (alguns continuam atuando, outros n\u00e3o). Em 1995, foi fundado o Conselho Nacional dos Centros de Vida Independente (CVI-Brasil) pelas seguintes entidades: CVI-RJ (RJ), CVI-Maring\u00e1 (PR), CVI-Belo Horizonte (MG), CVI-Santos (SP), CVI-Paulista (SP), CVI-Aracaju (SE), CVI-Maca\u00e9 (RJ) e Corde\/Recife (PE), cujo principal objetivo era articular e apoiar os CVIs existentes, al\u00e9m de incentivar a cria\u00e7\u00e3o de outros. Importante registrar que, de 1996 a 2009, foram criados os seguintes: CVI-Araci Nallin (SP), CVI-Curitiba (PR), CVI-Campinas (SP), CVI-S\u00e3o Lu\u00eds (MA), CVI-Guimar\u00e3es (MA), CVI-Esp\u00edrito Santo (ES), CVI-Angra dos Reis (RJ), CVI-Bras\u00edlia (DF), CVI-Niteroi (RJ), CVI-BA (BA), CVI-Resende (RJ), CVI-Londrina (PR), CVI-Cascavel (PR), CVI-Florian\u00f3polis (SC), CVI-Amazonas (AM) e CVI-Itagib\u00e1 (BA).<\/p>\n<p>A <strong><em>Rede MVI-Brasil <\/em><\/strong>\u00e9 mais uma etapa neste processo que tem como caracter\u00edstica fundamental a luta pela cidadania e inclus\u00e3o social da pessoa com defici\u00eancia, sob o paradigma do \u201cmodelo social\u201d, baseado nos princ\u00edpios de autonomia e independ\u00eancia deste grupo populacional.\u00a0 A <strong><em>Rede MVI-Brasil<\/em><\/strong> ir\u00e1 direcionar a sua atua\u00e7\u00e3o em conformidade com os princ\u00edpios e preceitos inscritos na Conven\u00e7\u00e3o sobre os Direitos das Pessoas com Defici\u00eancia. Desde logo, deixamos claro que a <strong><em>Rede MVI-Brasil<\/em><\/strong> n\u00e3o interfere nas atividades dos CVIs que continuam ativos, os quais respondem e se responsabilizam integralmente por suas a\u00e7\u00f5es. Ademais, este movimento n\u00e3o representa a continuidade do CVI-Brasil, institui\u00e7\u00e3o que est\u00e1 sendo formalmente extinta em raz\u00e3o das dificuldades para o cumprimento dos seus objetivos estatut\u00e1rios.<\/p>\n<p>A proposta de cria\u00e7\u00e3o da <strong><em>Rede MVI-Brasil<\/em><\/strong> surge da constata\u00e7\u00e3o de que uma nova forma de ativismo social e pol\u00edtico ganhou for\u00e7a nos \u00faltimos anos. Dadas as atuais facilidades de comunica\u00e7\u00e3o, as novas tecnologias, as redes sociais e outros recursos dispon\u00edveis, acreditamos ser poss\u00edvel atuar e interferir no debate p\u00fablico que envolve as pessoas com defici\u00eancia por meio de tais ferramentas. Nesse sentido, o principal objetivo da <strong><em>Rede MVI-Brasil<\/em><\/strong> \u00e9 <em>monitorar o processo pol\u00edtico, em \u00e2mbito nacional, que diz respeito ao desenvolvimento da legisla\u00e7\u00e3o e pol\u00edticas p\u00fablicas relacionadas \u00e0s pessoas com defici\u00eancia<\/em>. Para tanto, dentre as a\u00e7\u00f5es a serem realizadas est\u00e3o as seguintes:<\/p>\n<ol>\n<li>Manuten\u00e7\u00e3o de um banco de e-mails, de contatos telef\u00f4nicos e de um grupo na internet para troca de informa\u00e7\u00f5es sobre temas ligados \u00e0 cidadania das pessoas com defici\u00eancia;<\/li>\n<li>Utiliza\u00e7\u00e3o da internet e das redes sociais para divulga\u00e7\u00e3o de posicionamentos ou manifestos p\u00fablicos relativos \u00e0 legisla\u00e7\u00e3o, pol\u00edticas p\u00fablicas ou cong\u00eaneres;<\/li>\n<li>Articula\u00e7\u00e3o com outros movimentos sociais, \u00f3rg\u00e3os p\u00fablicos e representantes institucionais para dissemina\u00e7\u00e3o e encaminhamento das posi\u00e7\u00f5es pol\u00edticas consensuadas pela Rede.<\/li>\n<li>Interc\u00e2mbio e articula\u00e7\u00e3o com organiza\u00e7\u00f5es internacionais de pessoas com defici\u00eancia para identifica\u00e7\u00e3o e dialogo com iniciativas de boas pr\u00e1ticas e defesa de direitos.<\/li>\n<\/ol>\n<p>A composi\u00e7\u00e3o da <strong><em>Rede MVI-Brasil<\/em><\/strong> se d\u00e1 nas seguintes categorias: a) fundadores; b) convidados (pessoas de not\u00f3rio saber com atua\u00e7\u00e3o na \u00e1rea da defici\u00eancia). A <em>Rede MVI-Brasil<\/em> \u00e9 um movimento horizontal, sem diretorias ou dirigente m\u00e1ximo. Seu m\u00e9todo de delibera\u00e7\u00e3o \u00e9 a busca do consenso progressivo, por meio do debate construtivo. O detalhamento dos procedimentos para que a <strong><em>Rede MVI-Brasil<\/em><\/strong> emita, por exemplo, um manifesto p\u00fablico sobre determinado tema, pol\u00edtica p\u00fablica ou legisla\u00e7\u00e3o ser\u00e1 definido no seu <em>regimento interno<\/em>, a ser elaborado pelos membros fundadores.<\/p>\n<p>Ao longo da hist\u00f3ria do movimento de vida independente no Brasil, como n\u00e3o poderia ser diferente, percal\u00e7os e dificuldades coexistiram com \u00eaxitos e conquistas. Sem desconsiderar a trajet\u00f3ria pregressa, o que parece ser mais importante na conjuntura atual \u00e9 o in\u00edcio de uma nova etapa no MVI brasileiro. A proposta de cria\u00e7\u00e3o da <strong><em>Rede MVI-Brasil<\/em><\/strong> est\u00e1 imbu\u00edda deste esp\u00edrito e quer contar com o apoio daqueles que, independentemente dos anseios particulares ou desdobramentos pol\u00edticos de sua atua\u00e7\u00e3o, em algum momento se sentiram e ainda se sentem tocados pela filosofia original deste movimento que perpassa outros movimentos e d\u00e1 alicerce para uma efetiva inclus\u00e3o social, por isso deve continuar sendo disseminada.<\/p>\n<p><strong><br \/>\n<\/strong><\/p>\n<p><strong>Membros fundadores da Rede MVI-Brasil<\/strong><\/p>\n<p><strong>\u00a0<\/strong><\/p>\n<p><strong>Ana Maria (Lia) Morales Crespo<\/strong>, pessoa com defici\u00eancia f\u00edsica, 60, \u00e9 jornalista e doutora em Hist\u00f3ria Social. Atua no movimento das pessoas com defici\u00eancia, desde 1980, quando foi cofundadora do N\u00facleo de Integra\u00e7\u00e3o de Deficientes (NID). Tamb\u00e9m participou da funda\u00e7\u00e3o do CVI-Araci Nallin (1996) e \u00e9 autora do livro infantil \u201cJ\u00falia e seus amigos\u201d (Nova Alexandria, 2005), que trata de defici\u00eancia e a import\u00e2ncia da amizade para a constru\u00e7\u00e3o de uma sociedade para todos.<\/p>\n<p><strong>Anahi\u00a0Guedes de Mello<\/strong>,\u00a039, doutoranda em Antropologia Social pela Universidade Federal de Santa Catarina, onde desenvolve pesquisas\u00a0nos campos dos\u00a0Estudos sobre Defici\u00eancia (<em>Disability Studies<\/em>)\u00a0e Estudos Feministas.\u00a0Ativista surda e l\u00e9sbica, atua nos movimentos de pessoas com defici\u00eancia e LGBT, respectivamente desde 1998 e 2008, sendo atualmente a secret\u00e1ria titular da pasta Secretaria de Pessoas com Defici\u00eancia da Associa\u00e7\u00e3o Brasileira de L\u00e9sbicas, Gays, Bissexuais, Travestis e Transexuais (ABGLT). Foi fundadora e presidenta do Centro de Vida Independente de Florian\u00f3polis (CVI-Floripa) entre os anos 2004 a 2008.<\/p>\n<p><strong>Claudio Vereza<\/strong>, pessoa com defici\u00eancia f\u00edsica, 65, educador popular, jornalista e aposentado pelo INSS. Ex-deputado estadual por seis mandatos e ex-presidente da Assembleia Legislativa do Esp\u00edrito Santo. Membro da Coordena\u00e7\u00e3o Nacional do Movimento F\u00e9 e Pol\u00edtica. Militante do movimento de direitos humanos, ambientalista, poeta e violeiro nas horas vagas.<\/p>\n<p><strong>Geraldo Marcos Nogueira Pinto<\/strong>, pessoa com defici\u00eancia f\u00edsica, 56, advogado militante, especialista nos direitos das pessoas com defici\u00eancia, fez doutorado em ci\u00eancias jur\u00eddicas e sociais, foi diretor executivo do CVI-Rio, fundador e diretor jur\u00eddico do CVI-Brasil, vice-presidente para Am\u00e9rica Latina da Reabilitation International, subsecretario do trabalho e emprego do Munic\u00edpio do Rio de Janeiro, membro corregedor do Conselho Municipal da Crian\u00e7a e do Adolescente do Rio de Janeiro, vice-presidente do Sindicato dos Servidores do Departamento de Pol\u00edcia Federal no Rio de Janeiro, integrou o Conselho Pleno da Ordem dos Advogados do Rio de Janeiro, foi membro da comiss\u00e3o multiprofissional para ingresso na magistratura de carreira do Tribunal de Justi\u00e7a do Rio de Janeiro e, atualmente, preside a Comiss\u00e3o de Defesa dos direitos da Pessoa com defici\u00eancia (OAB\/RJ).<\/p>\n<p>\u200b<strong>H\u00e9lio de Ara\u00fajo<\/strong>, pessoa com defici\u00eancia f\u00edsica, 52, professor e especialista em Atendimento Educacional Especializado (AEE).\u00a0 Cofundador do Conselho Municipal dos Direitos da Pessoa com Defici\u00eancia de Petrolina. Foi membro do Conselho Estadual dos Direitos da Pessoa com Defici\u00eancia de Pernambuco.<\/p>\n<p><strong>Heloisa Helena Ferrari Chagas, <\/strong>pessoa com defici\u00eancia f\u00edsica, 65,\u00a0Psic\u00f3loga Especialista em Terapia Junguiana-PUC-SP; Especialista em Doen\u00e7a Mental\/ Pinel\/RS. 46 anos de experi\u00eancia em v\u00e1rias Clinicas de Reabilita\u00e7\u00e3o entre 1976 e 1995:\u00a0AACD.SP; Sarah Kubscheck. DF; FADERS; e\u00a0Escolas Especiais entre 1995 a 2005: APAEPR, CRAIDPR; APRPR. Ativista dos movimentos sociais das pessoas com defici\u00eancia desde 1977,\u00a0fundadora e presidente do CVI-Curitiba e co-fundadora do CVI-Brasil,\u00a0onde exerceu cargo de diretora financeira por uma gest\u00e3o. Coordenadora da Assessoria Especial para Pessoas com defici\u00eancia- Prefeitura Municipal de Curitiba PR e Conselheira do Conselho Municipal.<\/p>\n<p><strong>Ida C\u00e9lia Palermo<\/strong>, pessoa com defici\u00eancia f\u00edsica, 55, Graduada em Comunica\u00e7\u00e3o Social \u2013 Turismo no Instituto de Comunica\u00e7\u00e3o e Artes da PUC-Campinas, e especialista em Organiza\u00e7\u00e3o de Acervos, no Centro de Mem\u00f3ria, na Universidade Estadual de Campinas, Trabalhou 28 anos como Agente Cultural na Prefeitura de Campinas, Conselheira Municipal de Direitos da Pessoa com Defici\u00eancia (CMPD) de Campinas em varias gest\u00f5es representando o Poder P\u00fablico e como representante da Sociedade Civil pelo CVI-Campinas \u2013 Bi\u00eanio 2009\/2011. Conselheira Estadual para Assuntos \u00a0da Pessoa com Defici\u00eancia do Estado de S\u00e3o Paulo (CEAPcD).- Bi\u00eanio 2009\/2011, participou das Confer\u00eancias Nacionais dos Direitos da Pessoa com Defici\u00eancia representando o Estado de S\u00e3o Paulo. Comp\u00f4s a Diretoria do CVI Brasil e atualmente \u00e9 Presidente do Centro de Vida Independente de Campinas ( CVI-Campinas).<\/p>\n<p><strong>Lilia Martins<\/strong>, pessoa com defici\u00eancia f\u00edsica, 76 anos; Graduada pela Faculdade de Psicologia da Pontif\u00edcia Universidade Cat\u00f3lica do Rio de Janeiro (PUC-RIO); Curso de P\u00f3s-gradua\u00e7\u00e3o em Psicologia M\u00e9dica, do Instituto de P\u00f3s-gradua\u00e7\u00e3o M\u00e9dica Carlos Chagas, realizado no Centro de Medicina Psicossom\u00e1tica, do Hospital Geral da Santa Casa de Miseric\u00f3rdia do Rio de Janeiro; Curso de Forma\u00e7\u00e3o em Psicoterapia de Grupo pela Sociedade de Psicoterapia Anal\u00edtica de Grupo do Estado do Rio de Janeiro (SPAG-E.Rio). Psic\u00f3loga Cl\u00ednica da Unidade de Psicologia da Associa\u00e7\u00e3o Brasileira Beneficente de Reabilita\u00e7\u00e3o (ABBR); Coordenadora da Unidade de Psicologia da Associa\u00e7\u00e3o Brasileira Beneficente de Reabilita\u00e7\u00e3o (ABBR); Coordenadora do Setor de Desenvolvimento Humano e Cient\u00edfico do Centro de Vida Independente do Rio de Janeiro (CVI-Rio). Membro fundador da Associa\u00e7\u00e3o de Deficientes F\u00edsicos do Estado Rio de Janeiro\u00a0 (ADEFERJ); Presidente da Associa\u00e7\u00e3o de Deficientes F\u00edsicos do Estado do Rio de Janeiro (ADEFERJ) Membro fundador do Centro de Vida Independente do Rio de Janeiro\u00a0 (CVI-Rio) Vice-Presidente do Centro de Vida Independente do Rio de Janeiro (CVI-Rio). Diretora de Forma\u00e7\u00e3o e Capacita\u00e7\u00e3o do Conselho Nacional dos Centros de Vida Independente (CVI-Brasil).<\/p>\n<p><strong>K\u00e1tia Ferraz Ferreira<\/strong>, pessoa com defici\u00eancia f\u00edsica, 49,\u00a0\u00e9 licenciada em Letras e bacharelado em Tradu\u00e7\u00e3o e Interpreta\u00e7\u00e3o, p\u00f3s-graduada em Educa\u00e7\u00e3o Ambiental pelo CEPEMG. Foi conselheira titular do Conselho Municipal de Direitos da Pessoa com Defici\u00eancia de Belo Horizonte por 2 mandatos. Foi conselheira titular do Conselho Municipal de Sa\u00fade de Belo Horizonte, membro do Comit\u00ea de \u00c9tica e Pesquisa em Sa\u00fade da faculdade Newton Paiva. \u00c9 Presidente do Centro de Vida Independente de Belo Horizonte \u2013 CVI-BH e presidente do Conselho Estadual de Defesa dos Direitos da Pessoa com Defici\u00eancia de Minas Gerais no mandato de 2013-2015. \u00c9 membro da Comiss\u00e3o da Pessoa com defici\u00eancia da OAB-MG e membro do Colegiado de Desenvolvimento da Regi\u00e3o Metropolitana de Belo Horizonte. Diretora da empresa Via Acess\u00edvel Consultoria<\/p>\n<p><strong>Katia Maria Fonseca Dias Pinto<\/strong>, pessoa com anismo, em consequ\u00eancia de m\u00e1 forma\u00e7\u00e3o \u00f3ssea, 58, jornalista, atriz e ativista na defesa dos direitos humanos. Trabalha na Rede Anhanguera de Comunica\u00e7\u00e3o (RAC), em Campinas (SP), como webjornalista. Atua no Terceiro Setor em defesa dos direitos das pessoas com defici\u00eancia, tendo criado, em 1997, ao lado de outras pessoas, a ONG Centro de Vida Independente de Campinas (CVI-Campinas). \u00c9 membro da Federa\u00e7\u00e3o das Organiza\u00e7\u00f5es de Pessoas com Defici\u00eancia dos Pa\u00edses de L\u00edngua Portuguesa (FDLP) e da Rede Latino-Americana de Organiza\u00e7\u00f5es N\u00e3o Governamentais de Pessoas com Defici\u00eancia suas Fam\u00edlias (RIADIS).<\/p>\n<p><strong>Marcio Aguiar<\/strong>, pessoa com defici\u00eancia visual, 47 anos, \u00e9 Especialista em Administra\u00e7\u00e3o P\u00fablica com Enfoque no Judici\u00e1rio pela Escola de Administra\u00e7\u00e3o Judici\u00e1ria do Poder Judici\u00e1rio do Estado do Rio de Janeiro \u2013 ESAJ\/PJERJ. Fisioterapeuta de forma\u00e7\u00e3o, foi fundador do Centro de Vida Independente de Niter\u00f3i e Presidente do Conselho Municipal dos Direitos da Pessoa com Defici\u00eancia de Niter\u00f3i. Atuou por 3 mandatos, de 2007 \u00e0 2012, como Conselheiro Nacional dos Direitos das Pessoas com Defici\u00eancia \u2013 CONADE; foi Diretor de Articula\u00e7\u00e3o Institucional do CVI-Brasil e Vice Presidente Adjunto para Am\u00e9rica Latina da Rehabilitation International \u2013 RI. Atualmente \u00e9 Presidente da Associa\u00e7\u00e3o dos Deficientes Visuais do Estado do Rio de Janeiro, ADVERJ, e Delegado Estadual representante das entidades de cegos do Rio\u00a0de Janeiro junto \u00e0 Organiza\u00e7\u00e3o Nacional de Cegos do Brasil \u2013 ONCB.<\/p>\n<p><strong>Regina Atalla<\/strong>, pessoa com defici\u00eancia f\u00edsica, 57, jornalista, mineira, carioca de cria\u00e7\u00e3o, com experi\u00eancia de 25 anos como ativista e defensora de direitos humanos das pessoas com defici\u00eancia, estudiosa da legisla\u00e7\u00e3o sobre os direitos da pessoa com defici\u00eancia, foi diretora do Conselho Nacional dos Centros de Vida Independente \u2013 CVI Brasil, ex-Diretora do Centro de Vida Independente da Bahia \u2013 CVI BAHIA, ex-Conselheira do Conselho Nacional dos Direitos da Pessoa com Defici\u00eancia \u2013 CONADE \u00a0e ex-Presidente da Rede Latino-Americana de Organiza\u00e7\u00f5es N\u00e3o Governamentais de Pessoas com Defici\u00eancia e suas Fam\u00edlias \u2013 RIADIS. Atualmente \u00e9 Vice-Presidente da RIADIS. Participou ativamente do processo de elabora\u00e7\u00e3o e negocia\u00e7\u00e3o da Conven\u00e7\u00e3o sobre os Direitos das Pessoas com Defici\u00eancia, realizado na sede da ONU, em Nova York, de 2004 a 2006. Autora de artigos sobre Pol\u00edticas P\u00fablicas e Inclus\u00e3o de Pessoas com Defici\u00eancia.<\/p>\n<p><strong>\u00a0<\/strong><strong>Romeu Kazumi Sassaki<\/strong>, 77, especialista em reabilita\u00e7\u00e3o profissional e consultor de educa\u00e7\u00e3o inclusiva, na \u00e1rea \u201cPcD\u201d desde 1960. Representante titular do CVI-Brasil no Conade (gest\u00e3o 2009\/2010). Autor do livro \u201cInclus\u00e3o: Construindo uma sociedade para todos\u201d. Presidente da Associa\u00e7\u00e3o Nacional do Emprego Apoiado (Anea) na gest\u00e3o 2014\/2016.<\/p>\n<p><strong>Vinicius Gaspar Garcia<\/strong>, pessoa com defici\u00eancia f\u00edsica (tetraplegia), 39, economista, pesquisador e ativista social. Doutor em Economia Social e do Trabalho pelo Instituto de Economia da Unicamp. Foi cofundador do Centro de Vida Independente de Campinas em 1997 e presidente do Conselho Municipal dos Direitos das Pessoas com Defici\u00eancia de Campinas entre 2002 e 2004. Atualmente \u00e9 professor na Facamp, membro da Plataforma Pol\u00edtica e Social (Cesit\/Unicamp) e colaborador do site \u201cBrasil Debate\u201d.<\/p>\n<\/div>\n","protected":false},"excerpt":{"rendered":"<p>Movimento pol\u00edtico e de ativismo social, apartid\u00e1rio e fundado por pessoas envolvidas com o movimento de vida independente (MVI) no Brasil.<\/p>\n","protected":false},"author":1,"featured_media":0,"comment_status":"open","ping_status":"open","sticky":false,"template":"","format":"standard","meta":{"site-container-style":"default","site-container-layout":"default","site-sidebar-layout":"default","disable-article-header":"default","disable-site-header":"default","disable-site-footer":"default","disable-content-area-spacing":"default","footnotes":""},"categories":[44,103,5,38,11,48,26],"tags":[],"class_list":["post-27987","post","type-post","status-publish","format-standard","hentry","category-acessibilidade","category-comunidades","category-convencao","category-deficiencia","category-direitos-humanos","category-inclusao","category-legislacao"],"yoast_head":"<!-- This site is optimized with the Yoast SEO plugin v27.4 - https:\/\/yoast.com\/product\/yoast-seo-wordpress\/ -->\n<title>Nova Rede Brasileira do Movimento de Vida Independente - Rede MVI - Brasil -<\/title>\n<meta name=\"robots\" content=\"index, follow, max-snippet:-1, max-image-preview:large, max-video-preview:-1\" \/>\n<link rel=\"canonical\" href=\"https:\/\/inclusivenews.com.br\/?p=27987\" \/>\n<meta property=\"og:locale\" content=\"pt_PT\" \/>\n<meta property=\"og:type\" content=\"article\" \/>\n<meta property=\"og:title\" content=\"Nova Rede Brasileira do Movimento de Vida Independente - Rede MVI - Brasil -\" \/>\n<meta property=\"og:description\" content=\"Movimento pol\u00edtico e de ativismo social, apartid\u00e1rio e fundado por pessoas envolvidas com o movimento de vida independente (MVI) no Brasil.\" \/>\n<meta property=\"og:url\" content=\"https:\/\/inclusivenews.com.br\/?p=27987\" \/>\n<meta property=\"article:publisher\" content=\"https:\/\/www.facebook.com\/agenciainclusive\/\" \/>\n<meta property=\"article:published_time\" content=\"2015-04-21T14:44:58+00:00\" \/>\n<meta property=\"og:image\" content=\"http:\/\/www.cosemssp.org.br\/upload\/images\/deficiente.jpg\" \/>\n<meta name=\"author\" content=\"inclusivenews2024\" \/>\n<meta name=\"twitter:card\" content=\"summary_large_image\" \/>\n<meta name=\"twitter:label1\" content=\"Escrito por\" \/>\n\t<meta name=\"twitter:data1\" content=\"inclusivenews2024\" \/>\n\t<meta name=\"twitter:label2\" content=\"Tempo estimado de leitura\" \/>\n\t<meta name=\"twitter:data2\" content=\"12 minutos\" \/>\n<script type=\"application\/ld+json\" class=\"yoast-schema-graph\">{\"@context\":\"https:\\\/\\\/schema.org\",\"@graph\":[{\"@type\":\"Article\",\"@id\":\"https:\\\/\\\/inclusivenews.com.br\\\/?p=27987#article\",\"isPartOf\":{\"@id\":\"https:\\\/\\\/inclusivenews.com.br\\\/?p=27987\"},\"author\":{\"name\":\"inclusivenews2024\",\"@id\":\"https:\\\/\\\/inclusivenews.com.br\\\/#\\\/schema\\\/person\\\/ae4ec7087559b8692fb33b6fffd2273b\"},\"headline\":\"Nova Rede Brasileira do Movimento de Vida Independente &#8211; Rede MVI &#8211; Brasil\",\"datePublished\":\"2015-04-21T14:44:58+00:00\",\"mainEntityOfPage\":{\"@id\":\"https:\\\/\\\/inclusivenews.com.br\\\/?p=27987\"},\"wordCount\":2454,\"commentCount\":3,\"publisher\":{\"@id\":\"https:\\\/\\\/inclusivenews.com.br\\\/#organization\"},\"image\":{\"@id\":\"https:\\\/\\\/inclusivenews.com.br\\\/?p=27987#primaryimage\"},\"thumbnailUrl\":\"http:\\\/\\\/www.cosemssp.org.br\\\/upload\\\/images\\\/deficiente.jpg\",\"articleSection\":[\"ACESSIBILIDADE\",\"Comunidades\",\"Conven\u00e7\u00e3o\",\"Defici\u00eancia\",\"DIREITOS HUMANOS\",\"INCLUS\u00c3O SOCIAL\",\"Legisla\u00e7\u00e3o ...\"],\"inLanguage\":\"pt-PT\",\"potentialAction\":[{\"@type\":\"CommentAction\",\"name\":\"Comment\",\"target\":[\"https:\\\/\\\/inclusivenews.com.br\\\/?p=27987#respond\"]}]},{\"@type\":\"WebPage\",\"@id\":\"https:\\\/\\\/inclusivenews.com.br\\\/?p=27987\",\"url\":\"https:\\\/\\\/inclusivenews.com.br\\\/?p=27987\",\"name\":\"Nova Rede Brasileira do Movimento de Vida Independente - Rede MVI - Brasil -\",\"isPartOf\":{\"@id\":\"https:\\\/\\\/inclusivenews.com.br\\\/#website\"},\"primaryImageOfPage\":{\"@id\":\"https:\\\/\\\/inclusivenews.com.br\\\/?p=27987#primaryimage\"},\"image\":{\"@id\":\"https:\\\/\\\/inclusivenews.com.br\\\/?p=27987#primaryimage\"},\"thumbnailUrl\":\"http:\\\/\\\/www.cosemssp.org.br\\\/upload\\\/images\\\/deficiente.jpg\",\"datePublished\":\"2015-04-21T14:44:58+00:00\",\"breadcrumb\":{\"@id\":\"https:\\\/\\\/inclusivenews.com.br\\\/?p=27987#breadcrumb\"},\"inLanguage\":\"pt-PT\",\"potentialAction\":[{\"@type\":\"ReadAction\",\"target\":[\"https:\\\/\\\/inclusivenews.com.br\\\/?p=27987\"]}]},{\"@type\":\"ImageObject\",\"inLanguage\":\"pt-PT\",\"@id\":\"https:\\\/\\\/inclusivenews.com.br\\\/?p=27987#primaryimage\",\"url\":\"http:\\\/\\\/www.cosemssp.org.br\\\/upload\\\/images\\\/deficiente.jpg\",\"contentUrl\":\"http:\\\/\\\/www.cosemssp.org.br\\\/upload\\\/images\\\/deficiente.jpg\"},{\"@type\":\"BreadcrumbList\",\"@id\":\"https:\\\/\\\/inclusivenews.com.br\\\/?p=27987#breadcrumb\",\"itemListElement\":[{\"@type\":\"ListItem\",\"position\":1,\"name\":\"In\u00edcio\",\"item\":\"https:\\\/\\\/inclusivenews.com.br\\\/\"},{\"@type\":\"ListItem\",\"position\":2,\"name\":\"Nova Rede Brasileira do Movimento de Vida Independente &#8211; Rede MVI &#8211; Brasil\"}]},{\"@type\":\"WebSite\",\"@id\":\"https:\\\/\\\/inclusivenews.com.br\\\/#website\",\"url\":\"https:\\\/\\\/inclusivenews.com.br\\\/\",\"name\":\"Inclusive News\",\"description\":\"Inclusive News\",\"publisher\":{\"@id\":\"https:\\\/\\\/inclusivenews.com.br\\\/#organization\"},\"potentialAction\":[{\"@type\":\"SearchAction\",\"target\":{\"@type\":\"EntryPoint\",\"urlTemplate\":\"https:\\\/\\\/inclusivenews.com.br\\\/?s={search_term_string}\"},\"query-input\":{\"@type\":\"PropertyValueSpecification\",\"valueRequired\":true,\"valueName\":\"search_term_string\"}}],\"inLanguage\":\"pt-PT\"},{\"@type\":\"Organization\",\"@id\":\"https:\\\/\\\/inclusivenews.com.br\\\/#organization\",\"name\":\"Inclusive - inclus\u00e3o e cidadania\",\"url\":\"https:\\\/\\\/inclusivenews.com.br\\\/\",\"logo\":{\"@type\":\"ImageObject\",\"inLanguage\":\"pt-PT\",\"@id\":\"https:\\\/\\\/inclusivenews.com.br\\\/#\\\/schema\\\/logo\\\/image\\\/\",\"url\":\"https:\\\/\\\/inclusivenews.com.br\\\/wp-content\\\/uploads\\\/2024\\\/03\\\/@grandesite.png\",\"contentUrl\":\"https:\\\/\\\/inclusivenews.com.br\\\/wp-content\\\/uploads\\\/2024\\\/03\\\/@grandesite.png\",\"width\":1080,\"height\":1080,\"caption\":\"Inclusive - inclus\u00e3o e cidadania\"},\"image\":{\"@id\":\"https:\\\/\\\/inclusivenews.com.br\\\/#\\\/schema\\\/logo\\\/image\\\/\"},\"sameAs\":[\"https:\\\/\\\/www.facebook.com\\\/agenciainclusive\\\/\",\"https:\\\/\\\/www.instagram.com\\\/newsinclusive\\\/\"]},{\"@type\":\"Person\",\"@id\":\"https:\\\/\\\/inclusivenews.com.br\\\/#\\\/schema\\\/person\\\/ae4ec7087559b8692fb33b6fffd2273b\",\"name\":\"inclusivenews2024\",\"image\":{\"@type\":\"ImageObject\",\"inLanguage\":\"pt-PT\",\"@id\":\"https:\\\/\\\/secure.gravatar.com\\\/avatar\\\/c5a7ef84c66fa914f55bc4f7ce26cfa275a3b9a1c5568b907bd184fb4dde7b40?s=96&d=mm&r=g\",\"url\":\"https:\\\/\\\/secure.gravatar.com\\\/avatar\\\/c5a7ef84c66fa914f55bc4f7ce26cfa275a3b9a1c5568b907bd184fb4dde7b40?s=96&d=mm&r=g\",\"contentUrl\":\"https:\\\/\\\/secure.gravatar.com\\\/avatar\\\/c5a7ef84c66fa914f55bc4f7ce26cfa275a3b9a1c5568b907bd184fb4dde7b40?s=96&d=mm&r=g\",\"caption\":\"inclusivenews2024\"},\"sameAs\":[\"https:\\\/\\\/inclusivenews.com.br\"],\"url\":\"https:\\\/\\\/inclusivenews.com.br\\\/?author=1\"}]}<\/script>\n<!-- \/ Yoast SEO plugin. -->","yoast_head_json":{"title":"Nova Rede Brasileira do Movimento de Vida Independente - Rede MVI - Brasil -","robots":{"index":"index","follow":"follow","max-snippet":"max-snippet:-1","max-image-preview":"max-image-preview:large","max-video-preview":"max-video-preview:-1"},"canonical":"https:\/\/inclusivenews.com.br\/?p=27987","og_locale":"pt_PT","og_type":"article","og_title":"Nova Rede Brasileira do Movimento de Vida Independente - Rede MVI - Brasil -","og_description":"Movimento pol\u00edtico e de ativismo social, apartid\u00e1rio e fundado por pessoas envolvidas com o movimento de vida independente (MVI) no Brasil.","og_url":"https:\/\/inclusivenews.com.br\/?p=27987","article_publisher":"https:\/\/www.facebook.com\/agenciainclusive\/","article_published_time":"2015-04-21T14:44:58+00:00","og_image":[{"url":"http:\/\/www.cosemssp.org.br\/upload\/images\/deficiente.jpg","type":"","width":"","height":""}],"author":"inclusivenews2024","twitter_card":"summary_large_image","twitter_misc":{"Escrito por":"inclusivenews2024","Tempo estimado de leitura":"12 minutos"},"schema":{"@context":"https:\/\/schema.org","@graph":[{"@type":"Article","@id":"https:\/\/inclusivenews.com.br\/?p=27987#article","isPartOf":{"@id":"https:\/\/inclusivenews.com.br\/?p=27987"},"author":{"name":"inclusivenews2024","@id":"https:\/\/inclusivenews.com.br\/#\/schema\/person\/ae4ec7087559b8692fb33b6fffd2273b"},"headline":"Nova Rede Brasileira do Movimento de Vida Independente &#8211; Rede MVI &#8211; Brasil","datePublished":"2015-04-21T14:44:58+00:00","mainEntityOfPage":{"@id":"https:\/\/inclusivenews.com.br\/?p=27987"},"wordCount":2454,"commentCount":3,"publisher":{"@id":"https:\/\/inclusivenews.com.br\/#organization"},"image":{"@id":"https:\/\/inclusivenews.com.br\/?p=27987#primaryimage"},"thumbnailUrl":"http:\/\/www.cosemssp.org.br\/upload\/images\/deficiente.jpg","articleSection":["ACESSIBILIDADE","Comunidades","Conven\u00e7\u00e3o","Defici\u00eancia","DIREITOS HUMANOS","INCLUS\u00c3O SOCIAL","Legisla\u00e7\u00e3o ..."],"inLanguage":"pt-PT","potentialAction":[{"@type":"CommentAction","name":"Comment","target":["https:\/\/inclusivenews.com.br\/?p=27987#respond"]}]},{"@type":"WebPage","@id":"https:\/\/inclusivenews.com.br\/?p=27987","url":"https:\/\/inclusivenews.com.br\/?p=27987","name":"Nova Rede Brasileira do Movimento de Vida Independente - Rede MVI - Brasil -","isPartOf":{"@id":"https:\/\/inclusivenews.com.br\/#website"},"primaryImageOfPage":{"@id":"https:\/\/inclusivenews.com.br\/?p=27987#primaryimage"},"image":{"@id":"https:\/\/inclusivenews.com.br\/?p=27987#primaryimage"},"thumbnailUrl":"http:\/\/www.cosemssp.org.br\/upload\/images\/deficiente.jpg","datePublished":"2015-04-21T14:44:58+00:00","breadcrumb":{"@id":"https:\/\/inclusivenews.com.br\/?p=27987#breadcrumb"},"inLanguage":"pt-PT","potentialAction":[{"@type":"ReadAction","target":["https:\/\/inclusivenews.com.br\/?p=27987"]}]},{"@type":"ImageObject","inLanguage":"pt-PT","@id":"https:\/\/inclusivenews.com.br\/?p=27987#primaryimage","url":"http:\/\/www.cosemssp.org.br\/upload\/images\/deficiente.jpg","contentUrl":"http:\/\/www.cosemssp.org.br\/upload\/images\/deficiente.jpg"},{"@type":"BreadcrumbList","@id":"https:\/\/inclusivenews.com.br\/?p=27987#breadcrumb","itemListElement":[{"@type":"ListItem","position":1,"name":"In\u00edcio","item":"https:\/\/inclusivenews.com.br\/"},{"@type":"ListItem","position":2,"name":"Nova Rede Brasileira do Movimento de Vida Independente &#8211; Rede MVI &#8211; Brasil"}]},{"@type":"WebSite","@id":"https:\/\/inclusivenews.com.br\/#website","url":"https:\/\/inclusivenews.com.br\/","name":"Inclusive News","description":"Inclusive News","publisher":{"@id":"https:\/\/inclusivenews.com.br\/#organization"},"potentialAction":[{"@type":"SearchAction","target":{"@type":"EntryPoint","urlTemplate":"https:\/\/inclusivenews.com.br\/?s={search_term_string}"},"query-input":{"@type":"PropertyValueSpecification","valueRequired":true,"valueName":"search_term_string"}}],"inLanguage":"pt-PT"},{"@type":"Organization","@id":"https:\/\/inclusivenews.com.br\/#organization","name":"Inclusive - inclus\u00e3o e cidadania","url":"https:\/\/inclusivenews.com.br\/","logo":{"@type":"ImageObject","inLanguage":"pt-PT","@id":"https:\/\/inclusivenews.com.br\/#\/schema\/logo\/image\/","url":"https:\/\/inclusivenews.com.br\/wp-content\/uploads\/2024\/03\/@grandesite.png","contentUrl":"https:\/\/inclusivenews.com.br\/wp-content\/uploads\/2024\/03\/@grandesite.png","width":1080,"height":1080,"caption":"Inclusive - inclus\u00e3o e cidadania"},"image":{"@id":"https:\/\/inclusivenews.com.br\/#\/schema\/logo\/image\/"},"sameAs":["https:\/\/www.facebook.com\/agenciainclusive\/","https:\/\/www.instagram.com\/newsinclusive\/"]},{"@type":"Person","@id":"https:\/\/inclusivenews.com.br\/#\/schema\/person\/ae4ec7087559b8692fb33b6fffd2273b","name":"inclusivenews2024","image":{"@type":"ImageObject","inLanguage":"pt-PT","@id":"https:\/\/secure.gravatar.com\/avatar\/c5a7ef84c66fa914f55bc4f7ce26cfa275a3b9a1c5568b907bd184fb4dde7b40?s=96&d=mm&r=g","url":"https:\/\/secure.gravatar.com\/avatar\/c5a7ef84c66fa914f55bc4f7ce26cfa275a3b9a1c5568b907bd184fb4dde7b40?s=96&d=mm&r=g","contentUrl":"https:\/\/secure.gravatar.com\/avatar\/c5a7ef84c66fa914f55bc4f7ce26cfa275a3b9a1c5568b907bd184fb4dde7b40?s=96&d=mm&r=g","caption":"inclusivenews2024"},"sameAs":["https:\/\/inclusivenews.com.br"],"url":"https:\/\/inclusivenews.com.br\/?author=1"}]}},"_links":{"self":[{"href":"https:\/\/inclusivenews.com.br\/index.php?rest_route=\/wp\/v2\/posts\/27987","targetHints":{"allow":["GET"]}}],"collection":[{"href":"https:\/\/inclusivenews.com.br\/index.php?rest_route=\/wp\/v2\/posts"}],"about":[{"href":"https:\/\/inclusivenews.com.br\/index.php?rest_route=\/wp\/v2\/types\/post"}],"author":[{"embeddable":true,"href":"https:\/\/inclusivenews.com.br\/index.php?rest_route=\/wp\/v2\/users\/1"}],"replies":[{"embeddable":true,"href":"https:\/\/inclusivenews.com.br\/index.php?rest_route=%2Fwp%2Fv2%2Fcomments&post=27987"}],"version-history":[{"count":0,"href":"https:\/\/inclusivenews.com.br\/index.php?rest_route=\/wp\/v2\/posts\/27987\/revisions"}],"wp:attachment":[{"href":"https:\/\/inclusivenews.com.br\/index.php?rest_route=%2Fwp%2Fv2%2Fmedia&parent=27987"}],"wp:term":[{"taxonomy":"category","embeddable":true,"href":"https:\/\/inclusivenews.com.br\/index.php?rest_route=%2Fwp%2Fv2%2Fcategories&post=27987"},{"taxonomy":"post_tag","embeddable":true,"href":"https:\/\/inclusivenews.com.br\/index.php?rest_route=%2Fwp%2Fv2%2Ftags&post=27987"}],"curies":[{"name":"wp","href":"https:\/\/api.w.org\/{rel}","templated":true}]}}