{"id":28053,"date":"2015-05-14T08:03:26","date_gmt":"2015-05-14T11:03:26","guid":{"rendered":"http:\/\/www.inclusive.org.br\/?p=28053"},"modified":"2015-05-14T08:03:26","modified_gmt":"2015-05-14T11:03:26","slug":"organizacoes-preparam-mobilizacao-no-primeiro-aniversario-do-novo-pne","status":"publish","type":"post","link":"https:\/\/inclusivenews.com.br\/?p=28053","title":{"rendered":"Organiza\u00e7\u00f5es preparam mobiliza\u00e7\u00e3o no primeiro anivers\u00e1rio do novo PNE"},"content":{"rendered":"<p><em>Do Observat\u00f3rio da Educa\u00e7\u00e3o<\/em><\/p>\n<p><img loading=\"lazy\" decoding=\"async\" class=\"alignnone\" title=\"SAM 2015 - 21 a 27 de junho em todo o Brasil [descri\u00e7\u00e3o n\u00e3o fornecida pelo site or\u00edgem]\" alt=\"SAM 2015 - 21 a 27 de junho em todo o Brasil [descri\u00e7\u00e3o n\u00e3o fornecida pelo site or\u00edgem]\" src=\"http:\/\/www.observatoriodaeducacao.org.br\/images\/stories\/topo_blog_red2.jpg\" width=\"500\" height=\"205\" \/><\/p>\n<p>No dia 25 de junho, a aprova\u00e7\u00e3o \u00a0do Plano Nacional de Educa\u00e7\u00e3o, o PNE, completa um ano. Nesse per\u00edodo, novas disputas foram travadas em torno da regulamenta\u00e7\u00e3o dos pontos e diretrizes estabelecidos pelo documento, como a cria\u00e7\u00e3o de uma inst\u00e2ncia permanente de negocia\u00e7\u00e3o e coopera\u00e7\u00e3o entre Uni\u00e3o, estados, Distrito Federal e munic\u00edpios, ou a cria\u00e7\u00e3o do Sistema Nacional de Avalia\u00e7\u00e3o da Educa\u00e7\u00e3o B\u00e1sica, entre muitos outros. <a href=\"http:\/\/www.observatoriodaeducacao.org.br\/index.php\/sugestoes-de-pautas\/48-sugestoes-de-pautas\/1262-2014-11-18-19-13-23\">Este \u00e9 o principal desafio para que o PNE saia do papel.<\/a><\/p>\n<p>Consta no Plano, por exemplo, que todos os munic\u00edpios e estados do pa\u00eds construam ou revisem seus planos de educa\u00e7\u00e3o em um prazo de um a dois anos desde a sua aprova\u00e7\u00e3o. Apesar do vencimento do prazo estar pr\u00f3ximo, apenas \u00a055 dos 5.570 munic\u00edpios brasileiros finalizaram seus planos, e apenas tr\u00eas das 27 unidades federativas o fizeram, segundo dados da SASE\/MEC. Os Planos de Educa\u00e7\u00e3o s\u00e3o documentos com for\u00e7a de lei, que estabelecem metas para que seja garantido o direito \u00e0 educa\u00e7\u00e3o de qualidade, no per\u00edodo de dez anos.<\/p>\n<p>\u00c9 com isso em mente que a Semana de A\u00e7\u00e3o Mundial (SAM) acontecer\u00e1, no Brasil, entre os dias 21 e 27 de junho, tendo como tema o primeiro ano de implementa\u00e7\u00e3o do Plano Nacional.<\/p>\n<p>A SAM \u00e9 uma iniciativa da Campanha Global pela Educa\u00e7\u00e3o (CGE) e tem por objetivo pressionar governos a cumprirem leis e tratados internacionais voltados para a educa\u00e7\u00e3o p\u00fablica de qualidade para toda a popula\u00e7\u00e3o. Ela acontece em mais de 100 pa\u00edses desde 2003. No Brasil, ela \u00e9 organizada pela Campanha Nacional pelo Direito \u00e0 Educa\u00e7\u00e3o, rede que conta com mais de 200 organiza\u00e7\u00f5es, movimentos e sindicatos que defende a educa\u00e7\u00e3o de qualidade de todo o pa\u00eds.<\/p>\n<p>No resto do mundo, a Semana acontecer\u00e1 entre os dias 26 de abril e 2 de maio, mesmo per\u00edodo em que delega\u00e7\u00f5es de 164 pa\u00edses se encontrar\u00e3o na Cor\u00e9ia do Sul, durante o F\u00f3rum Mundial de Educa\u00e7\u00e3o, para debater a agenda da educa\u00e7\u00e3o para os pr\u00f3ximos 15 anos, a chamada agenda p\u00f3s-2015. No Brasil, a agenda tamb\u00e9m ser\u00e1 abordada e contextualizada com a discuss\u00e3o em torno do PNE. Durante o evento, haver\u00e1 uma Audi\u00eancia P\u00fablica no Congresso Nacional, ainda sem data definida, para discutir as conquistas e desafios da implementa\u00e7\u00e3o do documento.<\/p>\n<p>Qualquer pessoa, grupo ou organiza\u00e7\u00e3o pode participar da SAM. Veja como no <a href=\"http:\/\/semanadeacaomundial.org\/\">site oficial da Semana<\/a>, no qual tamb\u00e9m est\u00e3o dispon\u00edveis subs\u00eddios sobre o Plano Nacional de Educa\u00e7\u00e3o (PNE 2014-2024), a Agenda P\u00f3s-2015, o documento Educa\u00e7\u00e3o para Todos (EPT). Tamb\u00e9m \u00e9 poss\u00edvel solicitar os materiais da Semana at\u00e9 o dia 15 de maio.<\/p>\n<p>O site ainda traz algumas dicas sobre como mobilizar sua entidade para o evento, ensinando, por exemplo, como realizar uma Audi\u00eancia P\u00fablica em sua cidade, ou, simplesmente, uma roda de conversa com atores locais para debater a situa\u00e7\u00e3o da educa\u00e7\u00e3o no munic\u00edpio, levando em considera\u00e7\u00e3o o processo de elabora\u00e7\u00e3o dos Planos Estaduais e Municipais de Educa\u00e7\u00e3o.<\/p>\n","protected":false},"excerpt":{"rendered":"<p>Qualquer pessoa, grupo ou organiza\u00e7\u00e3o pode participar da SAM. Veja como no site oficial da Semana, no qual tamb\u00e9m est\u00e3o dispon\u00edveis subs\u00eddios sobre o Plano Nacional de Educa\u00e7\u00e3o (PNE 2014-2024), a Agenda P\u00f3s-2015, o documento Educa\u00e7\u00e3o para Todos (EPT). Tamb\u00e9m \u00e9 poss\u00edvel solicitar os materiais da Semana at\u00e9 o dia 15 de maio. O site ainda traz algumas dicas sobre como mobilizar sua entidade para o evento, ensinando, por exemplo, como realizar uma Audi\u00eancia P\u00fablica em sua cidade, ou, simplesmente, uma roda de conversa com atores locais para debater a situa\u00e7\u00e3o da educa\u00e7\u00e3o no munic\u00edpio, levando em considera\u00e7\u00e3o o processo de elabora\u00e7\u00e3o dos Planos Estaduais e Municipais de Educa\u00e7\u00e3o.<\/p>\n","protected":false},"author":1,"featured_media":0,"comment_status":"open","ping_status":"open","sticky":false,"template":"","format":"standard","meta":{"site-container-style":"default","site-container-layout":"default","site-sidebar-layout":"default","disable-article-header":"default","disable-site-header":"default","disable-site-footer":"default","disable-content-area-spacing":"default","footnotes":""},"categories":[6,4],"tags":[],"class_list":["post-28053","post","type-post","status-publish","format-standard","hentry","category-educacao","category-noticias"],"yoast_head":"<!-- This site is optimized with the Yoast SEO plugin v27.4 - https:\/\/yoast.com\/product\/yoast-seo-wordpress\/ -->\n<title>Organiza\u00e7\u00f5es preparam mobiliza\u00e7\u00e3o no primeiro anivers\u00e1rio do novo PNE -<\/title>\n<meta name=\"robots\" content=\"index, follow, max-snippet:-1, max-image-preview:large, max-video-preview:-1\" \/>\n<link rel=\"canonical\" href=\"https:\/\/inclusivenews.com.br\/?p=28053\" \/>\n<meta property=\"og:locale\" content=\"pt_PT\" \/>\n<meta property=\"og:type\" content=\"article\" \/>\n<meta property=\"og:title\" content=\"Organiza\u00e7\u00f5es preparam mobiliza\u00e7\u00e3o no primeiro anivers\u00e1rio do novo PNE -\" \/>\n<meta property=\"og:description\" content=\"Qualquer pessoa, grupo ou organiza\u00e7\u00e3o pode participar da SAM. Veja como no site oficial da Semana, no qual tamb\u00e9m est\u00e3o dispon\u00edveis subs\u00eddios sobre o Plano Nacional de Educa\u00e7\u00e3o (PNE 2014-2024), a Agenda P\u00f3s-2015, o documento Educa\u00e7\u00e3o para Todos (EPT). Tamb\u00e9m \u00e9 poss\u00edvel solicitar os materiais da Semana at\u00e9 o dia 15 de maio. O site ainda traz algumas dicas sobre como mobilizar sua entidade para o evento, ensinando, por exemplo, como realizar uma Audi\u00eancia P\u00fablica em sua cidade, ou, simplesmente, uma roda de conversa com atores locais para debater a situa\u00e7\u00e3o da educa\u00e7\u00e3o no munic\u00edpio, levando em considera\u00e7\u00e3o o processo de elabora\u00e7\u00e3o dos Planos Estaduais e Municipais de Educa\u00e7\u00e3o.\" \/>\n<meta property=\"og:url\" content=\"https:\/\/inclusivenews.com.br\/?p=28053\" \/>\n<meta property=\"article:publisher\" content=\"https:\/\/www.facebook.com\/agenciainclusive\/\" \/>\n<meta property=\"article:published_time\" content=\"2015-05-14T11:03:26+00:00\" \/>\n<meta property=\"og:image\" content=\"http:\/\/www.observatoriodaeducacao.org.br\/images\/stories\/topo_blog_red2.jpg\" \/>\n<meta name=\"author\" content=\"inclusivenews2024\" \/>\n<meta name=\"twitter:card\" content=\"summary_large_image\" \/>\n<meta name=\"twitter:label1\" content=\"Escrito por\" \/>\n\t<meta name=\"twitter:data1\" content=\"inclusivenews2024\" \/>\n\t<meta name=\"twitter:label2\" content=\"Tempo estimado de leitura\" \/>\n\t<meta name=\"twitter:data2\" content=\"3 minutos\" \/>\n<script type=\"application\/ld+json\" class=\"yoast-schema-graph\">{\"@context\":\"https:\\\/\\\/schema.org\",\"@graph\":[{\"@type\":\"Article\",\"@id\":\"https:\\\/\\\/inclusivenews.com.br\\\/?p=28053#article\",\"isPartOf\":{\"@id\":\"https:\\\/\\\/inclusivenews.com.br\\\/?p=28053\"},\"author\":{\"name\":\"inclusivenews2024\",\"@id\":\"https:\\\/\\\/inclusivenews.com.br\\\/#\\\/schema\\\/person\\\/ae4ec7087559b8692fb33b6fffd2273b\"},\"headline\":\"Organiza\u00e7\u00f5es preparam mobiliza\u00e7\u00e3o no primeiro anivers\u00e1rio do novo PNE\",\"datePublished\":\"2015-05-14T11:03:26+00:00\",\"mainEntityOfPage\":{\"@id\":\"https:\\\/\\\/inclusivenews.com.br\\\/?p=28053\"},\"wordCount\":546,\"commentCount\":0,\"publisher\":{\"@id\":\"https:\\\/\\\/inclusivenews.com.br\\\/#organization\"},\"image\":{\"@id\":\"https:\\\/\\\/inclusivenews.com.br\\\/?p=28053#primaryimage\"},\"thumbnailUrl\":\"http:\\\/\\\/www.observatoriodaeducacao.org.br\\\/images\\\/stories\\\/topo_blog_red2.jpg\",\"articleSection\":[\"EDUCA\u00c7\u00c3O\",\"NOT\u00cdCIAS\"],\"inLanguage\":\"pt-PT\",\"potentialAction\":[{\"@type\":\"CommentAction\",\"name\":\"Comment\",\"target\":[\"https:\\\/\\\/inclusivenews.com.br\\\/?p=28053#respond\"]}]},{\"@type\":\"WebPage\",\"@id\":\"https:\\\/\\\/inclusivenews.com.br\\\/?p=28053\",\"url\":\"https:\\\/\\\/inclusivenews.com.br\\\/?p=28053\",\"name\":\"Organiza\u00e7\u00f5es preparam mobiliza\u00e7\u00e3o no primeiro anivers\u00e1rio do novo PNE -\",\"isPartOf\":{\"@id\":\"https:\\\/\\\/inclusivenews.com.br\\\/#website\"},\"primaryImageOfPage\":{\"@id\":\"https:\\\/\\\/inclusivenews.com.br\\\/?p=28053#primaryimage\"},\"image\":{\"@id\":\"https:\\\/\\\/inclusivenews.com.br\\\/?p=28053#primaryimage\"},\"thumbnailUrl\":\"http:\\\/\\\/www.observatoriodaeducacao.org.br\\\/images\\\/stories\\\/topo_blog_red2.jpg\",\"datePublished\":\"2015-05-14T11:03:26+00:00\",\"breadcrumb\":{\"@id\":\"https:\\\/\\\/inclusivenews.com.br\\\/?p=28053#breadcrumb\"},\"inLanguage\":\"pt-PT\",\"potentialAction\":[{\"@type\":\"ReadAction\",\"target\":[\"https:\\\/\\\/inclusivenews.com.br\\\/?p=28053\"]}]},{\"@type\":\"ImageObject\",\"inLanguage\":\"pt-PT\",\"@id\":\"https:\\\/\\\/inclusivenews.com.br\\\/?p=28053#primaryimage\",\"url\":\"http:\\\/\\\/www.observatoriodaeducacao.org.br\\\/images\\\/stories\\\/topo_blog_red2.jpg\",\"contentUrl\":\"http:\\\/\\\/www.observatoriodaeducacao.org.br\\\/images\\\/stories\\\/topo_blog_red2.jpg\"},{\"@type\":\"BreadcrumbList\",\"@id\":\"https:\\\/\\\/inclusivenews.com.br\\\/?p=28053#breadcrumb\",\"itemListElement\":[{\"@type\":\"ListItem\",\"position\":1,\"name\":\"In\u00edcio\",\"item\":\"https:\\\/\\\/inclusivenews.com.br\\\/\"},{\"@type\":\"ListItem\",\"position\":2,\"name\":\"Organiza\u00e7\u00f5es preparam mobiliza\u00e7\u00e3o no primeiro anivers\u00e1rio do novo PNE\"}]},{\"@type\":\"WebSite\",\"@id\":\"https:\\\/\\\/inclusivenews.com.br\\\/#website\",\"url\":\"https:\\\/\\\/inclusivenews.com.br\\\/\",\"name\":\"Inclusive News\",\"description\":\"Inclusive News\",\"publisher\":{\"@id\":\"https:\\\/\\\/inclusivenews.com.br\\\/#organization\"},\"potentialAction\":[{\"@type\":\"SearchAction\",\"target\":{\"@type\":\"EntryPoint\",\"urlTemplate\":\"https:\\\/\\\/inclusivenews.com.br\\\/?s={search_term_string}\"},\"query-input\":{\"@type\":\"PropertyValueSpecification\",\"valueRequired\":true,\"valueName\":\"search_term_string\"}}],\"inLanguage\":\"pt-PT\"},{\"@type\":\"Organization\",\"@id\":\"https:\\\/\\\/inclusivenews.com.br\\\/#organization\",\"name\":\"Inclusive - inclus\u00e3o e cidadania\",\"url\":\"https:\\\/\\\/inclusivenews.com.br\\\/\",\"logo\":{\"@type\":\"ImageObject\",\"inLanguage\":\"pt-PT\",\"@id\":\"https:\\\/\\\/inclusivenews.com.br\\\/#\\\/schema\\\/logo\\\/image\\\/\",\"url\":\"https:\\\/\\\/inclusivenews.com.br\\\/wp-content\\\/uploads\\\/2024\\\/03\\\/@grandesite.png\",\"contentUrl\":\"https:\\\/\\\/inclusivenews.com.br\\\/wp-content\\\/uploads\\\/2024\\\/03\\\/@grandesite.png\",\"width\":1080,\"height\":1080,\"caption\":\"Inclusive - inclus\u00e3o e cidadania\"},\"image\":{\"@id\":\"https:\\\/\\\/inclusivenews.com.br\\\/#\\\/schema\\\/logo\\\/image\\\/\"},\"sameAs\":[\"https:\\\/\\\/www.facebook.com\\\/agenciainclusive\\\/\",\"https:\\\/\\\/www.instagram.com\\\/newsinclusive\\\/\"]},{\"@type\":\"Person\",\"@id\":\"https:\\\/\\\/inclusivenews.com.br\\\/#\\\/schema\\\/person\\\/ae4ec7087559b8692fb33b6fffd2273b\",\"name\":\"inclusivenews2024\",\"image\":{\"@type\":\"ImageObject\",\"inLanguage\":\"pt-PT\",\"@id\":\"https:\\\/\\\/secure.gravatar.com\\\/avatar\\\/c5a7ef84c66fa914f55bc4f7ce26cfa275a3b9a1c5568b907bd184fb4dde7b40?s=96&d=mm&r=g\",\"url\":\"https:\\\/\\\/secure.gravatar.com\\\/avatar\\\/c5a7ef84c66fa914f55bc4f7ce26cfa275a3b9a1c5568b907bd184fb4dde7b40?s=96&d=mm&r=g\",\"contentUrl\":\"https:\\\/\\\/secure.gravatar.com\\\/avatar\\\/c5a7ef84c66fa914f55bc4f7ce26cfa275a3b9a1c5568b907bd184fb4dde7b40?s=96&d=mm&r=g\",\"caption\":\"inclusivenews2024\"},\"sameAs\":[\"https:\\\/\\\/inclusivenews.com.br\"],\"url\":\"https:\\\/\\\/inclusivenews.com.br\\\/?author=1\"}]}<\/script>\n<!-- \/ Yoast SEO plugin. -->","yoast_head_json":{"title":"Organiza\u00e7\u00f5es preparam mobiliza\u00e7\u00e3o no primeiro anivers\u00e1rio do novo PNE -","robots":{"index":"index","follow":"follow","max-snippet":"max-snippet:-1","max-image-preview":"max-image-preview:large","max-video-preview":"max-video-preview:-1"},"canonical":"https:\/\/inclusivenews.com.br\/?p=28053","og_locale":"pt_PT","og_type":"article","og_title":"Organiza\u00e7\u00f5es preparam mobiliza\u00e7\u00e3o no primeiro anivers\u00e1rio do novo PNE -","og_description":"Qualquer pessoa, grupo ou organiza\u00e7\u00e3o pode participar da SAM. Veja como no site oficial da Semana, no qual tamb\u00e9m est\u00e3o dispon\u00edveis subs\u00eddios sobre o Plano Nacional de Educa\u00e7\u00e3o (PNE 2014-2024), a Agenda P\u00f3s-2015, o documento Educa\u00e7\u00e3o para Todos (EPT). Tamb\u00e9m \u00e9 poss\u00edvel solicitar os materiais da Semana at\u00e9 o dia 15 de maio. O site ainda traz algumas dicas sobre como mobilizar sua entidade para o evento, ensinando, por exemplo, como realizar uma Audi\u00eancia P\u00fablica em sua cidade, ou, simplesmente, uma roda de conversa com atores locais para debater a situa\u00e7\u00e3o da educa\u00e7\u00e3o no munic\u00edpio, levando em considera\u00e7\u00e3o o processo de elabora\u00e7\u00e3o dos Planos Estaduais e Municipais de Educa\u00e7\u00e3o.","og_url":"https:\/\/inclusivenews.com.br\/?p=28053","article_publisher":"https:\/\/www.facebook.com\/agenciainclusive\/","article_published_time":"2015-05-14T11:03:26+00:00","og_image":[{"url":"http:\/\/www.observatoriodaeducacao.org.br\/images\/stories\/topo_blog_red2.jpg","type":"","width":"","height":""}],"author":"inclusivenews2024","twitter_card":"summary_large_image","twitter_misc":{"Escrito por":"inclusivenews2024","Tempo estimado de leitura":"3 minutos"},"schema":{"@context":"https:\/\/schema.org","@graph":[{"@type":"Article","@id":"https:\/\/inclusivenews.com.br\/?p=28053#article","isPartOf":{"@id":"https:\/\/inclusivenews.com.br\/?p=28053"},"author":{"name":"inclusivenews2024","@id":"https:\/\/inclusivenews.com.br\/#\/schema\/person\/ae4ec7087559b8692fb33b6fffd2273b"},"headline":"Organiza\u00e7\u00f5es preparam mobiliza\u00e7\u00e3o no primeiro anivers\u00e1rio do novo PNE","datePublished":"2015-05-14T11:03:26+00:00","mainEntityOfPage":{"@id":"https:\/\/inclusivenews.com.br\/?p=28053"},"wordCount":546,"commentCount":0,"publisher":{"@id":"https:\/\/inclusivenews.com.br\/#organization"},"image":{"@id":"https:\/\/inclusivenews.com.br\/?p=28053#primaryimage"},"thumbnailUrl":"http:\/\/www.observatoriodaeducacao.org.br\/images\/stories\/topo_blog_red2.jpg","articleSection":["EDUCA\u00c7\u00c3O","NOT\u00cdCIAS"],"inLanguage":"pt-PT","potentialAction":[{"@type":"CommentAction","name":"Comment","target":["https:\/\/inclusivenews.com.br\/?p=28053#respond"]}]},{"@type":"WebPage","@id":"https:\/\/inclusivenews.com.br\/?p=28053","url":"https:\/\/inclusivenews.com.br\/?p=28053","name":"Organiza\u00e7\u00f5es preparam mobiliza\u00e7\u00e3o no primeiro anivers\u00e1rio do novo PNE -","isPartOf":{"@id":"https:\/\/inclusivenews.com.br\/#website"},"primaryImageOfPage":{"@id":"https:\/\/inclusivenews.com.br\/?p=28053#primaryimage"},"image":{"@id":"https:\/\/inclusivenews.com.br\/?p=28053#primaryimage"},"thumbnailUrl":"http:\/\/www.observatoriodaeducacao.org.br\/images\/stories\/topo_blog_red2.jpg","datePublished":"2015-05-14T11:03:26+00:00","breadcrumb":{"@id":"https:\/\/inclusivenews.com.br\/?p=28053#breadcrumb"},"inLanguage":"pt-PT","potentialAction":[{"@type":"ReadAction","target":["https:\/\/inclusivenews.com.br\/?p=28053"]}]},{"@type":"ImageObject","inLanguage":"pt-PT","@id":"https:\/\/inclusivenews.com.br\/?p=28053#primaryimage","url":"http:\/\/www.observatoriodaeducacao.org.br\/images\/stories\/topo_blog_red2.jpg","contentUrl":"http:\/\/www.observatoriodaeducacao.org.br\/images\/stories\/topo_blog_red2.jpg"},{"@type":"BreadcrumbList","@id":"https:\/\/inclusivenews.com.br\/?p=28053#breadcrumb","itemListElement":[{"@type":"ListItem","position":1,"name":"In\u00edcio","item":"https:\/\/inclusivenews.com.br\/"},{"@type":"ListItem","position":2,"name":"Organiza\u00e7\u00f5es preparam mobiliza\u00e7\u00e3o no primeiro anivers\u00e1rio do novo PNE"}]},{"@type":"WebSite","@id":"https:\/\/inclusivenews.com.br\/#website","url":"https:\/\/inclusivenews.com.br\/","name":"Inclusive News","description":"Inclusive News","publisher":{"@id":"https:\/\/inclusivenews.com.br\/#organization"},"potentialAction":[{"@type":"SearchAction","target":{"@type":"EntryPoint","urlTemplate":"https:\/\/inclusivenews.com.br\/?s={search_term_string}"},"query-input":{"@type":"PropertyValueSpecification","valueRequired":true,"valueName":"search_term_string"}}],"inLanguage":"pt-PT"},{"@type":"Organization","@id":"https:\/\/inclusivenews.com.br\/#organization","name":"Inclusive - inclus\u00e3o e cidadania","url":"https:\/\/inclusivenews.com.br\/","logo":{"@type":"ImageObject","inLanguage":"pt-PT","@id":"https:\/\/inclusivenews.com.br\/#\/schema\/logo\/image\/","url":"https:\/\/inclusivenews.com.br\/wp-content\/uploads\/2024\/03\/@grandesite.png","contentUrl":"https:\/\/inclusivenews.com.br\/wp-content\/uploads\/2024\/03\/@grandesite.png","width":1080,"height":1080,"caption":"Inclusive - inclus\u00e3o e cidadania"},"image":{"@id":"https:\/\/inclusivenews.com.br\/#\/schema\/logo\/image\/"},"sameAs":["https:\/\/www.facebook.com\/agenciainclusive\/","https:\/\/www.instagram.com\/newsinclusive\/"]},{"@type":"Person","@id":"https:\/\/inclusivenews.com.br\/#\/schema\/person\/ae4ec7087559b8692fb33b6fffd2273b","name":"inclusivenews2024","image":{"@type":"ImageObject","inLanguage":"pt-PT","@id":"https:\/\/secure.gravatar.com\/avatar\/c5a7ef84c66fa914f55bc4f7ce26cfa275a3b9a1c5568b907bd184fb4dde7b40?s=96&d=mm&r=g","url":"https:\/\/secure.gravatar.com\/avatar\/c5a7ef84c66fa914f55bc4f7ce26cfa275a3b9a1c5568b907bd184fb4dde7b40?s=96&d=mm&r=g","contentUrl":"https:\/\/secure.gravatar.com\/avatar\/c5a7ef84c66fa914f55bc4f7ce26cfa275a3b9a1c5568b907bd184fb4dde7b40?s=96&d=mm&r=g","caption":"inclusivenews2024"},"sameAs":["https:\/\/inclusivenews.com.br"],"url":"https:\/\/inclusivenews.com.br\/?author=1"}]}},"_links":{"self":[{"href":"https:\/\/inclusivenews.com.br\/index.php?rest_route=\/wp\/v2\/posts\/28053","targetHints":{"allow":["GET"]}}],"collection":[{"href":"https:\/\/inclusivenews.com.br\/index.php?rest_route=\/wp\/v2\/posts"}],"about":[{"href":"https:\/\/inclusivenews.com.br\/index.php?rest_route=\/wp\/v2\/types\/post"}],"author":[{"embeddable":true,"href":"https:\/\/inclusivenews.com.br\/index.php?rest_route=\/wp\/v2\/users\/1"}],"replies":[{"embeddable":true,"href":"https:\/\/inclusivenews.com.br\/index.php?rest_route=%2Fwp%2Fv2%2Fcomments&post=28053"}],"version-history":[{"count":0,"href":"https:\/\/inclusivenews.com.br\/index.php?rest_route=\/wp\/v2\/posts\/28053\/revisions"}],"wp:attachment":[{"href":"https:\/\/inclusivenews.com.br\/index.php?rest_route=%2Fwp%2Fv2%2Fmedia&parent=28053"}],"wp:term":[{"taxonomy":"category","embeddable":true,"href":"https:\/\/inclusivenews.com.br\/index.php?rest_route=%2Fwp%2Fv2%2Fcategories&post=28053"},{"taxonomy":"post_tag","embeddable":true,"href":"https:\/\/inclusivenews.com.br\/index.php?rest_route=%2Fwp%2Fv2%2Ftags&post=28053"}],"curies":[{"name":"wp","href":"https:\/\/api.w.org\/{rel}","templated":true}]}}