{"id":28069,"date":"2015-05-18T13:49:45","date_gmt":"2015-05-18T16:49:45","guid":{"rendered":"http:\/\/www.inclusive.org.br\/?p=28069"},"modified":"2015-05-18T13:49:45","modified_gmt":"2015-05-18T16:49:45","slug":"forum-internacional-recebe-mais-importantes-especialistas-do-brasil-e-do-mundo","status":"publish","type":"post","link":"https:\/\/inclusivenews.com.br\/?p=28069","title":{"rendered":"F\u00f3rum internacional recebe mais importantes especialistas do Brasil e do mundo"},"content":{"rendered":"<p><i style=\"font-size: 13px;\">Sexualidade, medicamentos e independ\u00eancia est\u00e3o na pauta do evento<\/i><\/p>\n<p><img loading=\"lazy\" decoding=\"async\" class=\"alignnone\" title=\"Alberto Costa\" alt=\"Alberto Costa\" src=\"http:\/\/www.ucdenver.edu\/about\/newsroom\/newsreleases\/PublishingImages\/Costa.Alberto.lab003.jpg\" width=\"206\" height=\"138\" \/><\/p>\n<p>&nbsp;<\/p>\n<p>Uma das mesas mais esperadas do 4\u00ba F\u00f3rum Internacional S\u00edndrome de Down \u00e9 a de s\u00e1bado, dia 23, quando\u00a0Alberto Costa, pai e m\u00e9dico, fala sobre sua pesquisa a respeito do uso da memantina, uma subst\u00e2ncia que promete a melhora do desenvolvimento cognitivo e diminuir a precocidade do mal de Alzheimer, comum entre pessoas com a altera\u00e7\u00e3o gen\u00e9tica. Logo em seguida, Catriona L. Hippman, pesquisadora canadense faz contraponto ao desenvolver um trabalho sobre as implica\u00e7\u00f5es \u00e9ticas e filos\u00f3ficas da medicaliza\u00e7\u00e3o e das propostas de \u201ccura\u201d da s\u00edndrome de Down.<\/p>\n<p>Na mesa de sexta \u00e0 tarde, o pedagogo Josep Ruf Aixas fala sobre seu projeto de moradia independente na Funda\u00e7\u00e3o Catalana de S\u00edndrome de Down. Em seguida, o Andy Trias, adulto com s\u00edndrome de Down, conta sobre sua experi\u00eancia de vida independente em Barcelona, na Espanha, onde vive sozinho e trabalha.<\/p>\n<p>A sexualidade das pessoas com s\u00edndrome de Down ser\u00e1 debatida por Beatriz Garv\u00eda, psic\u00f3loga e autora do livro Rela\u00e7\u00f5es Afetivas e Sexualidade na mesa de sexta-feira para falar dos preconceitos, mitos e medos da sexualidade das pessoas com s\u00edndrome de Down. \u00c9 ela tamb\u00e9m quem abre o f\u00f3rum ao lado de Alfredo Jerusalinsky, doutor em educa\u00e7\u00e3o e desenvolvimento humano da USP. Eles falam sobre inf\u00e2ncia e primeiras rela\u00e7\u00f5es familiares.<\/p>\n<p>Izabel Maior falar\u00e1 sobre a Conven\u00e7\u00e3o da ONU na sexta-feira. Izabel \u00e9 m\u00e9dica, mestre em medicina f\u00edsica e reabilita\u00e7\u00e3o pela Universidade Federal do Rio de Janeiro. Atua nas \u00e1reas de Direitos Humanos e Pol\u00edticas P\u00fablicas.<\/p>\n<p>A doutora em Educa\u00e7\u00e3o pela Unicamp Maria Teresa Mantoan vai falar sobre inclus\u00e3o na escola ma mesa que acontece na quinta-feira \u00e0 tarde. Consultora da Funda\u00e7\u00e3o S\u00edndrome de Down, fez parte do grupo de trabalho que elaborou a Pol\u00edtica Nacional de Educa\u00e7\u00e3o Especial na Perspectiva da Educa\u00e7\u00e3o Inclusiva.<\/p>\n<p>Mais informa\u00e7\u00f5es sobre as mesas no site\u00a0<a href=\"http:\/\/www.fsdown.org.br\/forum\/programacao.htm\" target=\"_blank\" rel=\"noopener\">http:\/\/www.fsdown.org.br\/<wbr \/>forum\/programacao.htm<\/a>ou pela p\u00e1gina da Funda\u00e7\u00e3o no Facebook\u00a0<a href=\"https:\/\/www.facebook.com\/fundacaosindromededown?fref=ts\" target=\"_blank\" rel=\"noopener\">https:\/\/www.facebook.com\/<wbr \/>fundacaosindromededown?fref=ts<\/a>\u00a0.<\/p>\n<p>O 4\u00ba F\u00f3rum Internacional de Down acontece de 20 a 23 de maio, no Audit\u00f3rio do Centro de Conven\u00e7\u00f5es da Unicamp e tem como tema A Cada Passo Me Preparo para Minha Vida.<\/p>\n<p>No dia da abertura, 20 de maio, \u00e0s 19h, ser\u00e1 lan\u00e7ado o livro\u00a0<i>Mude seu Olhar<\/i>, a respeito do direito de ser das pessoas com s\u00edndrome de Down e haver\u00e1 apresenta\u00e7\u00e3o do cavaquista Dudu do Cavaco.<\/p>\n","protected":false},"excerpt":{"rendered":"<p>O 4\u00ba F\u00f3rum Internacional de Down acontece de 20 a 23 de maio, no Audit\u00f3rio do Centro de Conven\u00e7\u00f5es da Unicamp e tem como tema A Cada Passo Me Preparo para Minha Vida.<\/p>\n","protected":false},"author":1,"featured_media":0,"comment_status":"open","ping_status":"open","sticky":false,"template":"","format":"standard","meta":{"site-container-style":"default","site-container-layout":"default","site-sidebar-layout":"default","disable-article-header":"default","disable-site-header":"default","disable-site-footer":"default","disable-content-area-spacing":"default","footnotes":""},"categories":[4],"tags":[],"class_list":["post-28069","post","type-post","status-publish","format-standard","hentry","category-noticias"],"yoast_head":"<!-- This site is optimized with the Yoast SEO plugin v27.4 - https:\/\/yoast.com\/product\/yoast-seo-wordpress\/ -->\n<title>F\u00f3rum internacional recebe mais importantes especialistas do Brasil e do mundo -<\/title>\n<meta name=\"robots\" content=\"index, follow, max-snippet:-1, max-image-preview:large, max-video-preview:-1\" \/>\n<link rel=\"canonical\" href=\"https:\/\/inclusivenews.com.br\/?p=28069\" \/>\n<meta property=\"og:locale\" content=\"pt_PT\" \/>\n<meta property=\"og:type\" content=\"article\" \/>\n<meta property=\"og:title\" content=\"F\u00f3rum internacional recebe mais importantes especialistas do Brasil e do mundo -\" \/>\n<meta property=\"og:description\" content=\"O 4\u00ba F\u00f3rum Internacional de Down acontece de 20 a 23 de maio, no Audit\u00f3rio do Centro de Conven\u00e7\u00f5es da Unicamp e tem como tema A Cada Passo Me Preparo para Minha Vida.\" \/>\n<meta property=\"og:url\" content=\"https:\/\/inclusivenews.com.br\/?p=28069\" \/>\n<meta property=\"article:publisher\" content=\"https:\/\/www.facebook.com\/agenciainclusive\/\" \/>\n<meta property=\"article:published_time\" content=\"2015-05-18T16:49:45+00:00\" \/>\n<meta property=\"og:image\" content=\"http:\/\/www.ucdenver.edu\/about\/newsroom\/newsreleases\/PublishingImages\/Costa.Alberto.lab003.jpg\" \/>\n<meta name=\"author\" content=\"inclusivenews2024\" \/>\n<meta name=\"twitter:card\" content=\"summary_large_image\" \/>\n<meta name=\"twitter:label1\" content=\"Escrito por\" \/>\n\t<meta name=\"twitter:data1\" content=\"inclusivenews2024\" \/>\n\t<meta name=\"twitter:label2\" content=\"Tempo estimado de leitura\" \/>\n\t<meta name=\"twitter:data2\" content=\"2 minutos\" \/>\n<script type=\"application\/ld+json\" class=\"yoast-schema-graph\">{\"@context\":\"https:\\\/\\\/schema.org\",\"@graph\":[{\"@type\":\"Article\",\"@id\":\"https:\\\/\\\/inclusivenews.com.br\\\/?p=28069#article\",\"isPartOf\":{\"@id\":\"https:\\\/\\\/inclusivenews.com.br\\\/?p=28069\"},\"author\":{\"name\":\"inclusivenews2024\",\"@id\":\"https:\\\/\\\/inclusivenews.com.br\\\/#\\\/schema\\\/person\\\/ae4ec7087559b8692fb33b6fffd2273b\"},\"headline\":\"F\u00f3rum internacional recebe mais importantes especialistas do Brasil e do mundo\",\"datePublished\":\"2015-05-18T16:49:45+00:00\",\"mainEntityOfPage\":{\"@id\":\"https:\\\/\\\/inclusivenews.com.br\\\/?p=28069\"},\"wordCount\":449,\"commentCount\":0,\"publisher\":{\"@id\":\"https:\\\/\\\/inclusivenews.com.br\\\/#organization\"},\"image\":{\"@id\":\"https:\\\/\\\/inclusivenews.com.br\\\/?p=28069#primaryimage\"},\"thumbnailUrl\":\"http:\\\/\\\/www.ucdenver.edu\\\/about\\\/newsroom\\\/newsreleases\\\/PublishingImages\\\/Costa.Alberto.lab003.jpg\",\"articleSection\":[\"NOT\u00cdCIAS\"],\"inLanguage\":\"pt-PT\",\"potentialAction\":[{\"@type\":\"CommentAction\",\"name\":\"Comment\",\"target\":[\"https:\\\/\\\/inclusivenews.com.br\\\/?p=28069#respond\"]}]},{\"@type\":\"WebPage\",\"@id\":\"https:\\\/\\\/inclusivenews.com.br\\\/?p=28069\",\"url\":\"https:\\\/\\\/inclusivenews.com.br\\\/?p=28069\",\"name\":\"F\u00f3rum internacional recebe mais importantes especialistas do Brasil e do mundo -\",\"isPartOf\":{\"@id\":\"https:\\\/\\\/inclusivenews.com.br\\\/#website\"},\"primaryImageOfPage\":{\"@id\":\"https:\\\/\\\/inclusivenews.com.br\\\/?p=28069#primaryimage\"},\"image\":{\"@id\":\"https:\\\/\\\/inclusivenews.com.br\\\/?p=28069#primaryimage\"},\"thumbnailUrl\":\"http:\\\/\\\/www.ucdenver.edu\\\/about\\\/newsroom\\\/newsreleases\\\/PublishingImages\\\/Costa.Alberto.lab003.jpg\",\"datePublished\":\"2015-05-18T16:49:45+00:00\",\"breadcrumb\":{\"@id\":\"https:\\\/\\\/inclusivenews.com.br\\\/?p=28069#breadcrumb\"},\"inLanguage\":\"pt-PT\",\"potentialAction\":[{\"@type\":\"ReadAction\",\"target\":[\"https:\\\/\\\/inclusivenews.com.br\\\/?p=28069\"]}]},{\"@type\":\"ImageObject\",\"inLanguage\":\"pt-PT\",\"@id\":\"https:\\\/\\\/inclusivenews.com.br\\\/?p=28069#primaryimage\",\"url\":\"http:\\\/\\\/www.ucdenver.edu\\\/about\\\/newsroom\\\/newsreleases\\\/PublishingImages\\\/Costa.Alberto.lab003.jpg\",\"contentUrl\":\"http:\\\/\\\/www.ucdenver.edu\\\/about\\\/newsroom\\\/newsreleases\\\/PublishingImages\\\/Costa.Alberto.lab003.jpg\"},{\"@type\":\"BreadcrumbList\",\"@id\":\"https:\\\/\\\/inclusivenews.com.br\\\/?p=28069#breadcrumb\",\"itemListElement\":[{\"@type\":\"ListItem\",\"position\":1,\"name\":\"In\u00edcio\",\"item\":\"https:\\\/\\\/inclusivenews.com.br\\\/\"},{\"@type\":\"ListItem\",\"position\":2,\"name\":\"F\u00f3rum internacional recebe mais importantes especialistas do Brasil e do mundo\"}]},{\"@type\":\"WebSite\",\"@id\":\"https:\\\/\\\/inclusivenews.com.br\\\/#website\",\"url\":\"https:\\\/\\\/inclusivenews.com.br\\\/\",\"name\":\"Inclusive News\",\"description\":\"Inclusive News\",\"publisher\":{\"@id\":\"https:\\\/\\\/inclusivenews.com.br\\\/#organization\"},\"potentialAction\":[{\"@type\":\"SearchAction\",\"target\":{\"@type\":\"EntryPoint\",\"urlTemplate\":\"https:\\\/\\\/inclusivenews.com.br\\\/?s={search_term_string}\"},\"query-input\":{\"@type\":\"PropertyValueSpecification\",\"valueRequired\":true,\"valueName\":\"search_term_string\"}}],\"inLanguage\":\"pt-PT\"},{\"@type\":\"Organization\",\"@id\":\"https:\\\/\\\/inclusivenews.com.br\\\/#organization\",\"name\":\"Inclusive - inclus\u00e3o e cidadania\",\"url\":\"https:\\\/\\\/inclusivenews.com.br\\\/\",\"logo\":{\"@type\":\"ImageObject\",\"inLanguage\":\"pt-PT\",\"@id\":\"https:\\\/\\\/inclusivenews.com.br\\\/#\\\/schema\\\/logo\\\/image\\\/\",\"url\":\"https:\\\/\\\/inclusivenews.com.br\\\/wp-content\\\/uploads\\\/2024\\\/03\\\/@grandesite.png\",\"contentUrl\":\"https:\\\/\\\/inclusivenews.com.br\\\/wp-content\\\/uploads\\\/2024\\\/03\\\/@grandesite.png\",\"width\":1080,\"height\":1080,\"caption\":\"Inclusive - inclus\u00e3o e cidadania\"},\"image\":{\"@id\":\"https:\\\/\\\/inclusivenews.com.br\\\/#\\\/schema\\\/logo\\\/image\\\/\"},\"sameAs\":[\"https:\\\/\\\/www.facebook.com\\\/agenciainclusive\\\/\",\"https:\\\/\\\/www.instagram.com\\\/newsinclusive\\\/\"]},{\"@type\":\"Person\",\"@id\":\"https:\\\/\\\/inclusivenews.com.br\\\/#\\\/schema\\\/person\\\/ae4ec7087559b8692fb33b6fffd2273b\",\"name\":\"inclusivenews2024\",\"image\":{\"@type\":\"ImageObject\",\"inLanguage\":\"pt-PT\",\"@id\":\"https:\\\/\\\/secure.gravatar.com\\\/avatar\\\/c5a7ef84c66fa914f55bc4f7ce26cfa275a3b9a1c5568b907bd184fb4dde7b40?s=96&d=mm&r=g\",\"url\":\"https:\\\/\\\/secure.gravatar.com\\\/avatar\\\/c5a7ef84c66fa914f55bc4f7ce26cfa275a3b9a1c5568b907bd184fb4dde7b40?s=96&d=mm&r=g\",\"contentUrl\":\"https:\\\/\\\/secure.gravatar.com\\\/avatar\\\/c5a7ef84c66fa914f55bc4f7ce26cfa275a3b9a1c5568b907bd184fb4dde7b40?s=96&d=mm&r=g\",\"caption\":\"inclusivenews2024\"},\"sameAs\":[\"https:\\\/\\\/inclusivenews.com.br\"],\"url\":\"https:\\\/\\\/inclusivenews.com.br\\\/?author=1\"}]}<\/script>\n<!-- \/ Yoast SEO plugin. -->","yoast_head_json":{"title":"F\u00f3rum internacional recebe mais importantes especialistas do Brasil e do mundo -","robots":{"index":"index","follow":"follow","max-snippet":"max-snippet:-1","max-image-preview":"max-image-preview:large","max-video-preview":"max-video-preview:-1"},"canonical":"https:\/\/inclusivenews.com.br\/?p=28069","og_locale":"pt_PT","og_type":"article","og_title":"F\u00f3rum internacional recebe mais importantes especialistas do Brasil e do mundo -","og_description":"O 4\u00ba F\u00f3rum Internacional de Down acontece de 20 a 23 de maio, no Audit\u00f3rio do Centro de Conven\u00e7\u00f5es da Unicamp e tem como tema A Cada Passo Me Preparo para Minha Vida.","og_url":"https:\/\/inclusivenews.com.br\/?p=28069","article_publisher":"https:\/\/www.facebook.com\/agenciainclusive\/","article_published_time":"2015-05-18T16:49:45+00:00","og_image":[{"url":"http:\/\/www.ucdenver.edu\/about\/newsroom\/newsreleases\/PublishingImages\/Costa.Alberto.lab003.jpg","type":"","width":"","height":""}],"author":"inclusivenews2024","twitter_card":"summary_large_image","twitter_misc":{"Escrito por":"inclusivenews2024","Tempo estimado de leitura":"2 minutos"},"schema":{"@context":"https:\/\/schema.org","@graph":[{"@type":"Article","@id":"https:\/\/inclusivenews.com.br\/?p=28069#article","isPartOf":{"@id":"https:\/\/inclusivenews.com.br\/?p=28069"},"author":{"name":"inclusivenews2024","@id":"https:\/\/inclusivenews.com.br\/#\/schema\/person\/ae4ec7087559b8692fb33b6fffd2273b"},"headline":"F\u00f3rum internacional recebe mais importantes especialistas do Brasil e do mundo","datePublished":"2015-05-18T16:49:45+00:00","mainEntityOfPage":{"@id":"https:\/\/inclusivenews.com.br\/?p=28069"},"wordCount":449,"commentCount":0,"publisher":{"@id":"https:\/\/inclusivenews.com.br\/#organization"},"image":{"@id":"https:\/\/inclusivenews.com.br\/?p=28069#primaryimage"},"thumbnailUrl":"http:\/\/www.ucdenver.edu\/about\/newsroom\/newsreleases\/PublishingImages\/Costa.Alberto.lab003.jpg","articleSection":["NOT\u00cdCIAS"],"inLanguage":"pt-PT","potentialAction":[{"@type":"CommentAction","name":"Comment","target":["https:\/\/inclusivenews.com.br\/?p=28069#respond"]}]},{"@type":"WebPage","@id":"https:\/\/inclusivenews.com.br\/?p=28069","url":"https:\/\/inclusivenews.com.br\/?p=28069","name":"F\u00f3rum internacional recebe mais importantes especialistas do Brasil e do mundo -","isPartOf":{"@id":"https:\/\/inclusivenews.com.br\/#website"},"primaryImageOfPage":{"@id":"https:\/\/inclusivenews.com.br\/?p=28069#primaryimage"},"image":{"@id":"https:\/\/inclusivenews.com.br\/?p=28069#primaryimage"},"thumbnailUrl":"http:\/\/www.ucdenver.edu\/about\/newsroom\/newsreleases\/PublishingImages\/Costa.Alberto.lab003.jpg","datePublished":"2015-05-18T16:49:45+00:00","breadcrumb":{"@id":"https:\/\/inclusivenews.com.br\/?p=28069#breadcrumb"},"inLanguage":"pt-PT","potentialAction":[{"@type":"ReadAction","target":["https:\/\/inclusivenews.com.br\/?p=28069"]}]},{"@type":"ImageObject","inLanguage":"pt-PT","@id":"https:\/\/inclusivenews.com.br\/?p=28069#primaryimage","url":"http:\/\/www.ucdenver.edu\/about\/newsroom\/newsreleases\/PublishingImages\/Costa.Alberto.lab003.jpg","contentUrl":"http:\/\/www.ucdenver.edu\/about\/newsroom\/newsreleases\/PublishingImages\/Costa.Alberto.lab003.jpg"},{"@type":"BreadcrumbList","@id":"https:\/\/inclusivenews.com.br\/?p=28069#breadcrumb","itemListElement":[{"@type":"ListItem","position":1,"name":"In\u00edcio","item":"https:\/\/inclusivenews.com.br\/"},{"@type":"ListItem","position":2,"name":"F\u00f3rum internacional recebe mais importantes especialistas do Brasil e do mundo"}]},{"@type":"WebSite","@id":"https:\/\/inclusivenews.com.br\/#website","url":"https:\/\/inclusivenews.com.br\/","name":"Inclusive News","description":"Inclusive News","publisher":{"@id":"https:\/\/inclusivenews.com.br\/#organization"},"potentialAction":[{"@type":"SearchAction","target":{"@type":"EntryPoint","urlTemplate":"https:\/\/inclusivenews.com.br\/?s={search_term_string}"},"query-input":{"@type":"PropertyValueSpecification","valueRequired":true,"valueName":"search_term_string"}}],"inLanguage":"pt-PT"},{"@type":"Organization","@id":"https:\/\/inclusivenews.com.br\/#organization","name":"Inclusive - inclus\u00e3o e cidadania","url":"https:\/\/inclusivenews.com.br\/","logo":{"@type":"ImageObject","inLanguage":"pt-PT","@id":"https:\/\/inclusivenews.com.br\/#\/schema\/logo\/image\/","url":"https:\/\/inclusivenews.com.br\/wp-content\/uploads\/2024\/03\/@grandesite.png","contentUrl":"https:\/\/inclusivenews.com.br\/wp-content\/uploads\/2024\/03\/@grandesite.png","width":1080,"height":1080,"caption":"Inclusive - inclus\u00e3o e cidadania"},"image":{"@id":"https:\/\/inclusivenews.com.br\/#\/schema\/logo\/image\/"},"sameAs":["https:\/\/www.facebook.com\/agenciainclusive\/","https:\/\/www.instagram.com\/newsinclusive\/"]},{"@type":"Person","@id":"https:\/\/inclusivenews.com.br\/#\/schema\/person\/ae4ec7087559b8692fb33b6fffd2273b","name":"inclusivenews2024","image":{"@type":"ImageObject","inLanguage":"pt-PT","@id":"https:\/\/secure.gravatar.com\/avatar\/c5a7ef84c66fa914f55bc4f7ce26cfa275a3b9a1c5568b907bd184fb4dde7b40?s=96&d=mm&r=g","url":"https:\/\/secure.gravatar.com\/avatar\/c5a7ef84c66fa914f55bc4f7ce26cfa275a3b9a1c5568b907bd184fb4dde7b40?s=96&d=mm&r=g","contentUrl":"https:\/\/secure.gravatar.com\/avatar\/c5a7ef84c66fa914f55bc4f7ce26cfa275a3b9a1c5568b907bd184fb4dde7b40?s=96&d=mm&r=g","caption":"inclusivenews2024"},"sameAs":["https:\/\/inclusivenews.com.br"],"url":"https:\/\/inclusivenews.com.br\/?author=1"}]}},"_links":{"self":[{"href":"https:\/\/inclusivenews.com.br\/index.php?rest_route=\/wp\/v2\/posts\/28069","targetHints":{"allow":["GET"]}}],"collection":[{"href":"https:\/\/inclusivenews.com.br\/index.php?rest_route=\/wp\/v2\/posts"}],"about":[{"href":"https:\/\/inclusivenews.com.br\/index.php?rest_route=\/wp\/v2\/types\/post"}],"author":[{"embeddable":true,"href":"https:\/\/inclusivenews.com.br\/index.php?rest_route=\/wp\/v2\/users\/1"}],"replies":[{"embeddable":true,"href":"https:\/\/inclusivenews.com.br\/index.php?rest_route=%2Fwp%2Fv2%2Fcomments&post=28069"}],"version-history":[{"count":0,"href":"https:\/\/inclusivenews.com.br\/index.php?rest_route=\/wp\/v2\/posts\/28069\/revisions"}],"wp:attachment":[{"href":"https:\/\/inclusivenews.com.br\/index.php?rest_route=%2Fwp%2Fv2%2Fmedia&parent=28069"}],"wp:term":[{"taxonomy":"category","embeddable":true,"href":"https:\/\/inclusivenews.com.br\/index.php?rest_route=%2Fwp%2Fv2%2Fcategories&post=28069"},{"taxonomy":"post_tag","embeddable":true,"href":"https:\/\/inclusivenews.com.br\/index.php?rest_route=%2Fwp%2Fv2%2Ftags&post=28069"}],"curies":[{"name":"wp","href":"https:\/\/api.w.org\/{rel}","templated":true}]}}