{"id":28110,"date":"2015-05-30T12:21:28","date_gmt":"2015-05-30T15:21:28","guid":{"rendered":"http:\/\/www.inclusive.org.br\/?p=28110"},"modified":"2015-05-30T12:21:28","modified_gmt":"2015-05-30T15:21:28","slug":"pergunte-a-um-autista","status":"publish","type":"post","link":"https:\/\/inclusivenews.com.br\/?p=28110","title":{"rendered":"Pergunte a um Autista"},"content":{"rendered":"<p><img decoding=\"async\" alt=\"\" src=\"https:\/\/yt3.ggpht.com\/-9gGjBpXzbEY\/AAAAAAAAAAI\/AAAAAAAAAAA\/U-zZVYMcZXE\/s100-c-k-no\/photo.jpg\" \/><\/p>\n<p>Amythest Schaber \u00e9 uma autista americana de 22 anos, que escreve sobre autismo e defici\u00eancia no tumblr neurowonderful.tumblr.com.<\/p>\n<p>Amythest \u00a0preparou uma s\u00e9rie de v\u00eddeos sobre autismo, dispon\u00edveis no youtube sob o t\u00edtulo &#8220;Ask an Autistic&#8221;. Al\u00e9m do valioso relato em primeira pessoa de quem experimenta a condi\u00e7\u00e3o, a s\u00e9rie &#8220;Pergunte a um Autista&#8221; \u00e9 clara, elucidadora , empoderadora &#8211; e nos faz questionar nosso olhar sobre v\u00e1rios temas. A Equipe Inclusive transcreveu e traduziu o primeiro v\u00eddeo, sobre estereotipias (stimming).<\/p>\n<p><iframe loading=\"lazy\" title=\"Ask an Autistic #1 - What is Stimming?\" width=\"500\" height=\"281\" src=\"https:\/\/www.youtube.com\/embed\/WexCWZPJE6A?feature=oembed\" frameborder=\"0\" allow=\"accelerometer; autoplay; clipboard-write; encrypted-media; gyroscope; picture-in-picture; web-share\" referrerpolicy=\"strict-origin-when-cross-origin\" allowfullscreen><\/iframe><\/p>\n<p>&nbsp;<\/p>\n<p dir=\"ltr\"><strong>Pergunte a um Autista \u2013 O Que \u00e9 Stimming (estereotipias)?<\/strong><\/p>\n<p dir=\"ltr\"><strong>Por Amythest Schaber<\/strong><\/p>\n<p>&nbsp;<\/p>\n<p dir=\"ltr\">Oi! Eu sou a Amythest, bem-vindos ao primeiro epis\u00f3dio de \u201cPergunte a um Autista\u201d!<\/p>\n<p dir=\"ltr\">Neste primeiro epis\u00f3dio, eu vou me apresentar e falar um pouco sobre stimming. Eu sou Amythest, tenho 22 anos, sou autista e escrevo sobre autismo e defici\u00eancia no meu tumblr, neurowonderful.tumblr.com. Recebo muitas perguntas de pais e familiares \u2013 e de alguns educadores \u2013 sobre autismo, e acho isso fant\u00e1stico. Hoje estamos em um momento em que as pessoas est\u00e3o percebendo que aquilo que se pensava saber sobre autismo talvez n\u00e3o seja correto. Era um conhecimento que derivava das observa\u00e7\u00f5es de cientistas, de doutores neurot\u00edpicos. Ent\u00e3o acho excelente que me perguntem diretamente, mandem todas as perguntas, fico super feliz de respond\u00ea-las, porque eu sonho e trabalho por um mundo em que o autismo seja amplamente aceito, onde as pessoas autistas possam ser elas mesmas e ser felizes sendo quem elas s\u00e3o \u2013 autistas e felizes, yey!<\/p>\n<p dir=\"ltr\">Stimming. Stimming tamb\u00e9m \u00e9 conhecido como estereotipias e, em algumas partes do mundo, tiques. Pessoas autistas se autoestimulam por tr\u00eas raz\u00f5es diferentes, que vou explicar depois. Essas tr\u00eas raz\u00f5es s\u00e3o: 1)autorregula\u00e7\u00e3o; 2) para buscar est\u00edmulos sensoriais e 3)para se expressar. Basicamente, como identificar visualmente um stim? Acho que o exemplo mais cl\u00e1ssico \u00e9 agitar as m\u00e3os. Os pais notam que suas crian\u00e7as autistas agitam as m\u00e3os quando est\u00e3o excitadas, agitadas, ou quando est\u00e3o contentes e aproveitando a vida. Eu sacudo as m\u00e3os, quando estou agitada ou ansiosa. Ent\u00e3o acho que esse \u00e9 um bom exemplo. Balan\u00e7ar o corpo, muitos autistas costumam balan\u00e7ar o corpo, esse \u00e9 um stim comum.<\/p>\n<p dir=\"ltr\">Os stims podem estar relacionados a qualquer um dos sentidos. Existem sete sentidos \u2013 s\u00e3o mais, na verdade, mas eu vou falar sobre os sete. Voc\u00eas conhecem os cinco cl\u00e1ssicos, vis\u00e3o, tato, paladar, olfato, audi\u00e7\u00e3o. Mas voc\u00ea tamb\u00e9m tem a propriocep\u00e7\u00e3o, que \u00e9 o sentido de que seu c\u00e9rebro sabe onde voc\u00ea est\u00e1 no espa\u00e7o, e tamb\u00e9m sabe quais s\u00e3o suas partes do corpo, e quanta press\u00e3o aplicar \u00e0s coisas (por exemplo, voc\u00ea pega uma flor muito gentilmente, ou usa muita for\u00e7a quando vai martelar um prego, e isso \u00e9 regulado pela propriocep\u00e7\u00e3o). E temos o sentido vestibular, o s\u00e9timo sentido, que \u00e9 estreitamente ligado ao seu labirinto (ouvido) e diz respeito ao equil\u00edbrio e ao movimento. \u00c9 por meio dele que voc\u00ea sabe que seu corpo est\u00e1 de cabe\u00e7a pra cima, ou de cabe\u00e7a pra baixo, por exemplo. Ent\u00e3o, s\u00e3o esses, os sete sentidos, e stimming pode usar qualquer um destes sentidos, ou incorporar v\u00e1rios deles ao mesmo tempo. \u00a0Por exemplo, um stim t\u00e1til pode ser ficar tocando um cobertor macio; stim olfativo, ficar cheirando algo que te agrade, um \u00f3leo essencial; voc\u00ea pode buscar estimula\u00e7\u00e3o visual, olhando um moinho rodar, ou olhando algo brilhante ou algo que pisca. Um stim vestibular seria rodar, que tamb\u00e9m \u00e9 muito comum em crian\u00e7as autistas, ou &#8230; adultos, especialmente se voc\u00ea gosta de rodar na sua nova cadeira de computador, como eu. Um exemplo de stim proprioceptivo seria crian\u00e7as que buscam brincadeiras de luta, ou s\u00e3o muito f\u00edsicas nas suas brincadeiras, se jogam com for\u00e7a na cama, no sof\u00e1. Eles podem ser pouco sens\u00edveis \u00e0 estimula\u00e7\u00e3o proprioceptiva, e fazem isso pra sentir onde seus corpos est\u00e3o no espa\u00e7o, e essa percep\u00e7\u00e3o d\u00e1 uma sensa\u00e7\u00e3o boa.<\/p>\n<p>Como a maioria das pessoas que t\u00eam um autista na fam\u00edlia, ou s\u00e3o autistas, sabem, junto com o autismo vem um processamento sensorial desordenado: seu c\u00e9rebro n\u00e3o processa est\u00edmulos sensoriais da maneira \u201ccerta\u201d. E n\u00e3o \u00e9 somente desconfort\u00e1vel, tipo \u201cessas luzes s\u00e3o meio fortes, mas d\u00e1 pra lidar com isso\u201d. \u00c9 tipo, \u201cai, essas luzes s\u00e3o como lan\u00e7as quentes de dor entrando nos meus olhos\u201d. Ent\u00e3o, a maneira de lidar com isso, com todo esse mundo barulhento demais, brilhante demais, r\u00e1pido demais, cheio de gente demais e de coisas demais, \u00e9 buscar autorregula\u00e7\u00e3o \u2013 que \u00e9 basicamente substituir um est\u00edmulo desconfort\u00e1vel por um est\u00edmulo prazeroso. Ent\u00e3o, se voc\u00ea \u00e9 uma crian\u00e7a que est\u00e1 sentada na sala de aula, percebendo o piscar das luzes fluorescentes e ficando nauseada, e todas as outras crian\u00e7as est\u00e3o cochichando, mascando chiclete, e aquele barulho come\u00e7a a \u00a0te afetar, e pra completar voc\u00ea est\u00e1 sentado ali faz duas horas e n\u00e3o sabe o que fazer, voc\u00ea pode tentar se autorregular balan\u00e7ando na sua cadeira, ou tocando algo cuja textura te agrade, como a borracha na ponta do seu l\u00e1pis, ou ainda enroscando seu cabelo no dedo, dando batidinhas na sua bochecha, ou tocando um brinquedo. Tentando focar nessa coisa espec\u00edfica, nesse est\u00edmulo agrad\u00e1vel, voc\u00ea tenta bloquear o resto do mundo, que voc\u00ea est\u00e1 percebendo como excessivo e transbordante, \u00a0e que pode te causar uma crise. Por isso que a autorregula\u00e7\u00e3o \u00e9 excelente, e voc\u00ea pode fazer isso em qualquer lugar.<\/p>\n<p dir=\"ltr\">Quando eu era crian\u00e7a, fui muito desencorajada a fazer uso de stim \u2013 eu vou falar disso em outro v\u00eddeo \u2013 , e \u00e9 por isso que voc\u00ea n\u00e3o deve desencorajar um autista de fazer suas estereotipias. Me custou um tempo superar isso e voltar a usar meus stims, sobretudo em p\u00fablico. Hoje eu consigo \u2013 em quase todo lugar, bem, n\u00e3o na casa dos meus sogros, ainda sou meio t\u00edmida com isso &#8211; , mas no shopping, no cinema, eu n\u00e3o tenho vergonha de fazer o que eu preciso fazer. Entre parecer normal e conseguir funcionar, viver minha vida, ser uma autista adulta, saud\u00e1vel e feliz, que tem seus stims, eu sem d\u00favida fico com a segunda op\u00e7\u00e3o. Ser for\u00e7ado a parecer \u201cnormal\u201d \u00e9 terr\u00edvel, drena sua energia. Ter que aguentar todo aquele est\u00edmulo sensorial sem nenhuma v\u00e1lvula de autorregula\u00e7\u00e3o, por qu\u00ea? Por que voc\u00ea n\u00e3o pode usar suas estereotipias, se a alternativa \u00e9 ficar exausto, \u00a0e \u00a0\u00e0s vezes s\u00f3 conseguir ficar dez minutos numa festa \u2013 em vez da uma hora que voc\u00ea consegue se puder fazer seus stims? Ent\u00e3o: autorregula\u00e7\u00e3o. Stim \u00e9 excelente pra isso.<\/p>\n<p dir=\"ltr\">A segunda raz\u00e3o \u00e9 buscar est\u00edmulos sensoriais. Muitas pessoas neurot\u00edpicas t\u00eam um pouco disso tamb\u00e9m, e gostam de fazer coisas como \u201chummm, que musse de chocolate deliciosa\u201d ou \u201coooohhh, essa m\u00fasica \u00e9 t\u00e3o linda!\u201d Mas eu acho que n\u00f3s autistas elevamos isso ao pr\u00f3ximo n\u00edvel, sabe, buscando est\u00edmulo sensorial e REALMENTE adorando isso. Eu, quando estou escutando uma m\u00fasica que realmente adoro, ou me balan\u00e7ando e escutando m\u00fasica ao mesmo tempo, e sentindo a m\u00fasica fluir atrav\u00e9s de mim, meio que atinjo um tipo de nirvana, de t\u00e3o contente. Rodando na minha cadeira do computador, me sinto t\u00e3o feliz. Buscar est\u00edmulo sensorial \u00e9 muito legal, muito agrad\u00e1vel. Alguns pais neurot\u00edpicos olham com estranheza e perguntam, \u201cmas o Jo\u00e3ozinho est\u00e1 segurando uma lanterna na frente do rosto, acendendo e apagando, pelas \u00faltimas duas horas, eu n\u00e3o deveria faz\u00ea-lo parar?\u201d Minha resposta \u00e9 que, a n\u00e3o ser que a lanterna seja de laser, e exista a possibilidade de causar danos aos olhos dele, n\u00e3o. Essa pode n\u00e3o ser a maneira que uma crian\u00e7a t\u00edpica brincaria e ficaria contente, mas o Jo\u00e3ozinho est\u00e1 se divertindo um monte, do seu jeito. O c\u00e9rebro dele est\u00e1 explodindo com fogos de artif\u00edcio de alegria. Eu digo que est\u00e1 tudo bem. Se o Jo\u00e3ozinho n\u00e3o tem tarefa de casa pra fazer, j\u00e1 jantou, j\u00e1 tomou banho, por que n\u00e3o deixar ele olhar a lanterna, ou se balan\u00e7ar ouvindo m\u00fasica, ou bater as partes do trenzinho Thomas umas contra as outras? Qual \u00e9 o dano, a n\u00e3o ser talvez o desconforto dos pais neurot\u00edpicos?<\/p>\n<p dir=\"ltr\">Express\u00e3o. \u00c9 a terceira raz\u00e3o pela qual os autistas podem usar stims. Acho interessante que os doutores e cientistas neurot\u00edpicos encaram todos os tipos de sacudir as m\u00e3os ou se balan\u00e7ar como se fosse tudo uma coisa s\u00f3, quando pra mim \u00e9 claro \u00a0&#8211; porque essa \u00e9 minha express\u00e3o corporal natural \u2013 que existem tipos diferentes de balan\u00e7ar o corpo, tipos diferentes de sacudir as m\u00e3os. Na minha experi\u00eancia, se eu estou realmente gostando de algo, vou come\u00e7ar a me balan\u00e7ar com meu pesco\u00e7o meio projetado pra frente, mais devagar e com mais ritmo, como \u201chummm, esse bolo de chocolate \u00e9 \u00f3timo\u201d; um balan\u00e7ar mais agitado ou mais ansioso seria mais curvado, e mais r\u00e1pido, com movimentos mais curtos. Meu marido, claro, por minha causa, aprendeu a perceber os diferentes significados de cada forma em que balan\u00e7o o corpo, ou agito as m\u00e3os (Amythest demonstra um agitar de m\u00e3os feliz, e em seguida um agitar de m\u00e3os mais ansioso). Meu marido, Marvin, chega perto e me pergunta se est\u00e1 tudo bem, o que est\u00e1 acontecendo. (Aparece um gato na tela) Ah, n\u00e3o, minha gata, ela est\u00e1 subindo na estante, ela \u00e9 muito mal comportada, ela n\u00e3o aguenta que eu d\u00ea aten\u00e7\u00e3o pra qualquer outra coisa. Ok, sacudir as m\u00e3os. Expressar-se \u00e9 a terceira raz\u00e3o pela qual os autistas podem apresentar stims.<\/p>\n<p dir=\"ltr\">Ah, outra raz\u00e3o pela qual \u00e9 terr\u00edvel desencorajar os stims: n\u00f3s n\u00e3o apenas precisamos deles pra autorregula\u00e7\u00e3o. Essa \u00e9 a nossa express\u00e3o corporal natural, nosso jeito natural de aprender, crescer, nos expressar. Ent\u00e3o, se voc\u00ea diz pra uma crian\u00e7a, \u201cn\u00e3o, n\u00e3o fa\u00e7a isso, n\u00e3o agite suas m\u00e3os em p\u00fablico\u201d, a crian\u00e7a est\u00e1 expressando alegria e voc\u00ea est\u00e1 dizendo pra ela parar, dizendo que o jeito que ela se mexe \u00e9 ruim, \u00e9 embara\u00e7oso. O que essa atitude diz \u00e0 crian\u00e7a sobre ela mesma? Se algu\u00e9m tem um problema com a crian\u00e7a agitar as m\u00e3os, o que n\u00e3o est\u00e1 machucando ningu\u00e9m, esse \u00e9 problema deles! Acho que, em vez de for\u00e7ar as pessoas autistas a se enquadrarem, a exaustivamente se esfor\u00e7arem para tentar parecer \u201cnormais\u201d, uma op\u00e7\u00e3o melhor seria encorajar a sociedade a aprender e aceitar a neurodiversidade. Porque, ei, eu acho que o autismo \u00e9 legal, e que os autistas s\u00e3o demais e ador\u00e1veis!<\/p>\n<p dir=\"ltr\">Ent\u00e3o, esse foi meu primeiro v\u00eddeo, sobre stimming. Eu sei que falo muito r\u00e1pido, vou tentar falar menos r\u00e1pido no pr\u00f3ximo v\u00eddeo. Eu e minha gata Kitty estaremos de novo com voc\u00eas, ent\u00e3o fique ligado se voc\u00ea gosta de gatos como eu! Obrigada por assistir a meu v\u00eddeo; se voc\u00ea tem alguma pergunta pra mim, se sinta \u00e0 vontade para perguntar nos coment\u00e1rios, e eu vou te direcionar para alguns recursos sobre stimming, o que \u00e9 stimming, como identificar um stim. Se voc\u00ea gostou desse v\u00eddeo, clique no \u00edcone do polegar pra cima, isso seria muito legal tamb\u00e9m, e obrigada por assistir ao primeiro epis\u00f3dio de \u201cPergunte a um Autista\u201d.<\/p>\n<p>( Nota da tradu\u00e7\u00e3o: preferimos manter, sempre que poss\u00edvel, a palavra stim\/stimming, em vez de usar sua alternativa mais conhecida em portugu\u00eas: estereotipia ou comportamento estereotipado. Estes dois termos trazem uma carga negativa intr\u00ednseca, que \u00e9 exatamente o que Amythest e outros autodefensores autistas tentam problematizar. Optamos por nos render ao anglicismo \u201cstim\u201d , para n\u00e3o desvirtuar o esp\u00edrito do v\u00eddeo. )<\/p>\n","protected":false},"excerpt":{"rendered":"<p>Amythest Schaber \u00e9 uma autista americana de 22 anos, que escreve sobre autismo e defici\u00eancia no tumblr neurowonderful.tumblr.com.<\/p>\n<p>Amythest  preparou uma s\u00e9rie de v\u00eddeos sobre autismo, dispon\u00edveis no youtube sob o t\u00edtulo &#8220;Ask an Autistic&#8221;. Al\u00e9m do valioso relato em primeira pessoa de quem experimenta a condi\u00e7\u00e3o, a s\u00e9rie &#8220;Pergunte a um Autista&#8221; \u00e9 clara, elucidadora , empoderadora &#8211; e nos faz questionar nosso olhar sobre v\u00e1rios temas. A Equipe Inclusive transcreveu e traduziu o primeiro v\u00eddeo, sobre estereotipias (stimming). <\/p>\n","protected":false},"author":1,"featured_media":0,"comment_status":"open","ping_status":"open","sticky":false,"template":"","format":"standard","meta":{"site-container-style":"default","site-container-layout":"default","site-sidebar-layout":"default","disable-article-header":"default","disable-site-header":"default","disable-site-footer":"default","disable-content-area-spacing":"default","footnotes":""},"categories":[323,40,4],"tags":[],"class_list":["post-28110","post","type-post","status-publish","format-standard","hentry","category-autismo","category-diversidade","category-noticias"],"yoast_head":"<!-- This site is optimized with the Yoast SEO plugin v27.4 - https:\/\/yoast.com\/product\/yoast-seo-wordpress\/ -->\n<title>Pergunte a um Autista -<\/title>\n<meta name=\"robots\" content=\"index, follow, max-snippet:-1, max-image-preview:large, max-video-preview:-1\" \/>\n<link rel=\"canonical\" href=\"https:\/\/inclusivenews.com.br\/?p=28110\" \/>\n<meta property=\"og:locale\" content=\"pt_PT\" \/>\n<meta property=\"og:type\" content=\"article\" \/>\n<meta property=\"og:title\" content=\"Pergunte a um Autista -\" \/>\n<meta property=\"og:description\" content=\"Amythest Schaber \u00e9 uma autista americana de 22 anos, que escreve sobre autismo e defici\u00eancia no tumblr neurowonderful.tumblr.com. Amythest preparou uma s\u00e9rie de v\u00eddeos sobre autismo, dispon\u00edveis no youtube sob o t\u00edtulo &quot;Ask an Autistic&quot;. Al\u00e9m do valioso relato em primeira pessoa de quem experimenta a condi\u00e7\u00e3o, a s\u00e9rie &quot;Pergunte a um Autista&quot; \u00e9 clara, elucidadora , empoderadora - e nos faz questionar nosso olhar sobre v\u00e1rios temas. A Equipe Inclusive transcreveu e traduziu o primeiro v\u00eddeo, sobre estereotipias (stimming).\" \/>\n<meta property=\"og:url\" content=\"https:\/\/inclusivenews.com.br\/?p=28110\" \/>\n<meta property=\"article:publisher\" content=\"https:\/\/www.facebook.com\/agenciainclusive\/\" \/>\n<meta property=\"article:published_time\" content=\"2015-05-30T15:21:28+00:00\" \/>\n<meta property=\"og:image\" content=\"https:\/\/yt3.ggpht.com\/-9gGjBpXzbEY\/AAAAAAAAAAI\/AAAAAAAAAAA\/U-zZVYMcZXE\/s100-c-k-no\/photo.jpg\" \/>\n<meta name=\"author\" content=\"inclusivenews2024\" \/>\n<meta name=\"twitter:card\" content=\"summary_large_image\" \/>\n<meta name=\"twitter:label1\" content=\"Escrito por\" \/>\n\t<meta name=\"twitter:data1\" content=\"inclusivenews2024\" \/>\n\t<meta name=\"twitter:label2\" content=\"Tempo estimado de leitura\" \/>\n\t<meta name=\"twitter:data2\" content=\"10 minutos\" \/>\n<script type=\"application\/ld+json\" class=\"yoast-schema-graph\">{\"@context\":\"https:\\\/\\\/schema.org\",\"@graph\":[{\"@type\":\"Article\",\"@id\":\"https:\\\/\\\/inclusivenews.com.br\\\/?p=28110#article\",\"isPartOf\":{\"@id\":\"https:\\\/\\\/inclusivenews.com.br\\\/?p=28110\"},\"author\":{\"name\":\"inclusivenews2024\",\"@id\":\"https:\\\/\\\/inclusivenews.com.br\\\/#\\\/schema\\\/person\\\/ae4ec7087559b8692fb33b6fffd2273b\"},\"headline\":\"Pergunte a um Autista\",\"datePublished\":\"2015-05-30T15:21:28+00:00\",\"mainEntityOfPage\":{\"@id\":\"https:\\\/\\\/inclusivenews.com.br\\\/?p=28110\"},\"wordCount\":2054,\"commentCount\":1,\"publisher\":{\"@id\":\"https:\\\/\\\/inclusivenews.com.br\\\/#organization\"},\"image\":{\"@id\":\"https:\\\/\\\/inclusivenews.com.br\\\/?p=28110#primaryimage\"},\"thumbnailUrl\":\"https:\\\/\\\/yt3.ggpht.com\\\/-9gGjBpXzbEY\\\/AAAAAAAAAAI\\\/AAAAAAAAAAA\\\/U-zZVYMcZXE\\\/s100-c-k-no\\\/photo.jpg\",\"articleSection\":[\"Autismo\",\"Diversidade\",\"NOT\u00cdCIAS\"],\"inLanguage\":\"pt-PT\",\"potentialAction\":[{\"@type\":\"CommentAction\",\"name\":\"Comment\",\"target\":[\"https:\\\/\\\/inclusivenews.com.br\\\/?p=28110#respond\"]}]},{\"@type\":\"WebPage\",\"@id\":\"https:\\\/\\\/inclusivenews.com.br\\\/?p=28110\",\"url\":\"https:\\\/\\\/inclusivenews.com.br\\\/?p=28110\",\"name\":\"Pergunte a um Autista -\",\"isPartOf\":{\"@id\":\"https:\\\/\\\/inclusivenews.com.br\\\/#website\"},\"primaryImageOfPage\":{\"@id\":\"https:\\\/\\\/inclusivenews.com.br\\\/?p=28110#primaryimage\"},\"image\":{\"@id\":\"https:\\\/\\\/inclusivenews.com.br\\\/?p=28110#primaryimage\"},\"thumbnailUrl\":\"https:\\\/\\\/yt3.ggpht.com\\\/-9gGjBpXzbEY\\\/AAAAAAAAAAI\\\/AAAAAAAAAAA\\\/U-zZVYMcZXE\\\/s100-c-k-no\\\/photo.jpg\",\"datePublished\":\"2015-05-30T15:21:28+00:00\",\"breadcrumb\":{\"@id\":\"https:\\\/\\\/inclusivenews.com.br\\\/?p=28110#breadcrumb\"},\"inLanguage\":\"pt-PT\",\"potentialAction\":[{\"@type\":\"ReadAction\",\"target\":[\"https:\\\/\\\/inclusivenews.com.br\\\/?p=28110\"]}]},{\"@type\":\"ImageObject\",\"inLanguage\":\"pt-PT\",\"@id\":\"https:\\\/\\\/inclusivenews.com.br\\\/?p=28110#primaryimage\",\"url\":\"https:\\\/\\\/yt3.ggpht.com\\\/-9gGjBpXzbEY\\\/AAAAAAAAAAI\\\/AAAAAAAAAAA\\\/U-zZVYMcZXE\\\/s100-c-k-no\\\/photo.jpg\",\"contentUrl\":\"https:\\\/\\\/yt3.ggpht.com\\\/-9gGjBpXzbEY\\\/AAAAAAAAAAI\\\/AAAAAAAAAAA\\\/U-zZVYMcZXE\\\/s100-c-k-no\\\/photo.jpg\"},{\"@type\":\"BreadcrumbList\",\"@id\":\"https:\\\/\\\/inclusivenews.com.br\\\/?p=28110#breadcrumb\",\"itemListElement\":[{\"@type\":\"ListItem\",\"position\":1,\"name\":\"In\u00edcio\",\"item\":\"https:\\\/\\\/inclusivenews.com.br\\\/\"},{\"@type\":\"ListItem\",\"position\":2,\"name\":\"Pergunte a um Autista\"}]},{\"@type\":\"WebSite\",\"@id\":\"https:\\\/\\\/inclusivenews.com.br\\\/#website\",\"url\":\"https:\\\/\\\/inclusivenews.com.br\\\/\",\"name\":\"Inclusive News\",\"description\":\"Inclusive News\",\"publisher\":{\"@id\":\"https:\\\/\\\/inclusivenews.com.br\\\/#organization\"},\"potentialAction\":[{\"@type\":\"SearchAction\",\"target\":{\"@type\":\"EntryPoint\",\"urlTemplate\":\"https:\\\/\\\/inclusivenews.com.br\\\/?s={search_term_string}\"},\"query-input\":{\"@type\":\"PropertyValueSpecification\",\"valueRequired\":true,\"valueName\":\"search_term_string\"}}],\"inLanguage\":\"pt-PT\"},{\"@type\":\"Organization\",\"@id\":\"https:\\\/\\\/inclusivenews.com.br\\\/#organization\",\"name\":\"Inclusive - inclus\u00e3o e cidadania\",\"url\":\"https:\\\/\\\/inclusivenews.com.br\\\/\",\"logo\":{\"@type\":\"ImageObject\",\"inLanguage\":\"pt-PT\",\"@id\":\"https:\\\/\\\/inclusivenews.com.br\\\/#\\\/schema\\\/logo\\\/image\\\/\",\"url\":\"https:\\\/\\\/inclusivenews.com.br\\\/wp-content\\\/uploads\\\/2024\\\/03\\\/@grandesite.png\",\"contentUrl\":\"https:\\\/\\\/inclusivenews.com.br\\\/wp-content\\\/uploads\\\/2024\\\/03\\\/@grandesite.png\",\"width\":1080,\"height\":1080,\"caption\":\"Inclusive - inclus\u00e3o e cidadania\"},\"image\":{\"@id\":\"https:\\\/\\\/inclusivenews.com.br\\\/#\\\/schema\\\/logo\\\/image\\\/\"},\"sameAs\":[\"https:\\\/\\\/www.facebook.com\\\/agenciainclusive\\\/\",\"https:\\\/\\\/www.instagram.com\\\/newsinclusive\\\/\"]},{\"@type\":\"Person\",\"@id\":\"https:\\\/\\\/inclusivenews.com.br\\\/#\\\/schema\\\/person\\\/ae4ec7087559b8692fb33b6fffd2273b\",\"name\":\"inclusivenews2024\",\"image\":{\"@type\":\"ImageObject\",\"inLanguage\":\"pt-PT\",\"@id\":\"https:\\\/\\\/secure.gravatar.com\\\/avatar\\\/c5a7ef84c66fa914f55bc4f7ce26cfa275a3b9a1c5568b907bd184fb4dde7b40?s=96&d=mm&r=g\",\"url\":\"https:\\\/\\\/secure.gravatar.com\\\/avatar\\\/c5a7ef84c66fa914f55bc4f7ce26cfa275a3b9a1c5568b907bd184fb4dde7b40?s=96&d=mm&r=g\",\"contentUrl\":\"https:\\\/\\\/secure.gravatar.com\\\/avatar\\\/c5a7ef84c66fa914f55bc4f7ce26cfa275a3b9a1c5568b907bd184fb4dde7b40?s=96&d=mm&r=g\",\"caption\":\"inclusivenews2024\"},\"sameAs\":[\"https:\\\/\\\/inclusivenews.com.br\"],\"url\":\"https:\\\/\\\/inclusivenews.com.br\\\/?author=1\"}]}<\/script>\n<!-- \/ Yoast SEO plugin. -->","yoast_head_json":{"title":"Pergunte a um Autista -","robots":{"index":"index","follow":"follow","max-snippet":"max-snippet:-1","max-image-preview":"max-image-preview:large","max-video-preview":"max-video-preview:-1"},"canonical":"https:\/\/inclusivenews.com.br\/?p=28110","og_locale":"pt_PT","og_type":"article","og_title":"Pergunte a um Autista -","og_description":"Amythest Schaber \u00e9 uma autista americana de 22 anos, que escreve sobre autismo e defici\u00eancia no tumblr neurowonderful.tumblr.com. Amythest preparou uma s\u00e9rie de v\u00eddeos sobre autismo, dispon\u00edveis no youtube sob o t\u00edtulo \"Ask an Autistic\". Al\u00e9m do valioso relato em primeira pessoa de quem experimenta a condi\u00e7\u00e3o, a s\u00e9rie \"Pergunte a um Autista\" \u00e9 clara, elucidadora , empoderadora - e nos faz questionar nosso olhar sobre v\u00e1rios temas. A Equipe Inclusive transcreveu e traduziu o primeiro v\u00eddeo, sobre estereotipias (stimming).","og_url":"https:\/\/inclusivenews.com.br\/?p=28110","article_publisher":"https:\/\/www.facebook.com\/agenciainclusive\/","article_published_time":"2015-05-30T15:21:28+00:00","og_image":[{"url":"https:\/\/yt3.ggpht.com\/-9gGjBpXzbEY\/AAAAAAAAAAI\/AAAAAAAAAAA\/U-zZVYMcZXE\/s100-c-k-no\/photo.jpg","type":"","width":"","height":""}],"author":"inclusivenews2024","twitter_card":"summary_large_image","twitter_misc":{"Escrito por":"inclusivenews2024","Tempo estimado de leitura":"10 minutos"},"schema":{"@context":"https:\/\/schema.org","@graph":[{"@type":"Article","@id":"https:\/\/inclusivenews.com.br\/?p=28110#article","isPartOf":{"@id":"https:\/\/inclusivenews.com.br\/?p=28110"},"author":{"name":"inclusivenews2024","@id":"https:\/\/inclusivenews.com.br\/#\/schema\/person\/ae4ec7087559b8692fb33b6fffd2273b"},"headline":"Pergunte a um Autista","datePublished":"2015-05-30T15:21:28+00:00","mainEntityOfPage":{"@id":"https:\/\/inclusivenews.com.br\/?p=28110"},"wordCount":2054,"commentCount":1,"publisher":{"@id":"https:\/\/inclusivenews.com.br\/#organization"},"image":{"@id":"https:\/\/inclusivenews.com.br\/?p=28110#primaryimage"},"thumbnailUrl":"https:\/\/yt3.ggpht.com\/-9gGjBpXzbEY\/AAAAAAAAAAI\/AAAAAAAAAAA\/U-zZVYMcZXE\/s100-c-k-no\/photo.jpg","articleSection":["Autismo","Diversidade","NOT\u00cdCIAS"],"inLanguage":"pt-PT","potentialAction":[{"@type":"CommentAction","name":"Comment","target":["https:\/\/inclusivenews.com.br\/?p=28110#respond"]}]},{"@type":"WebPage","@id":"https:\/\/inclusivenews.com.br\/?p=28110","url":"https:\/\/inclusivenews.com.br\/?p=28110","name":"Pergunte a um Autista -","isPartOf":{"@id":"https:\/\/inclusivenews.com.br\/#website"},"primaryImageOfPage":{"@id":"https:\/\/inclusivenews.com.br\/?p=28110#primaryimage"},"image":{"@id":"https:\/\/inclusivenews.com.br\/?p=28110#primaryimage"},"thumbnailUrl":"https:\/\/yt3.ggpht.com\/-9gGjBpXzbEY\/AAAAAAAAAAI\/AAAAAAAAAAA\/U-zZVYMcZXE\/s100-c-k-no\/photo.jpg","datePublished":"2015-05-30T15:21:28+00:00","breadcrumb":{"@id":"https:\/\/inclusivenews.com.br\/?p=28110#breadcrumb"},"inLanguage":"pt-PT","potentialAction":[{"@type":"ReadAction","target":["https:\/\/inclusivenews.com.br\/?p=28110"]}]},{"@type":"ImageObject","inLanguage":"pt-PT","@id":"https:\/\/inclusivenews.com.br\/?p=28110#primaryimage","url":"https:\/\/yt3.ggpht.com\/-9gGjBpXzbEY\/AAAAAAAAAAI\/AAAAAAAAAAA\/U-zZVYMcZXE\/s100-c-k-no\/photo.jpg","contentUrl":"https:\/\/yt3.ggpht.com\/-9gGjBpXzbEY\/AAAAAAAAAAI\/AAAAAAAAAAA\/U-zZVYMcZXE\/s100-c-k-no\/photo.jpg"},{"@type":"BreadcrumbList","@id":"https:\/\/inclusivenews.com.br\/?p=28110#breadcrumb","itemListElement":[{"@type":"ListItem","position":1,"name":"In\u00edcio","item":"https:\/\/inclusivenews.com.br\/"},{"@type":"ListItem","position":2,"name":"Pergunte a um Autista"}]},{"@type":"WebSite","@id":"https:\/\/inclusivenews.com.br\/#website","url":"https:\/\/inclusivenews.com.br\/","name":"Inclusive News","description":"Inclusive News","publisher":{"@id":"https:\/\/inclusivenews.com.br\/#organization"},"potentialAction":[{"@type":"SearchAction","target":{"@type":"EntryPoint","urlTemplate":"https:\/\/inclusivenews.com.br\/?s={search_term_string}"},"query-input":{"@type":"PropertyValueSpecification","valueRequired":true,"valueName":"search_term_string"}}],"inLanguage":"pt-PT"},{"@type":"Organization","@id":"https:\/\/inclusivenews.com.br\/#organization","name":"Inclusive - inclus\u00e3o e cidadania","url":"https:\/\/inclusivenews.com.br\/","logo":{"@type":"ImageObject","inLanguage":"pt-PT","@id":"https:\/\/inclusivenews.com.br\/#\/schema\/logo\/image\/","url":"https:\/\/inclusivenews.com.br\/wp-content\/uploads\/2024\/03\/@grandesite.png","contentUrl":"https:\/\/inclusivenews.com.br\/wp-content\/uploads\/2024\/03\/@grandesite.png","width":1080,"height":1080,"caption":"Inclusive - inclus\u00e3o e cidadania"},"image":{"@id":"https:\/\/inclusivenews.com.br\/#\/schema\/logo\/image\/"},"sameAs":["https:\/\/www.facebook.com\/agenciainclusive\/","https:\/\/www.instagram.com\/newsinclusive\/"]},{"@type":"Person","@id":"https:\/\/inclusivenews.com.br\/#\/schema\/person\/ae4ec7087559b8692fb33b6fffd2273b","name":"inclusivenews2024","image":{"@type":"ImageObject","inLanguage":"pt-PT","@id":"https:\/\/secure.gravatar.com\/avatar\/c5a7ef84c66fa914f55bc4f7ce26cfa275a3b9a1c5568b907bd184fb4dde7b40?s=96&d=mm&r=g","url":"https:\/\/secure.gravatar.com\/avatar\/c5a7ef84c66fa914f55bc4f7ce26cfa275a3b9a1c5568b907bd184fb4dde7b40?s=96&d=mm&r=g","contentUrl":"https:\/\/secure.gravatar.com\/avatar\/c5a7ef84c66fa914f55bc4f7ce26cfa275a3b9a1c5568b907bd184fb4dde7b40?s=96&d=mm&r=g","caption":"inclusivenews2024"},"sameAs":["https:\/\/inclusivenews.com.br"],"url":"https:\/\/inclusivenews.com.br\/?author=1"}]}},"_links":{"self":[{"href":"https:\/\/inclusivenews.com.br\/index.php?rest_route=\/wp\/v2\/posts\/28110","targetHints":{"allow":["GET"]}}],"collection":[{"href":"https:\/\/inclusivenews.com.br\/index.php?rest_route=\/wp\/v2\/posts"}],"about":[{"href":"https:\/\/inclusivenews.com.br\/index.php?rest_route=\/wp\/v2\/types\/post"}],"author":[{"embeddable":true,"href":"https:\/\/inclusivenews.com.br\/index.php?rest_route=\/wp\/v2\/users\/1"}],"replies":[{"embeddable":true,"href":"https:\/\/inclusivenews.com.br\/index.php?rest_route=%2Fwp%2Fv2%2Fcomments&post=28110"}],"version-history":[{"count":0,"href":"https:\/\/inclusivenews.com.br\/index.php?rest_route=\/wp\/v2\/posts\/28110\/revisions"}],"wp:attachment":[{"href":"https:\/\/inclusivenews.com.br\/index.php?rest_route=%2Fwp%2Fv2%2Fmedia&parent=28110"}],"wp:term":[{"taxonomy":"category","embeddable":true,"href":"https:\/\/inclusivenews.com.br\/index.php?rest_route=%2Fwp%2Fv2%2Fcategories&post=28110"},{"taxonomy":"post_tag","embeddable":true,"href":"https:\/\/inclusivenews.com.br\/index.php?rest_route=%2Fwp%2Fv2%2Ftags&post=28110"}],"curies":[{"name":"wp","href":"https:\/\/api.w.org\/{rel}","templated":true}]}}