{"id":28121,"date":"2015-06-09T11:19:57","date_gmt":"2015-06-09T14:19:57","guid":{"rendered":"http:\/\/www.inclusive.org.br\/?p=28121"},"modified":"2015-06-09T11:19:57","modified_gmt":"2015-06-09T14:19:57","slug":"09-de-junho","status":"publish","type":"post","link":"https:\/\/inclusivenews.com.br\/?p=28121","title":{"rendered":"09 de junho"},"content":{"rendered":"<p><img loading=\"lazy\" decoding=\"async\" class=\"alignnone  wp-image-28122\" alt=\"Helio Araujo.\" src=\"http:\/\/inclusivenews.com.br\/wp-content\/uploads\/helio_araujo.jpg\" width=\"235\" height=\"202\" \/><\/p>\n<p>H\u00e9lio de Ara\u00fajo*<\/p>\n<p>Hoje, dia nove de junho de 2015, completei trinta e um anos como usu\u00e1rio de cadeira de rodas. Na d\u00e9cada de oitenta, quando me acidentei e fiquei tetrapl\u00e9gico, a vida de um cadeirante era muito dif\u00edcil. Atualmente, ainda s\u00e3o poucas as facilidades.<\/p>\n<p>Em minhas andan\u00e7as, perguntam-me se \u00e9 muito ruim viver com tanta depend\u00eancia f\u00edsica. Hoje, analisando os obst\u00e1culos superados e as limita\u00e7\u00f5es que ainda tenho que vencer, digo com toda certeza, que vale a pena viver. \u00c9 \u00f3timo estar vivo para contemplar a beleza que \u00e9 a vida, as pequenas coisas que a tornam mais bela.<\/p>\n<p>Gosto de minhas pernas. Embora n\u00e3o me fa\u00e7am andar, elas me ajudam a me movimentar na cama, a me agasalhar na cadeira\u2026 Tamb\u00e9m gosto das m\u00e3os, apesar de limitadas. A esquerda ajuda-me quando escovo os dentes, escrevo, alimento-me, cumprimento, gesticulo, acaricio\u2026 S\u00e3o tantas as coisas que uma m\u00e3o limitada pode fazer que eu mesmo, \u00e0s vezes, surpreendo-me com isso.<\/p>\n<p>N\u00e3o me preocupo com minhas pernas finas e m\u00e3os esquel\u00e9ticas, pois pouca gente est\u00e1 satisfeito com o seu tipo; alguns s\u00e3o gordos e querem emagrecer; outras lutam para engordar, h\u00e1 quem quer mudar o tipo de cabelo; outros apelam para a cirurgia reparadora.<\/p>\n<p>\u00c9 importante ter uma fam\u00edlia e constatar que ela \u00e9 s\u00f3lida, firme e estruturada, e saber que todos est\u00e3o com os bra\u00e7os abertos para substitu\u00edrem os meus. Essa ajuda f\u00edsica \u00e9 m\u00ednima, comparada com o calor humano que aquece meu esp\u00edrito durante todos esses anos.<\/p>\n<p>Tenho em minha casa pequenas coisas que facilitam minha vida di\u00e1ria como rampas, banheiro sem box e com porta larga, cadeira de banho, cama de altura adequada, colch\u00e3o ortop\u00e9dico e outros objetos que tornam minha vida mais facilitada.<\/p>\n<p>\u00c9 gratificante aconselhar as pessoas para que n\u00e3o sejam imprudentes ao conduzirem carros, motos ou quaisquer ve\u00edculos e conseguir conscientiz\u00e1-las dos problemas futuros que podem ocasionar se n\u00e3o seguirem certas orienta\u00e7\u00f5es.<\/p>\n<p>Percebo grandes avan\u00e7os para quem tem qualquer defici\u00eancia. Os novos acidentados ter\u00e3o uma quantidade menor de obst\u00e1culos. Hoje \u00e9 muito comum me perguntarem em que trabalho ou quais s\u00e3o os meus projetos para o futuro. Antes me perguntavam sobre o que fazia para me entreter ou se minha bunda estava doendo de tanto ficar sentado.<\/p>\n<p>Aprendi que n\u00e3o devemos perder tempo lamentando movimentos perdidos. \u00c9 bem melhor e mais produtivo aproveitar o que nos resta. Um homem n\u00e3o pode ser valorizado pela quantidade de passos que pode dar com suas pr\u00f3prias pernas e, sim, pelo amor e respeito que tem por si mesmo e pelos outros.<\/p>\n<p>Continuo tetrapl\u00e9gico, mas com importante recupera\u00e7\u00e3o f\u00edsica, considerando minha total imobilidade inicial. Percebo o meu crescimento como ser humano e conquistas como trabalho, estudo, lazer, afetividade\u2026 elementos importantes para a vida.<\/p>\n<p>In\u00fameras pessoas acidentadas se reabilitaram com mais organiza\u00e7\u00e3o do que eu. Em determinados momentos, tive a sensa\u00e7\u00e3o de que tudo que faz\u00edamos era pouco, sendo necess\u00e1ria muita sensibilidade para perceber o m\u00ednimo de evolu\u00e7\u00e3o. A luta teve que ser constante e, \u00e0s vezes, tive que reaprender coisas elementares. Comparo tudo isso a um jogo inacabado que, com improviso, aqui e ali, est\u00e1 sendo bem jogado.<\/p>\n<p>\u00c9 fundamental haver determina\u00e7\u00e3o e confian\u00e7a. \u00c9 preciso acreditar que a incerteza de hoje poder\u00e1 ser a realiza\u00e7\u00e3o de amanh\u00e3. N\u00e3o se pode ter medo de recome\u00e7ar ou redescobrir o corpo e a for\u00e7a interior. Muito pode ser alcan\u00e7ado com esfor\u00e7o e perseveran\u00e7a. Temos sempre o que aprender, o que evoluir e o que deixar aflorar.<\/p>\n<p>N\u00e3o existe mais espa\u00e7o para t\u00e9dio. N\u00e3o me surpreendo com momentos de indiferen\u00e7as ou perguntas inconvenientes. Se \u00a0limita\u00e7\u00e3o incomoda, por outro lado, n\u00e3o impede que minha vida seja um constante reencontro com emo\u00e7\u00f5es perdidas.<\/p>\n<p>Combato momentos de descren\u00e7as com uma dose de otimismo, que venho adquirindo e aprimorando com o passar do tempo.<\/p>\n<p>Cada barreira ultrapassada significa para mim uma batalha vencida contra a imobilidade do corpo e da alma.<\/p>\n<p>Como pude reverter a situa\u00e7\u00e3o desfavor\u00e1vel, posso dizer que me sinto bem com a profiss\u00e3o escolhida, com os progressos que tive, com a oportunidade de contar minha hist\u00f3ria e dizer que amo a vida gra\u00e7as a harmonia familiar, a certa abertura da sociedade e, sobretudo, \u00e0 forte e constante presen\u00e7a de Deus.<\/p>\n<p>H\u00e9lio de Ara\u00fajo \u2013 professor, cadeirante, ativista na defesa dos direitos das pessoas com defici\u00eancia \u2013 Petrolina-PE.\u00a0<a href=\"mailto:heliodearaujo@yahoo.com.br\">heliodearaujo@yahoo.com.br<\/a><\/p>\n","protected":false},"excerpt":{"rendered":"<p>&#8220;Aprendi que n\u00e3o devemos perder tempo lamentando movimentos perdidos. \u00c9 bem melhor e mais produtivo aproveitar o que nos resta. Um homem n\u00e3o pode ser valorizado pela quantidade de passos que pode dar com suas pr\u00f3prias pernas e, sim, pelo amor e respeito que tem por si mesmo e pelos outros.&#8221;, por H\u00e9lio Ara\u00fajo.<\/p>\n","protected":false},"author":1,"featured_media":0,"comment_status":"open","ping_status":"open","sticky":false,"template":"","format":"standard","meta":{"site-container-style":"default","site-container-layout":"default","site-sidebar-layout":"default","disable-article-header":"default","disable-site-header":"default","disable-site-footer":"default","disable-content-area-spacing":"default","footnotes":""},"categories":[4],"tags":[],"class_list":["post-28121","post","type-post","status-publish","format-standard","hentry","category-noticias"],"yoast_head":"<!-- This site is optimized with the Yoast SEO plugin v27.4 - https:\/\/yoast.com\/product\/yoast-seo-wordpress\/ -->\n<title>09 de junho -<\/title>\n<meta name=\"robots\" content=\"index, follow, max-snippet:-1, max-image-preview:large, max-video-preview:-1\" \/>\n<link rel=\"canonical\" href=\"https:\/\/inclusivenews.com.br\/?p=28121\" \/>\n<meta property=\"og:locale\" content=\"pt_PT\" \/>\n<meta property=\"og:type\" content=\"article\" \/>\n<meta property=\"og:title\" content=\"09 de junho -\" \/>\n<meta property=\"og:description\" content=\"&quot;Aprendi que n\u00e3o devemos perder tempo lamentando movimentos perdidos. \u00c9 bem melhor e mais produtivo aproveitar o que nos resta. Um homem n\u00e3o pode ser valorizado pela quantidade de passos que pode dar com suas pr\u00f3prias pernas e, sim, pelo amor e respeito que tem por si mesmo e pelos outros.&quot;, por H\u00e9lio Ara\u00fajo.\" \/>\n<meta property=\"og:url\" content=\"https:\/\/inclusivenews.com.br\/?p=28121\" \/>\n<meta property=\"article:publisher\" content=\"https:\/\/www.facebook.com\/agenciainclusive\/\" \/>\n<meta property=\"article:published_time\" content=\"2015-06-09T14:19:57+00:00\" \/>\n<meta property=\"og:image\" content=\"http:\/\/inclusivenews.com.br\/wp-content\/uploads\/helio_araujo.jpg\" \/>\n<meta name=\"author\" content=\"inclusivenews2024\" \/>\n<meta name=\"twitter:card\" content=\"summary_large_image\" \/>\n<meta name=\"twitter:label1\" content=\"Escrito por\" \/>\n\t<meta name=\"twitter:data1\" content=\"inclusivenews2024\" \/>\n\t<meta name=\"twitter:label2\" content=\"Tempo estimado de leitura\" \/>\n\t<meta name=\"twitter:data2\" content=\"4 minutos\" \/>\n<script type=\"application\/ld+json\" class=\"yoast-schema-graph\">{\"@context\":\"https:\\\/\\\/schema.org\",\"@graph\":[{\"@type\":\"Article\",\"@id\":\"https:\\\/\\\/inclusivenews.com.br\\\/?p=28121#article\",\"isPartOf\":{\"@id\":\"https:\\\/\\\/inclusivenews.com.br\\\/?p=28121\"},\"author\":{\"name\":\"inclusivenews2024\",\"@id\":\"https:\\\/\\\/inclusivenews.com.br\\\/#\\\/schema\\\/person\\\/ae4ec7087559b8692fb33b6fffd2273b\"},\"headline\":\"09 de junho\",\"datePublished\":\"2015-06-09T14:19:57+00:00\",\"mainEntityOfPage\":{\"@id\":\"https:\\\/\\\/inclusivenews.com.br\\\/?p=28121\"},\"wordCount\":787,\"commentCount\":0,\"publisher\":{\"@id\":\"https:\\\/\\\/inclusivenews.com.br\\\/#organization\"},\"image\":{\"@id\":\"https:\\\/\\\/inclusivenews.com.br\\\/?p=28121#primaryimage\"},\"thumbnailUrl\":\"http:\\\/\\\/inclusivenews.com.br\\\/wp-content\\\/uploads\\\/helio_araujo.jpg\",\"articleSection\":[\"NOT\u00cdCIAS\"],\"inLanguage\":\"pt-PT\",\"potentialAction\":[{\"@type\":\"CommentAction\",\"name\":\"Comment\",\"target\":[\"https:\\\/\\\/inclusivenews.com.br\\\/?p=28121#respond\"]}]},{\"@type\":\"WebPage\",\"@id\":\"https:\\\/\\\/inclusivenews.com.br\\\/?p=28121\",\"url\":\"https:\\\/\\\/inclusivenews.com.br\\\/?p=28121\",\"name\":\"09 de junho -\",\"isPartOf\":{\"@id\":\"https:\\\/\\\/inclusivenews.com.br\\\/#website\"},\"primaryImageOfPage\":{\"@id\":\"https:\\\/\\\/inclusivenews.com.br\\\/?p=28121#primaryimage\"},\"image\":{\"@id\":\"https:\\\/\\\/inclusivenews.com.br\\\/?p=28121#primaryimage\"},\"thumbnailUrl\":\"http:\\\/\\\/inclusivenews.com.br\\\/wp-content\\\/uploads\\\/helio_araujo.jpg\",\"datePublished\":\"2015-06-09T14:19:57+00:00\",\"breadcrumb\":{\"@id\":\"https:\\\/\\\/inclusivenews.com.br\\\/?p=28121#breadcrumb\"},\"inLanguage\":\"pt-PT\",\"potentialAction\":[{\"@type\":\"ReadAction\",\"target\":[\"https:\\\/\\\/inclusivenews.com.br\\\/?p=28121\"]}]},{\"@type\":\"ImageObject\",\"inLanguage\":\"pt-PT\",\"@id\":\"https:\\\/\\\/inclusivenews.com.br\\\/?p=28121#primaryimage\",\"url\":\"\",\"contentUrl\":\"\"},{\"@type\":\"BreadcrumbList\",\"@id\":\"https:\\\/\\\/inclusivenews.com.br\\\/?p=28121#breadcrumb\",\"itemListElement\":[{\"@type\":\"ListItem\",\"position\":1,\"name\":\"In\u00edcio\",\"item\":\"https:\\\/\\\/inclusivenews.com.br\\\/\"},{\"@type\":\"ListItem\",\"position\":2,\"name\":\"09 de junho\"}]},{\"@type\":\"WebSite\",\"@id\":\"https:\\\/\\\/inclusivenews.com.br\\\/#website\",\"url\":\"https:\\\/\\\/inclusivenews.com.br\\\/\",\"name\":\"Inclusive News\",\"description\":\"Inclusive News\",\"publisher\":{\"@id\":\"https:\\\/\\\/inclusivenews.com.br\\\/#organization\"},\"potentialAction\":[{\"@type\":\"SearchAction\",\"target\":{\"@type\":\"EntryPoint\",\"urlTemplate\":\"https:\\\/\\\/inclusivenews.com.br\\\/?s={search_term_string}\"},\"query-input\":{\"@type\":\"PropertyValueSpecification\",\"valueRequired\":true,\"valueName\":\"search_term_string\"}}],\"inLanguage\":\"pt-PT\"},{\"@type\":\"Organization\",\"@id\":\"https:\\\/\\\/inclusivenews.com.br\\\/#organization\",\"name\":\"Inclusive - inclus\u00e3o e cidadania\",\"url\":\"https:\\\/\\\/inclusivenews.com.br\\\/\",\"logo\":{\"@type\":\"ImageObject\",\"inLanguage\":\"pt-PT\",\"@id\":\"https:\\\/\\\/inclusivenews.com.br\\\/#\\\/schema\\\/logo\\\/image\\\/\",\"url\":\"https:\\\/\\\/inclusivenews.com.br\\\/wp-content\\\/uploads\\\/2024\\\/03\\\/@grandesite.png\",\"contentUrl\":\"https:\\\/\\\/inclusivenews.com.br\\\/wp-content\\\/uploads\\\/2024\\\/03\\\/@grandesite.png\",\"width\":1080,\"height\":1080,\"caption\":\"Inclusive - inclus\u00e3o e cidadania\"},\"image\":{\"@id\":\"https:\\\/\\\/inclusivenews.com.br\\\/#\\\/schema\\\/logo\\\/image\\\/\"},\"sameAs\":[\"https:\\\/\\\/www.facebook.com\\\/agenciainclusive\\\/\",\"https:\\\/\\\/www.instagram.com\\\/newsinclusive\\\/\"]},{\"@type\":\"Person\",\"@id\":\"https:\\\/\\\/inclusivenews.com.br\\\/#\\\/schema\\\/person\\\/ae4ec7087559b8692fb33b6fffd2273b\",\"name\":\"inclusivenews2024\",\"image\":{\"@type\":\"ImageObject\",\"inLanguage\":\"pt-PT\",\"@id\":\"https:\\\/\\\/secure.gravatar.com\\\/avatar\\\/c5a7ef84c66fa914f55bc4f7ce26cfa275a3b9a1c5568b907bd184fb4dde7b40?s=96&d=mm&r=g\",\"url\":\"https:\\\/\\\/secure.gravatar.com\\\/avatar\\\/c5a7ef84c66fa914f55bc4f7ce26cfa275a3b9a1c5568b907bd184fb4dde7b40?s=96&d=mm&r=g\",\"contentUrl\":\"https:\\\/\\\/secure.gravatar.com\\\/avatar\\\/c5a7ef84c66fa914f55bc4f7ce26cfa275a3b9a1c5568b907bd184fb4dde7b40?s=96&d=mm&r=g\",\"caption\":\"inclusivenews2024\"},\"sameAs\":[\"https:\\\/\\\/inclusivenews.com.br\"],\"url\":\"https:\\\/\\\/inclusivenews.com.br\\\/?author=1\"}]}<\/script>\n<!-- \/ Yoast SEO plugin. -->","yoast_head_json":{"title":"09 de junho -","robots":{"index":"index","follow":"follow","max-snippet":"max-snippet:-1","max-image-preview":"max-image-preview:large","max-video-preview":"max-video-preview:-1"},"canonical":"https:\/\/inclusivenews.com.br\/?p=28121","og_locale":"pt_PT","og_type":"article","og_title":"09 de junho -","og_description":"\"Aprendi que n\u00e3o devemos perder tempo lamentando movimentos perdidos. \u00c9 bem melhor e mais produtivo aproveitar o que nos resta. Um homem n\u00e3o pode ser valorizado pela quantidade de passos que pode dar com suas pr\u00f3prias pernas e, sim, pelo amor e respeito que tem por si mesmo e pelos outros.\", por H\u00e9lio Ara\u00fajo.","og_url":"https:\/\/inclusivenews.com.br\/?p=28121","article_publisher":"https:\/\/www.facebook.com\/agenciainclusive\/","article_published_time":"2015-06-09T14:19:57+00:00","og_image":[{"url":"http:\/\/inclusivenews.com.br\/wp-content\/uploads\/helio_araujo.jpg","type":"","width":"","height":""}],"author":"inclusivenews2024","twitter_card":"summary_large_image","twitter_misc":{"Escrito por":"inclusivenews2024","Tempo estimado de leitura":"4 minutos"},"schema":{"@context":"https:\/\/schema.org","@graph":[{"@type":"Article","@id":"https:\/\/inclusivenews.com.br\/?p=28121#article","isPartOf":{"@id":"https:\/\/inclusivenews.com.br\/?p=28121"},"author":{"name":"inclusivenews2024","@id":"https:\/\/inclusivenews.com.br\/#\/schema\/person\/ae4ec7087559b8692fb33b6fffd2273b"},"headline":"09 de junho","datePublished":"2015-06-09T14:19:57+00:00","mainEntityOfPage":{"@id":"https:\/\/inclusivenews.com.br\/?p=28121"},"wordCount":787,"commentCount":0,"publisher":{"@id":"https:\/\/inclusivenews.com.br\/#organization"},"image":{"@id":"https:\/\/inclusivenews.com.br\/?p=28121#primaryimage"},"thumbnailUrl":"http:\/\/inclusivenews.com.br\/wp-content\/uploads\/helio_araujo.jpg","articleSection":["NOT\u00cdCIAS"],"inLanguage":"pt-PT","potentialAction":[{"@type":"CommentAction","name":"Comment","target":["https:\/\/inclusivenews.com.br\/?p=28121#respond"]}]},{"@type":"WebPage","@id":"https:\/\/inclusivenews.com.br\/?p=28121","url":"https:\/\/inclusivenews.com.br\/?p=28121","name":"09 de junho -","isPartOf":{"@id":"https:\/\/inclusivenews.com.br\/#website"},"primaryImageOfPage":{"@id":"https:\/\/inclusivenews.com.br\/?p=28121#primaryimage"},"image":{"@id":"https:\/\/inclusivenews.com.br\/?p=28121#primaryimage"},"thumbnailUrl":"http:\/\/inclusivenews.com.br\/wp-content\/uploads\/helio_araujo.jpg","datePublished":"2015-06-09T14:19:57+00:00","breadcrumb":{"@id":"https:\/\/inclusivenews.com.br\/?p=28121#breadcrumb"},"inLanguage":"pt-PT","potentialAction":[{"@type":"ReadAction","target":["https:\/\/inclusivenews.com.br\/?p=28121"]}]},{"@type":"ImageObject","inLanguage":"pt-PT","@id":"https:\/\/inclusivenews.com.br\/?p=28121#primaryimage","url":"","contentUrl":""},{"@type":"BreadcrumbList","@id":"https:\/\/inclusivenews.com.br\/?p=28121#breadcrumb","itemListElement":[{"@type":"ListItem","position":1,"name":"In\u00edcio","item":"https:\/\/inclusivenews.com.br\/"},{"@type":"ListItem","position":2,"name":"09 de junho"}]},{"@type":"WebSite","@id":"https:\/\/inclusivenews.com.br\/#website","url":"https:\/\/inclusivenews.com.br\/","name":"Inclusive News","description":"Inclusive News","publisher":{"@id":"https:\/\/inclusivenews.com.br\/#organization"},"potentialAction":[{"@type":"SearchAction","target":{"@type":"EntryPoint","urlTemplate":"https:\/\/inclusivenews.com.br\/?s={search_term_string}"},"query-input":{"@type":"PropertyValueSpecification","valueRequired":true,"valueName":"search_term_string"}}],"inLanguage":"pt-PT"},{"@type":"Organization","@id":"https:\/\/inclusivenews.com.br\/#organization","name":"Inclusive - inclus\u00e3o e cidadania","url":"https:\/\/inclusivenews.com.br\/","logo":{"@type":"ImageObject","inLanguage":"pt-PT","@id":"https:\/\/inclusivenews.com.br\/#\/schema\/logo\/image\/","url":"https:\/\/inclusivenews.com.br\/wp-content\/uploads\/2024\/03\/@grandesite.png","contentUrl":"https:\/\/inclusivenews.com.br\/wp-content\/uploads\/2024\/03\/@grandesite.png","width":1080,"height":1080,"caption":"Inclusive - inclus\u00e3o e cidadania"},"image":{"@id":"https:\/\/inclusivenews.com.br\/#\/schema\/logo\/image\/"},"sameAs":["https:\/\/www.facebook.com\/agenciainclusive\/","https:\/\/www.instagram.com\/newsinclusive\/"]},{"@type":"Person","@id":"https:\/\/inclusivenews.com.br\/#\/schema\/person\/ae4ec7087559b8692fb33b6fffd2273b","name":"inclusivenews2024","image":{"@type":"ImageObject","inLanguage":"pt-PT","@id":"https:\/\/secure.gravatar.com\/avatar\/c5a7ef84c66fa914f55bc4f7ce26cfa275a3b9a1c5568b907bd184fb4dde7b40?s=96&d=mm&r=g","url":"https:\/\/secure.gravatar.com\/avatar\/c5a7ef84c66fa914f55bc4f7ce26cfa275a3b9a1c5568b907bd184fb4dde7b40?s=96&d=mm&r=g","contentUrl":"https:\/\/secure.gravatar.com\/avatar\/c5a7ef84c66fa914f55bc4f7ce26cfa275a3b9a1c5568b907bd184fb4dde7b40?s=96&d=mm&r=g","caption":"inclusivenews2024"},"sameAs":["https:\/\/inclusivenews.com.br"],"url":"https:\/\/inclusivenews.com.br\/?author=1"}]}},"_links":{"self":[{"href":"https:\/\/inclusivenews.com.br\/index.php?rest_route=\/wp\/v2\/posts\/28121","targetHints":{"allow":["GET"]}}],"collection":[{"href":"https:\/\/inclusivenews.com.br\/index.php?rest_route=\/wp\/v2\/posts"}],"about":[{"href":"https:\/\/inclusivenews.com.br\/index.php?rest_route=\/wp\/v2\/types\/post"}],"author":[{"embeddable":true,"href":"https:\/\/inclusivenews.com.br\/index.php?rest_route=\/wp\/v2\/users\/1"}],"replies":[{"embeddable":true,"href":"https:\/\/inclusivenews.com.br\/index.php?rest_route=%2Fwp%2Fv2%2Fcomments&post=28121"}],"version-history":[{"count":0,"href":"https:\/\/inclusivenews.com.br\/index.php?rest_route=\/wp\/v2\/posts\/28121\/revisions"}],"wp:attachment":[{"href":"https:\/\/inclusivenews.com.br\/index.php?rest_route=%2Fwp%2Fv2%2Fmedia&parent=28121"}],"wp:term":[{"taxonomy":"category","embeddable":true,"href":"https:\/\/inclusivenews.com.br\/index.php?rest_route=%2Fwp%2Fv2%2Fcategories&post=28121"},{"taxonomy":"post_tag","embeddable":true,"href":"https:\/\/inclusivenews.com.br\/index.php?rest_route=%2Fwp%2Fv2%2Ftags&post=28121"}],"curies":[{"name":"wp","href":"https:\/\/api.w.org\/{rel}","templated":true}]}}