{"id":28129,"date":"2015-06-10T16:29:00","date_gmt":"2015-06-10T19:29:00","guid":{"rendered":"http:\/\/www.inclusive.org.br\/?p=28129"},"modified":"2015-06-10T16:29:00","modified_gmt":"2015-06-10T19:29:00","slug":"cartas-de-beirute","status":"publish","type":"post","link":"https:\/\/inclusivenews.com.br\/?p=28129","title":{"rendered":"Cartas de Beirute"},"content":{"rendered":"<p><img decoding=\"async\" alt=\"\" src=\"http:\/\/www.editoracrv.com.br\/img_produtos\/7631b4847b56963c76c7459d600890f9.jpg\" \/><\/p>\n<p>&nbsp;<\/p>\n<p>Por ocasi\u00e3o do Dia Internacional de Conscientiza\u00e7\u00e3o sobre o Autismo, no \u00faltimo 02 de abril, a Inclusive publicou em primeira vers\u00e3o &#8220;Carta de Beirute&#8221;, ensaio de nossa colaboradora Ana Nunes, que pode ser lido<a href=\"http:\/\/www.inclusive.org.br\/?p=27896\" target=\"_blank\" rel=\"noopener\"> aqui<\/a>.\u00a0O ensaio faz parte do livro &#8220;Cartas de Beirute &#8211; Reflex\u00f5es de uma M\u00e3e e Feminista sobre Autismo, Identidade e os Desafios da Inclus\u00e3o&#8221; , que acaba de ser publicado pela editora curitibana CRV .<\/p>\n<p>\u201cCartas de Beirute\u201d \u00e9 uma colet\u00e2nea de seis ensaios, que podem ser lidos juntos ou separadamente, na sequ\u00eancia proposta na publica\u00e7\u00e3o ou na ordem desejada pelo leitor. Apesar de comporem um conjunto, cada artigo se se presta \u00e0 leitura independente.<\/p>\n<p>Em um misto de relato pessoal e coment\u00e1rio social, a autora fala sobre autismo &#8211; mas n\u00e3o s\u00f3 sobre isso. As reflex\u00f5es de \u201cCartas de Beirute\u201d s\u00e3o de f\u00e1cil tradu\u00e7\u00e3o para as experi\u00eancias de diferentes leitores. Este \u00e9 um livro sobre diferen\u00e7a, sobre identidade. Sobre luto como estrada para a aceita\u00e7\u00e3o. Sobre maternidade. Sobre machismo e sua interse\u00e7\u00e3o com capacitismo. Sobre a fal\u00e1cia de que alguns caminhos s\u00e3o \u201cescolhas\u201d das mulheres. Sobre a constru\u00e7\u00e3o do Outro. E sobre a desconstru\u00e7\u00e3o de conceitos que roubam nossa humanidade \u2013 e roubam a Humanidade da riqueza das diferen\u00e7as.<\/p>\n<p>Supor que livros produzidos por e sobre uma determinada minoria s\u00f3 dizem respeito a este segmento espec\u00edfico \u00e9 ignorar o que h\u00e1 de universal em qualquer experi\u00eancia humana. Perceber que h\u00e1 universalidade em nossas especificidades talvez seja o primeiro passo para o respeito \u00e0s diferen\u00e7as.<\/p>\n<p>Mas, para perceber, \u00e9 preciso conhecer &#8211; e se dar a conhecer. \u00c9 preciso romper as barreiras da invisibilidade, do sil\u00eancio e da indiferen\u00e7a. \u00c9 este o exerc\u00edcio que \u201cCartas de Beirute\u201d prop\u00f5e ao leitor.<\/p>\n<p>&#8220;Cartas de Beirute&#8221; est\u00e1 \u00e0 venda no site da editora (<a href=\"http:\/\/www.editoracrv.com.br\/?f=produto_detalhes&amp;pid=31182\" target=\"_blank\" rel=\"noopener\">clique aqui<\/a>).<\/p>\n<p>&nbsp;<\/p>\n","protected":false},"excerpt":{"rendered":"<p>&nbsp; Por ocasi\u00e3o do Dia Internacional de Conscientiza\u00e7\u00e3o sobre o Autismo, no \u00faltimo 02 de abril, a Inclusive publicou em primeira vers\u00e3o &#8220;Carta de Beirute&#8221;, ensaio de nossa colaboradora Ana Nunes, que pode ser lido aqui.\u00a0O ensaio faz parte do livro &#8220;Cartas de Beirute &#8211; Reflex\u00f5es de uma M\u00e3e e Feminista sobre Autismo, Identidade e [&hellip;]<\/p>\n","protected":false},"author":1,"featured_media":0,"comment_status":"open","ping_status":"open","sticky":false,"template":"","format":"standard","meta":{"site-container-style":"default","site-container-layout":"default","site-sidebar-layout":"default","disable-article-header":"default","disable-site-header":"default","disable-site-footer":"default","disable-content-area-spacing":"default","footnotes":""},"categories":[4],"tags":[],"class_list":["post-28129","post","type-post","status-publish","format-standard","hentry","category-noticias"],"yoast_head":"<!-- This site is optimized with the Yoast SEO plugin v27.4 - https:\/\/yoast.com\/product\/yoast-seo-wordpress\/ -->\n<title>Cartas de Beirute -<\/title>\n<meta name=\"robots\" content=\"index, follow, max-snippet:-1, max-image-preview:large, max-video-preview:-1\" \/>\n<link rel=\"canonical\" href=\"https:\/\/inclusivenews.com.br\/?p=28129\" \/>\n<meta property=\"og:locale\" content=\"pt_PT\" \/>\n<meta property=\"og:type\" content=\"article\" \/>\n<meta property=\"og:title\" content=\"Cartas de Beirute -\" \/>\n<meta property=\"og:description\" content=\"&nbsp; Por ocasi\u00e3o do Dia Internacional de Conscientiza\u00e7\u00e3o sobre o Autismo, no \u00faltimo 02 de abril, a Inclusive publicou em primeira vers\u00e3o &#8220;Carta de Beirute&#8221;, ensaio de nossa colaboradora Ana Nunes, que pode ser lido aqui.\u00a0O ensaio faz parte do livro &#8220;Cartas de Beirute &#8211; Reflex\u00f5es de uma M\u00e3e e Feminista sobre Autismo, Identidade e [&hellip;]\" \/>\n<meta property=\"og:url\" content=\"https:\/\/inclusivenews.com.br\/?p=28129\" \/>\n<meta property=\"article:publisher\" content=\"https:\/\/www.facebook.com\/agenciainclusive\/\" \/>\n<meta property=\"article:published_time\" content=\"2015-06-10T19:29:00+00:00\" \/>\n<meta property=\"og:image\" content=\"http:\/\/www.editoracrv.com.br\/img_produtos\/7631b4847b56963c76c7459d600890f9.jpg\" \/>\n<meta name=\"author\" content=\"inclusivenews2024\" \/>\n<meta name=\"twitter:card\" content=\"summary_large_image\" \/>\n<meta name=\"twitter:label1\" content=\"Escrito por\" \/>\n\t<meta name=\"twitter:data1\" content=\"inclusivenews2024\" \/>\n\t<meta name=\"twitter:label2\" content=\"Tempo estimado de leitura\" \/>\n\t<meta name=\"twitter:data2\" content=\"2 minutos\" \/>\n<script type=\"application\/ld+json\" class=\"yoast-schema-graph\">{\"@context\":\"https:\\\/\\\/schema.org\",\"@graph\":[{\"@type\":\"Article\",\"@id\":\"https:\\\/\\\/inclusivenews.com.br\\\/?p=28129#article\",\"isPartOf\":{\"@id\":\"https:\\\/\\\/inclusivenews.com.br\\\/?p=28129\"},\"author\":{\"name\":\"inclusivenews2024\",\"@id\":\"https:\\\/\\\/inclusivenews.com.br\\\/#\\\/schema\\\/person\\\/ae4ec7087559b8692fb33b6fffd2273b\"},\"headline\":\"Cartas de Beirute\",\"datePublished\":\"2015-06-10T19:29:00+00:00\",\"mainEntityOfPage\":{\"@id\":\"https:\\\/\\\/inclusivenews.com.br\\\/?p=28129\"},\"wordCount\":321,\"commentCount\":0,\"publisher\":{\"@id\":\"https:\\\/\\\/inclusivenews.com.br\\\/#organization\"},\"image\":{\"@id\":\"https:\\\/\\\/inclusivenews.com.br\\\/?p=28129#primaryimage\"},\"thumbnailUrl\":\"http:\\\/\\\/www.editoracrv.com.br\\\/img_produtos\\\/7631b4847b56963c76c7459d600890f9.jpg\",\"articleSection\":[\"NOT\u00cdCIAS\"],\"inLanguage\":\"pt-PT\",\"potentialAction\":[{\"@type\":\"CommentAction\",\"name\":\"Comment\",\"target\":[\"https:\\\/\\\/inclusivenews.com.br\\\/?p=28129#respond\"]}]},{\"@type\":\"WebPage\",\"@id\":\"https:\\\/\\\/inclusivenews.com.br\\\/?p=28129\",\"url\":\"https:\\\/\\\/inclusivenews.com.br\\\/?p=28129\",\"name\":\"Cartas de Beirute -\",\"isPartOf\":{\"@id\":\"https:\\\/\\\/inclusivenews.com.br\\\/#website\"},\"primaryImageOfPage\":{\"@id\":\"https:\\\/\\\/inclusivenews.com.br\\\/?p=28129#primaryimage\"},\"image\":{\"@id\":\"https:\\\/\\\/inclusivenews.com.br\\\/?p=28129#primaryimage\"},\"thumbnailUrl\":\"http:\\\/\\\/www.editoracrv.com.br\\\/img_produtos\\\/7631b4847b56963c76c7459d600890f9.jpg\",\"datePublished\":\"2015-06-10T19:29:00+00:00\",\"breadcrumb\":{\"@id\":\"https:\\\/\\\/inclusivenews.com.br\\\/?p=28129#breadcrumb\"},\"inLanguage\":\"pt-PT\",\"potentialAction\":[{\"@type\":\"ReadAction\",\"target\":[\"https:\\\/\\\/inclusivenews.com.br\\\/?p=28129\"]}]},{\"@type\":\"ImageObject\",\"inLanguage\":\"pt-PT\",\"@id\":\"https:\\\/\\\/inclusivenews.com.br\\\/?p=28129#primaryimage\",\"url\":\"http:\\\/\\\/www.editoracrv.com.br\\\/img_produtos\\\/7631b4847b56963c76c7459d600890f9.jpg\",\"contentUrl\":\"http:\\\/\\\/www.editoracrv.com.br\\\/img_produtos\\\/7631b4847b56963c76c7459d600890f9.jpg\"},{\"@type\":\"BreadcrumbList\",\"@id\":\"https:\\\/\\\/inclusivenews.com.br\\\/?p=28129#breadcrumb\",\"itemListElement\":[{\"@type\":\"ListItem\",\"position\":1,\"name\":\"In\u00edcio\",\"item\":\"https:\\\/\\\/inclusivenews.com.br\\\/\"},{\"@type\":\"ListItem\",\"position\":2,\"name\":\"Cartas de Beirute\"}]},{\"@type\":\"WebSite\",\"@id\":\"https:\\\/\\\/inclusivenews.com.br\\\/#website\",\"url\":\"https:\\\/\\\/inclusivenews.com.br\\\/\",\"name\":\"Inclusive News\",\"description\":\"Inclusive News\",\"publisher\":{\"@id\":\"https:\\\/\\\/inclusivenews.com.br\\\/#organization\"},\"potentialAction\":[{\"@type\":\"SearchAction\",\"target\":{\"@type\":\"EntryPoint\",\"urlTemplate\":\"https:\\\/\\\/inclusivenews.com.br\\\/?s={search_term_string}\"},\"query-input\":{\"@type\":\"PropertyValueSpecification\",\"valueRequired\":true,\"valueName\":\"search_term_string\"}}],\"inLanguage\":\"pt-PT\"},{\"@type\":\"Organization\",\"@id\":\"https:\\\/\\\/inclusivenews.com.br\\\/#organization\",\"name\":\"Inclusive - inclus\u00e3o e cidadania\",\"url\":\"https:\\\/\\\/inclusivenews.com.br\\\/\",\"logo\":{\"@type\":\"ImageObject\",\"inLanguage\":\"pt-PT\",\"@id\":\"https:\\\/\\\/inclusivenews.com.br\\\/#\\\/schema\\\/logo\\\/image\\\/\",\"url\":\"https:\\\/\\\/inclusivenews.com.br\\\/wp-content\\\/uploads\\\/2024\\\/03\\\/@grandesite.png\",\"contentUrl\":\"https:\\\/\\\/inclusivenews.com.br\\\/wp-content\\\/uploads\\\/2024\\\/03\\\/@grandesite.png\",\"width\":1080,\"height\":1080,\"caption\":\"Inclusive - inclus\u00e3o e cidadania\"},\"image\":{\"@id\":\"https:\\\/\\\/inclusivenews.com.br\\\/#\\\/schema\\\/logo\\\/image\\\/\"},\"sameAs\":[\"https:\\\/\\\/www.facebook.com\\\/agenciainclusive\\\/\",\"https:\\\/\\\/www.instagram.com\\\/newsinclusive\\\/\"]},{\"@type\":\"Person\",\"@id\":\"https:\\\/\\\/inclusivenews.com.br\\\/#\\\/schema\\\/person\\\/ae4ec7087559b8692fb33b6fffd2273b\",\"name\":\"inclusivenews2024\",\"image\":{\"@type\":\"ImageObject\",\"inLanguage\":\"pt-PT\",\"@id\":\"https:\\\/\\\/secure.gravatar.com\\\/avatar\\\/c5a7ef84c66fa914f55bc4f7ce26cfa275a3b9a1c5568b907bd184fb4dde7b40?s=96&d=mm&r=g\",\"url\":\"https:\\\/\\\/secure.gravatar.com\\\/avatar\\\/c5a7ef84c66fa914f55bc4f7ce26cfa275a3b9a1c5568b907bd184fb4dde7b40?s=96&d=mm&r=g\",\"contentUrl\":\"https:\\\/\\\/secure.gravatar.com\\\/avatar\\\/c5a7ef84c66fa914f55bc4f7ce26cfa275a3b9a1c5568b907bd184fb4dde7b40?s=96&d=mm&r=g\",\"caption\":\"inclusivenews2024\"},\"sameAs\":[\"https:\\\/\\\/inclusivenews.com.br\"],\"url\":\"https:\\\/\\\/inclusivenews.com.br\\\/?author=1\"}]}<\/script>\n<!-- \/ Yoast SEO plugin. -->","yoast_head_json":{"title":"Cartas de Beirute -","robots":{"index":"index","follow":"follow","max-snippet":"max-snippet:-1","max-image-preview":"max-image-preview:large","max-video-preview":"max-video-preview:-1"},"canonical":"https:\/\/inclusivenews.com.br\/?p=28129","og_locale":"pt_PT","og_type":"article","og_title":"Cartas de Beirute -","og_description":"&nbsp; Por ocasi\u00e3o do Dia Internacional de Conscientiza\u00e7\u00e3o sobre o Autismo, no \u00faltimo 02 de abril, a Inclusive publicou em primeira vers\u00e3o &#8220;Carta de Beirute&#8221;, ensaio de nossa colaboradora Ana Nunes, que pode ser lido aqui.\u00a0O ensaio faz parte do livro &#8220;Cartas de Beirute &#8211; Reflex\u00f5es de uma M\u00e3e e Feminista sobre Autismo, Identidade e [&hellip;]","og_url":"https:\/\/inclusivenews.com.br\/?p=28129","article_publisher":"https:\/\/www.facebook.com\/agenciainclusive\/","article_published_time":"2015-06-10T19:29:00+00:00","og_image":[{"url":"http:\/\/www.editoracrv.com.br\/img_produtos\/7631b4847b56963c76c7459d600890f9.jpg","type":"","width":"","height":""}],"author":"inclusivenews2024","twitter_card":"summary_large_image","twitter_misc":{"Escrito por":"inclusivenews2024","Tempo estimado de leitura":"2 minutos"},"schema":{"@context":"https:\/\/schema.org","@graph":[{"@type":"Article","@id":"https:\/\/inclusivenews.com.br\/?p=28129#article","isPartOf":{"@id":"https:\/\/inclusivenews.com.br\/?p=28129"},"author":{"name":"inclusivenews2024","@id":"https:\/\/inclusivenews.com.br\/#\/schema\/person\/ae4ec7087559b8692fb33b6fffd2273b"},"headline":"Cartas de Beirute","datePublished":"2015-06-10T19:29:00+00:00","mainEntityOfPage":{"@id":"https:\/\/inclusivenews.com.br\/?p=28129"},"wordCount":321,"commentCount":0,"publisher":{"@id":"https:\/\/inclusivenews.com.br\/#organization"},"image":{"@id":"https:\/\/inclusivenews.com.br\/?p=28129#primaryimage"},"thumbnailUrl":"http:\/\/www.editoracrv.com.br\/img_produtos\/7631b4847b56963c76c7459d600890f9.jpg","articleSection":["NOT\u00cdCIAS"],"inLanguage":"pt-PT","potentialAction":[{"@type":"CommentAction","name":"Comment","target":["https:\/\/inclusivenews.com.br\/?p=28129#respond"]}]},{"@type":"WebPage","@id":"https:\/\/inclusivenews.com.br\/?p=28129","url":"https:\/\/inclusivenews.com.br\/?p=28129","name":"Cartas de Beirute -","isPartOf":{"@id":"https:\/\/inclusivenews.com.br\/#website"},"primaryImageOfPage":{"@id":"https:\/\/inclusivenews.com.br\/?p=28129#primaryimage"},"image":{"@id":"https:\/\/inclusivenews.com.br\/?p=28129#primaryimage"},"thumbnailUrl":"http:\/\/www.editoracrv.com.br\/img_produtos\/7631b4847b56963c76c7459d600890f9.jpg","datePublished":"2015-06-10T19:29:00+00:00","breadcrumb":{"@id":"https:\/\/inclusivenews.com.br\/?p=28129#breadcrumb"},"inLanguage":"pt-PT","potentialAction":[{"@type":"ReadAction","target":["https:\/\/inclusivenews.com.br\/?p=28129"]}]},{"@type":"ImageObject","inLanguage":"pt-PT","@id":"https:\/\/inclusivenews.com.br\/?p=28129#primaryimage","url":"http:\/\/www.editoracrv.com.br\/img_produtos\/7631b4847b56963c76c7459d600890f9.jpg","contentUrl":"http:\/\/www.editoracrv.com.br\/img_produtos\/7631b4847b56963c76c7459d600890f9.jpg"},{"@type":"BreadcrumbList","@id":"https:\/\/inclusivenews.com.br\/?p=28129#breadcrumb","itemListElement":[{"@type":"ListItem","position":1,"name":"In\u00edcio","item":"https:\/\/inclusivenews.com.br\/"},{"@type":"ListItem","position":2,"name":"Cartas de Beirute"}]},{"@type":"WebSite","@id":"https:\/\/inclusivenews.com.br\/#website","url":"https:\/\/inclusivenews.com.br\/","name":"Inclusive News","description":"Inclusive News","publisher":{"@id":"https:\/\/inclusivenews.com.br\/#organization"},"potentialAction":[{"@type":"SearchAction","target":{"@type":"EntryPoint","urlTemplate":"https:\/\/inclusivenews.com.br\/?s={search_term_string}"},"query-input":{"@type":"PropertyValueSpecification","valueRequired":true,"valueName":"search_term_string"}}],"inLanguage":"pt-PT"},{"@type":"Organization","@id":"https:\/\/inclusivenews.com.br\/#organization","name":"Inclusive - inclus\u00e3o e cidadania","url":"https:\/\/inclusivenews.com.br\/","logo":{"@type":"ImageObject","inLanguage":"pt-PT","@id":"https:\/\/inclusivenews.com.br\/#\/schema\/logo\/image\/","url":"https:\/\/inclusivenews.com.br\/wp-content\/uploads\/2024\/03\/@grandesite.png","contentUrl":"https:\/\/inclusivenews.com.br\/wp-content\/uploads\/2024\/03\/@grandesite.png","width":1080,"height":1080,"caption":"Inclusive - inclus\u00e3o e cidadania"},"image":{"@id":"https:\/\/inclusivenews.com.br\/#\/schema\/logo\/image\/"},"sameAs":["https:\/\/www.facebook.com\/agenciainclusive\/","https:\/\/www.instagram.com\/newsinclusive\/"]},{"@type":"Person","@id":"https:\/\/inclusivenews.com.br\/#\/schema\/person\/ae4ec7087559b8692fb33b6fffd2273b","name":"inclusivenews2024","image":{"@type":"ImageObject","inLanguage":"pt-PT","@id":"https:\/\/secure.gravatar.com\/avatar\/c5a7ef84c66fa914f55bc4f7ce26cfa275a3b9a1c5568b907bd184fb4dde7b40?s=96&d=mm&r=g","url":"https:\/\/secure.gravatar.com\/avatar\/c5a7ef84c66fa914f55bc4f7ce26cfa275a3b9a1c5568b907bd184fb4dde7b40?s=96&d=mm&r=g","contentUrl":"https:\/\/secure.gravatar.com\/avatar\/c5a7ef84c66fa914f55bc4f7ce26cfa275a3b9a1c5568b907bd184fb4dde7b40?s=96&d=mm&r=g","caption":"inclusivenews2024"},"sameAs":["https:\/\/inclusivenews.com.br"],"url":"https:\/\/inclusivenews.com.br\/?author=1"}]}},"_links":{"self":[{"href":"https:\/\/inclusivenews.com.br\/index.php?rest_route=\/wp\/v2\/posts\/28129","targetHints":{"allow":["GET"]}}],"collection":[{"href":"https:\/\/inclusivenews.com.br\/index.php?rest_route=\/wp\/v2\/posts"}],"about":[{"href":"https:\/\/inclusivenews.com.br\/index.php?rest_route=\/wp\/v2\/types\/post"}],"author":[{"embeddable":true,"href":"https:\/\/inclusivenews.com.br\/index.php?rest_route=\/wp\/v2\/users\/1"}],"replies":[{"embeddable":true,"href":"https:\/\/inclusivenews.com.br\/index.php?rest_route=%2Fwp%2Fv2%2Fcomments&post=28129"}],"version-history":[{"count":0,"href":"https:\/\/inclusivenews.com.br\/index.php?rest_route=\/wp\/v2\/posts\/28129\/revisions"}],"wp:attachment":[{"href":"https:\/\/inclusivenews.com.br\/index.php?rest_route=%2Fwp%2Fv2%2Fmedia&parent=28129"}],"wp:term":[{"taxonomy":"category","embeddable":true,"href":"https:\/\/inclusivenews.com.br\/index.php?rest_route=%2Fwp%2Fv2%2Fcategories&post=28129"},{"taxonomy":"post_tag","embeddable":true,"href":"https:\/\/inclusivenews.com.br\/index.php?rest_route=%2Fwp%2Fv2%2Ftags&post=28129"}],"curies":[{"name":"wp","href":"https:\/\/api.w.org\/{rel}","templated":true}]}}