{"id":28148,"date":"2015-06-18T12:55:35","date_gmt":"2015-06-18T15:55:35","guid":{"rendered":"http:\/\/www.inclusive.org.br\/?p=28148"},"modified":"2015-06-18T12:55:35","modified_gmt":"2015-06-18T15:55:35","slug":"kit-harington-o-jon-snow-de-game-of-thrones-pede-que-as-pessoas-se-eduquem-sobre-deficiencia-intelectual","status":"publish","type":"post","link":"https:\/\/inclusivenews.com.br\/?p=28148","title":{"rendered":"Kit Harington, o Jon Snow de Game of Thrones, pede que as pessoas se eduquem sobre defici\u00eancia intelectual"},"content":{"rendered":"<div>\n<p>&nbsp;<\/p>\n<p><img decoding=\"async\" alt=\"\" src=\"https:\/\/www.mencap.org.uk\/sites\/default\/files\/imagecache\/content_page_main\/content_images\/Kit%20supports%20LDW258x196.jpg\" \/><\/p>\n<p>O ator Kit Harington, de Game of Thrones, lan\u00e7ou um apelo emotivo para que a sociedade se conscientize acerca da defici\u00eancia.<\/p>\n<\/div>\n<div>\n<div>\n<p>Harington tem um primo, Laurent , com S\u00edndrome de Down, e \u00a0lamenta que as pessoas \u00e0s vezes se sintam desconfort\u00e1veis na conviv\u00eancia com pessoas com defici\u00eancia.<\/p>\n<p>O ator, que interpreta Jon Snow na s\u00e9rie da HBO, disse : &#8220;meu primo Laurent e eu temos quase a mesma idade e crescemos juntos. Temos muitas coisas em comum, principalmente o mesmo senso de humor e a mesma paix\u00e3o por cinema e teatro. Tivemos uma cria\u00e7\u00e3o maravilhosa e amorosa em nossa fam\u00edlia, e nos divert\u00edamos muito , muitas vezes na mesma casa, o que nos permitiu nos tornar bons amigos, al\u00e9m de primos. A \u00fanica diferen\u00e7a entre mim e Laurent \u00e9 que ele tem S\u00edndrome de Down. &#8221;<\/p>\n<p>&#8220;Meu primo \u00e9 um dos 1,4 milh\u00e3o de pessoas no Reino Unido com uma defici\u00eancia intelectual. Sei, por minha conviv\u00eancia com Laurent e por ser testemunha do trabalho que ele tem feito junto com a Mencap (organiza\u00e7\u00e3o inglesa de pessoas com defici\u00eancia intelectual), que ainda h\u00e1 um longo caminho pela frente para que as pessoas com defici\u00eancia intelectual sejam tratadas como iguais em nossa sociedade. A sociedade tem uma responsabilidade por remover estas barreiras, desde as dificuldades enfrentadas para se inserir no mercado de trabalho, os obst\u00e1culos para receber um tratamento de sa\u00fade de qualidade, at\u00e9 ser v\u00edtimas de\u00a0crimes de \u00f3dio .<\/p>\n<p>&#8220;Muitos dos obst\u00e1culos, como estes, que meu primo enfrenta, se devem ao sentimento de desconforto que as pessoas experimentam na presen\u00e7a da defici\u00eancia. Por medo de falar ou fazer alguma coisa errada, as pessoas escolhem simplesmente ignorar ou \u00a0fechar os olhos para estes assuntos. \u00a0Esta atitude \u00e9 compreens\u00edvel, de alguma forma, mas \u00e9 ao mesmo tempo rid\u00edcula.<\/p>\n<p>&#8220;A Semana da Defici\u00eancia Intelectual \u00e9 uma oportunidade perfeita para mudar isso. Precisamos melhorar a conscientiza\u00e7\u00e3o e a compreens\u00e3o das pessoas sobre o que realmente significa ter uma defici\u00eancia intelectual. \u00c9 exatamente isso o que a Mencap est\u00e1 tentando fazer com a Semana da Defici\u00eancia Intelectual este ano, e \u00e9 por isso que eu estou pedindo ao m\u00e1ximo de pessoas que participem.&#8221;<\/p>\n<p>A Semana da Defici\u00eancia Intelectual vai at\u00e9 o domingo 21 de junho. Para mais informa\u00e7\u00f5es, visite o website da <a href=\"https:\/\/www.mencap.org.uk\/\" target=\"_blank\" rel=\"noopener\">Mencap<\/a>.<\/p>\n<p>Fonte:\u00a0<a href=\"http:\/\/www.independent.co.uk\/news\/people\/kit-harington-game-of-thrones-actor-leads-disability-campaign-with-help-of-his-cousin-10326084.html\" target=\"_blank\" rel=\"noopener\">http:\/\/www.independent.co.uk\/news\/people\/kit-harington-game-of-thrones-actor-leads-disability-campaign-with-help-of-his-cousin-10326084.html<\/a><\/p>\n<p>Tradu\u00e7\u00e3o: Equipe Inclusive<\/p>\n<\/div>\n<\/div>\n","protected":false},"excerpt":{"rendered":"<p>Kit Harington, o Jon Snow de Game of Thrones, tem um primo, Laurent, com S\u00edndrome de Down. O ator est\u00e1 promovendo a Semana da Defici\u00eancia Intelectual, organizada pela ONG Mencap, e afirma: &#8220;a sociedade tem uma responsabilidade por remover estas barreiras&#8221;.<\/p>\n","protected":false},"author":1,"featured_media":0,"comment_status":"open","ping_status":"open","sticky":false,"template":"","format":"standard","meta":{"site-container-style":"default","site-container-layout":"default","site-sidebar-layout":"default","disable-article-header":"default","disable-site-header":"default","disable-site-footer":"default","disable-content-area-spacing":"default","footnotes":""},"categories":[4],"tags":[],"class_list":["post-28148","post","type-post","status-publish","format-standard","hentry","category-noticias"],"yoast_head":"<!-- This site is optimized with the Yoast SEO plugin v27.4 - https:\/\/yoast.com\/product\/yoast-seo-wordpress\/ -->\n<title>Kit Harington, o Jon Snow de Game of Thrones, pede que as pessoas se eduquem sobre defici\u00eancia intelectual -<\/title>\n<meta name=\"robots\" content=\"index, follow, max-snippet:-1, max-image-preview:large, max-video-preview:-1\" \/>\n<link rel=\"canonical\" href=\"https:\/\/inclusivenews.com.br\/?p=28148\" \/>\n<meta property=\"og:locale\" content=\"pt_PT\" \/>\n<meta property=\"og:type\" content=\"article\" \/>\n<meta property=\"og:title\" content=\"Kit Harington, o Jon Snow de Game of Thrones, pede que as pessoas se eduquem sobre defici\u00eancia intelectual -\" \/>\n<meta property=\"og:description\" content=\"Kit Harington, o Jon Snow de Game of Thrones, tem um primo, Laurent, com S\u00edndrome de Down. O ator est\u00e1 promovendo a Semana da Defici\u00eancia Intelectual, organizada pela ONG Mencap, e afirma: &quot;a sociedade tem uma responsabilidade por remover estas barreiras&quot;.\" \/>\n<meta property=\"og:url\" content=\"https:\/\/inclusivenews.com.br\/?p=28148\" \/>\n<meta property=\"article:publisher\" content=\"https:\/\/www.facebook.com\/agenciainclusive\/\" \/>\n<meta property=\"article:published_time\" content=\"2015-06-18T15:55:35+00:00\" \/>\n<meta property=\"og:image\" content=\"https:\/\/www.mencap.org.uk\/sites\/default\/files\/imagecache\/content_page_main\/content_images\/Kit%20supports%20LDW258x196.jpg\" \/>\n<meta name=\"author\" content=\"inclusivenews2024\" \/>\n<meta name=\"twitter:card\" content=\"summary_large_image\" \/>\n<meta name=\"twitter:label1\" content=\"Escrito por\" \/>\n\t<meta name=\"twitter:data1\" content=\"inclusivenews2024\" \/>\n\t<meta name=\"twitter:label2\" content=\"Tempo estimado de leitura\" \/>\n\t<meta name=\"twitter:data2\" content=\"2 minutos\" \/>\n<script type=\"application\/ld+json\" class=\"yoast-schema-graph\">{\"@context\":\"https:\\\/\\\/schema.org\",\"@graph\":[{\"@type\":\"Article\",\"@id\":\"https:\\\/\\\/inclusivenews.com.br\\\/?p=28148#article\",\"isPartOf\":{\"@id\":\"https:\\\/\\\/inclusivenews.com.br\\\/?p=28148\"},\"author\":{\"name\":\"inclusivenews2024\",\"@id\":\"https:\\\/\\\/inclusivenews.com.br\\\/#\\\/schema\\\/person\\\/ae4ec7087559b8692fb33b6fffd2273b\"},\"headline\":\"Kit Harington, o Jon Snow de Game of Thrones, pede que as pessoas se eduquem sobre defici\u00eancia intelectual\",\"datePublished\":\"2015-06-18T15:55:35+00:00\",\"mainEntityOfPage\":{\"@id\":\"https:\\\/\\\/inclusivenews.com.br\\\/?p=28148\"},\"wordCount\":434,\"commentCount\":0,\"publisher\":{\"@id\":\"https:\\\/\\\/inclusivenews.com.br\\\/#organization\"},\"image\":{\"@id\":\"https:\\\/\\\/inclusivenews.com.br\\\/?p=28148#primaryimage\"},\"thumbnailUrl\":\"https:\\\/\\\/www.mencap.org.uk\\\/sites\\\/default\\\/files\\\/imagecache\\\/content_page_main\\\/content_images\\\/Kit%20supports%20LDW258x196.jpg\",\"articleSection\":[\"NOT\u00cdCIAS\"],\"inLanguage\":\"pt-PT\",\"potentialAction\":[{\"@type\":\"CommentAction\",\"name\":\"Comment\",\"target\":[\"https:\\\/\\\/inclusivenews.com.br\\\/?p=28148#respond\"]}]},{\"@type\":\"WebPage\",\"@id\":\"https:\\\/\\\/inclusivenews.com.br\\\/?p=28148\",\"url\":\"https:\\\/\\\/inclusivenews.com.br\\\/?p=28148\",\"name\":\"Kit Harington, o Jon Snow de Game of Thrones, pede que as pessoas se eduquem sobre defici\u00eancia intelectual -\",\"isPartOf\":{\"@id\":\"https:\\\/\\\/inclusivenews.com.br\\\/#website\"},\"primaryImageOfPage\":{\"@id\":\"https:\\\/\\\/inclusivenews.com.br\\\/?p=28148#primaryimage\"},\"image\":{\"@id\":\"https:\\\/\\\/inclusivenews.com.br\\\/?p=28148#primaryimage\"},\"thumbnailUrl\":\"https:\\\/\\\/www.mencap.org.uk\\\/sites\\\/default\\\/files\\\/imagecache\\\/content_page_main\\\/content_images\\\/Kit%20supports%20LDW258x196.jpg\",\"datePublished\":\"2015-06-18T15:55:35+00:00\",\"breadcrumb\":{\"@id\":\"https:\\\/\\\/inclusivenews.com.br\\\/?p=28148#breadcrumb\"},\"inLanguage\":\"pt-PT\",\"potentialAction\":[{\"@type\":\"ReadAction\",\"target\":[\"https:\\\/\\\/inclusivenews.com.br\\\/?p=28148\"]}]},{\"@type\":\"ImageObject\",\"inLanguage\":\"pt-PT\",\"@id\":\"https:\\\/\\\/inclusivenews.com.br\\\/?p=28148#primaryimage\",\"url\":\"https:\\\/\\\/www.mencap.org.uk\\\/sites\\\/default\\\/files\\\/imagecache\\\/content_page_main\\\/content_images\\\/Kit%20supports%20LDW258x196.jpg\",\"contentUrl\":\"https:\\\/\\\/www.mencap.org.uk\\\/sites\\\/default\\\/files\\\/imagecache\\\/content_page_main\\\/content_images\\\/Kit%20supports%20LDW258x196.jpg\"},{\"@type\":\"BreadcrumbList\",\"@id\":\"https:\\\/\\\/inclusivenews.com.br\\\/?p=28148#breadcrumb\",\"itemListElement\":[{\"@type\":\"ListItem\",\"position\":1,\"name\":\"In\u00edcio\",\"item\":\"https:\\\/\\\/inclusivenews.com.br\\\/\"},{\"@type\":\"ListItem\",\"position\":2,\"name\":\"Kit Harington, o Jon Snow de Game of Thrones, pede que as pessoas se eduquem sobre defici\u00eancia intelectual\"}]},{\"@type\":\"WebSite\",\"@id\":\"https:\\\/\\\/inclusivenews.com.br\\\/#website\",\"url\":\"https:\\\/\\\/inclusivenews.com.br\\\/\",\"name\":\"Inclusive News\",\"description\":\"Inclusive News\",\"publisher\":{\"@id\":\"https:\\\/\\\/inclusivenews.com.br\\\/#organization\"},\"potentialAction\":[{\"@type\":\"SearchAction\",\"target\":{\"@type\":\"EntryPoint\",\"urlTemplate\":\"https:\\\/\\\/inclusivenews.com.br\\\/?s={search_term_string}\"},\"query-input\":{\"@type\":\"PropertyValueSpecification\",\"valueRequired\":true,\"valueName\":\"search_term_string\"}}],\"inLanguage\":\"pt-PT\"},{\"@type\":\"Organization\",\"@id\":\"https:\\\/\\\/inclusivenews.com.br\\\/#organization\",\"name\":\"Inclusive - inclus\u00e3o e cidadania\",\"url\":\"https:\\\/\\\/inclusivenews.com.br\\\/\",\"logo\":{\"@type\":\"ImageObject\",\"inLanguage\":\"pt-PT\",\"@id\":\"https:\\\/\\\/inclusivenews.com.br\\\/#\\\/schema\\\/logo\\\/image\\\/\",\"url\":\"https:\\\/\\\/inclusivenews.com.br\\\/wp-content\\\/uploads\\\/2024\\\/03\\\/@grandesite.png\",\"contentUrl\":\"https:\\\/\\\/inclusivenews.com.br\\\/wp-content\\\/uploads\\\/2024\\\/03\\\/@grandesite.png\",\"width\":1080,\"height\":1080,\"caption\":\"Inclusive - inclus\u00e3o e cidadania\"},\"image\":{\"@id\":\"https:\\\/\\\/inclusivenews.com.br\\\/#\\\/schema\\\/logo\\\/image\\\/\"},\"sameAs\":[\"https:\\\/\\\/www.facebook.com\\\/agenciainclusive\\\/\",\"https:\\\/\\\/www.instagram.com\\\/newsinclusive\\\/\"]},{\"@type\":\"Person\",\"@id\":\"https:\\\/\\\/inclusivenews.com.br\\\/#\\\/schema\\\/person\\\/ae4ec7087559b8692fb33b6fffd2273b\",\"name\":\"inclusivenews2024\",\"image\":{\"@type\":\"ImageObject\",\"inLanguage\":\"pt-PT\",\"@id\":\"https:\\\/\\\/secure.gravatar.com\\\/avatar\\\/c5a7ef84c66fa914f55bc4f7ce26cfa275a3b9a1c5568b907bd184fb4dde7b40?s=96&d=mm&r=g\",\"url\":\"https:\\\/\\\/secure.gravatar.com\\\/avatar\\\/c5a7ef84c66fa914f55bc4f7ce26cfa275a3b9a1c5568b907bd184fb4dde7b40?s=96&d=mm&r=g\",\"contentUrl\":\"https:\\\/\\\/secure.gravatar.com\\\/avatar\\\/c5a7ef84c66fa914f55bc4f7ce26cfa275a3b9a1c5568b907bd184fb4dde7b40?s=96&d=mm&r=g\",\"caption\":\"inclusivenews2024\"},\"sameAs\":[\"https:\\\/\\\/inclusivenews.com.br\"],\"url\":\"https:\\\/\\\/inclusivenews.com.br\\\/?author=1\"}]}<\/script>\n<!-- \/ Yoast SEO plugin. -->","yoast_head_json":{"title":"Kit Harington, o Jon Snow de Game of Thrones, pede que as pessoas se eduquem sobre defici\u00eancia intelectual -","robots":{"index":"index","follow":"follow","max-snippet":"max-snippet:-1","max-image-preview":"max-image-preview:large","max-video-preview":"max-video-preview:-1"},"canonical":"https:\/\/inclusivenews.com.br\/?p=28148","og_locale":"pt_PT","og_type":"article","og_title":"Kit Harington, o Jon Snow de Game of Thrones, pede que as pessoas se eduquem sobre defici\u00eancia intelectual -","og_description":"Kit Harington, o Jon Snow de Game of Thrones, tem um primo, Laurent, com S\u00edndrome de Down. O ator est\u00e1 promovendo a Semana da Defici\u00eancia Intelectual, organizada pela ONG Mencap, e afirma: \"a sociedade tem uma responsabilidade por remover estas barreiras\".","og_url":"https:\/\/inclusivenews.com.br\/?p=28148","article_publisher":"https:\/\/www.facebook.com\/agenciainclusive\/","article_published_time":"2015-06-18T15:55:35+00:00","og_image":[{"url":"https:\/\/www.mencap.org.uk\/sites\/default\/files\/imagecache\/content_page_main\/content_images\/Kit%20supports%20LDW258x196.jpg","type":"","width":"","height":""}],"author":"inclusivenews2024","twitter_card":"summary_large_image","twitter_misc":{"Escrito por":"inclusivenews2024","Tempo estimado de leitura":"2 minutos"},"schema":{"@context":"https:\/\/schema.org","@graph":[{"@type":"Article","@id":"https:\/\/inclusivenews.com.br\/?p=28148#article","isPartOf":{"@id":"https:\/\/inclusivenews.com.br\/?p=28148"},"author":{"name":"inclusivenews2024","@id":"https:\/\/inclusivenews.com.br\/#\/schema\/person\/ae4ec7087559b8692fb33b6fffd2273b"},"headline":"Kit Harington, o Jon Snow de Game of Thrones, pede que as pessoas se eduquem sobre defici\u00eancia intelectual","datePublished":"2015-06-18T15:55:35+00:00","mainEntityOfPage":{"@id":"https:\/\/inclusivenews.com.br\/?p=28148"},"wordCount":434,"commentCount":0,"publisher":{"@id":"https:\/\/inclusivenews.com.br\/#organization"},"image":{"@id":"https:\/\/inclusivenews.com.br\/?p=28148#primaryimage"},"thumbnailUrl":"https:\/\/www.mencap.org.uk\/sites\/default\/files\/imagecache\/content_page_main\/content_images\/Kit%20supports%20LDW258x196.jpg","articleSection":["NOT\u00cdCIAS"],"inLanguage":"pt-PT","potentialAction":[{"@type":"CommentAction","name":"Comment","target":["https:\/\/inclusivenews.com.br\/?p=28148#respond"]}]},{"@type":"WebPage","@id":"https:\/\/inclusivenews.com.br\/?p=28148","url":"https:\/\/inclusivenews.com.br\/?p=28148","name":"Kit Harington, o Jon Snow de Game of Thrones, pede que as pessoas se eduquem sobre defici\u00eancia intelectual -","isPartOf":{"@id":"https:\/\/inclusivenews.com.br\/#website"},"primaryImageOfPage":{"@id":"https:\/\/inclusivenews.com.br\/?p=28148#primaryimage"},"image":{"@id":"https:\/\/inclusivenews.com.br\/?p=28148#primaryimage"},"thumbnailUrl":"https:\/\/www.mencap.org.uk\/sites\/default\/files\/imagecache\/content_page_main\/content_images\/Kit%20supports%20LDW258x196.jpg","datePublished":"2015-06-18T15:55:35+00:00","breadcrumb":{"@id":"https:\/\/inclusivenews.com.br\/?p=28148#breadcrumb"},"inLanguage":"pt-PT","potentialAction":[{"@type":"ReadAction","target":["https:\/\/inclusivenews.com.br\/?p=28148"]}]},{"@type":"ImageObject","inLanguage":"pt-PT","@id":"https:\/\/inclusivenews.com.br\/?p=28148#primaryimage","url":"https:\/\/www.mencap.org.uk\/sites\/default\/files\/imagecache\/content_page_main\/content_images\/Kit%20supports%20LDW258x196.jpg","contentUrl":"https:\/\/www.mencap.org.uk\/sites\/default\/files\/imagecache\/content_page_main\/content_images\/Kit%20supports%20LDW258x196.jpg"},{"@type":"BreadcrumbList","@id":"https:\/\/inclusivenews.com.br\/?p=28148#breadcrumb","itemListElement":[{"@type":"ListItem","position":1,"name":"In\u00edcio","item":"https:\/\/inclusivenews.com.br\/"},{"@type":"ListItem","position":2,"name":"Kit Harington, o Jon Snow de Game of Thrones, pede que as pessoas se eduquem sobre defici\u00eancia intelectual"}]},{"@type":"WebSite","@id":"https:\/\/inclusivenews.com.br\/#website","url":"https:\/\/inclusivenews.com.br\/","name":"Inclusive News","description":"Inclusive News","publisher":{"@id":"https:\/\/inclusivenews.com.br\/#organization"},"potentialAction":[{"@type":"SearchAction","target":{"@type":"EntryPoint","urlTemplate":"https:\/\/inclusivenews.com.br\/?s={search_term_string}"},"query-input":{"@type":"PropertyValueSpecification","valueRequired":true,"valueName":"search_term_string"}}],"inLanguage":"pt-PT"},{"@type":"Organization","@id":"https:\/\/inclusivenews.com.br\/#organization","name":"Inclusive - inclus\u00e3o e cidadania","url":"https:\/\/inclusivenews.com.br\/","logo":{"@type":"ImageObject","inLanguage":"pt-PT","@id":"https:\/\/inclusivenews.com.br\/#\/schema\/logo\/image\/","url":"https:\/\/inclusivenews.com.br\/wp-content\/uploads\/2024\/03\/@grandesite.png","contentUrl":"https:\/\/inclusivenews.com.br\/wp-content\/uploads\/2024\/03\/@grandesite.png","width":1080,"height":1080,"caption":"Inclusive - inclus\u00e3o e cidadania"},"image":{"@id":"https:\/\/inclusivenews.com.br\/#\/schema\/logo\/image\/"},"sameAs":["https:\/\/www.facebook.com\/agenciainclusive\/","https:\/\/www.instagram.com\/newsinclusive\/"]},{"@type":"Person","@id":"https:\/\/inclusivenews.com.br\/#\/schema\/person\/ae4ec7087559b8692fb33b6fffd2273b","name":"inclusivenews2024","image":{"@type":"ImageObject","inLanguage":"pt-PT","@id":"https:\/\/secure.gravatar.com\/avatar\/c5a7ef84c66fa914f55bc4f7ce26cfa275a3b9a1c5568b907bd184fb4dde7b40?s=96&d=mm&r=g","url":"https:\/\/secure.gravatar.com\/avatar\/c5a7ef84c66fa914f55bc4f7ce26cfa275a3b9a1c5568b907bd184fb4dde7b40?s=96&d=mm&r=g","contentUrl":"https:\/\/secure.gravatar.com\/avatar\/c5a7ef84c66fa914f55bc4f7ce26cfa275a3b9a1c5568b907bd184fb4dde7b40?s=96&d=mm&r=g","caption":"inclusivenews2024"},"sameAs":["https:\/\/inclusivenews.com.br"],"url":"https:\/\/inclusivenews.com.br\/?author=1"}]}},"_links":{"self":[{"href":"https:\/\/inclusivenews.com.br\/index.php?rest_route=\/wp\/v2\/posts\/28148","targetHints":{"allow":["GET"]}}],"collection":[{"href":"https:\/\/inclusivenews.com.br\/index.php?rest_route=\/wp\/v2\/posts"}],"about":[{"href":"https:\/\/inclusivenews.com.br\/index.php?rest_route=\/wp\/v2\/types\/post"}],"author":[{"embeddable":true,"href":"https:\/\/inclusivenews.com.br\/index.php?rest_route=\/wp\/v2\/users\/1"}],"replies":[{"embeddable":true,"href":"https:\/\/inclusivenews.com.br\/index.php?rest_route=%2Fwp%2Fv2%2Fcomments&post=28148"}],"version-history":[{"count":0,"href":"https:\/\/inclusivenews.com.br\/index.php?rest_route=\/wp\/v2\/posts\/28148\/revisions"}],"wp:attachment":[{"href":"https:\/\/inclusivenews.com.br\/index.php?rest_route=%2Fwp%2Fv2%2Fmedia&parent=28148"}],"wp:term":[{"taxonomy":"category","embeddable":true,"href":"https:\/\/inclusivenews.com.br\/index.php?rest_route=%2Fwp%2Fv2%2Fcategories&post=28148"},{"taxonomy":"post_tag","embeddable":true,"href":"https:\/\/inclusivenews.com.br\/index.php?rest_route=%2Fwp%2Fv2%2Ftags&post=28148"}],"curies":[{"name":"wp","href":"https:\/\/api.w.org\/{rel}","templated":true}]}}