{"id":28187,"date":"2015-07-09T20:41:39","date_gmt":"2015-07-09T23:41:39","guid":{"rendered":"http:\/\/www.inclusive.org.br\/?p=28187"},"modified":"2015-07-09T20:41:39","modified_gmt":"2015-07-09T23:41:39","slug":"mal-assessorada-presidente-dilma-veta-artigo-da-lei-brasileira-da-inclusao-que-previa-cota-em-empresas-de-50-a-99-empregados","status":"publish","type":"post","link":"https:\/\/inclusivenews.com.br\/?p=28187","title":{"rendered":"Mal assessorada, presidente Dilma veta artigo da Lei Brasileira da Inclus\u00e3o  que previa cota em empresas de 50 a 99 empregados"},"content":{"rendered":"<figure style=\"width: 300px\" class=\"wp-caption alignnone\"><img loading=\"lazy\" decoding=\"async\" alt=\"A presidente Dilma diante do slogan \" src=\"https:\/\/encrypted-tbn1.gstatic.com\/images?q=tbn:ANd9GcRXqdPTsRnJifqF_i0_JGhrMVh2Dq9aF2-HuTuOdiA83nTTYvukqA\" width=\"300\" height=\"168\" \/><figcaption class=\"wp-caption-text\">Foto: O Globo<\/figcaption><\/figure>\n<p>A inclus\u00e3o social \u00e9 a palavra-chave que deve nortear todo o sistema de prote\u00e7\u00e3o institucional da pessoa com defici\u00eancia no Brasil, mas ao sancionar a Lei Brasileira da Inclus\u00e3o, dia 6 de julho, a presidente Dilma decidiu vetar um artigo que obrigava empresas com 50 a 99 empregados a reservar pelo menos uma vaga para pessoas com defici\u00eancia ou reabilitadas.<\/p>\n<p>Oficialmente, o veto foi solicitado pelo Minist\u00e9rio do Desenvolvimento, Ind\u00fastria e Com\u00e9rcio Exterior, justificando que \u201ca medida poderia gerar impacto relevante no setor produtivo, especialmente para as empresas de m\u00e3o de obra intensiva de pequeno porte, acarretando dificuldades no seu cumprimento e aplica\u00e7\u00e3o de multas que podem inviabilizar empreendimentos de ampla relev\u00e2ncia social\u201d segundo informou o Di\u00e1rio Oficial no dia 07 de Julho.<\/p>\n<p>Mas esse argumento \u00e9 mentiroso, equivocado e preconceituoso contra as pessoas com defici\u00eancia. Diante de evid\u00eancias de erro grave em torno do veto, que fechar\u00e1 mais ainda as portas de trabalho para o segmento, aproveitamos para relacionar alguns sinais:<\/p>\n<p>Lobistas n\u00e3o tiveram sucesso no parlamento, mas no planalto&#8230;<\/p>\n<p>Durante a tramita\u00e7\u00e3o do projeto de lei na c\u00e2mara e no senado, representantes de grupos econ\u00f4micos pressionaram outros relatores no passado para torpedear a lei de cotas (o projeto tem cerca de 12 anos), mas os \u00faltimos relatores na c\u00e2mara e no senado, respectivamente, Mara Gabrilli e Rom\u00e1rio, conseguiram afastar essas inger\u00eancias garantindo a aprova\u00e7\u00e3o em 05\/03\/2015 na c\u00e2mara e em 10\/06\/2015 no senado.<\/p>\n<p>Veto ignorou a hist\u00f3ria de cotas no Brasil<\/p>\n<p>Parece que os assessores de Dilma n\u00e3o sabiam que o pa\u00eds j\u00e1 teve uma lei de cotas para trabalhadores acidentados readaptados, v\u00e1lido para as empresas a partir de 20 empregados, que vigorou de 1960 a 1991, prevendo reserva de 2% de vagas nas empresas com de 20 a 200 empregados. A cota iniciava com 2% e chegava a 5%, conforme o decreto 48.959-A de 19\/09\/1960.<\/p>\n<p>Veto \u201cprotege\u201d 58.806 empresas, onde muitas j\u00e1 contratam trabalhadores com defici\u00eancia.<\/p>\n<p>A lei de cotas vigente prev\u00ea vagas para 1,047 milh\u00e3o de pessoas com defici\u00eancia, mas \u00e9 cumprida em apenas 26,5% de seu potencial. Curiosamente as empresas de 50 a 99 empregados, que somam 58.806, j\u00e1 contrataram trabalhadores25.704 com defici\u00eancia. As vagas ocupadas em empresas deste porte garantem o \u00edndice de 43,7%, mesmo sem serem obrigadas legalmente, o que deixa mais dif\u00edcil a equipe da presidente Dilma explicar o veto. Os n\u00fameros s\u00e3o do Minist\u00e9rio do Trabalho e Emprego, RAIS 2013.<\/p>\n<p>Veto ignora 10,2 milh\u00f5es de pessoas com defici\u00eancia com ensino m\u00e9dio ou superior completo.<\/p>\n<p>Atualmente existe 10,2 milh\u00f5es de pessoas com defici\u00eancia com ensino m\u00e9dio e superior dispon\u00edveis para o trabalho, formados em escolas p\u00fablicas ou privadas, que continuar\u00e3o longe do trabalho formal por puro preconceito palaciano. S\u00f3 entre quem concluiu o ensino superior h\u00e1 2,8 milh\u00f5es de pessoas com defici\u00eancia, n\u00famero suficiente para preencher 47 vezes as vagas que foram vetadas pela presidente. (informa\u00e7\u00e3o do censo do IBGE, 2010 e da RAIS, MTE, 2013).<\/p>\n<p>\u200b5. \u200bPa\u00edses que se relacionam com o Brasil t\u00eam cotas na faixa que a presidente vetou:<\/p>\n<p>It\u00e1lia &#8211; a cota \u00e9 de 7% para empresas com mais de 50 empregados; 2 pessoas com defici\u00eancia em empresas com 36 a 50 trabalhadores; e uma pessoa com defici\u00eancia, se a empresa possuir entre 15 e 35 trabalhadores.<\/p>\n<p>Fran\u00e7a &#8211; a cota \u00e9 de 6% para empresas a partir de 20 trabalhadores.<\/p>\n<p>Espanha &#8211; a cota \u00e9 de 2% para empresas com mais de 50 trabalhadores fixos.<\/p>\n<p>Venezuela &#8211; a cota \u00e9 de 1 pessoa com defici\u00eancia a cada 50 trabalhadores.<\/p>\n<p>Essas informa\u00e7\u00f5es est\u00e3o dispon\u00edveis no site do Minist\u00e9rio do Trabalho e Emprego.<\/p>\n<p>Pelo que se v\u00ea, o veto realmente afeta interesses econ\u00f4micos e sociais. E ao optar pelo veto, a presidente deixa uma mancha em sua rela\u00e7\u00e3o com as pessoas com defici\u00eancia que ficam marginalizadas do trabalho.<\/p>\n<p>A prop\u00f3sito, o Minist\u00e9rio do Trabalho informa em seu site que \u201co processo de exclus\u00e3o, historicamente imposto as pessoas com defici\u00eancia, deve ser superado por interm\u00e9dio da implementa\u00e7\u00e3o de pol\u00edticas afirmativas e pela conscientiza\u00e7\u00e3o da sociedade acerca da potencialidade desses indiv\u00edduos.\u201d<\/p>\n<p>Com a palavra, a presidente Dilma Roussef!<\/p>\n<p>Abra\u00e7os<br \/>\n\u200bCarlos Apar\u00edcio Clemente<br \/>\nCoordenador do Espa\u00e7o da Cidadania.<\/p>\n","protected":false},"excerpt":{"rendered":"<p>Ao sancionar a Lei Brasileira da Inclus\u00e3o, dia 6 de julho, a presidente Dilma decidiu vetar um artigo que obrigava empresas com 50 a 99 empregados a reservar pelo menos uma vaga para pessoas com defici\u00eancia ou reabilitadas.<\/p>\n","protected":false},"author":1,"featured_media":0,"comment_status":"open","ping_status":"open","sticky":false,"template":"","format":"standard","meta":{"site-container-style":"default","site-container-layout":"default","site-sidebar-layout":"default","disable-article-header":"default","disable-site-header":"default","disable-site-footer":"default","disable-content-area-spacing":"default","footnotes":""},"categories":[38,48],"tags":[332,333,334,335],"class_list":["post-28187","post","type-post","status-publish","format-standard","hentry","category-deficiencia","category-inclusao","tag-dilma-rousseff","tag-lbi","tag-lei-brasileira-da-inclusao","tag-vetos"],"yoast_head":"<!-- This site is optimized with the Yoast SEO plugin v27.4 - https:\/\/yoast.com\/product\/yoast-seo-wordpress\/ -->\n<title>Mal assessorada, presidente Dilma veta artigo da Lei Brasileira da Inclus\u00e3o que previa cota em empresas de 50 a 99 empregados -<\/title>\n<meta name=\"robots\" content=\"index, follow, max-snippet:-1, max-image-preview:large, max-video-preview:-1\" \/>\n<link rel=\"canonical\" href=\"https:\/\/inclusivenews.com.br\/?p=28187\" \/>\n<meta property=\"og:locale\" content=\"pt_PT\" \/>\n<meta property=\"og:type\" content=\"article\" \/>\n<meta property=\"og:title\" content=\"Mal assessorada, presidente Dilma veta artigo da Lei Brasileira da Inclus\u00e3o que previa cota em empresas de 50 a 99 empregados -\" \/>\n<meta property=\"og:description\" content=\"Ao sancionar a Lei Brasileira da Inclus\u00e3o, dia 6 de julho, a presidente Dilma decidiu vetar um artigo que obrigava empresas com 50 a 99 empregados a reservar pelo menos uma vaga para pessoas com defici\u00eancia ou reabilitadas.\" \/>\n<meta property=\"og:url\" content=\"https:\/\/inclusivenews.com.br\/?p=28187\" \/>\n<meta property=\"article:publisher\" content=\"https:\/\/www.facebook.com\/agenciainclusive\/\" \/>\n<meta property=\"article:published_time\" content=\"2015-07-09T23:41:39+00:00\" \/>\n<meta property=\"og:image\" content=\"https:\/\/encrypted-tbn1.gstatic.com\/images?q=tbn:ANd9GcRXqdPTsRnJifqF_i0_JGhrMVh2Dq9aF2-HuTuOdiA83nTTYvukqA\" \/>\n<meta name=\"author\" content=\"inclusivenews2024\" \/>\n<meta name=\"twitter:card\" content=\"summary_large_image\" \/>\n<meta name=\"twitter:label1\" content=\"Escrito por\" \/>\n\t<meta name=\"twitter:data1\" content=\"inclusivenews2024\" \/>\n\t<meta name=\"twitter:label2\" content=\"Tempo estimado de leitura\" \/>\n\t<meta name=\"twitter:data2\" content=\"4 minutos\" \/>\n<script type=\"application\/ld+json\" class=\"yoast-schema-graph\">{\"@context\":\"https:\\\/\\\/schema.org\",\"@graph\":[{\"@type\":\"Article\",\"@id\":\"https:\\\/\\\/inclusivenews.com.br\\\/?p=28187#article\",\"isPartOf\":{\"@id\":\"https:\\\/\\\/inclusivenews.com.br\\\/?p=28187\"},\"author\":{\"name\":\"inclusivenews2024\",\"@id\":\"https:\\\/\\\/inclusivenews.com.br\\\/#\\\/schema\\\/person\\\/ae4ec7087559b8692fb33b6fffd2273b\"},\"headline\":\"Mal assessorada, presidente Dilma veta artigo da Lei Brasileira da Inclus\u00e3o que previa cota em empresas de 50 a 99 empregados\",\"datePublished\":\"2015-07-09T23:41:39+00:00\",\"mainEntityOfPage\":{\"@id\":\"https:\\\/\\\/inclusivenews.com.br\\\/?p=28187\"},\"wordCount\":738,\"commentCount\":1,\"publisher\":{\"@id\":\"https:\\\/\\\/inclusivenews.com.br\\\/#organization\"},\"image\":{\"@id\":\"https:\\\/\\\/inclusivenews.com.br\\\/?p=28187#primaryimage\"},\"thumbnailUrl\":\"https:\\\/\\\/encrypted-tbn1.gstatic.com\\\/images?q=tbn:ANd9GcRXqdPTsRnJifqF_i0_JGhrMVh2Dq9aF2-HuTuOdiA83nTTYvukqA\",\"keywords\":[\"Dilma Rousseff\",\"LBI\",\"Lei Brasileira da Inclus\u00e3o\",\"vetos\"],\"articleSection\":[\"Defici\u00eancia\",\"INCLUS\u00c3O SOCIAL\"],\"inLanguage\":\"pt-PT\",\"potentialAction\":[{\"@type\":\"CommentAction\",\"name\":\"Comment\",\"target\":[\"https:\\\/\\\/inclusivenews.com.br\\\/?p=28187#respond\"]}]},{\"@type\":\"WebPage\",\"@id\":\"https:\\\/\\\/inclusivenews.com.br\\\/?p=28187\",\"url\":\"https:\\\/\\\/inclusivenews.com.br\\\/?p=28187\",\"name\":\"Mal assessorada, presidente Dilma veta artigo da Lei Brasileira da Inclus\u00e3o que previa cota em empresas de 50 a 99 empregados -\",\"isPartOf\":{\"@id\":\"https:\\\/\\\/inclusivenews.com.br\\\/#website\"},\"primaryImageOfPage\":{\"@id\":\"https:\\\/\\\/inclusivenews.com.br\\\/?p=28187#primaryimage\"},\"image\":{\"@id\":\"https:\\\/\\\/inclusivenews.com.br\\\/?p=28187#primaryimage\"},\"thumbnailUrl\":\"https:\\\/\\\/encrypted-tbn1.gstatic.com\\\/images?q=tbn:ANd9GcRXqdPTsRnJifqF_i0_JGhrMVh2Dq9aF2-HuTuOdiA83nTTYvukqA\",\"datePublished\":\"2015-07-09T23:41:39+00:00\",\"breadcrumb\":{\"@id\":\"https:\\\/\\\/inclusivenews.com.br\\\/?p=28187#breadcrumb\"},\"inLanguage\":\"pt-PT\",\"potentialAction\":[{\"@type\":\"ReadAction\",\"target\":[\"https:\\\/\\\/inclusivenews.com.br\\\/?p=28187\"]}]},{\"@type\":\"ImageObject\",\"inLanguage\":\"pt-PT\",\"@id\":\"https:\\\/\\\/inclusivenews.com.br\\\/?p=28187#primaryimage\",\"url\":\"https:\\\/\\\/encrypted-tbn1.gstatic.com\\\/images?q=tbn:ANd9GcRXqdPTsRnJifqF_i0_JGhrMVh2Dq9aF2-HuTuOdiA83nTTYvukqA\",\"contentUrl\":\"https:\\\/\\\/encrypted-tbn1.gstatic.com\\\/images?q=tbn:ANd9GcRXqdPTsRnJifqF_i0_JGhrMVh2Dq9aF2-HuTuOdiA83nTTYvukqA\"},{\"@type\":\"BreadcrumbList\",\"@id\":\"https:\\\/\\\/inclusivenews.com.br\\\/?p=28187#breadcrumb\",\"itemListElement\":[{\"@type\":\"ListItem\",\"position\":1,\"name\":\"In\u00edcio\",\"item\":\"https:\\\/\\\/inclusivenews.com.br\\\/\"},{\"@type\":\"ListItem\",\"position\":2,\"name\":\"Mal assessorada, presidente Dilma veta artigo da Lei Brasileira da Inclus\u00e3o que previa cota em empresas de 50 a 99 empregados\"}]},{\"@type\":\"WebSite\",\"@id\":\"https:\\\/\\\/inclusivenews.com.br\\\/#website\",\"url\":\"https:\\\/\\\/inclusivenews.com.br\\\/\",\"name\":\"Inclusive News\",\"description\":\"Inclusive News\",\"publisher\":{\"@id\":\"https:\\\/\\\/inclusivenews.com.br\\\/#organization\"},\"potentialAction\":[{\"@type\":\"SearchAction\",\"target\":{\"@type\":\"EntryPoint\",\"urlTemplate\":\"https:\\\/\\\/inclusivenews.com.br\\\/?s={search_term_string}\"},\"query-input\":{\"@type\":\"PropertyValueSpecification\",\"valueRequired\":true,\"valueName\":\"search_term_string\"}}],\"inLanguage\":\"pt-PT\"},{\"@type\":\"Organization\",\"@id\":\"https:\\\/\\\/inclusivenews.com.br\\\/#organization\",\"name\":\"Inclusive - inclus\u00e3o e cidadania\",\"url\":\"https:\\\/\\\/inclusivenews.com.br\\\/\",\"logo\":{\"@type\":\"ImageObject\",\"inLanguage\":\"pt-PT\",\"@id\":\"https:\\\/\\\/inclusivenews.com.br\\\/#\\\/schema\\\/logo\\\/image\\\/\",\"url\":\"https:\\\/\\\/inclusivenews.com.br\\\/wp-content\\\/uploads\\\/2024\\\/03\\\/@grandesite.png\",\"contentUrl\":\"https:\\\/\\\/inclusivenews.com.br\\\/wp-content\\\/uploads\\\/2024\\\/03\\\/@grandesite.png\",\"width\":1080,\"height\":1080,\"caption\":\"Inclusive - inclus\u00e3o e cidadania\"},\"image\":{\"@id\":\"https:\\\/\\\/inclusivenews.com.br\\\/#\\\/schema\\\/logo\\\/image\\\/\"},\"sameAs\":[\"https:\\\/\\\/www.facebook.com\\\/agenciainclusive\\\/\",\"https:\\\/\\\/www.instagram.com\\\/newsinclusive\\\/\"]},{\"@type\":\"Person\",\"@id\":\"https:\\\/\\\/inclusivenews.com.br\\\/#\\\/schema\\\/person\\\/ae4ec7087559b8692fb33b6fffd2273b\",\"name\":\"inclusivenews2024\",\"image\":{\"@type\":\"ImageObject\",\"inLanguage\":\"pt-PT\",\"@id\":\"https:\\\/\\\/secure.gravatar.com\\\/avatar\\\/c5a7ef84c66fa914f55bc4f7ce26cfa275a3b9a1c5568b907bd184fb4dde7b40?s=96&d=mm&r=g\",\"url\":\"https:\\\/\\\/secure.gravatar.com\\\/avatar\\\/c5a7ef84c66fa914f55bc4f7ce26cfa275a3b9a1c5568b907bd184fb4dde7b40?s=96&d=mm&r=g\",\"contentUrl\":\"https:\\\/\\\/secure.gravatar.com\\\/avatar\\\/c5a7ef84c66fa914f55bc4f7ce26cfa275a3b9a1c5568b907bd184fb4dde7b40?s=96&d=mm&r=g\",\"caption\":\"inclusivenews2024\"},\"sameAs\":[\"https:\\\/\\\/inclusivenews.com.br\"],\"url\":\"https:\\\/\\\/inclusivenews.com.br\\\/?author=1\"}]}<\/script>\n<!-- \/ Yoast SEO plugin. -->","yoast_head_json":{"title":"Mal assessorada, presidente Dilma veta artigo da Lei Brasileira da Inclus\u00e3o que previa cota em empresas de 50 a 99 empregados -","robots":{"index":"index","follow":"follow","max-snippet":"max-snippet:-1","max-image-preview":"max-image-preview:large","max-video-preview":"max-video-preview:-1"},"canonical":"https:\/\/inclusivenews.com.br\/?p=28187","og_locale":"pt_PT","og_type":"article","og_title":"Mal assessorada, presidente Dilma veta artigo da Lei Brasileira da Inclus\u00e3o que previa cota em empresas de 50 a 99 empregados -","og_description":"Ao sancionar a Lei Brasileira da Inclus\u00e3o, dia 6 de julho, a presidente Dilma decidiu vetar um artigo que obrigava empresas com 50 a 99 empregados a reservar pelo menos uma vaga para pessoas com defici\u00eancia ou reabilitadas.","og_url":"https:\/\/inclusivenews.com.br\/?p=28187","article_publisher":"https:\/\/www.facebook.com\/agenciainclusive\/","article_published_time":"2015-07-09T23:41:39+00:00","og_image":[{"url":"https:\/\/encrypted-tbn1.gstatic.com\/images?q=tbn:ANd9GcRXqdPTsRnJifqF_i0_JGhrMVh2Dq9aF2-HuTuOdiA83nTTYvukqA","type":"","width":"","height":""}],"author":"inclusivenews2024","twitter_card":"summary_large_image","twitter_misc":{"Escrito por":"inclusivenews2024","Tempo estimado de leitura":"4 minutos"},"schema":{"@context":"https:\/\/schema.org","@graph":[{"@type":"Article","@id":"https:\/\/inclusivenews.com.br\/?p=28187#article","isPartOf":{"@id":"https:\/\/inclusivenews.com.br\/?p=28187"},"author":{"name":"inclusivenews2024","@id":"https:\/\/inclusivenews.com.br\/#\/schema\/person\/ae4ec7087559b8692fb33b6fffd2273b"},"headline":"Mal assessorada, presidente Dilma veta artigo da Lei Brasileira da Inclus\u00e3o que previa cota em empresas de 50 a 99 empregados","datePublished":"2015-07-09T23:41:39+00:00","mainEntityOfPage":{"@id":"https:\/\/inclusivenews.com.br\/?p=28187"},"wordCount":738,"commentCount":1,"publisher":{"@id":"https:\/\/inclusivenews.com.br\/#organization"},"image":{"@id":"https:\/\/inclusivenews.com.br\/?p=28187#primaryimage"},"thumbnailUrl":"https:\/\/encrypted-tbn1.gstatic.com\/images?q=tbn:ANd9GcRXqdPTsRnJifqF_i0_JGhrMVh2Dq9aF2-HuTuOdiA83nTTYvukqA","keywords":["Dilma Rousseff","LBI","Lei Brasileira da Inclus\u00e3o","vetos"],"articleSection":["Defici\u00eancia","INCLUS\u00c3O SOCIAL"],"inLanguage":"pt-PT","potentialAction":[{"@type":"CommentAction","name":"Comment","target":["https:\/\/inclusivenews.com.br\/?p=28187#respond"]}]},{"@type":"WebPage","@id":"https:\/\/inclusivenews.com.br\/?p=28187","url":"https:\/\/inclusivenews.com.br\/?p=28187","name":"Mal assessorada, presidente Dilma veta artigo da Lei Brasileira da Inclus\u00e3o que previa cota em empresas de 50 a 99 empregados -","isPartOf":{"@id":"https:\/\/inclusivenews.com.br\/#website"},"primaryImageOfPage":{"@id":"https:\/\/inclusivenews.com.br\/?p=28187#primaryimage"},"image":{"@id":"https:\/\/inclusivenews.com.br\/?p=28187#primaryimage"},"thumbnailUrl":"https:\/\/encrypted-tbn1.gstatic.com\/images?q=tbn:ANd9GcRXqdPTsRnJifqF_i0_JGhrMVh2Dq9aF2-HuTuOdiA83nTTYvukqA","datePublished":"2015-07-09T23:41:39+00:00","breadcrumb":{"@id":"https:\/\/inclusivenews.com.br\/?p=28187#breadcrumb"},"inLanguage":"pt-PT","potentialAction":[{"@type":"ReadAction","target":["https:\/\/inclusivenews.com.br\/?p=28187"]}]},{"@type":"ImageObject","inLanguage":"pt-PT","@id":"https:\/\/inclusivenews.com.br\/?p=28187#primaryimage","url":"https:\/\/encrypted-tbn1.gstatic.com\/images?q=tbn:ANd9GcRXqdPTsRnJifqF_i0_JGhrMVh2Dq9aF2-HuTuOdiA83nTTYvukqA","contentUrl":"https:\/\/encrypted-tbn1.gstatic.com\/images?q=tbn:ANd9GcRXqdPTsRnJifqF_i0_JGhrMVh2Dq9aF2-HuTuOdiA83nTTYvukqA"},{"@type":"BreadcrumbList","@id":"https:\/\/inclusivenews.com.br\/?p=28187#breadcrumb","itemListElement":[{"@type":"ListItem","position":1,"name":"In\u00edcio","item":"https:\/\/inclusivenews.com.br\/"},{"@type":"ListItem","position":2,"name":"Mal assessorada, presidente Dilma veta artigo da Lei Brasileira da Inclus\u00e3o que previa cota em empresas de 50 a 99 empregados"}]},{"@type":"WebSite","@id":"https:\/\/inclusivenews.com.br\/#website","url":"https:\/\/inclusivenews.com.br\/","name":"Inclusive News","description":"Inclusive News","publisher":{"@id":"https:\/\/inclusivenews.com.br\/#organization"},"potentialAction":[{"@type":"SearchAction","target":{"@type":"EntryPoint","urlTemplate":"https:\/\/inclusivenews.com.br\/?s={search_term_string}"},"query-input":{"@type":"PropertyValueSpecification","valueRequired":true,"valueName":"search_term_string"}}],"inLanguage":"pt-PT"},{"@type":"Organization","@id":"https:\/\/inclusivenews.com.br\/#organization","name":"Inclusive - inclus\u00e3o e cidadania","url":"https:\/\/inclusivenews.com.br\/","logo":{"@type":"ImageObject","inLanguage":"pt-PT","@id":"https:\/\/inclusivenews.com.br\/#\/schema\/logo\/image\/","url":"https:\/\/inclusivenews.com.br\/wp-content\/uploads\/2024\/03\/@grandesite.png","contentUrl":"https:\/\/inclusivenews.com.br\/wp-content\/uploads\/2024\/03\/@grandesite.png","width":1080,"height":1080,"caption":"Inclusive - inclus\u00e3o e cidadania"},"image":{"@id":"https:\/\/inclusivenews.com.br\/#\/schema\/logo\/image\/"},"sameAs":["https:\/\/www.facebook.com\/agenciainclusive\/","https:\/\/www.instagram.com\/newsinclusive\/"]},{"@type":"Person","@id":"https:\/\/inclusivenews.com.br\/#\/schema\/person\/ae4ec7087559b8692fb33b6fffd2273b","name":"inclusivenews2024","image":{"@type":"ImageObject","inLanguage":"pt-PT","@id":"https:\/\/secure.gravatar.com\/avatar\/c5a7ef84c66fa914f55bc4f7ce26cfa275a3b9a1c5568b907bd184fb4dde7b40?s=96&d=mm&r=g","url":"https:\/\/secure.gravatar.com\/avatar\/c5a7ef84c66fa914f55bc4f7ce26cfa275a3b9a1c5568b907bd184fb4dde7b40?s=96&d=mm&r=g","contentUrl":"https:\/\/secure.gravatar.com\/avatar\/c5a7ef84c66fa914f55bc4f7ce26cfa275a3b9a1c5568b907bd184fb4dde7b40?s=96&d=mm&r=g","caption":"inclusivenews2024"},"sameAs":["https:\/\/inclusivenews.com.br"],"url":"https:\/\/inclusivenews.com.br\/?author=1"}]}},"_links":{"self":[{"href":"https:\/\/inclusivenews.com.br\/index.php?rest_route=\/wp\/v2\/posts\/28187","targetHints":{"allow":["GET"]}}],"collection":[{"href":"https:\/\/inclusivenews.com.br\/index.php?rest_route=\/wp\/v2\/posts"}],"about":[{"href":"https:\/\/inclusivenews.com.br\/index.php?rest_route=\/wp\/v2\/types\/post"}],"author":[{"embeddable":true,"href":"https:\/\/inclusivenews.com.br\/index.php?rest_route=\/wp\/v2\/users\/1"}],"replies":[{"embeddable":true,"href":"https:\/\/inclusivenews.com.br\/index.php?rest_route=%2Fwp%2Fv2%2Fcomments&post=28187"}],"version-history":[{"count":0,"href":"https:\/\/inclusivenews.com.br\/index.php?rest_route=\/wp\/v2\/posts\/28187\/revisions"}],"wp:attachment":[{"href":"https:\/\/inclusivenews.com.br\/index.php?rest_route=%2Fwp%2Fv2%2Fmedia&parent=28187"}],"wp:term":[{"taxonomy":"category","embeddable":true,"href":"https:\/\/inclusivenews.com.br\/index.php?rest_route=%2Fwp%2Fv2%2Fcategories&post=28187"},{"taxonomy":"post_tag","embeddable":true,"href":"https:\/\/inclusivenews.com.br\/index.php?rest_route=%2Fwp%2Fv2%2Ftags&post=28187"}],"curies":[{"name":"wp","href":"https:\/\/api.w.org\/{rel}","templated":true}]}}