{"id":28190,"date":"2015-07-09T20:52:33","date_gmt":"2015-07-09T23:52:33","guid":{"rendered":"http:\/\/www.inclusive.org.br\/?p=28190"},"modified":"2015-07-09T20:52:33","modified_gmt":"2015-07-09T23:52:33","slug":"assim-vivemos-7o-festival-internacional-de-filmes-sobre-deficiencia","status":"publish","type":"post","link":"https:\/\/inclusivenews.com.br\/?p=28190","title":{"rendered":"Assim Vivemos &#8211; 7\u00ba Festival Internacional de Filmes Sobre Defici\u00eancia"},"content":{"rendered":"<figure id=\"attachment_28191\" aria-describedby=\"caption-attachment-28191\" style=\"width: 367px\" class=\"wp-caption alignnone\"><img loading=\"lazy\" decoding=\"async\" class=\" wp-image-28191 \" title=\"Descri\u00e7\u00e3o da imagem: O cartaz do Festival Assim Vivemos \u00e9 composto por tr \u200b\u00ea\u200bs fotografias que se integram. Acima \u200b\u00e0\u200b esquerda \u200b,\u200b \u200b \u200b rosto de uma mo\u00e7a que pinta um quadro com flores com o pincel na boca. Ao centro, duas mulheres fazem um movimento coreografado de dan\u00e7a em uma praia. \u200bN a imagem de baixo, h\u00e1 uma mesa com duas cadeiras em uma praia deserta. Um homem est\u00e1 sentado em uma delas, de frente para o mar, com uma onda chegando at\u00e9 seus p\u00e9s. \u200b \u200b Nas tr\u00eas imagens predominam os tons claros, que vem da uniformidade das cores da roupa e da tela da mo\u00e7a, que se unem com a claridade da areia da praia e do mar. \u200b \u200b \u200b No alto, est\u00e1 escrito: Minist\u00e9rio da Cultura apresenta. Banco do Brasil apresenta a patrocina. Ao centro: Assim Vivemos - 7\u00ba Festival Internacional de Filmes Sobre Defici\u00eancia. Abaixo, \u200ba\u200b s logo \u200bmarcas\u200b : Lei de Incentivo \u00e0 Cultura. Produ\u00e7\u00e3o: Lavoro. Centro Cultural Banco do Brasil. Realiza\u00e7\u00e3o: Minist\u00e9rio da Cultura. Brasil. Governo Federal. P\u00e1tria Educadora.\" alt=\"Descri\u00e7\u00e3o da imagem: O cartaz do Festival Assim Vivemos \u00e9 composto por tr \u200b\u00ea\u200bs fotografias que se integram. Acima \u200b\u00e0\u200b esquerda \u200b,\u200b \u200b \u200b rosto de uma mo\u00e7a que pinta um quadro com flores com o pincel na boca. Ao centro, duas mulheres fazem um movimento coreografado de dan\u00e7a em uma praia. \u200bN a imagem de baixo, h\u00e1 uma mesa com duas cadeiras em uma praia deserta. Um homem est\u00e1 sentado em uma delas, de frente para o mar, com uma onda chegando at\u00e9 seus p\u00e9s. \u200b \u200b Nas tr\u00eas imagens predominam os tons claros, que vem da uniformidade das cores da roupa e da tela da mo\u00e7a, que se unem com a claridade da areia da praia e do mar. \u200b \u200b \u200b No alto, est\u00e1 escrito: Minist\u00e9rio da Cultura apresenta. Banco do Brasil apresenta a patrocina. Ao centro: Assim Vivemos - 7\u00ba Festival Internacional de Filmes Sobre Defici\u00eancia. Abaixo, \u200ba\u200b s logo \u200bmarcas\u200b : Lei de Incentivo \u00e0 Cultura. Produ\u00e7\u00e3o: Lavoro. Centro Cultural Banco do Brasil. Realiza\u00e7\u00e3o: Minist\u00e9rio da Cultura. Brasil. Governo Federal. P\u00e1tria Educadora.\" src=\"http:\/\/inclusivenews.com.br\/wp-content\/uploads\/flyer_AssimVivemos2015.jpg\" width=\"367\" height=\"520\" \/><figcaption id=\"caption-attachment-28191\" class=\"wp-caption-text\">Descri\u00e7\u00e3o da imagem: O cartaz do Festival Assim Vivemos \u00e9 composto por tr \u200b\u00ea\u200bs fotografias que se integram. Acima \u200b\u00e0\u200b esquerda \u200b,\u200b \u200b \u200b rosto de uma mo\u00e7a que pinta um quadro com flores com o pincel na boca. Ao centro, duas mulheres fazem um movimento coreografado de dan\u00e7a em uma praia. \u200bN a imagem de baixo, h\u00e1 uma mesa com duas cadeiras em uma praia deserta. Um homem est\u00e1 sentado em uma delas, de frente para o mar, com uma onda chegando at\u00e9 seus p\u00e9s. \u200b \u200b Nas tr\u00eas imagens predominam os tons claros, que vem da uniformidade das cores da roupa e da tela da mo\u00e7a, que se unem com a claridade da areia da praia e do mar. \u200b \u200b \u200b No alto, est\u00e1 escrito: Minist\u00e9rio da Cultura apresenta. Banco do Brasil apresenta a patrocina. Ao centro: Assim Vivemos &#8211; 7\u00ba Festival Internacional de Filmes Sobre Defici\u00eancia. Abaixo, \u200ba\u200b s logo \u200bmarcas\u200b : Lei de Incentivo \u00e0 Cultura. Produ\u00e7\u00e3o: Lavoro. Centro Cultural Banco do Brasil. Realiza\u00e7\u00e3o: Minist\u00e9rio da Cultura. Brasil. Governo Federal. P\u00e1tria Educadora<\/figcaption><\/figure>\n<p>\u200bA cada ano que realizamos o Assim Vivemos, nos surpreendemos com a impress\u00e3o de que existe uma grande sintonia mundial, pois recebemos levas de filmes sobre um mesmo tema, produzidos nos mais distantes lugares, sem que um saiba da exist\u00eancia do outro.<\/p>\n<p>J\u00e1 houve anos em que o grande tema foi o amor; outros em que predominaram filmes sobre as lutas pol\u00edticas das pessoas com defici\u00eancia. Este ano, recebemos uma grande quantidade de filmes sobre pessoas com autismo, seguida de perto por filmes sobre pessoas com s\u00edndrome de Down e defici\u00eancia intelectual \u2013 e nos parece mesmo que existem quest\u00f5es que foram menos discutidas pela sociedade do que outras mais espec\u00edficas das pessoas com defici\u00eancia f\u00edsica, por exemplo.<\/p>\n<p>Mas o grande tema deste ano, que norteia a maior parte dos filmes, \u00e9 a autonomia, a possibilidade de uma vida com independ\u00eancia. Este assunto surge como o grande objetivo, o grande desejo, o grande sonho, e os filmes do Assim Vivemos, em seu conjunto, nos trazem um belo repert\u00f3rio de experi\u00eancias, dificuldades e conquistas neste sentido.<\/p>\n<p>Nesta 7\u00aa edi\u00e7\u00e3o, ser\u00e3o exibidos 34 filmes de 20 pa\u00edses. O Brasil se destaca com sete filmes selecionados, com filmes do sul, sudeste, centro-oeste e nordeste, numa demonstra\u00e7\u00e3o de que a reflex\u00e3o sobre o tema tem merecido cada vez mais aten\u00e7\u00e3o da nossa sociedade.<\/p>\n<p>O Assim Vivemos tem a honra de ser o primeiro festival de cinema no Brasil a oferecer acessibilidade para pessoas com defici\u00eancia visual (audiodescri\u00e7\u00e3o em todas as sess\u00f5es e cat\u00e1logos em Braile) e para pessoas com defici\u00eancia auditiva (legendas Closed Caption nos filmes e interpreta\u00e7\u00e3o em LIBRAS nos debates). Quanto \u00e0 acessibilidade f\u00edsica, o Centro Cultural Banco do Brasil tem sua arquitetura concebida para garantir o acesso de pessoas com mobilidade reduzida e cadeirantes.<\/p>\n<p>Todas as sess\u00f5es ter\u00e3o ENTRADA FRANCA. \u200b<br \/>\n\u200b\u200b<br \/>\nConfira a programa\u00e7\u00e3o completa no site www.assimvivemos.com.br<br \/>\nVerifique a classifica\u00e7\u00e3o indicativa na programa\u00e7\u00e3o.<\/p>\n<p>Rio de Janeiro:<br \/>\n5 a 17 de agosto de 2015<br \/>\nRua Primeiro de Mar\u00e7o, 66 Centro<br \/>\nTel. [21] 3808 2020<br \/>\nbb.com.br\/cultura<br \/>\ntwitter.com\/ccbb_rj<br \/>\nfacebook.com\/ccbb.rj<\/p>\n<p>S\u00e3o Paulo:<br \/>\n23 de setembro a 5 de outubro de 2015<br \/>\nRua \u00c1lvares Penteado 112 Centro SP<br \/>\nPr\u00f3ximo \u00e0s esta\u00e7\u00f5es S\u00e9 e S\u00e3o Bento do Metr\u00f4<br \/>\nTels. [11] 3113 3651 \/ 3113 3652<br \/>\nbb.com.br\/cultura<br \/>\ntwitter.com\/ccbb_sp<br \/>\nfacebook.com\/ccbbsp<\/p>\n<p>\u200b\u200b<br \/>\nBras\u00edlia:<br \/>\n2 a 14 de mar\u00e7o de 2016<br \/>\nCentro Cultural Banco do Brasil<br \/>\nSCES, Trecho \u200b\u200b2 Bras\u00edlia\/DF<br \/>\nInfo 61 3108 7600. \u00d4nibus gratuito. Verifique hor\u00e1rios e locais de sa\u00edda.<br \/>\nbb.com.br\/cultura<br \/>\ntwitter.com\/ccbb_df<br \/>\nfacebook.com\/ccbb.brasilia<\/p>\n<p>SAC 0800 729 0722 \u2013 Ouvidoria BB 0800 729 5678 \u2013 Deficientes Auditivos ou de Fala 0800 729 0088<br \/>\nNos termos da Portaria 3.083 , de 25.09.2013, do Minist\u00e9rio da Justi\u00e7a, informamos que o Alvar\u00e1 de Funcionamento deste CCBB tem n\u00famero 489095, de 03.01. 2001, sem vencimento.<\/p>\n","protected":false},"excerpt":{"rendered":"<p>Conhe\u00e7a a programa\u00e7\u00e3o e os filmes selecionados para o Assim Vivemos &#8211; 7\u00ba Festival Internacional de Filmes Sobre Defici\u00eancia.<\/p>\n","protected":false},"author":1,"featured_media":0,"comment_status":"open","ping_status":"open","sticky":false,"template":"","format":"standard","meta":{"site-container-style":"default","site-container-layout":"default","site-sidebar-layout":"default","disable-article-header":"default","disable-site-header":"default","disable-site-footer":"default","disable-content-area-spacing":"default","footnotes":""},"categories":[29,38,48],"tags":[336],"class_list":["post-28190","post","type-post","status-publish","format-standard","hentry","category-cultura","category-deficiencia","category-inclusao","tag-festival-assim-vivemos"],"yoast_head":"<!-- This site is optimized with the Yoast SEO plugin v27.4 - https:\/\/yoast.com\/product\/yoast-seo-wordpress\/ -->\n<title>Assim Vivemos - 7\u00ba Festival Internacional de Filmes Sobre Defici\u00eancia -<\/title>\n<meta name=\"robots\" content=\"index, follow, max-snippet:-1, max-image-preview:large, max-video-preview:-1\" \/>\n<link rel=\"canonical\" href=\"https:\/\/inclusivenews.com.br\/?p=28190\" \/>\n<meta property=\"og:locale\" content=\"pt_PT\" \/>\n<meta property=\"og:type\" content=\"article\" \/>\n<meta property=\"og:title\" content=\"Assim Vivemos - 7\u00ba Festival Internacional de Filmes Sobre Defici\u00eancia -\" \/>\n<meta property=\"og:description\" content=\"Conhe\u00e7a a programa\u00e7\u00e3o e os filmes selecionados para o Assim Vivemos - 7\u00ba Festival Internacional de Filmes Sobre Defici\u00eancia.\" \/>\n<meta property=\"og:url\" content=\"https:\/\/inclusivenews.com.br\/?p=28190\" \/>\n<meta property=\"article:publisher\" content=\"https:\/\/www.facebook.com\/agenciainclusive\/\" \/>\n<meta property=\"article:published_time\" content=\"2015-07-09T23:52:33+00:00\" \/>\n<meta property=\"og:image\" content=\"http:\/\/inclusivenews.com.br\/wp-content\/uploads\/flyer_AssimVivemos2015.jpg\" \/>\n<meta name=\"author\" content=\"inclusivenews2024\" \/>\n<meta name=\"twitter:card\" content=\"summary_large_image\" \/>\n<meta name=\"twitter:label1\" content=\"Escrito por\" \/>\n\t<meta name=\"twitter:data1\" content=\"inclusivenews2024\" \/>\n\t<meta name=\"twitter:label2\" content=\"Tempo estimado de leitura\" \/>\n\t<meta name=\"twitter:data2\" content=\"3 minutos\" \/>\n<script type=\"application\/ld+json\" class=\"yoast-schema-graph\">{\"@context\":\"https:\\\/\\\/schema.org\",\"@graph\":[{\"@type\":\"Article\",\"@id\":\"https:\\\/\\\/inclusivenews.com.br\\\/?p=28190#article\",\"isPartOf\":{\"@id\":\"https:\\\/\\\/inclusivenews.com.br\\\/?p=28190\"},\"author\":{\"name\":\"inclusivenews2024\",\"@id\":\"https:\\\/\\\/inclusivenews.com.br\\\/#\\\/schema\\\/person\\\/ae4ec7087559b8692fb33b6fffd2273b\"},\"headline\":\"Assim Vivemos &#8211; 7\u00ba Festival Internacional de Filmes Sobre Defici\u00eancia\",\"datePublished\":\"2015-07-09T23:52:33+00:00\",\"mainEntityOfPage\":{\"@id\":\"https:\\\/\\\/inclusivenews.com.br\\\/?p=28190\"},\"wordCount\":670,\"commentCount\":0,\"publisher\":{\"@id\":\"https:\\\/\\\/inclusivenews.com.br\\\/#organization\"},\"image\":{\"@id\":\"https:\\\/\\\/inclusivenews.com.br\\\/?p=28190#primaryimage\"},\"thumbnailUrl\":\"http:\\\/\\\/inclusivenews.com.br\\\/wp-content\\\/uploads\\\/flyer_AssimVivemos2015.jpg\",\"keywords\":[\"Festival Assim Vivemos\"],\"articleSection\":[\"Cultura\",\"Defici\u00eancia\",\"INCLUS\u00c3O SOCIAL\"],\"inLanguage\":\"pt-PT\",\"potentialAction\":[{\"@type\":\"CommentAction\",\"name\":\"Comment\",\"target\":[\"https:\\\/\\\/inclusivenews.com.br\\\/?p=28190#respond\"]}]},{\"@type\":\"WebPage\",\"@id\":\"https:\\\/\\\/inclusivenews.com.br\\\/?p=28190\",\"url\":\"https:\\\/\\\/inclusivenews.com.br\\\/?p=28190\",\"name\":\"Assim Vivemos - 7\u00ba Festival Internacional de Filmes Sobre Defici\u00eancia -\",\"isPartOf\":{\"@id\":\"https:\\\/\\\/inclusivenews.com.br\\\/#website\"},\"primaryImageOfPage\":{\"@id\":\"https:\\\/\\\/inclusivenews.com.br\\\/?p=28190#primaryimage\"},\"image\":{\"@id\":\"https:\\\/\\\/inclusivenews.com.br\\\/?p=28190#primaryimage\"},\"thumbnailUrl\":\"http:\\\/\\\/inclusivenews.com.br\\\/wp-content\\\/uploads\\\/flyer_AssimVivemos2015.jpg\",\"datePublished\":\"2015-07-09T23:52:33+00:00\",\"breadcrumb\":{\"@id\":\"https:\\\/\\\/inclusivenews.com.br\\\/?p=28190#breadcrumb\"},\"inLanguage\":\"pt-PT\",\"potentialAction\":[{\"@type\":\"ReadAction\",\"target\":[\"https:\\\/\\\/inclusivenews.com.br\\\/?p=28190\"]}]},{\"@type\":\"ImageObject\",\"inLanguage\":\"pt-PT\",\"@id\":\"https:\\\/\\\/inclusivenews.com.br\\\/?p=28190#primaryimage\",\"url\":\"\",\"contentUrl\":\"\"},{\"@type\":\"BreadcrumbList\",\"@id\":\"https:\\\/\\\/inclusivenews.com.br\\\/?p=28190#breadcrumb\",\"itemListElement\":[{\"@type\":\"ListItem\",\"position\":1,\"name\":\"In\u00edcio\",\"item\":\"https:\\\/\\\/inclusivenews.com.br\\\/\"},{\"@type\":\"ListItem\",\"position\":2,\"name\":\"Assim Vivemos &#8211; 7\u00ba Festival Internacional de Filmes Sobre Defici\u00eancia\"}]},{\"@type\":\"WebSite\",\"@id\":\"https:\\\/\\\/inclusivenews.com.br\\\/#website\",\"url\":\"https:\\\/\\\/inclusivenews.com.br\\\/\",\"name\":\"Inclusive News\",\"description\":\"Inclusive News\",\"publisher\":{\"@id\":\"https:\\\/\\\/inclusivenews.com.br\\\/#organization\"},\"potentialAction\":[{\"@type\":\"SearchAction\",\"target\":{\"@type\":\"EntryPoint\",\"urlTemplate\":\"https:\\\/\\\/inclusivenews.com.br\\\/?s={search_term_string}\"},\"query-input\":{\"@type\":\"PropertyValueSpecification\",\"valueRequired\":true,\"valueName\":\"search_term_string\"}}],\"inLanguage\":\"pt-PT\"},{\"@type\":\"Organization\",\"@id\":\"https:\\\/\\\/inclusivenews.com.br\\\/#organization\",\"name\":\"Inclusive - inclus\u00e3o e cidadania\",\"url\":\"https:\\\/\\\/inclusivenews.com.br\\\/\",\"logo\":{\"@type\":\"ImageObject\",\"inLanguage\":\"pt-PT\",\"@id\":\"https:\\\/\\\/inclusivenews.com.br\\\/#\\\/schema\\\/logo\\\/image\\\/\",\"url\":\"https:\\\/\\\/inclusivenews.com.br\\\/wp-content\\\/uploads\\\/2024\\\/03\\\/@grandesite.png\",\"contentUrl\":\"https:\\\/\\\/inclusivenews.com.br\\\/wp-content\\\/uploads\\\/2024\\\/03\\\/@grandesite.png\",\"width\":1080,\"height\":1080,\"caption\":\"Inclusive - inclus\u00e3o e cidadania\"},\"image\":{\"@id\":\"https:\\\/\\\/inclusivenews.com.br\\\/#\\\/schema\\\/logo\\\/image\\\/\"},\"sameAs\":[\"https:\\\/\\\/www.facebook.com\\\/agenciainclusive\\\/\",\"https:\\\/\\\/www.instagram.com\\\/newsinclusive\\\/\"]},{\"@type\":\"Person\",\"@id\":\"https:\\\/\\\/inclusivenews.com.br\\\/#\\\/schema\\\/person\\\/ae4ec7087559b8692fb33b6fffd2273b\",\"name\":\"inclusivenews2024\",\"image\":{\"@type\":\"ImageObject\",\"inLanguage\":\"pt-PT\",\"@id\":\"https:\\\/\\\/secure.gravatar.com\\\/avatar\\\/c5a7ef84c66fa914f55bc4f7ce26cfa275a3b9a1c5568b907bd184fb4dde7b40?s=96&d=mm&r=g\",\"url\":\"https:\\\/\\\/secure.gravatar.com\\\/avatar\\\/c5a7ef84c66fa914f55bc4f7ce26cfa275a3b9a1c5568b907bd184fb4dde7b40?s=96&d=mm&r=g\",\"contentUrl\":\"https:\\\/\\\/secure.gravatar.com\\\/avatar\\\/c5a7ef84c66fa914f55bc4f7ce26cfa275a3b9a1c5568b907bd184fb4dde7b40?s=96&d=mm&r=g\",\"caption\":\"inclusivenews2024\"},\"sameAs\":[\"https:\\\/\\\/inclusivenews.com.br\"],\"url\":\"https:\\\/\\\/inclusivenews.com.br\\\/?author=1\"}]}<\/script>\n<!-- \/ Yoast SEO plugin. -->","yoast_head_json":{"title":"Assim Vivemos - 7\u00ba Festival Internacional de Filmes Sobre Defici\u00eancia -","robots":{"index":"index","follow":"follow","max-snippet":"max-snippet:-1","max-image-preview":"max-image-preview:large","max-video-preview":"max-video-preview:-1"},"canonical":"https:\/\/inclusivenews.com.br\/?p=28190","og_locale":"pt_PT","og_type":"article","og_title":"Assim Vivemos - 7\u00ba Festival Internacional de Filmes Sobre Defici\u00eancia -","og_description":"Conhe\u00e7a a programa\u00e7\u00e3o e os filmes selecionados para o Assim Vivemos - 7\u00ba Festival Internacional de Filmes Sobre Defici\u00eancia.","og_url":"https:\/\/inclusivenews.com.br\/?p=28190","article_publisher":"https:\/\/www.facebook.com\/agenciainclusive\/","article_published_time":"2015-07-09T23:52:33+00:00","og_image":[{"url":"http:\/\/inclusivenews.com.br\/wp-content\/uploads\/flyer_AssimVivemos2015.jpg","type":"","width":"","height":""}],"author":"inclusivenews2024","twitter_card":"summary_large_image","twitter_misc":{"Escrito por":"inclusivenews2024","Tempo estimado de leitura":"3 minutos"},"schema":{"@context":"https:\/\/schema.org","@graph":[{"@type":"Article","@id":"https:\/\/inclusivenews.com.br\/?p=28190#article","isPartOf":{"@id":"https:\/\/inclusivenews.com.br\/?p=28190"},"author":{"name":"inclusivenews2024","@id":"https:\/\/inclusivenews.com.br\/#\/schema\/person\/ae4ec7087559b8692fb33b6fffd2273b"},"headline":"Assim Vivemos &#8211; 7\u00ba Festival Internacional de Filmes Sobre Defici\u00eancia","datePublished":"2015-07-09T23:52:33+00:00","mainEntityOfPage":{"@id":"https:\/\/inclusivenews.com.br\/?p=28190"},"wordCount":670,"commentCount":0,"publisher":{"@id":"https:\/\/inclusivenews.com.br\/#organization"},"image":{"@id":"https:\/\/inclusivenews.com.br\/?p=28190#primaryimage"},"thumbnailUrl":"http:\/\/inclusivenews.com.br\/wp-content\/uploads\/flyer_AssimVivemos2015.jpg","keywords":["Festival Assim Vivemos"],"articleSection":["Cultura","Defici\u00eancia","INCLUS\u00c3O SOCIAL"],"inLanguage":"pt-PT","potentialAction":[{"@type":"CommentAction","name":"Comment","target":["https:\/\/inclusivenews.com.br\/?p=28190#respond"]}]},{"@type":"WebPage","@id":"https:\/\/inclusivenews.com.br\/?p=28190","url":"https:\/\/inclusivenews.com.br\/?p=28190","name":"Assim Vivemos - 7\u00ba Festival Internacional de Filmes Sobre Defici\u00eancia -","isPartOf":{"@id":"https:\/\/inclusivenews.com.br\/#website"},"primaryImageOfPage":{"@id":"https:\/\/inclusivenews.com.br\/?p=28190#primaryimage"},"image":{"@id":"https:\/\/inclusivenews.com.br\/?p=28190#primaryimage"},"thumbnailUrl":"http:\/\/inclusivenews.com.br\/wp-content\/uploads\/flyer_AssimVivemos2015.jpg","datePublished":"2015-07-09T23:52:33+00:00","breadcrumb":{"@id":"https:\/\/inclusivenews.com.br\/?p=28190#breadcrumb"},"inLanguage":"pt-PT","potentialAction":[{"@type":"ReadAction","target":["https:\/\/inclusivenews.com.br\/?p=28190"]}]},{"@type":"ImageObject","inLanguage":"pt-PT","@id":"https:\/\/inclusivenews.com.br\/?p=28190#primaryimage","url":"","contentUrl":""},{"@type":"BreadcrumbList","@id":"https:\/\/inclusivenews.com.br\/?p=28190#breadcrumb","itemListElement":[{"@type":"ListItem","position":1,"name":"In\u00edcio","item":"https:\/\/inclusivenews.com.br\/"},{"@type":"ListItem","position":2,"name":"Assim Vivemos &#8211; 7\u00ba Festival Internacional de Filmes Sobre Defici\u00eancia"}]},{"@type":"WebSite","@id":"https:\/\/inclusivenews.com.br\/#website","url":"https:\/\/inclusivenews.com.br\/","name":"Inclusive News","description":"Inclusive News","publisher":{"@id":"https:\/\/inclusivenews.com.br\/#organization"},"potentialAction":[{"@type":"SearchAction","target":{"@type":"EntryPoint","urlTemplate":"https:\/\/inclusivenews.com.br\/?s={search_term_string}"},"query-input":{"@type":"PropertyValueSpecification","valueRequired":true,"valueName":"search_term_string"}}],"inLanguage":"pt-PT"},{"@type":"Organization","@id":"https:\/\/inclusivenews.com.br\/#organization","name":"Inclusive - inclus\u00e3o e cidadania","url":"https:\/\/inclusivenews.com.br\/","logo":{"@type":"ImageObject","inLanguage":"pt-PT","@id":"https:\/\/inclusivenews.com.br\/#\/schema\/logo\/image\/","url":"https:\/\/inclusivenews.com.br\/wp-content\/uploads\/2024\/03\/@grandesite.png","contentUrl":"https:\/\/inclusivenews.com.br\/wp-content\/uploads\/2024\/03\/@grandesite.png","width":1080,"height":1080,"caption":"Inclusive - inclus\u00e3o e cidadania"},"image":{"@id":"https:\/\/inclusivenews.com.br\/#\/schema\/logo\/image\/"},"sameAs":["https:\/\/www.facebook.com\/agenciainclusive\/","https:\/\/www.instagram.com\/newsinclusive\/"]},{"@type":"Person","@id":"https:\/\/inclusivenews.com.br\/#\/schema\/person\/ae4ec7087559b8692fb33b6fffd2273b","name":"inclusivenews2024","image":{"@type":"ImageObject","inLanguage":"pt-PT","@id":"https:\/\/secure.gravatar.com\/avatar\/c5a7ef84c66fa914f55bc4f7ce26cfa275a3b9a1c5568b907bd184fb4dde7b40?s=96&d=mm&r=g","url":"https:\/\/secure.gravatar.com\/avatar\/c5a7ef84c66fa914f55bc4f7ce26cfa275a3b9a1c5568b907bd184fb4dde7b40?s=96&d=mm&r=g","contentUrl":"https:\/\/secure.gravatar.com\/avatar\/c5a7ef84c66fa914f55bc4f7ce26cfa275a3b9a1c5568b907bd184fb4dde7b40?s=96&d=mm&r=g","caption":"inclusivenews2024"},"sameAs":["https:\/\/inclusivenews.com.br"],"url":"https:\/\/inclusivenews.com.br\/?author=1"}]}},"_links":{"self":[{"href":"https:\/\/inclusivenews.com.br\/index.php?rest_route=\/wp\/v2\/posts\/28190","targetHints":{"allow":["GET"]}}],"collection":[{"href":"https:\/\/inclusivenews.com.br\/index.php?rest_route=\/wp\/v2\/posts"}],"about":[{"href":"https:\/\/inclusivenews.com.br\/index.php?rest_route=\/wp\/v2\/types\/post"}],"author":[{"embeddable":true,"href":"https:\/\/inclusivenews.com.br\/index.php?rest_route=\/wp\/v2\/users\/1"}],"replies":[{"embeddable":true,"href":"https:\/\/inclusivenews.com.br\/index.php?rest_route=%2Fwp%2Fv2%2Fcomments&post=28190"}],"version-history":[{"count":0,"href":"https:\/\/inclusivenews.com.br\/index.php?rest_route=\/wp\/v2\/posts\/28190\/revisions"}],"wp:attachment":[{"href":"https:\/\/inclusivenews.com.br\/index.php?rest_route=%2Fwp%2Fv2%2Fmedia&parent=28190"}],"wp:term":[{"taxonomy":"category","embeddable":true,"href":"https:\/\/inclusivenews.com.br\/index.php?rest_route=%2Fwp%2Fv2%2Fcategories&post=28190"},{"taxonomy":"post_tag","embeddable":true,"href":"https:\/\/inclusivenews.com.br\/index.php?rest_route=%2Fwp%2Fv2%2Ftags&post=28190"}],"curies":[{"name":"wp","href":"https:\/\/api.w.org\/{rel}","templated":true}]}}