{"id":28196,"date":"2015-07-09T21:25:48","date_gmt":"2015-07-10T00:25:48","guid":{"rendered":"http:\/\/www.inclusive.org.br\/?p=28196"},"modified":"2015-07-09T21:25:48","modified_gmt":"2015-07-10T00:25:48","slug":"aos-94-edgar-morin-lanca-ensinar-a-viver-manifesto-para-mudar-a-educacao","status":"publish","type":"post","link":"https:\/\/inclusivenews.com.br\/?p=28196","title":{"rendered":"Aos 94, Edgar Morin lan\u00e7a &quot;Ensinar a Viver. Manifesto para mudar a educa\u00e7\u00e3o.&quot;"},"content":{"rendered":"<p>Edgar Morin, pseud\u00f4nimo de Edgar Nahoum, \u00e9 antrop\u00f3logo, soci\u00f3logo e fil\u00f3sofo.\u00a0Nascido em Paris, est\u00e1 completando 94 anos. Traduzido por Edgard de Assis Carvalho e\u00a0Mariza Perassi Bosco, a\u00a0Editora Sulina, de Porto Alegre, brevemente estar\u00e1 lan\u00e7ando o seu mais novo livro: \u00a0&#8220;Ensinar a Viver. Manifesto para mudar a educa\u00e7\u00e3o.&#8221;<\/p>\n<figure style=\"width: 275px\" class=\"wp-caption alignnone\"><img loading=\"lazy\" decoding=\"async\" alt=\"Morin apoiado sobre uma das m\u00e3os, diante de uma biblioteca\" src=\"https:\/\/encrypted-tbn0.gstatic.com\/images?q=tbn:ANd9GcTRKYXyRjRQ_ppyJnOtsRAPcmwG9KgqpU_jpMQOKLxYUzJD2jIo\" width=\"275\" height=\"183\" \/><figcaption class=\"wp-caption-text\">Imagem: Escola de Redes<\/figcaption><\/figure>\n<p>Conhe\u00e7a a seguir algumas das opini\u00f5es de Morin sobre a escola e a educa\u00e7\u00e3o.<\/p>\n<p>Fonte: <a href=\"http:\/\/www.ricardotows.net.br\/2015\/03\/entrevista-edgar-morin-e-preciso.html\" target=\"_blank\" rel=\"noopener\">Blog do Ricardo Tows<\/a><\/p>\n<p><strong>Qual seria, ent\u00e3o, na sua opini\u00e3o, o maior desafio do ensino escolar hoje no mundo? Fazer esse equil\u00edbrio sociedade tecnol\u00f3gica e humana, o equil\u00edbrio entre o dinheiro e o saber, entre o humanismo e a individualidade?<\/strong><\/p>\n<div><\/div>\n<div><strong>Edgar Morin:\u00a0<\/strong>Antes de mais nada, \u00e9 n\u00e3o se deixar contaminar pela l\u00f3gica da empresa. Uma universidade n\u00e3o \u00e9 uma empresa, \u00e9 como um hospital, n\u00e3o \u00e9 uma empresa. A l\u00f3gica n\u00e3o \u00e9 a do lucro, n\u00e3o \u00e9 a dos benef\u00edcios, n\u00e3o \u00e9 a do equil\u00edbrio or\u00e7ament\u00e1rio, \u00e9 outra l\u00f3gica. Depois, n\u00e3o obedecer ao dogma da avalia\u00e7\u00e3o. Avaliamos e avaliamos, quando, na realidade, a avalia\u00e7\u00e3o tamb\u00e9m \u00e9 um jeito de calcular que ignora a complexidade das realidades humanas. O objetivo do ensino deve ser ensinar a viver. Viver n\u00e3o \u00e9 s\u00f3 se adaptar ao mundo moderno. Viver quer dizer como, efetivamente, n\u00e3o somente tratar as grandes quest\u00f5es de que falamos, mas como viver na nossa civiliza\u00e7\u00e3o, como viver na sociedade de consumo. Produzimos coisas descart\u00e1veis em vez de objetos repar\u00e1veis, que possam ser consertados. Ent\u00e3o h\u00e1 toda uma l\u00f3gica e \u00e9 preciso dar, no ensino, os meios \u00e0queles que v\u00e3o se tornar adultos, de poder escolher alimentos, consumo, n\u00e3o usar o que n\u00e3o \u00e9 bom e favorecer o que tem qualidade e o que \u00e9 artesanal. Acho que \u00e9 preciso ensinar n\u00e3o s\u00f3 a utilizar a internet, mas a conhecer o mundo da internet. \u00c9 preciso ensinar a saber como \u00e9 selecionada a informa\u00e7\u00e3o na m\u00eddia, pois a informa\u00e7\u00e3o sempre\u00a0 passa por uma sele\u00e7\u00e3o \u2013 como e por qu\u00ea? \u00c9 preciso ensinar, h\u00e1 todo um ensinamento, para nossa civiliza\u00e7\u00e3o, que n\u00e3o est\u00e1 pronto. Tem isso e ainda o ensino dos problemas fundamentais e globais. Essa \u00e9 a reforma fundamental que precisa ser feita.<\/div>\n<div><\/div>\n<div><strong>A seguir, a palestra de Edgar Morin no Fronteiras do Pensamento<\/strong><\/div>\n<div><\/div>\n<p><iframe loading=\"lazy\" src=\"https:\/\/www.youtube.com\/embed\/VmFB9Vcac1U\" height=\"255\" width=\"427\" allowfullscreen=\"\" frameborder=\"0\"><\/iframe><\/p>\n<div><\/div>\n<p><iframe loading=\"lazy\" src=\"https:\/\/www.youtube.com\/embed\/uZBK0gtfsrU\" height=\"255\" width=\"427\" allowfullscreen=\"\" frameborder=\"0\"><\/iframe><\/p>\n","protected":false},"excerpt":{"rendered":"<p> Traduzido por Edgard de Assis Carvalho e Mariza Perassi Bosco, a Editora Sulina, de Porto Alegre, brevemente estar\u00e1 lan\u00e7ando o seu mais novo livro:  &#8220;Ensinar a Viver. Manifesto para mudar a educa\u00e7\u00e3o.&#8221;<\/p>\n","protected":false},"author":1,"featured_media":0,"comment_status":"open","ping_status":"open","sticky":false,"template":"","format":"standard","meta":{"site-container-style":"default","site-container-layout":"default","site-sidebar-layout":"default","disable-article-header":"default","disable-site-header":"default","disable-site-footer":"default","disable-content-area-spacing":"default","footnotes":""},"categories":[6,50,51],"tags":[197,116],"class_list":["post-28196","post","type-post","status-publish","format-standard","hentry","category-educacao","category-lancamentos","category-livros","tag-edgar-morin","tag-educacao"],"yoast_head":"<!-- This site is optimized with the Yoast SEO plugin v27.4 - https:\/\/yoast.com\/product\/yoast-seo-wordpress\/ -->\n<title>Aos 94, Edgar Morin lan\u00e7a &quot;Ensinar a Viver. Manifesto para mudar a educa\u00e7\u00e3o.&quot; -<\/title>\n<meta name=\"robots\" content=\"index, follow, max-snippet:-1, max-image-preview:large, max-video-preview:-1\" \/>\n<link rel=\"canonical\" href=\"https:\/\/inclusivenews.com.br\/?p=28196\" \/>\n<meta property=\"og:locale\" content=\"pt_PT\" \/>\n<meta property=\"og:type\" content=\"article\" \/>\n<meta property=\"og:title\" content=\"Aos 94, Edgar Morin lan\u00e7a &quot;Ensinar a Viver. Manifesto para mudar a educa\u00e7\u00e3o.&quot; -\" \/>\n<meta property=\"og:description\" content=\"Traduzido por Edgard de Assis Carvalho e Mariza Perassi Bosco, a Editora Sulina, de Porto Alegre, brevemente estar\u00e1 lan\u00e7ando o seu mais novo livro: &quot;Ensinar a Viver. Manifesto para mudar a educa\u00e7\u00e3o.&quot;\" \/>\n<meta property=\"og:url\" content=\"https:\/\/inclusivenews.com.br\/?p=28196\" \/>\n<meta property=\"article:publisher\" content=\"https:\/\/www.facebook.com\/agenciainclusive\/\" \/>\n<meta property=\"article:published_time\" content=\"2015-07-10T00:25:48+00:00\" \/>\n<meta property=\"og:image\" content=\"https:\/\/encrypted-tbn0.gstatic.com\/images?q=tbn:ANd9GcTRKYXyRjRQ_ppyJnOtsRAPcmwG9KgqpU_jpMQOKLxYUzJD2jIo\" \/>\n<meta name=\"author\" content=\"inclusivenews2024\" \/>\n<meta name=\"twitter:card\" content=\"summary_large_image\" \/>\n<meta name=\"twitter:label1\" content=\"Escrito por\" \/>\n\t<meta name=\"twitter:data1\" content=\"inclusivenews2024\" \/>\n\t<meta name=\"twitter:label2\" content=\"Tempo estimado de leitura\" \/>\n\t<meta name=\"twitter:data2\" content=\"2 minutos\" \/>\n<script type=\"application\/ld+json\" class=\"yoast-schema-graph\">{\"@context\":\"https:\\\/\\\/schema.org\",\"@graph\":[{\"@type\":\"Article\",\"@id\":\"https:\\\/\\\/inclusivenews.com.br\\\/?p=28196#article\",\"isPartOf\":{\"@id\":\"https:\\\/\\\/inclusivenews.com.br\\\/?p=28196\"},\"author\":{\"name\":\"inclusivenews2024\",\"@id\":\"https:\\\/\\\/inclusivenews.com.br\\\/#\\\/schema\\\/person\\\/ae4ec7087559b8692fb33b6fffd2273b\"},\"headline\":\"Aos 94, Edgar Morin lan\u00e7a &quot;Ensinar a Viver. Manifesto para mudar a educa\u00e7\u00e3o.&quot;\",\"datePublished\":\"2015-07-10T00:25:48+00:00\",\"mainEntityOfPage\":{\"@id\":\"https:\\\/\\\/inclusivenews.com.br\\\/?p=28196\"},\"wordCount\":423,\"commentCount\":0,\"publisher\":{\"@id\":\"https:\\\/\\\/inclusivenews.com.br\\\/#organization\"},\"image\":{\"@id\":\"https:\\\/\\\/inclusivenews.com.br\\\/?p=28196#primaryimage\"},\"thumbnailUrl\":\"https:\\\/\\\/encrypted-tbn0.gstatic.com\\\/images?q=tbn:ANd9GcTRKYXyRjRQ_ppyJnOtsRAPcmwG9KgqpU_jpMQOKLxYUzJD2jIo\",\"keywords\":[\"Edgar Morin\",\"Educa\u00e7\u00e3o\"],\"articleSection\":[\"EDUCA\u00c7\u00c3O\",\"Lan\u00e7amentos\",\"Livros\"],\"inLanguage\":\"pt-PT\",\"potentialAction\":[{\"@type\":\"CommentAction\",\"name\":\"Comment\",\"target\":[\"https:\\\/\\\/inclusivenews.com.br\\\/?p=28196#respond\"]}]},{\"@type\":\"WebPage\",\"@id\":\"https:\\\/\\\/inclusivenews.com.br\\\/?p=28196\",\"url\":\"https:\\\/\\\/inclusivenews.com.br\\\/?p=28196\",\"name\":\"Aos 94, Edgar Morin lan\u00e7a &quot;Ensinar a Viver. Manifesto para mudar a educa\u00e7\u00e3o.&quot; -\",\"isPartOf\":{\"@id\":\"https:\\\/\\\/inclusivenews.com.br\\\/#website\"},\"primaryImageOfPage\":{\"@id\":\"https:\\\/\\\/inclusivenews.com.br\\\/?p=28196#primaryimage\"},\"image\":{\"@id\":\"https:\\\/\\\/inclusivenews.com.br\\\/?p=28196#primaryimage\"},\"thumbnailUrl\":\"https:\\\/\\\/encrypted-tbn0.gstatic.com\\\/images?q=tbn:ANd9GcTRKYXyRjRQ_ppyJnOtsRAPcmwG9KgqpU_jpMQOKLxYUzJD2jIo\",\"datePublished\":\"2015-07-10T00:25:48+00:00\",\"breadcrumb\":{\"@id\":\"https:\\\/\\\/inclusivenews.com.br\\\/?p=28196#breadcrumb\"},\"inLanguage\":\"pt-PT\",\"potentialAction\":[{\"@type\":\"ReadAction\",\"target\":[\"https:\\\/\\\/inclusivenews.com.br\\\/?p=28196\"]}]},{\"@type\":\"ImageObject\",\"inLanguage\":\"pt-PT\",\"@id\":\"https:\\\/\\\/inclusivenews.com.br\\\/?p=28196#primaryimage\",\"url\":\"https:\\\/\\\/encrypted-tbn0.gstatic.com\\\/images?q=tbn:ANd9GcTRKYXyRjRQ_ppyJnOtsRAPcmwG9KgqpU_jpMQOKLxYUzJD2jIo\",\"contentUrl\":\"https:\\\/\\\/encrypted-tbn0.gstatic.com\\\/images?q=tbn:ANd9GcTRKYXyRjRQ_ppyJnOtsRAPcmwG9KgqpU_jpMQOKLxYUzJD2jIo\"},{\"@type\":\"BreadcrumbList\",\"@id\":\"https:\\\/\\\/inclusivenews.com.br\\\/?p=28196#breadcrumb\",\"itemListElement\":[{\"@type\":\"ListItem\",\"position\":1,\"name\":\"In\u00edcio\",\"item\":\"https:\\\/\\\/inclusivenews.com.br\\\/\"},{\"@type\":\"ListItem\",\"position\":2,\"name\":\"Aos 94, Edgar Morin lan\u00e7a &quot;Ensinar a Viver. Manifesto para mudar a educa\u00e7\u00e3o.&quot;\"}]},{\"@type\":\"WebSite\",\"@id\":\"https:\\\/\\\/inclusivenews.com.br\\\/#website\",\"url\":\"https:\\\/\\\/inclusivenews.com.br\\\/\",\"name\":\"Inclusive News\",\"description\":\"Inclusive News\",\"publisher\":{\"@id\":\"https:\\\/\\\/inclusivenews.com.br\\\/#organization\"},\"potentialAction\":[{\"@type\":\"SearchAction\",\"target\":{\"@type\":\"EntryPoint\",\"urlTemplate\":\"https:\\\/\\\/inclusivenews.com.br\\\/?s={search_term_string}\"},\"query-input\":{\"@type\":\"PropertyValueSpecification\",\"valueRequired\":true,\"valueName\":\"search_term_string\"}}],\"inLanguage\":\"pt-PT\"},{\"@type\":\"Organization\",\"@id\":\"https:\\\/\\\/inclusivenews.com.br\\\/#organization\",\"name\":\"Inclusive - inclus\u00e3o e cidadania\",\"url\":\"https:\\\/\\\/inclusivenews.com.br\\\/\",\"logo\":{\"@type\":\"ImageObject\",\"inLanguage\":\"pt-PT\",\"@id\":\"https:\\\/\\\/inclusivenews.com.br\\\/#\\\/schema\\\/logo\\\/image\\\/\",\"url\":\"https:\\\/\\\/inclusivenews.com.br\\\/wp-content\\\/uploads\\\/2024\\\/03\\\/@grandesite.png\",\"contentUrl\":\"https:\\\/\\\/inclusivenews.com.br\\\/wp-content\\\/uploads\\\/2024\\\/03\\\/@grandesite.png\",\"width\":1080,\"height\":1080,\"caption\":\"Inclusive - inclus\u00e3o e cidadania\"},\"image\":{\"@id\":\"https:\\\/\\\/inclusivenews.com.br\\\/#\\\/schema\\\/logo\\\/image\\\/\"},\"sameAs\":[\"https:\\\/\\\/www.facebook.com\\\/agenciainclusive\\\/\",\"https:\\\/\\\/www.instagram.com\\\/newsinclusive\\\/\"]},{\"@type\":\"Person\",\"@id\":\"https:\\\/\\\/inclusivenews.com.br\\\/#\\\/schema\\\/person\\\/ae4ec7087559b8692fb33b6fffd2273b\",\"name\":\"inclusivenews2024\",\"image\":{\"@type\":\"ImageObject\",\"inLanguage\":\"pt-PT\",\"@id\":\"https:\\\/\\\/secure.gravatar.com\\\/avatar\\\/c5a7ef84c66fa914f55bc4f7ce26cfa275a3b9a1c5568b907bd184fb4dde7b40?s=96&d=mm&r=g\",\"url\":\"https:\\\/\\\/secure.gravatar.com\\\/avatar\\\/c5a7ef84c66fa914f55bc4f7ce26cfa275a3b9a1c5568b907bd184fb4dde7b40?s=96&d=mm&r=g\",\"contentUrl\":\"https:\\\/\\\/secure.gravatar.com\\\/avatar\\\/c5a7ef84c66fa914f55bc4f7ce26cfa275a3b9a1c5568b907bd184fb4dde7b40?s=96&d=mm&r=g\",\"caption\":\"inclusivenews2024\"},\"sameAs\":[\"https:\\\/\\\/inclusivenews.com.br\"],\"url\":\"https:\\\/\\\/inclusivenews.com.br\\\/?author=1\"}]}<\/script>\n<!-- \/ Yoast SEO plugin. -->","yoast_head_json":{"title":"Aos 94, Edgar Morin lan\u00e7a &quot;Ensinar a Viver. Manifesto para mudar a educa\u00e7\u00e3o.&quot; -","robots":{"index":"index","follow":"follow","max-snippet":"max-snippet:-1","max-image-preview":"max-image-preview:large","max-video-preview":"max-video-preview:-1"},"canonical":"https:\/\/inclusivenews.com.br\/?p=28196","og_locale":"pt_PT","og_type":"article","og_title":"Aos 94, Edgar Morin lan\u00e7a &quot;Ensinar a Viver. Manifesto para mudar a educa\u00e7\u00e3o.&quot; -","og_description":"Traduzido por Edgard de Assis Carvalho e Mariza Perassi Bosco, a Editora Sulina, de Porto Alegre, brevemente estar\u00e1 lan\u00e7ando o seu mais novo livro: \"Ensinar a Viver. Manifesto para mudar a educa\u00e7\u00e3o.\"","og_url":"https:\/\/inclusivenews.com.br\/?p=28196","article_publisher":"https:\/\/www.facebook.com\/agenciainclusive\/","article_published_time":"2015-07-10T00:25:48+00:00","og_image":[{"url":"https:\/\/encrypted-tbn0.gstatic.com\/images?q=tbn:ANd9GcTRKYXyRjRQ_ppyJnOtsRAPcmwG9KgqpU_jpMQOKLxYUzJD2jIo","type":"","width":"","height":""}],"author":"inclusivenews2024","twitter_card":"summary_large_image","twitter_misc":{"Escrito por":"inclusivenews2024","Tempo estimado de leitura":"2 minutos"},"schema":{"@context":"https:\/\/schema.org","@graph":[{"@type":"Article","@id":"https:\/\/inclusivenews.com.br\/?p=28196#article","isPartOf":{"@id":"https:\/\/inclusivenews.com.br\/?p=28196"},"author":{"name":"inclusivenews2024","@id":"https:\/\/inclusivenews.com.br\/#\/schema\/person\/ae4ec7087559b8692fb33b6fffd2273b"},"headline":"Aos 94, Edgar Morin lan\u00e7a &quot;Ensinar a Viver. Manifesto para mudar a educa\u00e7\u00e3o.&quot;","datePublished":"2015-07-10T00:25:48+00:00","mainEntityOfPage":{"@id":"https:\/\/inclusivenews.com.br\/?p=28196"},"wordCount":423,"commentCount":0,"publisher":{"@id":"https:\/\/inclusivenews.com.br\/#organization"},"image":{"@id":"https:\/\/inclusivenews.com.br\/?p=28196#primaryimage"},"thumbnailUrl":"https:\/\/encrypted-tbn0.gstatic.com\/images?q=tbn:ANd9GcTRKYXyRjRQ_ppyJnOtsRAPcmwG9KgqpU_jpMQOKLxYUzJD2jIo","keywords":["Edgar Morin","Educa\u00e7\u00e3o"],"articleSection":["EDUCA\u00c7\u00c3O","Lan\u00e7amentos","Livros"],"inLanguage":"pt-PT","potentialAction":[{"@type":"CommentAction","name":"Comment","target":["https:\/\/inclusivenews.com.br\/?p=28196#respond"]}]},{"@type":"WebPage","@id":"https:\/\/inclusivenews.com.br\/?p=28196","url":"https:\/\/inclusivenews.com.br\/?p=28196","name":"Aos 94, Edgar Morin lan\u00e7a &quot;Ensinar a Viver. Manifesto para mudar a educa\u00e7\u00e3o.&quot; -","isPartOf":{"@id":"https:\/\/inclusivenews.com.br\/#website"},"primaryImageOfPage":{"@id":"https:\/\/inclusivenews.com.br\/?p=28196#primaryimage"},"image":{"@id":"https:\/\/inclusivenews.com.br\/?p=28196#primaryimage"},"thumbnailUrl":"https:\/\/encrypted-tbn0.gstatic.com\/images?q=tbn:ANd9GcTRKYXyRjRQ_ppyJnOtsRAPcmwG9KgqpU_jpMQOKLxYUzJD2jIo","datePublished":"2015-07-10T00:25:48+00:00","breadcrumb":{"@id":"https:\/\/inclusivenews.com.br\/?p=28196#breadcrumb"},"inLanguage":"pt-PT","potentialAction":[{"@type":"ReadAction","target":["https:\/\/inclusivenews.com.br\/?p=28196"]}]},{"@type":"ImageObject","inLanguage":"pt-PT","@id":"https:\/\/inclusivenews.com.br\/?p=28196#primaryimage","url":"https:\/\/encrypted-tbn0.gstatic.com\/images?q=tbn:ANd9GcTRKYXyRjRQ_ppyJnOtsRAPcmwG9KgqpU_jpMQOKLxYUzJD2jIo","contentUrl":"https:\/\/encrypted-tbn0.gstatic.com\/images?q=tbn:ANd9GcTRKYXyRjRQ_ppyJnOtsRAPcmwG9KgqpU_jpMQOKLxYUzJD2jIo"},{"@type":"BreadcrumbList","@id":"https:\/\/inclusivenews.com.br\/?p=28196#breadcrumb","itemListElement":[{"@type":"ListItem","position":1,"name":"In\u00edcio","item":"https:\/\/inclusivenews.com.br\/"},{"@type":"ListItem","position":2,"name":"Aos 94, Edgar Morin lan\u00e7a &quot;Ensinar a Viver. Manifesto para mudar a educa\u00e7\u00e3o.&quot;"}]},{"@type":"WebSite","@id":"https:\/\/inclusivenews.com.br\/#website","url":"https:\/\/inclusivenews.com.br\/","name":"Inclusive News","description":"Inclusive News","publisher":{"@id":"https:\/\/inclusivenews.com.br\/#organization"},"potentialAction":[{"@type":"SearchAction","target":{"@type":"EntryPoint","urlTemplate":"https:\/\/inclusivenews.com.br\/?s={search_term_string}"},"query-input":{"@type":"PropertyValueSpecification","valueRequired":true,"valueName":"search_term_string"}}],"inLanguage":"pt-PT"},{"@type":"Organization","@id":"https:\/\/inclusivenews.com.br\/#organization","name":"Inclusive - inclus\u00e3o e cidadania","url":"https:\/\/inclusivenews.com.br\/","logo":{"@type":"ImageObject","inLanguage":"pt-PT","@id":"https:\/\/inclusivenews.com.br\/#\/schema\/logo\/image\/","url":"https:\/\/inclusivenews.com.br\/wp-content\/uploads\/2024\/03\/@grandesite.png","contentUrl":"https:\/\/inclusivenews.com.br\/wp-content\/uploads\/2024\/03\/@grandesite.png","width":1080,"height":1080,"caption":"Inclusive - inclus\u00e3o e cidadania"},"image":{"@id":"https:\/\/inclusivenews.com.br\/#\/schema\/logo\/image\/"},"sameAs":["https:\/\/www.facebook.com\/agenciainclusive\/","https:\/\/www.instagram.com\/newsinclusive\/"]},{"@type":"Person","@id":"https:\/\/inclusivenews.com.br\/#\/schema\/person\/ae4ec7087559b8692fb33b6fffd2273b","name":"inclusivenews2024","image":{"@type":"ImageObject","inLanguage":"pt-PT","@id":"https:\/\/secure.gravatar.com\/avatar\/c5a7ef84c66fa914f55bc4f7ce26cfa275a3b9a1c5568b907bd184fb4dde7b40?s=96&d=mm&r=g","url":"https:\/\/secure.gravatar.com\/avatar\/c5a7ef84c66fa914f55bc4f7ce26cfa275a3b9a1c5568b907bd184fb4dde7b40?s=96&d=mm&r=g","contentUrl":"https:\/\/secure.gravatar.com\/avatar\/c5a7ef84c66fa914f55bc4f7ce26cfa275a3b9a1c5568b907bd184fb4dde7b40?s=96&d=mm&r=g","caption":"inclusivenews2024"},"sameAs":["https:\/\/inclusivenews.com.br"],"url":"https:\/\/inclusivenews.com.br\/?author=1"}]}},"_links":{"self":[{"href":"https:\/\/inclusivenews.com.br\/index.php?rest_route=\/wp\/v2\/posts\/28196","targetHints":{"allow":["GET"]}}],"collection":[{"href":"https:\/\/inclusivenews.com.br\/index.php?rest_route=\/wp\/v2\/posts"}],"about":[{"href":"https:\/\/inclusivenews.com.br\/index.php?rest_route=\/wp\/v2\/types\/post"}],"author":[{"embeddable":true,"href":"https:\/\/inclusivenews.com.br\/index.php?rest_route=\/wp\/v2\/users\/1"}],"replies":[{"embeddable":true,"href":"https:\/\/inclusivenews.com.br\/index.php?rest_route=%2Fwp%2Fv2%2Fcomments&post=28196"}],"version-history":[{"count":0,"href":"https:\/\/inclusivenews.com.br\/index.php?rest_route=\/wp\/v2\/posts\/28196\/revisions"}],"wp:attachment":[{"href":"https:\/\/inclusivenews.com.br\/index.php?rest_route=%2Fwp%2Fv2%2Fmedia&parent=28196"}],"wp:term":[{"taxonomy":"category","embeddable":true,"href":"https:\/\/inclusivenews.com.br\/index.php?rest_route=%2Fwp%2Fv2%2Fcategories&post=28196"},{"taxonomy":"post_tag","embeddable":true,"href":"https:\/\/inclusivenews.com.br\/index.php?rest_route=%2Fwp%2Fv2%2Ftags&post=28196"}],"curies":[{"name":"wp","href":"https:\/\/api.w.org\/{rel}","templated":true}]}}