{"id":28212,"date":"2015-07-11T09:34:43","date_gmt":"2015-07-11T12:34:43","guid":{"rendered":"http:\/\/www.inclusive.org.br\/?p=28212"},"modified":"2015-07-11T09:34:43","modified_gmt":"2015-07-11T12:34:43","slug":"oportunidade-perdida","status":"publish","type":"post","link":"https:\/\/inclusivenews.com.br\/?p=28212","title":{"rendered":"Oportunidade Perdida"},"content":{"rendered":"<p dir=\"ltr\">\n<p dir=\"ltr\">\n<p dir=\"ltr\"><img decoding=\"async\" alt=\"\" src=\"http:\/\/www.workplacemedical.com\/wp-content\/uploads\/2014\/02\/disability-work.jpg\" \/><\/p>\n<p dir=\"ltr\">\u00a0Por Marcos Weiss Bliacheris<\/p>\n<p dir=\"ltr\">\n<p dir=\"ltr\">A Lei Brasileira de Inclus\u00e3o da Pessoa com Defici\u00eancia, tamb\u00e9m chamada de Estatuto da Pessoa com Defici\u00eancia, inovou ao estabelecer margem de prefer\u00eancia vinculada \u00e0 contrata\u00e7\u00e3o de pessoas com defici\u00eancia nas licita\u00e7\u00f5es p\u00fablicas.<\/p>\n<p dir=\"ltr\">O Estado brasileiro compra e contrata mediante licita\u00e7\u00f5es p\u00fablicas com condi\u00e7\u00f5es fixadas em lei. \u00a0A utiliza\u00e7\u00e3o do poder de compra do Estado para implementar pol\u00edticas p\u00fablicas e para incentivar comportamentos ambientalmente corretos e socialmente justos, sem descuidar da viabilidade econ\u00f4mica, \u00e9 uma das caracter\u00edsticas da Administra\u00e7\u00e3o P\u00fablica do s\u00e9culo XXI.<\/p>\n<p dir=\"ltr\">No Brasil, as licita\u00e7\u00f5es t\u00eam sido utilizadas para promover a agricultura familiar, as micro e pequenas empresas, na prote\u00e7\u00e3o ao trabalho do menor entre outros objetivos. \u00a0A Lei de Licita\u00e7\u00f5es j\u00e1 previa, desde 1994, a possibilidade de contrata\u00e7\u00e3o direta de associa\u00e7\u00e3o de portadores de defici\u00eancia f\u00edsica para a presta\u00e7\u00e3o de servi\u00e7os ou fornecimento de m\u00e3o-de-obra.<\/p>\n<p dir=\"ltr\">As licita\u00e7\u00f5es tamb\u00e9m podem ser utilizadas como uma forma de fortalecer setores vulner\u00e1veis da sociedade. A \u00c1frica do Sul vem utilizando as licita\u00e7\u00f5es p\u00fablicas para o fortalecimento da economia negra. No Brasil, as licita\u00e7\u00f5es para concess\u00f5es florestais estimulam a contrata\u00e7\u00e3o de mulheres e trabalhadores locais e o incremento da economia local.<\/p>\n<p dir=\"ltr\">Considerando a condi\u00e7\u00e3o de vulnerabilidade social e econ\u00f4mica das pessoas com defici\u00eancia, v\u00e1rios pa\u00edses adotam mecanismo que beneficiam as empresas ou entidades que as empregam. Os exemplos v\u00e3o desde a Uni\u00e3o Europeia at\u00e9 nossos vizinhos sul-americanos.<\/p>\n<p dir=\"ltr\">Assim, a Lei 13.146, passados mais de vinte anos daquele primeiro passo dado em 1994, estabeleceu nova rela\u00e7\u00e3o entre as pessoas com defici\u00eancias e as compras p\u00fablicas.<\/p>\n<p dir=\"ltr\">Por ela, \u201cnos processos de licita\u00e7\u00e3o, poder\u00e1 ser estabelecida margem de prefer\u00eancia para \u00a0bens produzidos ou servi\u00e7os prestados por empresas que comprovem que cumprem a reserva de cargos prevista em lei para pessoa com defici\u00eancia ou para reabilitado da Previd\u00eancia Social.\u201d Essas empresas devem tamb\u00e9m atender as regras de acessibilidade previstas na legisla\u00e7\u00e3o.<\/p>\n<p dir=\"ltr\">Essa margem de prefer\u00eancia ser\u00e1 regulamentada em um Decreto, n\u00e3o podendo ser aplicada desde j\u00e1.<\/p>\n<p dir=\"ltr\">Agora, porque lamentar a oportunidade perdida? Por que, ap\u00f3s vinte anos, demos um salto t\u00edmido, pequeno.<\/p>\n<p dir=\"ltr\">Primeiramente, ser\u00e1 uma op\u00e7\u00e3o do gestor p\u00fablico, n\u00e3o uma obriga\u00e7\u00e3o.<\/p>\n<p dir=\"ltr\">A norma tem um alcance limitado, pois dirige-se apenas \u00e0s empresas com mais de 100 empregados. Infelizmente, a Presidente vetou o artigo que abria vagas para pessoas com defici\u00eancia nas empresas com 50 a 99 empregados.<\/p>\n<p dir=\"ltr\">Por \u00faltimo, a norma apenas beneficia quem cumpre a Lei. Essa timidez \u00e9 surpreendente. As licita\u00e7\u00f5es que procuram resultados sociais buscam um desempenho melhor que a m\u00e9dia do mercado, n\u00e3o o simples cumprimento da lei. Trata-se de um avan\u00e7o muito pequeno premiar quem cumpre a lei. Espera-se que quem n\u00e3o cumpre a lei seja punido e premia-se quem cumpre al\u00e9m da lei.<\/p>\n<p dir=\"ltr\">Alternativas existem, sim. E esperamos que nossos representantes n\u00e3o fiquem somente nesta tentativa quase envergonhada de estimular a inser\u00e7\u00e3o de pessoas com defici\u00eancia no mercado do trabalho.<\/p>\n<p dir=\"ltr\">Nos pa\u00edses da Uni\u00e3o Europeia, temos as oficinas protegidas (termo utilizado em Portugal), empresas com pelo menos metade dos trabalhadores com defici\u00eancia que podem ser contratados em condi\u00e7\u00f5es especiais. H\u00e1 a possibilidade de licita\u00e7\u00f5es em que somente estas empresas participem ou a destina\u00e7\u00e3o de um percentual de contrata\u00e7\u00f5es para essas contrata\u00e7\u00f5es.<\/p>\n<p dir=\"ltr\">Mas n\u00e3o precisamos ir t\u00e3o longe, no Chile, temos reserva de 10% para motoristas com defici\u00eancia nas licita\u00e7\u00f5es para licen\u00e7as de t\u00e1xi. Crit\u00e9rios que beneficiam empresas que empregam pessoas com defici\u00eancia s\u00e3o encontrados na legisla\u00e7\u00e3o de outros pa\u00edses latino americanos como M\u00e9xico e Col\u00f4mbia.<\/p>\n<p dir=\"ltr\">Deve-se destacar o pioneirismo argentino que, desde 1981, estabelece a instala\u00e7\u00e3o de pequenas lojas, quiosques, em locais e \u00f3rg\u00e3os p\u00fablicos, com prioridade de explora\u00e7\u00e3o por pessoas com defici\u00eancia. Desconsiderando a rivalidade, que deve ficar no campo de futebol, \u00e9 uma boa iniciativa a ser copiada. Quantas vezes necessitamos de \u00e1gua ou de um pequeno servi\u00e7o em um \u00f3rg\u00e3o p\u00fablico e temos de sair de l\u00e1 procurando algum lugar que o ofere\u00e7a? Que haja esse espa\u00e7o e seja possibilitada sua explora\u00e7\u00e3o para algu\u00e9m que quer trabalhar seria uma iniciativa louv\u00e1vel.<\/p>\n<p dir=\"ltr\">Desse quadro, aprendemos que h\u00e1 caminhos poss\u00edveis de serem trilhados. Que o passo ora dado, pequeno, seja o primeiro. E que seja em dire\u00e7\u00e3o a uma vida mais digna, que s\u00f3 o trabalho e a conviv\u00eancia em sociedade permitem.<\/p>\n<p>\u00a0 (Marcos Weiss Bliacheris \u00e9 advogado e autor dos livros \u00a0&#8220;Sustentabilidade na Administra\u00e7\u00e3o P\u00fablica &#8211; Valores e Pr\u00e1ticas de Gest\u00e3o Socioambiental&#8221; e &#8220;Panorama de Licita\u00e7\u00f5es Sustent\u00e1veis &#8211; Direito e Gest\u00e3o P\u00fablica&#8221;)<\/p>\n","protected":false},"excerpt":{"rendered":"<p>O advogado Marcos Bliacheris explica porque a Lei Brasileira de Inclus\u00e3o poderia ter feito mais pela inser\u00e7\u00e3o laboral das pessoas com defici\u00eancia, utilizando o mecanismo das licita\u00e7\u00f5es p\u00fablicas. &#8220;A utiliza\u00e7\u00e3o do poder de compra do Estado para implementar pol\u00edticas p\u00fablicas e para incentivar comportamentos ambientalmente corretos e socialmente justos, sem descuidar da viabilidade econ\u00f4mica, \u00e9 uma das caracter\u00edsticas da administra\u00e7\u00e3o p\u00fablica do s\u00e9culo XXI&#8221;, explica.<\/p>\n","protected":false},"author":1,"featured_media":0,"comment_status":"open","ping_status":"open","sticky":false,"template":"","format":"standard","meta":{"site-container-style":"default","site-container-layout":"default","site-sidebar-layout":"default","disable-article-header":"default","disable-site-header":"default","disable-site-footer":"default","disable-content-area-spacing":"default","footnotes":""},"categories":[4],"tags":[],"class_list":["post-28212","post","type-post","status-publish","format-standard","hentry","category-noticias"],"yoast_head":"<!-- This site is optimized with the Yoast SEO plugin v27.4 - https:\/\/yoast.com\/product\/yoast-seo-wordpress\/ -->\n<title>Oportunidade Perdida -<\/title>\n<meta name=\"robots\" content=\"index, follow, max-snippet:-1, max-image-preview:large, max-video-preview:-1\" \/>\n<link rel=\"canonical\" href=\"https:\/\/inclusivenews.com.br\/?p=28212\" \/>\n<meta property=\"og:locale\" content=\"pt_PT\" \/>\n<meta property=\"og:type\" content=\"article\" \/>\n<meta property=\"og:title\" content=\"Oportunidade Perdida -\" \/>\n<meta property=\"og:description\" content=\"O advogado Marcos Bliacheris explica porque a Lei Brasileira de Inclus\u00e3o poderia ter feito mais pela inser\u00e7\u00e3o laboral das pessoas com defici\u00eancia, utilizando o mecanismo das licita\u00e7\u00f5es p\u00fablicas. &quot;A utiliza\u00e7\u00e3o do poder de compra do Estado para implementar pol\u00edticas p\u00fablicas e para incentivar comportamentos ambientalmente corretos e socialmente justos, sem descuidar da viabilidade econ\u00f4mica, \u00e9 uma das caracter\u00edsticas da administra\u00e7\u00e3o p\u00fablica do s\u00e9culo XXI&quot;, explica.\" \/>\n<meta property=\"og:url\" content=\"https:\/\/inclusivenews.com.br\/?p=28212\" \/>\n<meta property=\"article:publisher\" content=\"https:\/\/www.facebook.com\/agenciainclusive\/\" \/>\n<meta property=\"article:published_time\" content=\"2015-07-11T12:34:43+00:00\" \/>\n<meta property=\"og:image\" content=\"http:\/\/www.workplacemedical.com\/wp-content\/uploads\/2014\/02\/disability-work.jpg\" \/>\n<meta name=\"author\" content=\"inclusivenews2024\" \/>\n<meta name=\"twitter:card\" content=\"summary_large_image\" \/>\n<meta name=\"twitter:label1\" content=\"Escrito por\" \/>\n\t<meta name=\"twitter:data1\" content=\"inclusivenews2024\" \/>\n\t<meta name=\"twitter:label2\" content=\"Tempo estimado de leitura\" \/>\n\t<meta name=\"twitter:data2\" content=\"4 minutos\" \/>\n<script type=\"application\/ld+json\" class=\"yoast-schema-graph\">{\"@context\":\"https:\\\/\\\/schema.org\",\"@graph\":[{\"@type\":\"Article\",\"@id\":\"https:\\\/\\\/inclusivenews.com.br\\\/?p=28212#article\",\"isPartOf\":{\"@id\":\"https:\\\/\\\/inclusivenews.com.br\\\/?p=28212\"},\"author\":{\"name\":\"inclusivenews2024\",\"@id\":\"https:\\\/\\\/inclusivenews.com.br\\\/#\\\/schema\\\/person\\\/ae4ec7087559b8692fb33b6fffd2273b\"},\"headline\":\"Oportunidade Perdida\",\"datePublished\":\"2015-07-11T12:34:43+00:00\",\"mainEntityOfPage\":{\"@id\":\"https:\\\/\\\/inclusivenews.com.br\\\/?p=28212\"},\"wordCount\":836,\"commentCount\":2,\"publisher\":{\"@id\":\"https:\\\/\\\/inclusivenews.com.br\\\/#organization\"},\"image\":{\"@id\":\"https:\\\/\\\/inclusivenews.com.br\\\/?p=28212#primaryimage\"},\"thumbnailUrl\":\"http:\\\/\\\/www.workplacemedical.com\\\/wp-content\\\/uploads\\\/2014\\\/02\\\/disability-work.jpg\",\"articleSection\":[\"NOT\u00cdCIAS\"],\"inLanguage\":\"pt-PT\",\"potentialAction\":[{\"@type\":\"CommentAction\",\"name\":\"Comment\",\"target\":[\"https:\\\/\\\/inclusivenews.com.br\\\/?p=28212#respond\"]}]},{\"@type\":\"WebPage\",\"@id\":\"https:\\\/\\\/inclusivenews.com.br\\\/?p=28212\",\"url\":\"https:\\\/\\\/inclusivenews.com.br\\\/?p=28212\",\"name\":\"Oportunidade Perdida -\",\"isPartOf\":{\"@id\":\"https:\\\/\\\/inclusivenews.com.br\\\/#website\"},\"primaryImageOfPage\":{\"@id\":\"https:\\\/\\\/inclusivenews.com.br\\\/?p=28212#primaryimage\"},\"image\":{\"@id\":\"https:\\\/\\\/inclusivenews.com.br\\\/?p=28212#primaryimage\"},\"thumbnailUrl\":\"http:\\\/\\\/www.workplacemedical.com\\\/wp-content\\\/uploads\\\/2014\\\/02\\\/disability-work.jpg\",\"datePublished\":\"2015-07-11T12:34:43+00:00\",\"breadcrumb\":{\"@id\":\"https:\\\/\\\/inclusivenews.com.br\\\/?p=28212#breadcrumb\"},\"inLanguage\":\"pt-PT\",\"potentialAction\":[{\"@type\":\"ReadAction\",\"target\":[\"https:\\\/\\\/inclusivenews.com.br\\\/?p=28212\"]}]},{\"@type\":\"ImageObject\",\"inLanguage\":\"pt-PT\",\"@id\":\"https:\\\/\\\/inclusivenews.com.br\\\/?p=28212#primaryimage\",\"url\":\"http:\\\/\\\/www.workplacemedical.com\\\/wp-content\\\/uploads\\\/2014\\\/02\\\/disability-work.jpg\",\"contentUrl\":\"http:\\\/\\\/www.workplacemedical.com\\\/wp-content\\\/uploads\\\/2014\\\/02\\\/disability-work.jpg\"},{\"@type\":\"BreadcrumbList\",\"@id\":\"https:\\\/\\\/inclusivenews.com.br\\\/?p=28212#breadcrumb\",\"itemListElement\":[{\"@type\":\"ListItem\",\"position\":1,\"name\":\"In\u00edcio\",\"item\":\"https:\\\/\\\/inclusivenews.com.br\\\/\"},{\"@type\":\"ListItem\",\"position\":2,\"name\":\"Oportunidade Perdida\"}]},{\"@type\":\"WebSite\",\"@id\":\"https:\\\/\\\/inclusivenews.com.br\\\/#website\",\"url\":\"https:\\\/\\\/inclusivenews.com.br\\\/\",\"name\":\"Inclusive News\",\"description\":\"Inclusive News\",\"publisher\":{\"@id\":\"https:\\\/\\\/inclusivenews.com.br\\\/#organization\"},\"potentialAction\":[{\"@type\":\"SearchAction\",\"target\":{\"@type\":\"EntryPoint\",\"urlTemplate\":\"https:\\\/\\\/inclusivenews.com.br\\\/?s={search_term_string}\"},\"query-input\":{\"@type\":\"PropertyValueSpecification\",\"valueRequired\":true,\"valueName\":\"search_term_string\"}}],\"inLanguage\":\"pt-PT\"},{\"@type\":\"Organization\",\"@id\":\"https:\\\/\\\/inclusivenews.com.br\\\/#organization\",\"name\":\"Inclusive - inclus\u00e3o e cidadania\",\"url\":\"https:\\\/\\\/inclusivenews.com.br\\\/\",\"logo\":{\"@type\":\"ImageObject\",\"inLanguage\":\"pt-PT\",\"@id\":\"https:\\\/\\\/inclusivenews.com.br\\\/#\\\/schema\\\/logo\\\/image\\\/\",\"url\":\"https:\\\/\\\/inclusivenews.com.br\\\/wp-content\\\/uploads\\\/2024\\\/03\\\/@grandesite.png\",\"contentUrl\":\"https:\\\/\\\/inclusivenews.com.br\\\/wp-content\\\/uploads\\\/2024\\\/03\\\/@grandesite.png\",\"width\":1080,\"height\":1080,\"caption\":\"Inclusive - inclus\u00e3o e cidadania\"},\"image\":{\"@id\":\"https:\\\/\\\/inclusivenews.com.br\\\/#\\\/schema\\\/logo\\\/image\\\/\"},\"sameAs\":[\"https:\\\/\\\/www.facebook.com\\\/agenciainclusive\\\/\",\"https:\\\/\\\/www.instagram.com\\\/newsinclusive\\\/\"]},{\"@type\":\"Person\",\"@id\":\"https:\\\/\\\/inclusivenews.com.br\\\/#\\\/schema\\\/person\\\/ae4ec7087559b8692fb33b6fffd2273b\",\"name\":\"inclusivenews2024\",\"image\":{\"@type\":\"ImageObject\",\"inLanguage\":\"pt-PT\",\"@id\":\"https:\\\/\\\/secure.gravatar.com\\\/avatar\\\/c5a7ef84c66fa914f55bc4f7ce26cfa275a3b9a1c5568b907bd184fb4dde7b40?s=96&d=mm&r=g\",\"url\":\"https:\\\/\\\/secure.gravatar.com\\\/avatar\\\/c5a7ef84c66fa914f55bc4f7ce26cfa275a3b9a1c5568b907bd184fb4dde7b40?s=96&d=mm&r=g\",\"contentUrl\":\"https:\\\/\\\/secure.gravatar.com\\\/avatar\\\/c5a7ef84c66fa914f55bc4f7ce26cfa275a3b9a1c5568b907bd184fb4dde7b40?s=96&d=mm&r=g\",\"caption\":\"inclusivenews2024\"},\"sameAs\":[\"https:\\\/\\\/inclusivenews.com.br\"],\"url\":\"https:\\\/\\\/inclusivenews.com.br\\\/?author=1\"}]}<\/script>\n<!-- \/ Yoast SEO plugin. -->","yoast_head_json":{"title":"Oportunidade Perdida -","robots":{"index":"index","follow":"follow","max-snippet":"max-snippet:-1","max-image-preview":"max-image-preview:large","max-video-preview":"max-video-preview:-1"},"canonical":"https:\/\/inclusivenews.com.br\/?p=28212","og_locale":"pt_PT","og_type":"article","og_title":"Oportunidade Perdida -","og_description":"O advogado Marcos Bliacheris explica porque a Lei Brasileira de Inclus\u00e3o poderia ter feito mais pela inser\u00e7\u00e3o laboral das pessoas com defici\u00eancia, utilizando o mecanismo das licita\u00e7\u00f5es p\u00fablicas. \"A utiliza\u00e7\u00e3o do poder de compra do Estado para implementar pol\u00edticas p\u00fablicas e para incentivar comportamentos ambientalmente corretos e socialmente justos, sem descuidar da viabilidade econ\u00f4mica, \u00e9 uma das caracter\u00edsticas da administra\u00e7\u00e3o p\u00fablica do s\u00e9culo XXI\", explica.","og_url":"https:\/\/inclusivenews.com.br\/?p=28212","article_publisher":"https:\/\/www.facebook.com\/agenciainclusive\/","article_published_time":"2015-07-11T12:34:43+00:00","og_image":[{"url":"http:\/\/www.workplacemedical.com\/wp-content\/uploads\/2014\/02\/disability-work.jpg","type":"","width":"","height":""}],"author":"inclusivenews2024","twitter_card":"summary_large_image","twitter_misc":{"Escrito por":"inclusivenews2024","Tempo estimado de leitura":"4 minutos"},"schema":{"@context":"https:\/\/schema.org","@graph":[{"@type":"Article","@id":"https:\/\/inclusivenews.com.br\/?p=28212#article","isPartOf":{"@id":"https:\/\/inclusivenews.com.br\/?p=28212"},"author":{"name":"inclusivenews2024","@id":"https:\/\/inclusivenews.com.br\/#\/schema\/person\/ae4ec7087559b8692fb33b6fffd2273b"},"headline":"Oportunidade Perdida","datePublished":"2015-07-11T12:34:43+00:00","mainEntityOfPage":{"@id":"https:\/\/inclusivenews.com.br\/?p=28212"},"wordCount":836,"commentCount":2,"publisher":{"@id":"https:\/\/inclusivenews.com.br\/#organization"},"image":{"@id":"https:\/\/inclusivenews.com.br\/?p=28212#primaryimage"},"thumbnailUrl":"http:\/\/www.workplacemedical.com\/wp-content\/uploads\/2014\/02\/disability-work.jpg","articleSection":["NOT\u00cdCIAS"],"inLanguage":"pt-PT","potentialAction":[{"@type":"CommentAction","name":"Comment","target":["https:\/\/inclusivenews.com.br\/?p=28212#respond"]}]},{"@type":"WebPage","@id":"https:\/\/inclusivenews.com.br\/?p=28212","url":"https:\/\/inclusivenews.com.br\/?p=28212","name":"Oportunidade Perdida -","isPartOf":{"@id":"https:\/\/inclusivenews.com.br\/#website"},"primaryImageOfPage":{"@id":"https:\/\/inclusivenews.com.br\/?p=28212#primaryimage"},"image":{"@id":"https:\/\/inclusivenews.com.br\/?p=28212#primaryimage"},"thumbnailUrl":"http:\/\/www.workplacemedical.com\/wp-content\/uploads\/2014\/02\/disability-work.jpg","datePublished":"2015-07-11T12:34:43+00:00","breadcrumb":{"@id":"https:\/\/inclusivenews.com.br\/?p=28212#breadcrumb"},"inLanguage":"pt-PT","potentialAction":[{"@type":"ReadAction","target":["https:\/\/inclusivenews.com.br\/?p=28212"]}]},{"@type":"ImageObject","inLanguage":"pt-PT","@id":"https:\/\/inclusivenews.com.br\/?p=28212#primaryimage","url":"http:\/\/www.workplacemedical.com\/wp-content\/uploads\/2014\/02\/disability-work.jpg","contentUrl":"http:\/\/www.workplacemedical.com\/wp-content\/uploads\/2014\/02\/disability-work.jpg"},{"@type":"BreadcrumbList","@id":"https:\/\/inclusivenews.com.br\/?p=28212#breadcrumb","itemListElement":[{"@type":"ListItem","position":1,"name":"In\u00edcio","item":"https:\/\/inclusivenews.com.br\/"},{"@type":"ListItem","position":2,"name":"Oportunidade Perdida"}]},{"@type":"WebSite","@id":"https:\/\/inclusivenews.com.br\/#website","url":"https:\/\/inclusivenews.com.br\/","name":"Inclusive News","description":"Inclusive News","publisher":{"@id":"https:\/\/inclusivenews.com.br\/#organization"},"potentialAction":[{"@type":"SearchAction","target":{"@type":"EntryPoint","urlTemplate":"https:\/\/inclusivenews.com.br\/?s={search_term_string}"},"query-input":{"@type":"PropertyValueSpecification","valueRequired":true,"valueName":"search_term_string"}}],"inLanguage":"pt-PT"},{"@type":"Organization","@id":"https:\/\/inclusivenews.com.br\/#organization","name":"Inclusive - inclus\u00e3o e cidadania","url":"https:\/\/inclusivenews.com.br\/","logo":{"@type":"ImageObject","inLanguage":"pt-PT","@id":"https:\/\/inclusivenews.com.br\/#\/schema\/logo\/image\/","url":"https:\/\/inclusivenews.com.br\/wp-content\/uploads\/2024\/03\/@grandesite.png","contentUrl":"https:\/\/inclusivenews.com.br\/wp-content\/uploads\/2024\/03\/@grandesite.png","width":1080,"height":1080,"caption":"Inclusive - inclus\u00e3o e cidadania"},"image":{"@id":"https:\/\/inclusivenews.com.br\/#\/schema\/logo\/image\/"},"sameAs":["https:\/\/www.facebook.com\/agenciainclusive\/","https:\/\/www.instagram.com\/newsinclusive\/"]},{"@type":"Person","@id":"https:\/\/inclusivenews.com.br\/#\/schema\/person\/ae4ec7087559b8692fb33b6fffd2273b","name":"inclusivenews2024","image":{"@type":"ImageObject","inLanguage":"pt-PT","@id":"https:\/\/secure.gravatar.com\/avatar\/c5a7ef84c66fa914f55bc4f7ce26cfa275a3b9a1c5568b907bd184fb4dde7b40?s=96&d=mm&r=g","url":"https:\/\/secure.gravatar.com\/avatar\/c5a7ef84c66fa914f55bc4f7ce26cfa275a3b9a1c5568b907bd184fb4dde7b40?s=96&d=mm&r=g","contentUrl":"https:\/\/secure.gravatar.com\/avatar\/c5a7ef84c66fa914f55bc4f7ce26cfa275a3b9a1c5568b907bd184fb4dde7b40?s=96&d=mm&r=g","caption":"inclusivenews2024"},"sameAs":["https:\/\/inclusivenews.com.br"],"url":"https:\/\/inclusivenews.com.br\/?author=1"}]}},"_links":{"self":[{"href":"https:\/\/inclusivenews.com.br\/index.php?rest_route=\/wp\/v2\/posts\/28212","targetHints":{"allow":["GET"]}}],"collection":[{"href":"https:\/\/inclusivenews.com.br\/index.php?rest_route=\/wp\/v2\/posts"}],"about":[{"href":"https:\/\/inclusivenews.com.br\/index.php?rest_route=\/wp\/v2\/types\/post"}],"author":[{"embeddable":true,"href":"https:\/\/inclusivenews.com.br\/index.php?rest_route=\/wp\/v2\/users\/1"}],"replies":[{"embeddable":true,"href":"https:\/\/inclusivenews.com.br\/index.php?rest_route=%2Fwp%2Fv2%2Fcomments&post=28212"}],"version-history":[{"count":0,"href":"https:\/\/inclusivenews.com.br\/index.php?rest_route=\/wp\/v2\/posts\/28212\/revisions"}],"wp:attachment":[{"href":"https:\/\/inclusivenews.com.br\/index.php?rest_route=%2Fwp%2Fv2%2Fmedia&parent=28212"}],"wp:term":[{"taxonomy":"category","embeddable":true,"href":"https:\/\/inclusivenews.com.br\/index.php?rest_route=%2Fwp%2Fv2%2Fcategories&post=28212"},{"taxonomy":"post_tag","embeddable":true,"href":"https:\/\/inclusivenews.com.br\/index.php?rest_route=%2Fwp%2Fv2%2Ftags&post=28212"}],"curies":[{"name":"wp","href":"https:\/\/api.w.org\/{rel}","templated":true}]}}