{"id":28227,"date":"2015-08-01T18:38:45","date_gmt":"2015-08-01T21:38:45","guid":{"rendered":"http:\/\/www.inclusive.org.br\/?p=28227"},"modified":"2015-08-01T18:38:45","modified_gmt":"2015-08-01T21:38:45","slug":"supercivicos-usam-comedia-para-fazer-denuncias-no-mexico","status":"publish","type":"post","link":"https:\/\/inclusivenews.com.br\/?p=28227","title":{"rendered":"Superc\u00edvicos usam com\u00e9dia para fazer den\u00fancias no M\u00e9xico"},"content":{"rendered":"<p><img loading=\"lazy\" decoding=\"async\" class=\"alignnone  wp-image-28228\" alt=\"Mulher sentada conversa com ator vestido de Jesus no metro.\" src=\"http:\/\/inclusivenews.com.br\/wp-content\/uploads\/150731092125_supercivicos_640x360_supercivicos_nocredit.jpg\" width=\"384\" height=\"216\" \/><\/p>\n<p>Meio-dia de sexta-feira. Sul da Cidade do M\u00e9xico. Avenida dos Insurgentes. Um buraco enorme na rua. Tr\u00e2nsito pesado. E uma pessoa dentro do buraco, de t\u00fanica branca, foice na m\u00e3o e caveira no rosto.<\/p>\n<p>Assim atuam Os Superc\u00edvicos, a dupla formada por Arturo Hern\u00e1ndez e Alex Marin y Kall.<\/p>\n<p>Com humor e divers\u00e3o, eles procuram expor problemas na atitude c\u00edvica dos mexicanos e gerar um sentimento de comunidade entre os cidad\u00e3os.<\/p>\n<p>Fazem isso de diferentes formas: tomam o metr\u00f4 para denunciar homens em vag\u00f5es exclusivos para mulheres, gritam com megafone para motoristas parados em fila dupla e usam o celular para flagrar quem estaciona em vagas de deficientes de forma irregular.<\/p>\n<p>A BBC Mundo acompanhou a dupla em um dia de <i>happenings<\/i>, como classificam as a\u00e7\u00f5es, que realizam uma vez por semana.<\/p>\n<p>Os <i>happenings<\/i> s\u00e3o divulgados no canal dos Superc\u00edvicos no YouTube, na p\u00e1gina da dupla no Facebook e no programa de TV <i>El Incorrecto<\/i> (O Incorreto, em tradu\u00e7\u00e3o livre).<\/p>\n<p>Veja o v\u00eddeo sobre assentos reservados para idosos e pessoas com defici\u00eancia no metr\u00f4.<\/p>\n<p><a href=\"https:\/\/www.youtube.com\/watch?v=Lh2Zqju3e5o\">https:\/\/www.youtube.com\/watch?v=Lh2Zqju3e5o<\/a><\/p>\n<p>&nbsp;<\/p>\n<h2>Dia de agir<\/h2>\n<p>A a\u00e7\u00e3o come\u00e7a nos escrit\u00f3rios da dupla em Coyoac\u00e1n, sul da capital mexicana.<\/p>\n<p>O plano \u00e9 mostrar quatro locais perigosos para os moradores da cidade e registrar tudo.<\/p>\n<p>&#8220;A cultura da den\u00fancia no M\u00e9xico \u00e9 muito pobre&#8221;, afirma Hern\u00e1ndez, de 45 anos.<\/p>\n<p>Dois carros funer\u00e1rios alugados acompanham a equipe at\u00e9 a primeira parada do dia.<\/p>\n<p>A din\u00e2mica da dupla envolve uma grava\u00e7\u00e3o r\u00e1pida diante de um enorme buraco aberto h\u00e1 mais de duas semanas numa avenida.<\/p>\n<p>Sinalizado apenas com escombros, paus e fitas, \u00e9 um risco para milhares de motoristas que passam pela via todos os dias.<\/p>\n<p>Hern\u00e1ndez se disfar\u00e7a de morte, e Marin y Kall \u2014 tamb\u00e9m conhecido como &#8220;Ese Wey&#8221;\u2014, de diretor de funer\u00e1ria.<\/p>\n<p>A c\u00e2mera grava, e dias depois o v\u00eddeo estar\u00e1 na internet, onde ser\u00e1 visto por milhares de pessoas. O pol\u00edtico respons\u00e1vel pelo buraco se envergonhar\u00e1. E o buraco ser\u00e1 tampado &#8211; ao menos \u00e9 o que eles esperam.<\/p>\n<p>Em seguida, a dupla vai at\u00e9 a Avenida dos Poetas, na regi\u00e3o de Santa F\u00e9, onde h\u00e1 um ponto de \u00f4nibus em local inadequado que amea\u00e7a pedestres. Uma mulher chegou a morrer nesse local.<\/p>\n<figure><\/figure>\n<figure><figcaption> &#8220;O que mais importa para n\u00f3s \u00e9 mudar essa &#8216;chavinha&#8217; das pessoas para que acreditem que sim, \u00e9 poss\u00edvel&#8221;, afirma Marin y Kall. <\/figcaption><\/figure>\n<p>Come\u00e7am ent\u00e3o a filmar e em poucos minutos a pol\u00edcia chega, e a dupla mant\u00eam uma conversa respeitosa com os oficiais.<\/p>\n<p>Eles v\u00e3o embora esperando que as autoridades fa\u00e7am logo algo a respeito. Pelo menos deram visibilidade ao problema.<\/p>\n<h2>&#8216;O mexicano \u00e9 reprimido&#8217;<\/h2>\n<p>Isso \u00e9 o que buscam os Superc\u00edvicos.<\/p>\n<p>&#8220;Procuramos mostrar coisas absurdas que ocorrem todos os dias na Cidade do M\u00e9xico, para que as pessoas entendam que \u00e9 poss\u00edvel fazer as coisas de outra maneira&#8221;, explica Marin y Kall, comediante, locutor e produtor de 38 anos.<\/p>\n<p>&#8220;O denominador comum da mente do mexicano, de gente de bem que comete muitos erros c\u00edvicos, \u00e9 o &#8216;s\u00f3 um pouquinho&#8217;, um verdadeiro c\u00e2ncer&#8221;, opina Hern\u00e1ndez.<\/p>\n<p>&#8220;A guimba de cigarro \u00e9 &#8216;um lixozinho&#8217;. Bloquear a rampa para um deficiente, &#8216;s\u00f3 um pouquinho enquanto estou almo\u00e7ando&#8217;, parar em fila dupla, &#8216;s\u00f3 um pouquinho'&#8221;, completa.<\/p>\n<p>Esse produtor e diretor, conhecido do p\u00fablico latino pelo trabalho como apresentador da MTV nos anos 1990, est\u00e1 embarcando numa cruzada: empoderar as pessoas para que usem o celular como meio de den\u00fancia.<\/p>\n<p>Para ele isso \u00e9 algo natural, que faz quase todo dia.<\/p>\n<p>Os mexicanos t\u00eam medo e n\u00e3o levantam a voz, provoca Hern\u00e1ndez.<\/p>\n<p>&#8220;As pessoas acreditam que o mexicano \u00e9 aguerrido, e isso n\u00e3o \u00e9 verdade. O mexicano na maioria das vezes \u00e9 medroso, uma pessoa reprimida.&#8221;<\/p>\n<h2>Os prim\u00f3rdios<\/h2>\n<p>Os Superc\u00edvicos nasceram h\u00e1 dez anos, quando Hern\u00e1ndez andava de carro com um amigo pela Cidade do M\u00e9xico e quase sofreu um acidente por imprud\u00eancia de outro motorista.<\/p>\n<p>Comprou ent\u00e3o um carro Valiant Duster de 1969 por cerca de US$ 260, enfeitou o ve\u00edculo, instalou um perisc\u00f3pio e alto-falantes. Percorria as ruas e chamava a aten\u00e7\u00e3o das pessoas quando encontrava alguma situa\u00e7\u00e3o inadequada.<\/p>\n<figure><\/figure>\n<figure><figcaption> Conscientes de que n\u00e3o podem resolver todos os problemas, eles buscam, contudo, deixar uma mensagem: \u00e9 poss\u00edvel fazer as coisas de um jeito melhor. <\/figcaption><\/figure>\n<p>Fez um programa piloto que atraiu a TV Azteca, mas a rela\u00e7\u00e3o durou apenas quatro meses porque &#8220;censuravam tudo&#8221;, afirma. Oito anos depois foram para o canal MVS, mas tamb\u00e9m acabaram sendo tirados do ar.<\/p>\n<p>O \u00faltimo sucesso da dupla foi um v\u00eddeo em que aparecem retirando propaganda eleitoral das ruas. O material n\u00e3o foi ao ar no programa <i>El Incorrecto<\/i>, mas superou 9 milh\u00f5es de visualiza\u00e7\u00f5es na p\u00e1gina dos Superc\u00edvicos no Facebook.<\/p>\n<p>Para al\u00e9m da popularidade e do entretenimento, ambos dizem acreditar que podem, aos poucos, impactar as pessoas.<\/p>\n<p>&#8220;O que mais importa para n\u00f3s \u00e9 mudar essa &#8216;chavinha&#8217; das pessoas para que acreditem que sim, \u00e9 poss\u00edvel&#8221;, aponta Ese Wey.<\/p>\n<p>&#8220;Talvez a mudan\u00e7a seja m\u00ednima, mas \u00e9 uma mudan\u00e7a&#8221;, afirma Hern\u00e1ndez, &#8220;e isso j\u00e1 \u00e9 positivo&#8221;.<\/p>\n<p>Conscientes de que n\u00e3o podem resolver todos os problemas, eles buscam, contudo, deixar uma mensagem: \u00e9 poss\u00edvel fazer as coisas de um jeito melhor.<\/p>\n<p>Fonte &#8211; <a href=\"http:\/\/www.bbc.com\/portuguese\/noticias\/2015\/07\/150728_superherois_civilidade_mexico_tg?ocid=socialflow_facebook\">http:\/\/www.bbc.com\/portuguese\/noticias\/2015\/07\/150728_superherois_civilidade_mexico_tg?ocid=socialflow_facebook<\/a><\/p>\n","protected":false},"excerpt":{"rendered":"<p>Usando humor, os supercivicos exp\u00f5em pessoas que usam os assentos reservados para pessoas idosas e com defici\u00eancia, entre outras ilegalidades.<\/p>\n","protected":false},"author":1,"featured_media":0,"comment_status":"open","ping_status":"open","sticky":false,"template":"","format":"standard","meta":{"site-container-style":"default","site-container-layout":"default","site-sidebar-layout":"default","disable-article-header":"default","disable-site-header":"default","disable-site-footer":"default","disable-content-area-spacing":"default","footnotes":""},"categories":[48],"tags":[],"class_list":["post-28227","post","type-post","status-publish","format-standard","hentry","category-inclusao"],"yoast_head":"<!-- This site is optimized with the Yoast SEO plugin v27.4 - https:\/\/yoast.com\/product\/yoast-seo-wordpress\/ -->\n<title>Superc\u00edvicos usam com\u00e9dia para fazer den\u00fancias no M\u00e9xico -<\/title>\n<meta name=\"robots\" content=\"index, follow, max-snippet:-1, max-image-preview:large, max-video-preview:-1\" \/>\n<link rel=\"canonical\" href=\"https:\/\/inclusivenews.com.br\/?p=28227\" \/>\n<meta property=\"og:locale\" content=\"pt_PT\" \/>\n<meta property=\"og:type\" content=\"article\" \/>\n<meta property=\"og:title\" content=\"Superc\u00edvicos usam com\u00e9dia para fazer den\u00fancias no M\u00e9xico -\" \/>\n<meta property=\"og:description\" content=\"Usando humor, os supercivicos exp\u00f5em pessoas que usam os assentos reservados para pessoas idosas e com defici\u00eancia, entre outras ilegalidades.\" \/>\n<meta property=\"og:url\" content=\"https:\/\/inclusivenews.com.br\/?p=28227\" \/>\n<meta property=\"article:publisher\" content=\"https:\/\/www.facebook.com\/agenciainclusive\/\" \/>\n<meta property=\"article:published_time\" content=\"2015-08-01T21:38:45+00:00\" \/>\n<meta property=\"og:image\" content=\"http:\/\/inclusivenews.com.br\/wp-content\/uploads\/150731092125_supercivicos_640x360_supercivicos_nocredit.jpg\" \/>\n<meta name=\"author\" content=\"inclusivenews2024\" \/>\n<meta name=\"twitter:card\" content=\"summary_large_image\" \/>\n<meta name=\"twitter:label1\" content=\"Escrito por\" \/>\n\t<meta name=\"twitter:data1\" content=\"inclusivenews2024\" \/>\n\t<meta name=\"twitter:label2\" content=\"Tempo estimado de leitura\" \/>\n\t<meta name=\"twitter:data2\" content=\"5 minutos\" \/>\n<script type=\"application\/ld+json\" class=\"yoast-schema-graph\">{\"@context\":\"https:\\\/\\\/schema.org\",\"@graph\":[{\"@type\":\"Article\",\"@id\":\"https:\\\/\\\/inclusivenews.com.br\\\/?p=28227#article\",\"isPartOf\":{\"@id\":\"https:\\\/\\\/inclusivenews.com.br\\\/?p=28227\"},\"author\":{\"name\":\"inclusivenews2024\",\"@id\":\"https:\\\/\\\/inclusivenews.com.br\\\/#\\\/schema\\\/person\\\/ae4ec7087559b8692fb33b6fffd2273b\"},\"headline\":\"Superc\u00edvicos usam com\u00e9dia para fazer den\u00fancias no M\u00e9xico\",\"datePublished\":\"2015-08-01T21:38:45+00:00\",\"mainEntityOfPage\":{\"@id\":\"https:\\\/\\\/inclusivenews.com.br\\\/?p=28227\"},\"wordCount\":947,\"commentCount\":0,\"publisher\":{\"@id\":\"https:\\\/\\\/inclusivenews.com.br\\\/#organization\"},\"image\":{\"@id\":\"https:\\\/\\\/inclusivenews.com.br\\\/?p=28227#primaryimage\"},\"thumbnailUrl\":\"http:\\\/\\\/inclusivenews.com.br\\\/wp-content\\\/uploads\\\/150731092125_supercivicos_640x360_supercivicos_nocredit.jpg\",\"articleSection\":[\"INCLUS\u00c3O SOCIAL\"],\"inLanguage\":\"pt-PT\",\"potentialAction\":[{\"@type\":\"CommentAction\",\"name\":\"Comment\",\"target\":[\"https:\\\/\\\/inclusivenews.com.br\\\/?p=28227#respond\"]}]},{\"@type\":\"WebPage\",\"@id\":\"https:\\\/\\\/inclusivenews.com.br\\\/?p=28227\",\"url\":\"https:\\\/\\\/inclusivenews.com.br\\\/?p=28227\",\"name\":\"Superc\u00edvicos usam com\u00e9dia para fazer den\u00fancias no M\u00e9xico -\",\"isPartOf\":{\"@id\":\"https:\\\/\\\/inclusivenews.com.br\\\/#website\"},\"primaryImageOfPage\":{\"@id\":\"https:\\\/\\\/inclusivenews.com.br\\\/?p=28227#primaryimage\"},\"image\":{\"@id\":\"https:\\\/\\\/inclusivenews.com.br\\\/?p=28227#primaryimage\"},\"thumbnailUrl\":\"http:\\\/\\\/inclusivenews.com.br\\\/wp-content\\\/uploads\\\/150731092125_supercivicos_640x360_supercivicos_nocredit.jpg\",\"datePublished\":\"2015-08-01T21:38:45+00:00\",\"breadcrumb\":{\"@id\":\"https:\\\/\\\/inclusivenews.com.br\\\/?p=28227#breadcrumb\"},\"inLanguage\":\"pt-PT\",\"potentialAction\":[{\"@type\":\"ReadAction\",\"target\":[\"https:\\\/\\\/inclusivenews.com.br\\\/?p=28227\"]}]},{\"@type\":\"ImageObject\",\"inLanguage\":\"pt-PT\",\"@id\":\"https:\\\/\\\/inclusivenews.com.br\\\/?p=28227#primaryimage\",\"url\":\"\",\"contentUrl\":\"\"},{\"@type\":\"BreadcrumbList\",\"@id\":\"https:\\\/\\\/inclusivenews.com.br\\\/?p=28227#breadcrumb\",\"itemListElement\":[{\"@type\":\"ListItem\",\"position\":1,\"name\":\"In\u00edcio\",\"item\":\"https:\\\/\\\/inclusivenews.com.br\\\/\"},{\"@type\":\"ListItem\",\"position\":2,\"name\":\"Superc\u00edvicos usam com\u00e9dia para fazer den\u00fancias no M\u00e9xico\"}]},{\"@type\":\"WebSite\",\"@id\":\"https:\\\/\\\/inclusivenews.com.br\\\/#website\",\"url\":\"https:\\\/\\\/inclusivenews.com.br\\\/\",\"name\":\"Inclusive News\",\"description\":\"Inclusive News\",\"publisher\":{\"@id\":\"https:\\\/\\\/inclusivenews.com.br\\\/#organization\"},\"potentialAction\":[{\"@type\":\"SearchAction\",\"target\":{\"@type\":\"EntryPoint\",\"urlTemplate\":\"https:\\\/\\\/inclusivenews.com.br\\\/?s={search_term_string}\"},\"query-input\":{\"@type\":\"PropertyValueSpecification\",\"valueRequired\":true,\"valueName\":\"search_term_string\"}}],\"inLanguage\":\"pt-PT\"},{\"@type\":\"Organization\",\"@id\":\"https:\\\/\\\/inclusivenews.com.br\\\/#organization\",\"name\":\"Inclusive - inclus\u00e3o e cidadania\",\"url\":\"https:\\\/\\\/inclusivenews.com.br\\\/\",\"logo\":{\"@type\":\"ImageObject\",\"inLanguage\":\"pt-PT\",\"@id\":\"https:\\\/\\\/inclusivenews.com.br\\\/#\\\/schema\\\/logo\\\/image\\\/\",\"url\":\"https:\\\/\\\/inclusivenews.com.br\\\/wp-content\\\/uploads\\\/2024\\\/03\\\/@grandesite.png\",\"contentUrl\":\"https:\\\/\\\/inclusivenews.com.br\\\/wp-content\\\/uploads\\\/2024\\\/03\\\/@grandesite.png\",\"width\":1080,\"height\":1080,\"caption\":\"Inclusive - inclus\u00e3o e cidadania\"},\"image\":{\"@id\":\"https:\\\/\\\/inclusivenews.com.br\\\/#\\\/schema\\\/logo\\\/image\\\/\"},\"sameAs\":[\"https:\\\/\\\/www.facebook.com\\\/agenciainclusive\\\/\",\"https:\\\/\\\/www.instagram.com\\\/newsinclusive\\\/\"]},{\"@type\":\"Person\",\"@id\":\"https:\\\/\\\/inclusivenews.com.br\\\/#\\\/schema\\\/person\\\/ae4ec7087559b8692fb33b6fffd2273b\",\"name\":\"inclusivenews2024\",\"image\":{\"@type\":\"ImageObject\",\"inLanguage\":\"pt-PT\",\"@id\":\"https:\\\/\\\/secure.gravatar.com\\\/avatar\\\/c5a7ef84c66fa914f55bc4f7ce26cfa275a3b9a1c5568b907bd184fb4dde7b40?s=96&d=mm&r=g\",\"url\":\"https:\\\/\\\/secure.gravatar.com\\\/avatar\\\/c5a7ef84c66fa914f55bc4f7ce26cfa275a3b9a1c5568b907bd184fb4dde7b40?s=96&d=mm&r=g\",\"contentUrl\":\"https:\\\/\\\/secure.gravatar.com\\\/avatar\\\/c5a7ef84c66fa914f55bc4f7ce26cfa275a3b9a1c5568b907bd184fb4dde7b40?s=96&d=mm&r=g\",\"caption\":\"inclusivenews2024\"},\"sameAs\":[\"https:\\\/\\\/inclusivenews.com.br\"],\"url\":\"https:\\\/\\\/inclusivenews.com.br\\\/?author=1\"}]}<\/script>\n<!-- \/ Yoast SEO plugin. -->","yoast_head_json":{"title":"Superc\u00edvicos usam com\u00e9dia para fazer den\u00fancias no M\u00e9xico -","robots":{"index":"index","follow":"follow","max-snippet":"max-snippet:-1","max-image-preview":"max-image-preview:large","max-video-preview":"max-video-preview:-1"},"canonical":"https:\/\/inclusivenews.com.br\/?p=28227","og_locale":"pt_PT","og_type":"article","og_title":"Superc\u00edvicos usam com\u00e9dia para fazer den\u00fancias no M\u00e9xico -","og_description":"Usando humor, os supercivicos exp\u00f5em pessoas que usam os assentos reservados para pessoas idosas e com defici\u00eancia, entre outras ilegalidades.","og_url":"https:\/\/inclusivenews.com.br\/?p=28227","article_publisher":"https:\/\/www.facebook.com\/agenciainclusive\/","article_published_time":"2015-08-01T21:38:45+00:00","og_image":[{"url":"http:\/\/inclusivenews.com.br\/wp-content\/uploads\/150731092125_supercivicos_640x360_supercivicos_nocredit.jpg","type":"","width":"","height":""}],"author":"inclusivenews2024","twitter_card":"summary_large_image","twitter_misc":{"Escrito por":"inclusivenews2024","Tempo estimado de leitura":"5 minutos"},"schema":{"@context":"https:\/\/schema.org","@graph":[{"@type":"Article","@id":"https:\/\/inclusivenews.com.br\/?p=28227#article","isPartOf":{"@id":"https:\/\/inclusivenews.com.br\/?p=28227"},"author":{"name":"inclusivenews2024","@id":"https:\/\/inclusivenews.com.br\/#\/schema\/person\/ae4ec7087559b8692fb33b6fffd2273b"},"headline":"Superc\u00edvicos usam com\u00e9dia para fazer den\u00fancias no M\u00e9xico","datePublished":"2015-08-01T21:38:45+00:00","mainEntityOfPage":{"@id":"https:\/\/inclusivenews.com.br\/?p=28227"},"wordCount":947,"commentCount":0,"publisher":{"@id":"https:\/\/inclusivenews.com.br\/#organization"},"image":{"@id":"https:\/\/inclusivenews.com.br\/?p=28227#primaryimage"},"thumbnailUrl":"http:\/\/inclusivenews.com.br\/wp-content\/uploads\/150731092125_supercivicos_640x360_supercivicos_nocredit.jpg","articleSection":["INCLUS\u00c3O SOCIAL"],"inLanguage":"pt-PT","potentialAction":[{"@type":"CommentAction","name":"Comment","target":["https:\/\/inclusivenews.com.br\/?p=28227#respond"]}]},{"@type":"WebPage","@id":"https:\/\/inclusivenews.com.br\/?p=28227","url":"https:\/\/inclusivenews.com.br\/?p=28227","name":"Superc\u00edvicos usam com\u00e9dia para fazer den\u00fancias no M\u00e9xico -","isPartOf":{"@id":"https:\/\/inclusivenews.com.br\/#website"},"primaryImageOfPage":{"@id":"https:\/\/inclusivenews.com.br\/?p=28227#primaryimage"},"image":{"@id":"https:\/\/inclusivenews.com.br\/?p=28227#primaryimage"},"thumbnailUrl":"http:\/\/inclusivenews.com.br\/wp-content\/uploads\/150731092125_supercivicos_640x360_supercivicos_nocredit.jpg","datePublished":"2015-08-01T21:38:45+00:00","breadcrumb":{"@id":"https:\/\/inclusivenews.com.br\/?p=28227#breadcrumb"},"inLanguage":"pt-PT","potentialAction":[{"@type":"ReadAction","target":["https:\/\/inclusivenews.com.br\/?p=28227"]}]},{"@type":"ImageObject","inLanguage":"pt-PT","@id":"https:\/\/inclusivenews.com.br\/?p=28227#primaryimage","url":"","contentUrl":""},{"@type":"BreadcrumbList","@id":"https:\/\/inclusivenews.com.br\/?p=28227#breadcrumb","itemListElement":[{"@type":"ListItem","position":1,"name":"In\u00edcio","item":"https:\/\/inclusivenews.com.br\/"},{"@type":"ListItem","position":2,"name":"Superc\u00edvicos usam com\u00e9dia para fazer den\u00fancias no M\u00e9xico"}]},{"@type":"WebSite","@id":"https:\/\/inclusivenews.com.br\/#website","url":"https:\/\/inclusivenews.com.br\/","name":"Inclusive News","description":"Inclusive News","publisher":{"@id":"https:\/\/inclusivenews.com.br\/#organization"},"potentialAction":[{"@type":"SearchAction","target":{"@type":"EntryPoint","urlTemplate":"https:\/\/inclusivenews.com.br\/?s={search_term_string}"},"query-input":{"@type":"PropertyValueSpecification","valueRequired":true,"valueName":"search_term_string"}}],"inLanguage":"pt-PT"},{"@type":"Organization","@id":"https:\/\/inclusivenews.com.br\/#organization","name":"Inclusive - inclus\u00e3o e cidadania","url":"https:\/\/inclusivenews.com.br\/","logo":{"@type":"ImageObject","inLanguage":"pt-PT","@id":"https:\/\/inclusivenews.com.br\/#\/schema\/logo\/image\/","url":"https:\/\/inclusivenews.com.br\/wp-content\/uploads\/2024\/03\/@grandesite.png","contentUrl":"https:\/\/inclusivenews.com.br\/wp-content\/uploads\/2024\/03\/@grandesite.png","width":1080,"height":1080,"caption":"Inclusive - inclus\u00e3o e cidadania"},"image":{"@id":"https:\/\/inclusivenews.com.br\/#\/schema\/logo\/image\/"},"sameAs":["https:\/\/www.facebook.com\/agenciainclusive\/","https:\/\/www.instagram.com\/newsinclusive\/"]},{"@type":"Person","@id":"https:\/\/inclusivenews.com.br\/#\/schema\/person\/ae4ec7087559b8692fb33b6fffd2273b","name":"inclusivenews2024","image":{"@type":"ImageObject","inLanguage":"pt-PT","@id":"https:\/\/secure.gravatar.com\/avatar\/c5a7ef84c66fa914f55bc4f7ce26cfa275a3b9a1c5568b907bd184fb4dde7b40?s=96&d=mm&r=g","url":"https:\/\/secure.gravatar.com\/avatar\/c5a7ef84c66fa914f55bc4f7ce26cfa275a3b9a1c5568b907bd184fb4dde7b40?s=96&d=mm&r=g","contentUrl":"https:\/\/secure.gravatar.com\/avatar\/c5a7ef84c66fa914f55bc4f7ce26cfa275a3b9a1c5568b907bd184fb4dde7b40?s=96&d=mm&r=g","caption":"inclusivenews2024"},"sameAs":["https:\/\/inclusivenews.com.br"],"url":"https:\/\/inclusivenews.com.br\/?author=1"}]}},"_links":{"self":[{"href":"https:\/\/inclusivenews.com.br\/index.php?rest_route=\/wp\/v2\/posts\/28227","targetHints":{"allow":["GET"]}}],"collection":[{"href":"https:\/\/inclusivenews.com.br\/index.php?rest_route=\/wp\/v2\/posts"}],"about":[{"href":"https:\/\/inclusivenews.com.br\/index.php?rest_route=\/wp\/v2\/types\/post"}],"author":[{"embeddable":true,"href":"https:\/\/inclusivenews.com.br\/index.php?rest_route=\/wp\/v2\/users\/1"}],"replies":[{"embeddable":true,"href":"https:\/\/inclusivenews.com.br\/index.php?rest_route=%2Fwp%2Fv2%2Fcomments&post=28227"}],"version-history":[{"count":0,"href":"https:\/\/inclusivenews.com.br\/index.php?rest_route=\/wp\/v2\/posts\/28227\/revisions"}],"wp:attachment":[{"href":"https:\/\/inclusivenews.com.br\/index.php?rest_route=%2Fwp%2Fv2%2Fmedia&parent=28227"}],"wp:term":[{"taxonomy":"category","embeddable":true,"href":"https:\/\/inclusivenews.com.br\/index.php?rest_route=%2Fwp%2Fv2%2Fcategories&post=28227"},{"taxonomy":"post_tag","embeddable":true,"href":"https:\/\/inclusivenews.com.br\/index.php?rest_route=%2Fwp%2Fv2%2Ftags&post=28227"}],"curies":[{"name":"wp","href":"https:\/\/api.w.org\/{rel}","templated":true}]}}