{"id":28232,"date":"2015-08-03T17:55:23","date_gmt":"2015-08-03T20:55:23","guid":{"rendered":"http:\/\/www.inclusive.org.br\/?p=28232"},"modified":"2015-08-03T17:55:23","modified_gmt":"2015-08-03T20:55:23","slug":"paises-da-onu-chegam-a-um-consenso-para-a-agenda-do-desenvolvimento-pos-2015","status":"publish","type":"post","link":"https:\/\/inclusivenews.com.br\/?p=28232","title":{"rendered":"Pa\u00edses da ONU chegam a um consenso para a agenda do desenvolvimento p\u00f3s-2015"},"content":{"rendered":"<p><img loading=\"lazy\" decoding=\"async\" class=\"alignnone size-full wp-image-28234\" alt=\"logo cupula 2015 setas coloridas apontando para o lado direito ' ' 2015 ' time for globl action for people and planet.\" src=\"http:\/\/inclusivenews.com.br\/wp-content\/uploads\/2015-logo-en.gif\" width=\"456\" height=\"126\" \/><\/p>\n<p>Os 193 Estados-Membros das Na\u00e7\u00f5es Unidas chegaram a um acordo sobre o documento final que ir\u00e1 constituir a nova agenda de desenvolvimento sustent\u00e1vel que ser\u00e1 adotada em setembro pelos l\u00edderes mundiais na C\u00fapula do Desenvolvimento Sustent\u00e1vel em Nova York.<\/p>\n<p>Conclus\u00e3o de um processo de negocia\u00e7\u00e3o que j\u00e1 dura mais de dois anos e contou com a participa\u00e7\u00e3o sem precedentes da sociedade civil, os pa\u00edses concordaram em uma agenda ambiciosa que apresenta 17 novos objetivos de desenvolvimento sustent\u00e1vel que visam acabar com a pobreza, promover a prosperidade e o bem-estar das pessoas, protegendo o meio ambiente at\u00e9 2030.<\/p>\n<p>O Brasil participou ativamente dos processos negociadores que levaram \u00e0 ado\u00e7\u00e3o da nova Agenda. Em discurso proferido ao final das negocia\u00e7\u00f5es, o chefe da delega\u00e7\u00e3o brasileira, Embaixador Guilherme de Aguiar Patriota, saudou a ado\u00e7\u00e3o de um documento hist\u00f3rico por consenso entre todos os Estados membros, recordou a decisiva contribui\u00e7\u00e3o da Confer\u00eancia Rio+20 para que se chegasse a esse resultado e enfatizou a import\u00e2ncia de que todos os os governos, a sociedade civil, o setor privado e as Na\u00e7\u00f5es Unidas trabalhem juntos para a efetiva implementa\u00e7\u00e3o da nova agenda global.<\/p>\n<p>Brasil, Equador e Austr\u00e1lia mencionaram as pessoas com defici\u00eancia em suas falas finais.<\/p>\n<p>As pessoas com defici\u00eancia, que haviam ficado de fora dos objetivos do mil\u00eanio, s\u00e3o citadas v\u00e1rias vezes no documento, em temas como educa\u00e7\u00e3o, trabalho, igualdade, cidades acess\u00edveis, estat\u00edsticas, empoderamento entre outros.<\/p>\n<p>A Nova Agenda Transformando nosso mundo &#8211; A Agenda 2030 para o Desenvolvimento Sustent\u00e1vel, destaca, por exemplo, no item educa\u00e7\u00e3o:<\/p>\n<p>&#8220;N\u00f3s nos comprometemos a proporcionar uma educa\u00e7\u00e3o inclusiva e eq\u00fcitativa de qualidade a todos os n\u00edveis &#8211; da primeira inf\u00e2ncia, prim\u00e1rio,\u00a0forma\u00e7\u00e3o secund\u00e1ria, terci\u00e1ria, t\u00e9cnica e profissional. Todas as pessoas, independentemente do sexo, idade, ra\u00e7a, etnia e\u00a0pessoas com defici\u00eancia, migrantes, povos ind\u00edgenas, crian\u00e7as e jovens, especialmente aqueles em\u00a0situa\u00e7\u00f5es vulner\u00e1veis, devem ter acesso a oportunidades de aprendizagem ao longo da vida que os ajudem a adquirir os conhecimentos e habilidades\u00a0necess\u00e1rios para explorar oportunidades e participar plenamente na sociedade. Faremos o poss\u00edvel para proporcionar \u00e0s crian\u00e7as e jovens\u00a0um ambiente que propicie a plena realiza\u00e7\u00e3o dos seus direitos e capacidades, ajudando nossos pa\u00edses a aproveitar o est\u00e1gio de desenvolvimento demogr\u00e1fico positivo, inclusive atrav\u00e9s de escolas seguras e comunidades coesas e fam\u00edlias.&#8221;<\/p>\n<p>A agenda p\u00f3s-2015 da ONU inaugura uma nova era da coopera\u00e7\u00e3o internacional. Os 17 Objetivos de Desenvolvimento Sustent\u00e1vel ser\u00e3o aplic\u00e1veis a todos os pa\u00edses e est\u00e3o centrados no compromisso de erradicar a pobreza extrema em todo o mundo at\u00e9 2030 por meio da inclus\u00e3o social, da sustentabilidade ambiental e do crescimento econ\u00f4mico, ou seja, por meio do desenvolvimento sustent\u00e1vel.<\/p>\n<p>Leia a \u00edntegra do documento em ingl\u00eas\u00a0<a href=\"https:\/\/sustainabledevelopment.un.org\/content\/documents\/7891TRANSFORMING%20OUR%20WORLD.pdf\">https:\/\/sustainabledevelopment.un.org\/content\/documents\/7891TRANSFORMING%20OUR%20WORLD.pdf<\/a><\/p>\n<p>Fonte &#8211;\u00a0<a href=\"http:\/\/www.un.org\/sustainabledevelopment\/blog\/2015\/08\/transforming-our-world-document-adoption\/\">http:\/\/www.un.org\/sustainabledevelopment\/blog\/2015\/08\/transforming-our-world-document-adoption\/<\/a><\/p>\n<p><a href=\"https:\/\/www.facebook.com\/delbrasonu?fref=ts\">https:\/\/www.facebook.com\/delbrasonu?fref=ts<\/a><\/p>\n<p>https:\/\/www.facebook.com\/disabilityrightsfund?fref=ts<\/p>\n<p>&nbsp;<\/p>\n","protected":false},"excerpt":{"rendered":"<p>Agenda ambiciosa pretende acabar com a pobreza at\u00e9 2030 e universalizar a prosperidade econ\u00f4mica, desenvolvimento social e prote\u00e7\u00e3o ambiental.<\/p>\n","protected":false},"author":1,"featured_media":0,"comment_status":"open","ping_status":"open","sticky":false,"template":"","format":"standard","meta":{"site-container-style":"default","site-container-layout":"default","site-sidebar-layout":"default","disable-article-header":"default","disable-site-header":"default","disable-site-footer":"default","disable-content-area-spacing":"default","footnotes":""},"categories":[5,38,11,48,4],"tags":[],"class_list":["post-28232","post","type-post","status-publish","format-standard","hentry","category-convencao","category-deficiencia","category-direitos-humanos","category-inclusao","category-noticias"],"yoast_head":"<!-- This site is optimized with the Yoast SEO plugin v27.4 - https:\/\/yoast.com\/product\/yoast-seo-wordpress\/ -->\n<title>Pa\u00edses da ONU chegam a um consenso para a agenda do desenvolvimento p\u00f3s-2015 -<\/title>\n<meta name=\"robots\" content=\"index, follow, max-snippet:-1, max-image-preview:large, max-video-preview:-1\" \/>\n<link rel=\"canonical\" href=\"https:\/\/inclusivenews.com.br\/?p=28232\" \/>\n<meta property=\"og:locale\" content=\"pt_PT\" \/>\n<meta property=\"og:type\" content=\"article\" \/>\n<meta property=\"og:title\" content=\"Pa\u00edses da ONU chegam a um consenso para a agenda do desenvolvimento p\u00f3s-2015 -\" \/>\n<meta property=\"og:description\" content=\"Agenda ambiciosa pretende acabar com a pobreza at\u00e9 2030 e universalizar a prosperidade econ\u00f4mica, desenvolvimento social e prote\u00e7\u00e3o ambiental.\" \/>\n<meta property=\"og:url\" content=\"https:\/\/inclusivenews.com.br\/?p=28232\" \/>\n<meta property=\"article:publisher\" content=\"https:\/\/www.facebook.com\/agenciainclusive\/\" \/>\n<meta property=\"article:published_time\" content=\"2015-08-03T20:55:23+00:00\" \/>\n<meta property=\"og:image\" content=\"http:\/\/inclusivenews.com.br\/wp-content\/uploads\/2015-logo-en.gif\" \/>\n<meta name=\"author\" content=\"inclusivenews2024\" \/>\n<meta name=\"twitter:card\" content=\"summary_large_image\" \/>\n<meta name=\"twitter:label1\" content=\"Escrito por\" \/>\n\t<meta name=\"twitter:data1\" content=\"inclusivenews2024\" \/>\n\t<meta name=\"twitter:label2\" content=\"Tempo estimado de leitura\" \/>\n\t<meta name=\"twitter:data2\" content=\"3 minutos\" \/>\n<script type=\"application\/ld+json\" class=\"yoast-schema-graph\">{\"@context\":\"https:\\\/\\\/schema.org\",\"@graph\":[{\"@type\":\"Article\",\"@id\":\"https:\\\/\\\/inclusivenews.com.br\\\/?p=28232#article\",\"isPartOf\":{\"@id\":\"https:\\\/\\\/inclusivenews.com.br\\\/?p=28232\"},\"author\":{\"name\":\"inclusivenews2024\",\"@id\":\"https:\\\/\\\/inclusivenews.com.br\\\/#\\\/schema\\\/person\\\/ae4ec7087559b8692fb33b6fffd2273b\"},\"headline\":\"Pa\u00edses da ONU chegam a um consenso para a agenda do desenvolvimento p\u00f3s-2015\",\"datePublished\":\"2015-08-03T20:55:23+00:00\",\"mainEntityOfPage\":{\"@id\":\"https:\\\/\\\/inclusivenews.com.br\\\/?p=28232\"},\"wordCount\":547,\"commentCount\":0,\"publisher\":{\"@id\":\"https:\\\/\\\/inclusivenews.com.br\\\/#organization\"},\"image\":{\"@id\":\"https:\\\/\\\/inclusivenews.com.br\\\/?p=28232#primaryimage\"},\"thumbnailUrl\":\"http:\\\/\\\/inclusivenews.com.br\\\/wp-content\\\/uploads\\\/2015-logo-en.gif\",\"articleSection\":[\"Conven\u00e7\u00e3o\",\"Defici\u00eancia\",\"DIREITOS HUMANOS\",\"INCLUS\u00c3O SOCIAL\",\"NOT\u00cdCIAS\"],\"inLanguage\":\"pt-PT\",\"potentialAction\":[{\"@type\":\"CommentAction\",\"name\":\"Comment\",\"target\":[\"https:\\\/\\\/inclusivenews.com.br\\\/?p=28232#respond\"]}]},{\"@type\":\"WebPage\",\"@id\":\"https:\\\/\\\/inclusivenews.com.br\\\/?p=28232\",\"url\":\"https:\\\/\\\/inclusivenews.com.br\\\/?p=28232\",\"name\":\"Pa\u00edses da ONU chegam a um consenso para a agenda do desenvolvimento p\u00f3s-2015 -\",\"isPartOf\":{\"@id\":\"https:\\\/\\\/inclusivenews.com.br\\\/#website\"},\"primaryImageOfPage\":{\"@id\":\"https:\\\/\\\/inclusivenews.com.br\\\/?p=28232#primaryimage\"},\"image\":{\"@id\":\"https:\\\/\\\/inclusivenews.com.br\\\/?p=28232#primaryimage\"},\"thumbnailUrl\":\"http:\\\/\\\/inclusivenews.com.br\\\/wp-content\\\/uploads\\\/2015-logo-en.gif\",\"datePublished\":\"2015-08-03T20:55:23+00:00\",\"breadcrumb\":{\"@id\":\"https:\\\/\\\/inclusivenews.com.br\\\/?p=28232#breadcrumb\"},\"inLanguage\":\"pt-PT\",\"potentialAction\":[{\"@type\":\"ReadAction\",\"target\":[\"https:\\\/\\\/inclusivenews.com.br\\\/?p=28232\"]}]},{\"@type\":\"ImageObject\",\"inLanguage\":\"pt-PT\",\"@id\":\"https:\\\/\\\/inclusivenews.com.br\\\/?p=28232#primaryimage\",\"url\":\"\",\"contentUrl\":\"\"},{\"@type\":\"BreadcrumbList\",\"@id\":\"https:\\\/\\\/inclusivenews.com.br\\\/?p=28232#breadcrumb\",\"itemListElement\":[{\"@type\":\"ListItem\",\"position\":1,\"name\":\"In\u00edcio\",\"item\":\"https:\\\/\\\/inclusivenews.com.br\\\/\"},{\"@type\":\"ListItem\",\"position\":2,\"name\":\"Pa\u00edses da ONU chegam a um consenso para a agenda do desenvolvimento p\u00f3s-2015\"}]},{\"@type\":\"WebSite\",\"@id\":\"https:\\\/\\\/inclusivenews.com.br\\\/#website\",\"url\":\"https:\\\/\\\/inclusivenews.com.br\\\/\",\"name\":\"Inclusive News\",\"description\":\"Inclusive News\",\"publisher\":{\"@id\":\"https:\\\/\\\/inclusivenews.com.br\\\/#organization\"},\"potentialAction\":[{\"@type\":\"SearchAction\",\"target\":{\"@type\":\"EntryPoint\",\"urlTemplate\":\"https:\\\/\\\/inclusivenews.com.br\\\/?s={search_term_string}\"},\"query-input\":{\"@type\":\"PropertyValueSpecification\",\"valueRequired\":true,\"valueName\":\"search_term_string\"}}],\"inLanguage\":\"pt-PT\"},{\"@type\":\"Organization\",\"@id\":\"https:\\\/\\\/inclusivenews.com.br\\\/#organization\",\"name\":\"Inclusive - inclus\u00e3o e cidadania\",\"url\":\"https:\\\/\\\/inclusivenews.com.br\\\/\",\"logo\":{\"@type\":\"ImageObject\",\"inLanguage\":\"pt-PT\",\"@id\":\"https:\\\/\\\/inclusivenews.com.br\\\/#\\\/schema\\\/logo\\\/image\\\/\",\"url\":\"https:\\\/\\\/inclusivenews.com.br\\\/wp-content\\\/uploads\\\/2024\\\/03\\\/@grandesite.png\",\"contentUrl\":\"https:\\\/\\\/inclusivenews.com.br\\\/wp-content\\\/uploads\\\/2024\\\/03\\\/@grandesite.png\",\"width\":1080,\"height\":1080,\"caption\":\"Inclusive - inclus\u00e3o e cidadania\"},\"image\":{\"@id\":\"https:\\\/\\\/inclusivenews.com.br\\\/#\\\/schema\\\/logo\\\/image\\\/\"},\"sameAs\":[\"https:\\\/\\\/www.facebook.com\\\/agenciainclusive\\\/\",\"https:\\\/\\\/www.instagram.com\\\/newsinclusive\\\/\"]},{\"@type\":\"Person\",\"@id\":\"https:\\\/\\\/inclusivenews.com.br\\\/#\\\/schema\\\/person\\\/ae4ec7087559b8692fb33b6fffd2273b\",\"name\":\"inclusivenews2024\",\"image\":{\"@type\":\"ImageObject\",\"inLanguage\":\"pt-PT\",\"@id\":\"https:\\\/\\\/secure.gravatar.com\\\/avatar\\\/c5a7ef84c66fa914f55bc4f7ce26cfa275a3b9a1c5568b907bd184fb4dde7b40?s=96&d=mm&r=g\",\"url\":\"https:\\\/\\\/secure.gravatar.com\\\/avatar\\\/c5a7ef84c66fa914f55bc4f7ce26cfa275a3b9a1c5568b907bd184fb4dde7b40?s=96&d=mm&r=g\",\"contentUrl\":\"https:\\\/\\\/secure.gravatar.com\\\/avatar\\\/c5a7ef84c66fa914f55bc4f7ce26cfa275a3b9a1c5568b907bd184fb4dde7b40?s=96&d=mm&r=g\",\"caption\":\"inclusivenews2024\"},\"sameAs\":[\"https:\\\/\\\/inclusivenews.com.br\"],\"url\":\"https:\\\/\\\/inclusivenews.com.br\\\/?author=1\"}]}<\/script>\n<!-- \/ Yoast SEO plugin. -->","yoast_head_json":{"title":"Pa\u00edses da ONU chegam a um consenso para a agenda do desenvolvimento p\u00f3s-2015 -","robots":{"index":"index","follow":"follow","max-snippet":"max-snippet:-1","max-image-preview":"max-image-preview:large","max-video-preview":"max-video-preview:-1"},"canonical":"https:\/\/inclusivenews.com.br\/?p=28232","og_locale":"pt_PT","og_type":"article","og_title":"Pa\u00edses da ONU chegam a um consenso para a agenda do desenvolvimento p\u00f3s-2015 -","og_description":"Agenda ambiciosa pretende acabar com a pobreza at\u00e9 2030 e universalizar a prosperidade econ\u00f4mica, desenvolvimento social e prote\u00e7\u00e3o ambiental.","og_url":"https:\/\/inclusivenews.com.br\/?p=28232","article_publisher":"https:\/\/www.facebook.com\/agenciainclusive\/","article_published_time":"2015-08-03T20:55:23+00:00","og_image":[{"url":"http:\/\/inclusivenews.com.br\/wp-content\/uploads\/2015-logo-en.gif","type":"","width":"","height":""}],"author":"inclusivenews2024","twitter_card":"summary_large_image","twitter_misc":{"Escrito por":"inclusivenews2024","Tempo estimado de leitura":"3 minutos"},"schema":{"@context":"https:\/\/schema.org","@graph":[{"@type":"Article","@id":"https:\/\/inclusivenews.com.br\/?p=28232#article","isPartOf":{"@id":"https:\/\/inclusivenews.com.br\/?p=28232"},"author":{"name":"inclusivenews2024","@id":"https:\/\/inclusivenews.com.br\/#\/schema\/person\/ae4ec7087559b8692fb33b6fffd2273b"},"headline":"Pa\u00edses da ONU chegam a um consenso para a agenda do desenvolvimento p\u00f3s-2015","datePublished":"2015-08-03T20:55:23+00:00","mainEntityOfPage":{"@id":"https:\/\/inclusivenews.com.br\/?p=28232"},"wordCount":547,"commentCount":0,"publisher":{"@id":"https:\/\/inclusivenews.com.br\/#organization"},"image":{"@id":"https:\/\/inclusivenews.com.br\/?p=28232#primaryimage"},"thumbnailUrl":"http:\/\/inclusivenews.com.br\/wp-content\/uploads\/2015-logo-en.gif","articleSection":["Conven\u00e7\u00e3o","Defici\u00eancia","DIREITOS HUMANOS","INCLUS\u00c3O SOCIAL","NOT\u00cdCIAS"],"inLanguage":"pt-PT","potentialAction":[{"@type":"CommentAction","name":"Comment","target":["https:\/\/inclusivenews.com.br\/?p=28232#respond"]}]},{"@type":"WebPage","@id":"https:\/\/inclusivenews.com.br\/?p=28232","url":"https:\/\/inclusivenews.com.br\/?p=28232","name":"Pa\u00edses da ONU chegam a um consenso para a agenda do desenvolvimento p\u00f3s-2015 -","isPartOf":{"@id":"https:\/\/inclusivenews.com.br\/#website"},"primaryImageOfPage":{"@id":"https:\/\/inclusivenews.com.br\/?p=28232#primaryimage"},"image":{"@id":"https:\/\/inclusivenews.com.br\/?p=28232#primaryimage"},"thumbnailUrl":"http:\/\/inclusivenews.com.br\/wp-content\/uploads\/2015-logo-en.gif","datePublished":"2015-08-03T20:55:23+00:00","breadcrumb":{"@id":"https:\/\/inclusivenews.com.br\/?p=28232#breadcrumb"},"inLanguage":"pt-PT","potentialAction":[{"@type":"ReadAction","target":["https:\/\/inclusivenews.com.br\/?p=28232"]}]},{"@type":"ImageObject","inLanguage":"pt-PT","@id":"https:\/\/inclusivenews.com.br\/?p=28232#primaryimage","url":"","contentUrl":""},{"@type":"BreadcrumbList","@id":"https:\/\/inclusivenews.com.br\/?p=28232#breadcrumb","itemListElement":[{"@type":"ListItem","position":1,"name":"In\u00edcio","item":"https:\/\/inclusivenews.com.br\/"},{"@type":"ListItem","position":2,"name":"Pa\u00edses da ONU chegam a um consenso para a agenda do desenvolvimento p\u00f3s-2015"}]},{"@type":"WebSite","@id":"https:\/\/inclusivenews.com.br\/#website","url":"https:\/\/inclusivenews.com.br\/","name":"Inclusive News","description":"Inclusive News","publisher":{"@id":"https:\/\/inclusivenews.com.br\/#organization"},"potentialAction":[{"@type":"SearchAction","target":{"@type":"EntryPoint","urlTemplate":"https:\/\/inclusivenews.com.br\/?s={search_term_string}"},"query-input":{"@type":"PropertyValueSpecification","valueRequired":true,"valueName":"search_term_string"}}],"inLanguage":"pt-PT"},{"@type":"Organization","@id":"https:\/\/inclusivenews.com.br\/#organization","name":"Inclusive - inclus\u00e3o e cidadania","url":"https:\/\/inclusivenews.com.br\/","logo":{"@type":"ImageObject","inLanguage":"pt-PT","@id":"https:\/\/inclusivenews.com.br\/#\/schema\/logo\/image\/","url":"https:\/\/inclusivenews.com.br\/wp-content\/uploads\/2024\/03\/@grandesite.png","contentUrl":"https:\/\/inclusivenews.com.br\/wp-content\/uploads\/2024\/03\/@grandesite.png","width":1080,"height":1080,"caption":"Inclusive - inclus\u00e3o e cidadania"},"image":{"@id":"https:\/\/inclusivenews.com.br\/#\/schema\/logo\/image\/"},"sameAs":["https:\/\/www.facebook.com\/agenciainclusive\/","https:\/\/www.instagram.com\/newsinclusive\/"]},{"@type":"Person","@id":"https:\/\/inclusivenews.com.br\/#\/schema\/person\/ae4ec7087559b8692fb33b6fffd2273b","name":"inclusivenews2024","image":{"@type":"ImageObject","inLanguage":"pt-PT","@id":"https:\/\/secure.gravatar.com\/avatar\/c5a7ef84c66fa914f55bc4f7ce26cfa275a3b9a1c5568b907bd184fb4dde7b40?s=96&d=mm&r=g","url":"https:\/\/secure.gravatar.com\/avatar\/c5a7ef84c66fa914f55bc4f7ce26cfa275a3b9a1c5568b907bd184fb4dde7b40?s=96&d=mm&r=g","contentUrl":"https:\/\/secure.gravatar.com\/avatar\/c5a7ef84c66fa914f55bc4f7ce26cfa275a3b9a1c5568b907bd184fb4dde7b40?s=96&d=mm&r=g","caption":"inclusivenews2024"},"sameAs":["https:\/\/inclusivenews.com.br"],"url":"https:\/\/inclusivenews.com.br\/?author=1"}]}},"_links":{"self":[{"href":"https:\/\/inclusivenews.com.br\/index.php?rest_route=\/wp\/v2\/posts\/28232","targetHints":{"allow":["GET"]}}],"collection":[{"href":"https:\/\/inclusivenews.com.br\/index.php?rest_route=\/wp\/v2\/posts"}],"about":[{"href":"https:\/\/inclusivenews.com.br\/index.php?rest_route=\/wp\/v2\/types\/post"}],"author":[{"embeddable":true,"href":"https:\/\/inclusivenews.com.br\/index.php?rest_route=\/wp\/v2\/users\/1"}],"replies":[{"embeddable":true,"href":"https:\/\/inclusivenews.com.br\/index.php?rest_route=%2Fwp%2Fv2%2Fcomments&post=28232"}],"version-history":[{"count":0,"href":"https:\/\/inclusivenews.com.br\/index.php?rest_route=\/wp\/v2\/posts\/28232\/revisions"}],"wp:attachment":[{"href":"https:\/\/inclusivenews.com.br\/index.php?rest_route=%2Fwp%2Fv2%2Fmedia&parent=28232"}],"wp:term":[{"taxonomy":"category","embeddable":true,"href":"https:\/\/inclusivenews.com.br\/index.php?rest_route=%2Fwp%2Fv2%2Fcategories&post=28232"},{"taxonomy":"post_tag","embeddable":true,"href":"https:\/\/inclusivenews.com.br\/index.php?rest_route=%2Fwp%2Fv2%2Ftags&post=28232"}],"curies":[{"name":"wp","href":"https:\/\/api.w.org\/{rel}","templated":true}]}}