{"id":28238,"date":"2015-08-04T11:06:25","date_gmt":"2015-08-04T14:06:25","guid":{"rendered":"http:\/\/www.inclusive.org.br\/?p=28238"},"modified":"2015-08-04T11:06:25","modified_gmt":"2015-08-04T14:06:25","slug":"novo-simbolo-de-acessibilidade","status":"publish","type":"post","link":"https:\/\/inclusivenews.com.br\/?p=28238","title":{"rendered":"Novo s\u00edmbolo da Acessibilidade"},"content":{"rendered":"<p><a href=\"http:\/\/www.inclusive.org.br\/arquivos\/28238\/acessibilidade-768x512\" rel=\"attachment wp-att-31777\"><img loading=\"lazy\" decoding=\"async\" class=\"alignnone size-medium wp-image-31777\" src=\"http:\/\/inclusivenews.com.br\/wp-content\/uploads\/acessibilidade-768x512-300x200.jpg\" alt=\"figura de homem feita de palatinos, com cabe\u00e7a, pessoas e Maos azuis, brancos abertos, envolvidos por um circulo.\" width=\"300\" height=\"200\" \/><\/a><\/p>\n<p>O novo s\u00edmbolo da acessibilidade foi desenhado pela Unidade de Desenho Gr\u00e1fico do Departamento de Informa\u00e7\u00e3o P\u00fablica das Na\u00e7\u00f5es Unidas, em Nova York, a pedido da Divis\u00e3o de Reuni\u00f5es e Publica\u00e7\u00f5es do Departamento de Assembl\u00e9ia Geral e Gest\u00e3o de Confer\u00eancias das Na\u00e7\u00f5es Unidas, e ser\u00e1 daqui em diante referido como o &#8220;logotipo acessibilidade&#8221;.<\/p>\n<p>O alcance global deste logotipo \u00e9 transmitido por um c\u00edrculo, com a figura sim\u00e9trica conectado para representar uma harmonia entre os seres humanos em sociedade. Esta figura humana universal com os bra\u00e7os abertos simboliza inclus\u00e3o para as pessoas de todos os n\u00edveis, em todos os lugares.<\/p>\n<p>O logotipo de acessibilidade foi criado para uso em produtos de informa\u00e7\u00e3o p\u00fablica impressos e eletr\u00f4nicos para aumentar a conscientiza\u00e7\u00e3o sobre as quest\u00f5es relacionadas \u00e0 defici\u00eancia, e pode ser usado para simbolizar produtos, lugares e tudo o que \u00e9 &#8216;amig\u00e1vel \u00e0s pessoas com defici\u00eancia&#8217; ou acess\u00edvel.<\/p>\n<p>O logotipo de acessibilidade foi criado para representar a acessibilidade para pessoas com defici\u00eancia. Isso inclui a acessibilidade \u00e0 informa\u00e7\u00e3o, servi\u00e7os, tecnologias de comunica\u00e7\u00e3o, bem como o acesso f\u00edsico. O logotipo simboliza a esperan\u00e7a e a igualdade de acesso para todos. Ele foi revisto e selecionados pelos Grupos Focais sobre Acessibilidade, trabalhando com a For\u00e7a-Tarefa Internacional sobre acessibilidade no Secretariado das Na\u00e7\u00f5es Unidas. O grupo \u00e9 composto por organiza\u00e7\u00f5es da sociedade civil eminentes, incluindo as organiza\u00e7\u00f5es das pessoas com defici\u00eancia, tais como pessoas com mobilidade reduzida Internacional do Povo, o Disability Alliance International, Rehabilitation International, Leonard Cheshire Internacional e Human Rights Watch, entre outros.<\/p>\n<p>O logotipo de acessibilidade \u00e9 neutro e imparcial. A utiliza\u00e7\u00e3o do logotipo n\u00e3o implica o endosso pela Organiza\u00e7\u00e3o das Na\u00e7\u00f5es Unidas ou do Secretariado das Na\u00e7\u00f5es Unidas.<\/p>\n<p><strong>CCJ aprova ado\u00e7\u00e3o de novo \u00edcone para sinalizar acessibilidade.<\/strong><\/p>\n<p><a href=\"https:\/\/www.camara.leg.br\/noticias\/616449-ccj-aprova-adocao-de-novo-icone-para-sinalizar-acessibilidade\/\">https:\/\/www.camara.leg.br\/noticias\/616449-ccj-aprova-adocao-de-novo-icone-para-sinalizar-acessibilidade\/<\/a><\/p>\n<p><a href=\"https:\/\/www.un.org\/accessibilitycentre\/\">https:\/\/www.un.org\/accessibilitycentre\/<\/a><\/p>\n<p>Fonte:\u00a0<a href=\"http:\/\/www.un.org\/webaccessibility\/logo.shtml\">http:\/\/www.un.org\/webaccessibility\/logo.shtml<\/a><\/p>\n","protected":false},"excerpt":{"rendered":"<p>Foi criado pela ONU, para uso em produtos de informa\u00e7\u00e3o p\u00fablica impressos e eletr\u00f4nicos para aumentar a conscientiza\u00e7\u00e3o sobre as quest\u00f5es relacionadas \u00e0 defici\u00eancia.<\/p>\n","protected":false},"author":1,"featured_media":0,"comment_status":"open","ping_status":"open","sticky":false,"template":"","format":"standard","meta":{"site-container-style":"default","site-container-layout":"default","site-sidebar-layout":"default","disable-article-header":"default","disable-site-header":"default","disable-site-footer":"default","disable-content-area-spacing":"default","footnotes":""},"categories":[44,4],"tags":[],"class_list":["post-28238","post","type-post","status-publish","format-standard","hentry","category-acessibilidade","category-noticias"],"yoast_head":"<!-- This site is optimized with the Yoast SEO plugin v27.4 - https:\/\/yoast.com\/product\/yoast-seo-wordpress\/ -->\n<title>Novo s\u00edmbolo da Acessibilidade -<\/title>\n<meta name=\"robots\" content=\"index, follow, max-snippet:-1, max-image-preview:large, max-video-preview:-1\" \/>\n<link rel=\"canonical\" href=\"https:\/\/inclusivenews.com.br\/?p=28238\" \/>\n<meta property=\"og:locale\" content=\"pt_PT\" \/>\n<meta property=\"og:type\" content=\"article\" \/>\n<meta property=\"og:title\" content=\"Novo s\u00edmbolo da Acessibilidade -\" \/>\n<meta property=\"og:description\" content=\"Foi criado pela ONU, para uso em produtos de informa\u00e7\u00e3o p\u00fablica impressos e eletr\u00f4nicos para aumentar a conscientiza\u00e7\u00e3o sobre as quest\u00f5es relacionadas \u00e0 defici\u00eancia.\" \/>\n<meta property=\"og:url\" content=\"https:\/\/inclusivenews.com.br\/?p=28238\" \/>\n<meta property=\"article:publisher\" content=\"https:\/\/www.facebook.com\/agenciainclusive\/\" \/>\n<meta property=\"article:published_time\" content=\"2015-08-04T14:06:25+00:00\" \/>\n<meta property=\"og:image\" content=\"http:\/\/inclusivenews.com.br\/wp-content\/uploads\/acessibilidade-768x512-300x200.jpg\" \/>\n<meta name=\"author\" content=\"inclusivenews2024\" \/>\n<meta name=\"twitter:card\" content=\"summary_large_image\" \/>\n<meta name=\"twitter:label1\" content=\"Escrito por\" \/>\n\t<meta name=\"twitter:data1\" content=\"inclusivenews2024\" \/>\n\t<meta name=\"twitter:label2\" content=\"Tempo estimado de leitura\" \/>\n\t<meta name=\"twitter:data2\" content=\"2 minutos\" \/>\n<script type=\"application\/ld+json\" class=\"yoast-schema-graph\">{\"@context\":\"https:\\\/\\\/schema.org\",\"@graph\":[{\"@type\":\"Article\",\"@id\":\"https:\\\/\\\/inclusivenews.com.br\\\/?p=28238#article\",\"isPartOf\":{\"@id\":\"https:\\\/\\\/inclusivenews.com.br\\\/?p=28238\"},\"author\":{\"name\":\"inclusivenews2024\",\"@id\":\"https:\\\/\\\/inclusivenews.com.br\\\/#\\\/schema\\\/person\\\/ae4ec7087559b8692fb33b6fffd2273b\"},\"headline\":\"Novo s\u00edmbolo da Acessibilidade\",\"datePublished\":\"2015-08-04T14:06:25+00:00\",\"mainEntityOfPage\":{\"@id\":\"https:\\\/\\\/inclusivenews.com.br\\\/?p=28238\"},\"wordCount\":347,\"commentCount\":3,\"publisher\":{\"@id\":\"https:\\\/\\\/inclusivenews.com.br\\\/#organization\"},\"image\":{\"@id\":\"https:\\\/\\\/inclusivenews.com.br\\\/?p=28238#primaryimage\"},\"thumbnailUrl\":\"http:\\\/\\\/inclusivenews.com.br\\\/wp-content\\\/uploads\\\/acessibilidade-768x512-300x200.jpg\",\"articleSection\":[\"ACESSIBILIDADE\",\"NOT\u00cdCIAS\"],\"inLanguage\":\"pt-PT\",\"potentialAction\":[{\"@type\":\"CommentAction\",\"name\":\"Comment\",\"target\":[\"https:\\\/\\\/inclusivenews.com.br\\\/?p=28238#respond\"]}]},{\"@type\":\"WebPage\",\"@id\":\"https:\\\/\\\/inclusivenews.com.br\\\/?p=28238\",\"url\":\"https:\\\/\\\/inclusivenews.com.br\\\/?p=28238\",\"name\":\"Novo s\u00edmbolo da Acessibilidade -\",\"isPartOf\":{\"@id\":\"https:\\\/\\\/inclusivenews.com.br\\\/#website\"},\"primaryImageOfPage\":{\"@id\":\"https:\\\/\\\/inclusivenews.com.br\\\/?p=28238#primaryimage\"},\"image\":{\"@id\":\"https:\\\/\\\/inclusivenews.com.br\\\/?p=28238#primaryimage\"},\"thumbnailUrl\":\"http:\\\/\\\/inclusivenews.com.br\\\/wp-content\\\/uploads\\\/acessibilidade-768x512-300x200.jpg\",\"datePublished\":\"2015-08-04T14:06:25+00:00\",\"breadcrumb\":{\"@id\":\"https:\\\/\\\/inclusivenews.com.br\\\/?p=28238#breadcrumb\"},\"inLanguage\":\"pt-PT\",\"potentialAction\":[{\"@type\":\"ReadAction\",\"target\":[\"https:\\\/\\\/inclusivenews.com.br\\\/?p=28238\"]}]},{\"@type\":\"ImageObject\",\"inLanguage\":\"pt-PT\",\"@id\":\"https:\\\/\\\/inclusivenews.com.br\\\/?p=28238#primaryimage\",\"url\":\"\",\"contentUrl\":\"\"},{\"@type\":\"BreadcrumbList\",\"@id\":\"https:\\\/\\\/inclusivenews.com.br\\\/?p=28238#breadcrumb\",\"itemListElement\":[{\"@type\":\"ListItem\",\"position\":1,\"name\":\"In\u00edcio\",\"item\":\"https:\\\/\\\/inclusivenews.com.br\\\/\"},{\"@type\":\"ListItem\",\"position\":2,\"name\":\"Novo s\u00edmbolo da Acessibilidade\"}]},{\"@type\":\"WebSite\",\"@id\":\"https:\\\/\\\/inclusivenews.com.br\\\/#website\",\"url\":\"https:\\\/\\\/inclusivenews.com.br\\\/\",\"name\":\"Inclusive News\",\"description\":\"Inclusive News\",\"publisher\":{\"@id\":\"https:\\\/\\\/inclusivenews.com.br\\\/#organization\"},\"potentialAction\":[{\"@type\":\"SearchAction\",\"target\":{\"@type\":\"EntryPoint\",\"urlTemplate\":\"https:\\\/\\\/inclusivenews.com.br\\\/?s={search_term_string}\"},\"query-input\":{\"@type\":\"PropertyValueSpecification\",\"valueRequired\":true,\"valueName\":\"search_term_string\"}}],\"inLanguage\":\"pt-PT\"},{\"@type\":\"Organization\",\"@id\":\"https:\\\/\\\/inclusivenews.com.br\\\/#organization\",\"name\":\"Inclusive - inclus\u00e3o e cidadania\",\"url\":\"https:\\\/\\\/inclusivenews.com.br\\\/\",\"logo\":{\"@type\":\"ImageObject\",\"inLanguage\":\"pt-PT\",\"@id\":\"https:\\\/\\\/inclusivenews.com.br\\\/#\\\/schema\\\/logo\\\/image\\\/\",\"url\":\"https:\\\/\\\/inclusivenews.com.br\\\/wp-content\\\/uploads\\\/2024\\\/03\\\/@grandesite.png\",\"contentUrl\":\"https:\\\/\\\/inclusivenews.com.br\\\/wp-content\\\/uploads\\\/2024\\\/03\\\/@grandesite.png\",\"width\":1080,\"height\":1080,\"caption\":\"Inclusive - inclus\u00e3o e cidadania\"},\"image\":{\"@id\":\"https:\\\/\\\/inclusivenews.com.br\\\/#\\\/schema\\\/logo\\\/image\\\/\"},\"sameAs\":[\"https:\\\/\\\/www.facebook.com\\\/agenciainclusive\\\/\",\"https:\\\/\\\/www.instagram.com\\\/newsinclusive\\\/\"]},{\"@type\":\"Person\",\"@id\":\"https:\\\/\\\/inclusivenews.com.br\\\/#\\\/schema\\\/person\\\/ae4ec7087559b8692fb33b6fffd2273b\",\"name\":\"inclusivenews2024\",\"image\":{\"@type\":\"ImageObject\",\"inLanguage\":\"pt-PT\",\"@id\":\"https:\\\/\\\/secure.gravatar.com\\\/avatar\\\/c5a7ef84c66fa914f55bc4f7ce26cfa275a3b9a1c5568b907bd184fb4dde7b40?s=96&d=mm&r=g\",\"url\":\"https:\\\/\\\/secure.gravatar.com\\\/avatar\\\/c5a7ef84c66fa914f55bc4f7ce26cfa275a3b9a1c5568b907bd184fb4dde7b40?s=96&d=mm&r=g\",\"contentUrl\":\"https:\\\/\\\/secure.gravatar.com\\\/avatar\\\/c5a7ef84c66fa914f55bc4f7ce26cfa275a3b9a1c5568b907bd184fb4dde7b40?s=96&d=mm&r=g\",\"caption\":\"inclusivenews2024\"},\"sameAs\":[\"https:\\\/\\\/inclusivenews.com.br\"],\"url\":\"https:\\\/\\\/inclusivenews.com.br\\\/?author=1\"}]}<\/script>\n<!-- \/ Yoast SEO plugin. -->","yoast_head_json":{"title":"Novo s\u00edmbolo da Acessibilidade -","robots":{"index":"index","follow":"follow","max-snippet":"max-snippet:-1","max-image-preview":"max-image-preview:large","max-video-preview":"max-video-preview:-1"},"canonical":"https:\/\/inclusivenews.com.br\/?p=28238","og_locale":"pt_PT","og_type":"article","og_title":"Novo s\u00edmbolo da Acessibilidade -","og_description":"Foi criado pela ONU, para uso em produtos de informa\u00e7\u00e3o p\u00fablica impressos e eletr\u00f4nicos para aumentar a conscientiza\u00e7\u00e3o sobre as quest\u00f5es relacionadas \u00e0 defici\u00eancia.","og_url":"https:\/\/inclusivenews.com.br\/?p=28238","article_publisher":"https:\/\/www.facebook.com\/agenciainclusive\/","article_published_time":"2015-08-04T14:06:25+00:00","og_image":[{"url":"http:\/\/inclusivenews.com.br\/wp-content\/uploads\/acessibilidade-768x512-300x200.jpg","type":"","width":"","height":""}],"author":"inclusivenews2024","twitter_card":"summary_large_image","twitter_misc":{"Escrito por":"inclusivenews2024","Tempo estimado de leitura":"2 minutos"},"schema":{"@context":"https:\/\/schema.org","@graph":[{"@type":"Article","@id":"https:\/\/inclusivenews.com.br\/?p=28238#article","isPartOf":{"@id":"https:\/\/inclusivenews.com.br\/?p=28238"},"author":{"name":"inclusivenews2024","@id":"https:\/\/inclusivenews.com.br\/#\/schema\/person\/ae4ec7087559b8692fb33b6fffd2273b"},"headline":"Novo s\u00edmbolo da Acessibilidade","datePublished":"2015-08-04T14:06:25+00:00","mainEntityOfPage":{"@id":"https:\/\/inclusivenews.com.br\/?p=28238"},"wordCount":347,"commentCount":3,"publisher":{"@id":"https:\/\/inclusivenews.com.br\/#organization"},"image":{"@id":"https:\/\/inclusivenews.com.br\/?p=28238#primaryimage"},"thumbnailUrl":"http:\/\/inclusivenews.com.br\/wp-content\/uploads\/acessibilidade-768x512-300x200.jpg","articleSection":["ACESSIBILIDADE","NOT\u00cdCIAS"],"inLanguage":"pt-PT","potentialAction":[{"@type":"CommentAction","name":"Comment","target":["https:\/\/inclusivenews.com.br\/?p=28238#respond"]}]},{"@type":"WebPage","@id":"https:\/\/inclusivenews.com.br\/?p=28238","url":"https:\/\/inclusivenews.com.br\/?p=28238","name":"Novo s\u00edmbolo da Acessibilidade -","isPartOf":{"@id":"https:\/\/inclusivenews.com.br\/#website"},"primaryImageOfPage":{"@id":"https:\/\/inclusivenews.com.br\/?p=28238#primaryimage"},"image":{"@id":"https:\/\/inclusivenews.com.br\/?p=28238#primaryimage"},"thumbnailUrl":"http:\/\/inclusivenews.com.br\/wp-content\/uploads\/acessibilidade-768x512-300x200.jpg","datePublished":"2015-08-04T14:06:25+00:00","breadcrumb":{"@id":"https:\/\/inclusivenews.com.br\/?p=28238#breadcrumb"},"inLanguage":"pt-PT","potentialAction":[{"@type":"ReadAction","target":["https:\/\/inclusivenews.com.br\/?p=28238"]}]},{"@type":"ImageObject","inLanguage":"pt-PT","@id":"https:\/\/inclusivenews.com.br\/?p=28238#primaryimage","url":"","contentUrl":""},{"@type":"BreadcrumbList","@id":"https:\/\/inclusivenews.com.br\/?p=28238#breadcrumb","itemListElement":[{"@type":"ListItem","position":1,"name":"In\u00edcio","item":"https:\/\/inclusivenews.com.br\/"},{"@type":"ListItem","position":2,"name":"Novo s\u00edmbolo da Acessibilidade"}]},{"@type":"WebSite","@id":"https:\/\/inclusivenews.com.br\/#website","url":"https:\/\/inclusivenews.com.br\/","name":"Inclusive News","description":"Inclusive News","publisher":{"@id":"https:\/\/inclusivenews.com.br\/#organization"},"potentialAction":[{"@type":"SearchAction","target":{"@type":"EntryPoint","urlTemplate":"https:\/\/inclusivenews.com.br\/?s={search_term_string}"},"query-input":{"@type":"PropertyValueSpecification","valueRequired":true,"valueName":"search_term_string"}}],"inLanguage":"pt-PT"},{"@type":"Organization","@id":"https:\/\/inclusivenews.com.br\/#organization","name":"Inclusive - inclus\u00e3o e cidadania","url":"https:\/\/inclusivenews.com.br\/","logo":{"@type":"ImageObject","inLanguage":"pt-PT","@id":"https:\/\/inclusivenews.com.br\/#\/schema\/logo\/image\/","url":"https:\/\/inclusivenews.com.br\/wp-content\/uploads\/2024\/03\/@grandesite.png","contentUrl":"https:\/\/inclusivenews.com.br\/wp-content\/uploads\/2024\/03\/@grandesite.png","width":1080,"height":1080,"caption":"Inclusive - inclus\u00e3o e cidadania"},"image":{"@id":"https:\/\/inclusivenews.com.br\/#\/schema\/logo\/image\/"},"sameAs":["https:\/\/www.facebook.com\/agenciainclusive\/","https:\/\/www.instagram.com\/newsinclusive\/"]},{"@type":"Person","@id":"https:\/\/inclusivenews.com.br\/#\/schema\/person\/ae4ec7087559b8692fb33b6fffd2273b","name":"inclusivenews2024","image":{"@type":"ImageObject","inLanguage":"pt-PT","@id":"https:\/\/secure.gravatar.com\/avatar\/c5a7ef84c66fa914f55bc4f7ce26cfa275a3b9a1c5568b907bd184fb4dde7b40?s=96&d=mm&r=g","url":"https:\/\/secure.gravatar.com\/avatar\/c5a7ef84c66fa914f55bc4f7ce26cfa275a3b9a1c5568b907bd184fb4dde7b40?s=96&d=mm&r=g","contentUrl":"https:\/\/secure.gravatar.com\/avatar\/c5a7ef84c66fa914f55bc4f7ce26cfa275a3b9a1c5568b907bd184fb4dde7b40?s=96&d=mm&r=g","caption":"inclusivenews2024"},"sameAs":["https:\/\/inclusivenews.com.br"],"url":"https:\/\/inclusivenews.com.br\/?author=1"}]}},"_links":{"self":[{"href":"https:\/\/inclusivenews.com.br\/index.php?rest_route=\/wp\/v2\/posts\/28238","targetHints":{"allow":["GET"]}}],"collection":[{"href":"https:\/\/inclusivenews.com.br\/index.php?rest_route=\/wp\/v2\/posts"}],"about":[{"href":"https:\/\/inclusivenews.com.br\/index.php?rest_route=\/wp\/v2\/types\/post"}],"author":[{"embeddable":true,"href":"https:\/\/inclusivenews.com.br\/index.php?rest_route=\/wp\/v2\/users\/1"}],"replies":[{"embeddable":true,"href":"https:\/\/inclusivenews.com.br\/index.php?rest_route=%2Fwp%2Fv2%2Fcomments&post=28238"}],"version-history":[{"count":0,"href":"https:\/\/inclusivenews.com.br\/index.php?rest_route=\/wp\/v2\/posts\/28238\/revisions"}],"wp:attachment":[{"href":"https:\/\/inclusivenews.com.br\/index.php?rest_route=%2Fwp%2Fv2%2Fmedia&parent=28238"}],"wp:term":[{"taxonomy":"category","embeddable":true,"href":"https:\/\/inclusivenews.com.br\/index.php?rest_route=%2Fwp%2Fv2%2Fcategories&post=28238"},{"taxonomy":"post_tag","embeddable":true,"href":"https:\/\/inclusivenews.com.br\/index.php?rest_route=%2Fwp%2Fv2%2Ftags&post=28238"}],"curies":[{"name":"wp","href":"https:\/\/api.w.org\/{rel}","templated":true}]}}