{"id":28311,"date":"2015-08-25T11:14:33","date_gmt":"2015-08-25T14:14:33","guid":{"rendered":"http:\/\/www.inclusive.org.br\/?p=28311"},"modified":"2015-08-25T11:14:33","modified_gmt":"2015-08-25T14:14:33","slug":"1o-workshop-internacional-de-sindrome-de-williams","status":"publish","type":"post","link":"https:\/\/inclusivenews.com.br\/?p=28311","title":{"rendered":"1\u00ba Workshop Internacional de S\u00edndrome de Williams"},"content":{"rendered":"<p><img loading=\"lazy\" decoding=\"async\" class=\"alignnone\" alt=\"Cartaz de divulga\u00e7\u00e3o. Descri\u00e7\u00e3o n\u00e3o fornecida pelo publicador.\" src=\"http:\/\/swbrasil.org.br\/wp-content\/uploads\/2015\/07\/FOLDER-213x300.jpg\" width=\"213\" height=\"300\" \/><\/p>\n<p><em>Evento ocorre em S\u00e3o Paulo, SP, de 30\/10 a 2\/11 de 2015<\/em><\/p>\n<p>Neste ano de 2015 a ABSW \u2013 Associa\u00e7\u00e3o Brasileira de S\u00edndrome de Williams est\u00e1 preparando o 7\u00ba Encontro Nacional da S\u00edndrome de Williams e conjuntamente ir\u00e1 realizar o 1\u00ba Workshop Internacional de S\u00edndrome de Williams. O evento ser\u00e1 de 4 dias, dias 30 e 31 de outubro e 1\u00ba e 2 de novembro (sexta-feira a segunda-feira \u2013 final de semana prolongado devido ao feriado de Finados).<\/p>\n<p>No primeiro dia teremos palestras de oito convidados internacionais, de 5 pa\u00edses diferentes, que ir\u00e3o discursar por 50 minutos cada um, sobre os temas de suas pesquisas envolvendo a s\u00edndrome de Williams.<\/p>\n<p>No segundo dia teremos apresenta\u00e7\u00f5es de mais de 15 associa\u00e7\u00f5es internacionais de S\u00edndrome de Williams de diversos pa\u00edses. Teremos tamb\u00e9m as apresenta\u00e7\u00f5es das 25 associa\u00e7\u00f5es estaduais de S\u00edndrome de Williams do Brasil ou n\u00facleos da ABSW.<\/p>\n<p>No terceiro dia teremos 12 oficinas sobre t\u00f3picos especiais que envolvem a S\u00edndrome de Williams, nas quais 12 profissionais com vasta experi\u00eancia na S\u00edndrome de Williams ir\u00e3o realizar pequenas conferencias sobre os seus temas de pesquisa e depois haver\u00e1 um grande debate com os pais sobre suas preocupa\u00e7\u00f5es e ou d\u00favidas com esses especialistas em sexualidade, odontologia, fonoaudiologia, psicologia, educa\u00e7\u00e3o, psiquiatria, educa\u00e7\u00e3o, direitos, etc.<\/p>\n<p>No quarto dia teremos uma confer\u00eancia magna com um dos principais pesquisadores brasileiros sobre a S\u00edndrome de Williams, depoimentos de adolescentes com S\u00edndrome de Williams de 15 anos ou mais com o tema: EU TENHO A S\u00cdNDROME DE WILLIANS. Uma bela festa de confraterniza\u00e7\u00e3o e encerramento. Est\u00e3o sendo esperados cerca de 800 participantes, entre pais, familiares de indiv\u00edduos com S\u00edndrome de Willians, pesquisadores, profissionais de sa\u00fade, profissionais de educa\u00e7\u00e3o inclusiva, profissionais de direitos da pessoa com defici\u00eancia, estudantes e outros.<\/p>\n<p>O evento ser\u00e1 realizado no S\u00c3O PAULO EXPO EXHIBITION &amp; CONVENTION CENTER (Antigo Centro de Exibi\u00e7\u00f5es Imigrantes) \u2013 <a href=\"http:\/\/www.saopauloexpo.com.br\" target=\"_blank\" rel=\"noopener\">www.saopauloexpo.com.br<\/a> \u2013 onde teremos um audit\u00f3rio para 800 pessoas, 4 salas de apresenta\u00e7\u00f5es para 200 pessoas cada uma, salas de apoio log\u00edstico, espa\u00e7o para refei\u00e7\u00f5es, e espa\u00e7o para a\u00e7\u00f5es promocionais.<\/p>\n","protected":false},"excerpt":{"rendered":"<p>Neste ano de 2015 a ABSW \u2013 Associa\u00e7\u00e3o Brasileira de S\u00edndrome de Williams est\u00e1 preparando o 7\u00ba Encontro Nacional da S\u00edndrome de Williams e conjuntamente ir\u00e1 realizar o 1\u00ba Workshop Internacional de S\u00edndrome de Williams. O evento ser\u00e1 de 4 dias, dias 30 e 31 de outubro e 1\u00ba e 2 de novembro (sexta-feira a segunda-feira \u2013 final de semana prolongado devido ao feriado de Finados).<\/p>\n","protected":false},"author":1,"featured_media":0,"comment_status":"open","ping_status":"open","sticky":false,"template":"","format":"standard","meta":{"site-container-style":"default","site-container-layout":"default","site-sidebar-layout":"default","disable-article-header":"default","disable-site-header":"default","disable-site-footer":"default","disable-content-area-spacing":"default","footnotes":""},"categories":[12],"tags":[],"class_list":["post-28311","post","type-post","status-publish","format-standard","hentry","category-cursos-e-eventos"],"yoast_head":"<!-- This site is optimized with the Yoast SEO plugin v27.4 - https:\/\/yoast.com\/product\/yoast-seo-wordpress\/ -->\n<title>1\u00ba Workshop Internacional de S\u00edndrome de Williams -<\/title>\n<meta name=\"robots\" content=\"index, follow, max-snippet:-1, max-image-preview:large, max-video-preview:-1\" \/>\n<link rel=\"canonical\" href=\"https:\/\/inclusivenews.com.br\/?p=28311\" \/>\n<meta property=\"og:locale\" content=\"pt_PT\" \/>\n<meta property=\"og:type\" content=\"article\" \/>\n<meta property=\"og:title\" content=\"1\u00ba Workshop Internacional de S\u00edndrome de Williams -\" \/>\n<meta property=\"og:description\" content=\"Neste ano de 2015 a ABSW \u2013 Associa\u00e7\u00e3o Brasileira de S\u00edndrome de Williams est\u00e1 preparando o 7\u00ba Encontro Nacional da S\u00edndrome de Williams e conjuntamente ir\u00e1 realizar o 1\u00ba Workshop Internacional de S\u00edndrome de Williams. O evento ser\u00e1 de 4 dias, dias 30 e 31 de outubro e 1\u00ba e 2 de novembro (sexta-feira a segunda-feira \u2013 final de semana prolongado devido ao feriado de Finados).\" \/>\n<meta property=\"og:url\" content=\"https:\/\/inclusivenews.com.br\/?p=28311\" \/>\n<meta property=\"article:publisher\" content=\"https:\/\/www.facebook.com\/agenciainclusive\/\" \/>\n<meta property=\"article:published_time\" content=\"2015-08-25T14:14:33+00:00\" \/>\n<meta property=\"og:image\" content=\"http:\/\/swbrasil.org.br\/wp-content\/uploads\/2015\/07\/FOLDER-213x300.jpg\" \/>\n<meta name=\"author\" content=\"inclusivenews2024\" \/>\n<meta name=\"twitter:card\" content=\"summary_large_image\" \/>\n<meta name=\"twitter:label1\" content=\"Escrito por\" \/>\n\t<meta name=\"twitter:data1\" content=\"inclusivenews2024\" \/>\n\t<meta name=\"twitter:label2\" content=\"Tempo estimado de leitura\" \/>\n\t<meta name=\"twitter:data2\" content=\"2 minutos\" \/>\n<script type=\"application\/ld+json\" class=\"yoast-schema-graph\">{\"@context\":\"https:\\\/\\\/schema.org\",\"@graph\":[{\"@type\":\"Article\",\"@id\":\"https:\\\/\\\/inclusivenews.com.br\\\/?p=28311#article\",\"isPartOf\":{\"@id\":\"https:\\\/\\\/inclusivenews.com.br\\\/?p=28311\"},\"author\":{\"name\":\"inclusivenews2024\",\"@id\":\"https:\\\/\\\/inclusivenews.com.br\\\/#\\\/schema\\\/person\\\/ae4ec7087559b8692fb33b6fffd2273b\"},\"headline\":\"1\u00ba Workshop Internacional de S\u00edndrome de Williams\",\"datePublished\":\"2015-08-25T14:14:33+00:00\",\"mainEntityOfPage\":{\"@id\":\"https:\\\/\\\/inclusivenews.com.br\\\/?p=28311\"},\"wordCount\":368,\"commentCount\":0,\"publisher\":{\"@id\":\"https:\\\/\\\/inclusivenews.com.br\\\/#organization\"},\"image\":{\"@id\":\"https:\\\/\\\/inclusivenews.com.br\\\/?p=28311#primaryimage\"},\"thumbnailUrl\":\"http:\\\/\\\/swbrasil.org.br\\\/wp-content\\\/uploads\\\/2015\\\/07\\\/FOLDER-213x300.jpg\",\"articleSection\":[\"Cursos e eventos\"],\"inLanguage\":\"pt-PT\",\"potentialAction\":[{\"@type\":\"CommentAction\",\"name\":\"Comment\",\"target\":[\"https:\\\/\\\/inclusivenews.com.br\\\/?p=28311#respond\"]}]},{\"@type\":\"WebPage\",\"@id\":\"https:\\\/\\\/inclusivenews.com.br\\\/?p=28311\",\"url\":\"https:\\\/\\\/inclusivenews.com.br\\\/?p=28311\",\"name\":\"1\u00ba Workshop Internacional de S\u00edndrome de Williams -\",\"isPartOf\":{\"@id\":\"https:\\\/\\\/inclusivenews.com.br\\\/#website\"},\"primaryImageOfPage\":{\"@id\":\"https:\\\/\\\/inclusivenews.com.br\\\/?p=28311#primaryimage\"},\"image\":{\"@id\":\"https:\\\/\\\/inclusivenews.com.br\\\/?p=28311#primaryimage\"},\"thumbnailUrl\":\"http:\\\/\\\/swbrasil.org.br\\\/wp-content\\\/uploads\\\/2015\\\/07\\\/FOLDER-213x300.jpg\",\"datePublished\":\"2015-08-25T14:14:33+00:00\",\"breadcrumb\":{\"@id\":\"https:\\\/\\\/inclusivenews.com.br\\\/?p=28311#breadcrumb\"},\"inLanguage\":\"pt-PT\",\"potentialAction\":[{\"@type\":\"ReadAction\",\"target\":[\"https:\\\/\\\/inclusivenews.com.br\\\/?p=28311\"]}]},{\"@type\":\"ImageObject\",\"inLanguage\":\"pt-PT\",\"@id\":\"https:\\\/\\\/inclusivenews.com.br\\\/?p=28311#primaryimage\",\"url\":\"http:\\\/\\\/swbrasil.org.br\\\/wp-content\\\/uploads\\\/2015\\\/07\\\/FOLDER-213x300.jpg\",\"contentUrl\":\"http:\\\/\\\/swbrasil.org.br\\\/wp-content\\\/uploads\\\/2015\\\/07\\\/FOLDER-213x300.jpg\"},{\"@type\":\"BreadcrumbList\",\"@id\":\"https:\\\/\\\/inclusivenews.com.br\\\/?p=28311#breadcrumb\",\"itemListElement\":[{\"@type\":\"ListItem\",\"position\":1,\"name\":\"In\u00edcio\",\"item\":\"https:\\\/\\\/inclusivenews.com.br\\\/\"},{\"@type\":\"ListItem\",\"position\":2,\"name\":\"1\u00ba Workshop Internacional de S\u00edndrome de Williams\"}]},{\"@type\":\"WebSite\",\"@id\":\"https:\\\/\\\/inclusivenews.com.br\\\/#website\",\"url\":\"https:\\\/\\\/inclusivenews.com.br\\\/\",\"name\":\"Inclusive News\",\"description\":\"Inclusive News\",\"publisher\":{\"@id\":\"https:\\\/\\\/inclusivenews.com.br\\\/#organization\"},\"potentialAction\":[{\"@type\":\"SearchAction\",\"target\":{\"@type\":\"EntryPoint\",\"urlTemplate\":\"https:\\\/\\\/inclusivenews.com.br\\\/?s={search_term_string}\"},\"query-input\":{\"@type\":\"PropertyValueSpecification\",\"valueRequired\":true,\"valueName\":\"search_term_string\"}}],\"inLanguage\":\"pt-PT\"},{\"@type\":\"Organization\",\"@id\":\"https:\\\/\\\/inclusivenews.com.br\\\/#organization\",\"name\":\"Inclusive - inclus\u00e3o e cidadania\",\"url\":\"https:\\\/\\\/inclusivenews.com.br\\\/\",\"logo\":{\"@type\":\"ImageObject\",\"inLanguage\":\"pt-PT\",\"@id\":\"https:\\\/\\\/inclusivenews.com.br\\\/#\\\/schema\\\/logo\\\/image\\\/\",\"url\":\"https:\\\/\\\/inclusivenews.com.br\\\/wp-content\\\/uploads\\\/2024\\\/03\\\/@grandesite.png\",\"contentUrl\":\"https:\\\/\\\/inclusivenews.com.br\\\/wp-content\\\/uploads\\\/2024\\\/03\\\/@grandesite.png\",\"width\":1080,\"height\":1080,\"caption\":\"Inclusive - inclus\u00e3o e cidadania\"},\"image\":{\"@id\":\"https:\\\/\\\/inclusivenews.com.br\\\/#\\\/schema\\\/logo\\\/image\\\/\"},\"sameAs\":[\"https:\\\/\\\/www.facebook.com\\\/agenciainclusive\\\/\",\"https:\\\/\\\/www.instagram.com\\\/newsinclusive\\\/\"]},{\"@type\":\"Person\",\"@id\":\"https:\\\/\\\/inclusivenews.com.br\\\/#\\\/schema\\\/person\\\/ae4ec7087559b8692fb33b6fffd2273b\",\"name\":\"inclusivenews2024\",\"image\":{\"@type\":\"ImageObject\",\"inLanguage\":\"pt-PT\",\"@id\":\"https:\\\/\\\/secure.gravatar.com\\\/avatar\\\/c5a7ef84c66fa914f55bc4f7ce26cfa275a3b9a1c5568b907bd184fb4dde7b40?s=96&d=mm&r=g\",\"url\":\"https:\\\/\\\/secure.gravatar.com\\\/avatar\\\/c5a7ef84c66fa914f55bc4f7ce26cfa275a3b9a1c5568b907bd184fb4dde7b40?s=96&d=mm&r=g\",\"contentUrl\":\"https:\\\/\\\/secure.gravatar.com\\\/avatar\\\/c5a7ef84c66fa914f55bc4f7ce26cfa275a3b9a1c5568b907bd184fb4dde7b40?s=96&d=mm&r=g\",\"caption\":\"inclusivenews2024\"},\"sameAs\":[\"https:\\\/\\\/inclusivenews.com.br\"],\"url\":\"https:\\\/\\\/inclusivenews.com.br\\\/?author=1\"}]}<\/script>\n<!-- \/ Yoast SEO plugin. -->","yoast_head_json":{"title":"1\u00ba Workshop Internacional de S\u00edndrome de Williams -","robots":{"index":"index","follow":"follow","max-snippet":"max-snippet:-1","max-image-preview":"max-image-preview:large","max-video-preview":"max-video-preview:-1"},"canonical":"https:\/\/inclusivenews.com.br\/?p=28311","og_locale":"pt_PT","og_type":"article","og_title":"1\u00ba Workshop Internacional de S\u00edndrome de Williams -","og_description":"Neste ano de 2015 a ABSW \u2013 Associa\u00e7\u00e3o Brasileira de S\u00edndrome de Williams est\u00e1 preparando o 7\u00ba Encontro Nacional da S\u00edndrome de Williams e conjuntamente ir\u00e1 realizar o 1\u00ba Workshop Internacional de S\u00edndrome de Williams. O evento ser\u00e1 de 4 dias, dias 30 e 31 de outubro e 1\u00ba e 2 de novembro (sexta-feira a segunda-feira \u2013 final de semana prolongado devido ao feriado de Finados).","og_url":"https:\/\/inclusivenews.com.br\/?p=28311","article_publisher":"https:\/\/www.facebook.com\/agenciainclusive\/","article_published_time":"2015-08-25T14:14:33+00:00","og_image":[{"url":"http:\/\/swbrasil.org.br\/wp-content\/uploads\/2015\/07\/FOLDER-213x300.jpg","type":"","width":"","height":""}],"author":"inclusivenews2024","twitter_card":"summary_large_image","twitter_misc":{"Escrito por":"inclusivenews2024","Tempo estimado de leitura":"2 minutos"},"schema":{"@context":"https:\/\/schema.org","@graph":[{"@type":"Article","@id":"https:\/\/inclusivenews.com.br\/?p=28311#article","isPartOf":{"@id":"https:\/\/inclusivenews.com.br\/?p=28311"},"author":{"name":"inclusivenews2024","@id":"https:\/\/inclusivenews.com.br\/#\/schema\/person\/ae4ec7087559b8692fb33b6fffd2273b"},"headline":"1\u00ba Workshop Internacional de S\u00edndrome de Williams","datePublished":"2015-08-25T14:14:33+00:00","mainEntityOfPage":{"@id":"https:\/\/inclusivenews.com.br\/?p=28311"},"wordCount":368,"commentCount":0,"publisher":{"@id":"https:\/\/inclusivenews.com.br\/#organization"},"image":{"@id":"https:\/\/inclusivenews.com.br\/?p=28311#primaryimage"},"thumbnailUrl":"http:\/\/swbrasil.org.br\/wp-content\/uploads\/2015\/07\/FOLDER-213x300.jpg","articleSection":["Cursos e eventos"],"inLanguage":"pt-PT","potentialAction":[{"@type":"CommentAction","name":"Comment","target":["https:\/\/inclusivenews.com.br\/?p=28311#respond"]}]},{"@type":"WebPage","@id":"https:\/\/inclusivenews.com.br\/?p=28311","url":"https:\/\/inclusivenews.com.br\/?p=28311","name":"1\u00ba Workshop Internacional de S\u00edndrome de Williams -","isPartOf":{"@id":"https:\/\/inclusivenews.com.br\/#website"},"primaryImageOfPage":{"@id":"https:\/\/inclusivenews.com.br\/?p=28311#primaryimage"},"image":{"@id":"https:\/\/inclusivenews.com.br\/?p=28311#primaryimage"},"thumbnailUrl":"http:\/\/swbrasil.org.br\/wp-content\/uploads\/2015\/07\/FOLDER-213x300.jpg","datePublished":"2015-08-25T14:14:33+00:00","breadcrumb":{"@id":"https:\/\/inclusivenews.com.br\/?p=28311#breadcrumb"},"inLanguage":"pt-PT","potentialAction":[{"@type":"ReadAction","target":["https:\/\/inclusivenews.com.br\/?p=28311"]}]},{"@type":"ImageObject","inLanguage":"pt-PT","@id":"https:\/\/inclusivenews.com.br\/?p=28311#primaryimage","url":"http:\/\/swbrasil.org.br\/wp-content\/uploads\/2015\/07\/FOLDER-213x300.jpg","contentUrl":"http:\/\/swbrasil.org.br\/wp-content\/uploads\/2015\/07\/FOLDER-213x300.jpg"},{"@type":"BreadcrumbList","@id":"https:\/\/inclusivenews.com.br\/?p=28311#breadcrumb","itemListElement":[{"@type":"ListItem","position":1,"name":"In\u00edcio","item":"https:\/\/inclusivenews.com.br\/"},{"@type":"ListItem","position":2,"name":"1\u00ba Workshop Internacional de S\u00edndrome de Williams"}]},{"@type":"WebSite","@id":"https:\/\/inclusivenews.com.br\/#website","url":"https:\/\/inclusivenews.com.br\/","name":"Inclusive News","description":"Inclusive News","publisher":{"@id":"https:\/\/inclusivenews.com.br\/#organization"},"potentialAction":[{"@type":"SearchAction","target":{"@type":"EntryPoint","urlTemplate":"https:\/\/inclusivenews.com.br\/?s={search_term_string}"},"query-input":{"@type":"PropertyValueSpecification","valueRequired":true,"valueName":"search_term_string"}}],"inLanguage":"pt-PT"},{"@type":"Organization","@id":"https:\/\/inclusivenews.com.br\/#organization","name":"Inclusive - inclus\u00e3o e cidadania","url":"https:\/\/inclusivenews.com.br\/","logo":{"@type":"ImageObject","inLanguage":"pt-PT","@id":"https:\/\/inclusivenews.com.br\/#\/schema\/logo\/image\/","url":"https:\/\/inclusivenews.com.br\/wp-content\/uploads\/2024\/03\/@grandesite.png","contentUrl":"https:\/\/inclusivenews.com.br\/wp-content\/uploads\/2024\/03\/@grandesite.png","width":1080,"height":1080,"caption":"Inclusive - inclus\u00e3o e cidadania"},"image":{"@id":"https:\/\/inclusivenews.com.br\/#\/schema\/logo\/image\/"},"sameAs":["https:\/\/www.facebook.com\/agenciainclusive\/","https:\/\/www.instagram.com\/newsinclusive\/"]},{"@type":"Person","@id":"https:\/\/inclusivenews.com.br\/#\/schema\/person\/ae4ec7087559b8692fb33b6fffd2273b","name":"inclusivenews2024","image":{"@type":"ImageObject","inLanguage":"pt-PT","@id":"https:\/\/secure.gravatar.com\/avatar\/c5a7ef84c66fa914f55bc4f7ce26cfa275a3b9a1c5568b907bd184fb4dde7b40?s=96&d=mm&r=g","url":"https:\/\/secure.gravatar.com\/avatar\/c5a7ef84c66fa914f55bc4f7ce26cfa275a3b9a1c5568b907bd184fb4dde7b40?s=96&d=mm&r=g","contentUrl":"https:\/\/secure.gravatar.com\/avatar\/c5a7ef84c66fa914f55bc4f7ce26cfa275a3b9a1c5568b907bd184fb4dde7b40?s=96&d=mm&r=g","caption":"inclusivenews2024"},"sameAs":["https:\/\/inclusivenews.com.br"],"url":"https:\/\/inclusivenews.com.br\/?author=1"}]}},"_links":{"self":[{"href":"https:\/\/inclusivenews.com.br\/index.php?rest_route=\/wp\/v2\/posts\/28311","targetHints":{"allow":["GET"]}}],"collection":[{"href":"https:\/\/inclusivenews.com.br\/index.php?rest_route=\/wp\/v2\/posts"}],"about":[{"href":"https:\/\/inclusivenews.com.br\/index.php?rest_route=\/wp\/v2\/types\/post"}],"author":[{"embeddable":true,"href":"https:\/\/inclusivenews.com.br\/index.php?rest_route=\/wp\/v2\/users\/1"}],"replies":[{"embeddable":true,"href":"https:\/\/inclusivenews.com.br\/index.php?rest_route=%2Fwp%2Fv2%2Fcomments&post=28311"}],"version-history":[{"count":0,"href":"https:\/\/inclusivenews.com.br\/index.php?rest_route=\/wp\/v2\/posts\/28311\/revisions"}],"wp:attachment":[{"href":"https:\/\/inclusivenews.com.br\/index.php?rest_route=%2Fwp%2Fv2%2Fmedia&parent=28311"}],"wp:term":[{"taxonomy":"category","embeddable":true,"href":"https:\/\/inclusivenews.com.br\/index.php?rest_route=%2Fwp%2Fv2%2Fcategories&post=28311"},{"taxonomy":"post_tag","embeddable":true,"href":"https:\/\/inclusivenews.com.br\/index.php?rest_route=%2Fwp%2Fv2%2Ftags&post=28311"}],"curies":[{"name":"wp","href":"https:\/\/api.w.org\/{rel}","templated":true}]}}