{"id":28421,"date":"2015-09-14T11:43:09","date_gmt":"2015-09-14T14:43:09","guid":{"rendered":"http:\/\/www.inclusive.org.br\/?p=28421"},"modified":"2015-09-14T11:43:09","modified_gmt":"2015-09-14T14:43:09","slug":"dedos-que-leem","status":"publish","type":"post","link":"https:\/\/inclusivenews.com.br\/?p=28421","title":{"rendered":"Dedos que leem"},"content":{"rendered":"<p><img loading=\"lazy\" decoding=\"async\" class=\" wp-image-13303 alignnone\" title=\"Dedo lendo braile.\" alt=\"Dedo lendo braile.\" src=\"http:\/\/inclusivenews.com.br\/wp-content\/uploads\/2010\/01\/braille.jpg\" width=\"270\" height=\"179\" \/><\/p>\n<p style=\"text-align: left;\" align=\"center\"><b>1. Objetivo<\/b><\/p>\n<p>O Concurso liter\u00e1rio \u201c<b>Dedos que Leem<\/b>\u201d premiar\u00e1 poemas e cr\u00f4nicas avulsos de autores individuais cegos ou de baixa vis\u00e3o, redigidos em l\u00edngua portuguesa, em Braille e alfabeto latino.<b>\u00a0<\/b><\/p>\n<p><b>2. Inscri\u00e7\u00e3o<\/b><\/p>\n<p>As inscri\u00e7\u00f5es do Concurso \u201c<b>Dedos que Leem<\/b>\u201d ocorrer\u00e3o do per\u00edodo de\u00a0<b>09 de setembro a 03 de dezembro<\/b>2015 por meio do endere\u00e7o de e-mail:\u00a0<a href=\"mailto:centrobraille@fcblu.com.br\" target=\"_blank\" rel=\"noopener\">centrobraille@fcblu.com.br<\/a>\u00a0ou por correio f\u00edsico com o material remetido para:<\/p>\n<p><b>Funda\u00e7\u00e3o Cultural de Blumenau,<\/b><\/p>\n<p><b>Concurso \u201cDedos que Leem\u201d<\/b><\/p>\n<p>Rua: XV de Novembro, n\u00ba 161<br \/>\nBairro: Centro \u2013 CEP: 89010-001<br \/>\nBlumenau \u2013 Santa Catarina \u2013 Brasil<\/p>\n<p>2.1\u00a0Os documentos necess\u00e1rios para a inscri\u00e7\u00e3o s\u00e3o:<\/p>\n<p>2.1.1\u00a0\u00a0\u00a0\u00a0\u00a0Por e-mail: no corpo do e-mail devem conter nome do autor, registro geral (RG) e CPF e endere\u00e7o. Os poemas e cr\u00f4nicas em anexo, formato DOC ou TXT em alfabeto latino. Fonte Times New Roman ou Arial tamanho 12, espa\u00e7amento de 1,5 e margens todas de 3 cm. Os poemas e cr\u00f4nicas n\u00e3o podem conter mais que 30 linhas. O t\u00edtulo deve estar contido numa folha de rosto junto com o nome do autor.<\/p>\n<p>2.1.2\u00a0\u00a0\u00a0\u00a0\u00a0Por correio: Envelope com os poemas separados, titulados por folha de rosto e com nome do autor. Fonte Times New Roman ou Arial tamanho 12, espa\u00e7amento de 1,5 e margens todas de 3 cm. Os poemas e cr\u00f4nicas n\u00e3o podem conter mais que 30 linhas. A data da postagem assegura o prazo.<\/p>\n<p><b>\u00a0<\/b><b>3. Do Conselho Editorial<\/b><\/p>\n<p>A comiss\u00e3o\u00a0<i>ad hoc<\/i>\u00a0do Concurso \u201cDedos que leem\u201d ser\u00e1 coordenada pelos membros da Sociedade Amigos do Centro Braille de Blumenau, sendo um dos membros conselheiro da Editora Cultura em Movimento.<\/p>\n<p><b>4. Da Comiss\u00e3o Julgadora<\/b><\/p>\n<p>A comiss\u00e3o\u00a0<i>ad hoc<\/i>\u00a0do Concurso \u201c<b>Dedos que Leem<\/b>\u201d ter\u00e1 total liberdade para deliberar sobre o m\u00e9rito art\u00edstico das obras inscritas, de premiar o n\u00famero de poemas que lhe convier, inclusive mais de um de mesma autoria. Ao enviar sua inscri\u00e7\u00e3o, o autor estar\u00e1 manifestando que aceita os termos e condi\u00e7\u00f5es deste regulamento, deste modo n\u00e3o caber\u00e1 qualquer tipo de recurso, por parte de quaisquer pessoas ou institui\u00e7\u00f5es, da decis\u00e3o da comiss\u00e3o\u00a0<i>ad hoc<\/i>\u00a0do Concurso \u201c<b>Dedos que Leem<\/b>\u201d.<\/p>\n<p><b>5. Da Divulga\u00e7\u00e3o dos Resultados e da Premia\u00e7\u00e3o<\/b><\/p>\n<p>O resultado do Concurso \u201c<b>Dedos que Leem<\/b>\u201d ser\u00e1 divulgado no site da Funda\u00e7\u00e3o Cultural de Blumenau dia 08 de mar\u00e7o de 2016. A premia\u00e7\u00e3o para as obras vencedoras do Concurso \u201c<b>Dedos que Leem<\/b>\u201d ser\u00e1 a publica\u00e7\u00e3o dos poemas e cr\u00f4nicas pela Editora Cultura em Movimento no formato livro, com\u00a0<b>60 (sessenta) exemplares e 02 (dois) exemplares para cada poeta selecionado<\/b>, que dever\u00e1 ocorrer ao longo do primeiro semestre de 2016. Os originais inscritos no Concurso \u201c<b>Dedos que Leem<\/b>\u201d n\u00e3o ser\u00e3o devolvidos.<\/p>\n<p><b>6. Dos Casos Omissos:<\/b><\/p>\n<p>Os casos omissos ser\u00e3o resolvidos em conjunto pela comiss\u00e3o\u00a0<i>ad hoc<\/i>\u00a0do Concurso \u201c<b>Dedos que Leem<\/b>\u201d, selecionada entre os membros do Conselho da Sociedade Cultural Amigos do Centro Braille.<\/p>\n","protected":false},"excerpt":{"rendered":"<p>O Concurso liter\u00e1rio \u201cDedos que Leem\u201d premiar\u00e1 poemas e cr\u00f4nicas avulsos de autores individuais cegos ou de baixa vis\u00e3o, redigidos em l\u00edngua portuguesa, em Braille e alfabeto latino. <\/p>\n","protected":false},"author":1,"featured_media":0,"comment_status":"open","ping_status":"open","sticky":false,"template":"","format":"standard","meta":{"site-container-style":"default","site-container-layout":"default","site-sidebar-layout":"default","disable-article-header":"default","disable-site-header":"default","disable-site-footer":"default","disable-content-area-spacing":"default","footnotes":""},"categories":[4],"tags":[],"class_list":["post-28421","post","type-post","status-publish","format-standard","hentry","category-noticias"],"yoast_head":"<!-- This site is optimized with the Yoast SEO plugin v27.4 - https:\/\/yoast.com\/product\/yoast-seo-wordpress\/ -->\n<title>Dedos que leem -<\/title>\n<meta name=\"robots\" content=\"index, follow, max-snippet:-1, max-image-preview:large, max-video-preview:-1\" \/>\n<link rel=\"canonical\" href=\"https:\/\/inclusivenews.com.br\/?p=28421\" \/>\n<meta property=\"og:locale\" content=\"pt_PT\" \/>\n<meta property=\"og:type\" content=\"article\" \/>\n<meta property=\"og:title\" content=\"Dedos que leem -\" \/>\n<meta property=\"og:description\" content=\"O Concurso liter\u00e1rio \u201cDedos que Leem\u201d premiar\u00e1 poemas e cr\u00f4nicas avulsos de autores individuais cegos ou de baixa vis\u00e3o, redigidos em l\u00edngua portuguesa, em Braille e alfabeto latino.\" \/>\n<meta property=\"og:url\" content=\"https:\/\/inclusivenews.com.br\/?p=28421\" \/>\n<meta property=\"article:publisher\" content=\"https:\/\/www.facebook.com\/agenciainclusive\/\" \/>\n<meta property=\"article:published_time\" content=\"2015-09-14T14:43:09+00:00\" \/>\n<meta property=\"og:image\" content=\"http:\/\/inclusivenews.com.br\/wp-content\/uploads\/2010\/01\/braille.jpg\" \/>\n<meta name=\"author\" content=\"inclusivenews2024\" \/>\n<meta name=\"twitter:card\" content=\"summary_large_image\" \/>\n<meta name=\"twitter:label1\" content=\"Escrito por\" \/>\n\t<meta name=\"twitter:data1\" content=\"inclusivenews2024\" \/>\n\t<meta name=\"twitter:label2\" content=\"Tempo estimado de leitura\" \/>\n\t<meta name=\"twitter:data2\" content=\"2 minutos\" \/>\n<script type=\"application\/ld+json\" class=\"yoast-schema-graph\">{\"@context\":\"https:\\\/\\\/schema.org\",\"@graph\":[{\"@type\":\"Article\",\"@id\":\"https:\\\/\\\/inclusivenews.com.br\\\/?p=28421#article\",\"isPartOf\":{\"@id\":\"https:\\\/\\\/inclusivenews.com.br\\\/?p=28421\"},\"author\":{\"name\":\"inclusivenews2024\",\"@id\":\"https:\\\/\\\/inclusivenews.com.br\\\/#\\\/schema\\\/person\\\/ae4ec7087559b8692fb33b6fffd2273b\"},\"headline\":\"Dedos que leem\",\"datePublished\":\"2015-09-14T14:43:09+00:00\",\"mainEntityOfPage\":{\"@id\":\"https:\\\/\\\/inclusivenews.com.br\\\/?p=28421\"},\"wordCount\":491,\"commentCount\":0,\"publisher\":{\"@id\":\"https:\\\/\\\/inclusivenews.com.br\\\/#organization\"},\"image\":{\"@id\":\"https:\\\/\\\/inclusivenews.com.br\\\/?p=28421#primaryimage\"},\"thumbnailUrl\":\"http:\\\/\\\/inclusivenews.com.br\\\/wp-content\\\/uploads\\\/2010\\\/01\\\/braille.jpg\",\"articleSection\":[\"NOT\u00cdCIAS\"],\"inLanguage\":\"pt-PT\",\"potentialAction\":[{\"@type\":\"CommentAction\",\"name\":\"Comment\",\"target\":[\"https:\\\/\\\/inclusivenews.com.br\\\/?p=28421#respond\"]}]},{\"@type\":\"WebPage\",\"@id\":\"https:\\\/\\\/inclusivenews.com.br\\\/?p=28421\",\"url\":\"https:\\\/\\\/inclusivenews.com.br\\\/?p=28421\",\"name\":\"Dedos que leem -\",\"isPartOf\":{\"@id\":\"https:\\\/\\\/inclusivenews.com.br\\\/#website\"},\"primaryImageOfPage\":{\"@id\":\"https:\\\/\\\/inclusivenews.com.br\\\/?p=28421#primaryimage\"},\"image\":{\"@id\":\"https:\\\/\\\/inclusivenews.com.br\\\/?p=28421#primaryimage\"},\"thumbnailUrl\":\"http:\\\/\\\/inclusivenews.com.br\\\/wp-content\\\/uploads\\\/2010\\\/01\\\/braille.jpg\",\"datePublished\":\"2015-09-14T14:43:09+00:00\",\"breadcrumb\":{\"@id\":\"https:\\\/\\\/inclusivenews.com.br\\\/?p=28421#breadcrumb\"},\"inLanguage\":\"pt-PT\",\"potentialAction\":[{\"@type\":\"ReadAction\",\"target\":[\"https:\\\/\\\/inclusivenews.com.br\\\/?p=28421\"]}]},{\"@type\":\"ImageObject\",\"inLanguage\":\"pt-PT\",\"@id\":\"https:\\\/\\\/inclusivenews.com.br\\\/?p=28421#primaryimage\",\"url\":\"\",\"contentUrl\":\"\"},{\"@type\":\"BreadcrumbList\",\"@id\":\"https:\\\/\\\/inclusivenews.com.br\\\/?p=28421#breadcrumb\",\"itemListElement\":[{\"@type\":\"ListItem\",\"position\":1,\"name\":\"In\u00edcio\",\"item\":\"https:\\\/\\\/inclusivenews.com.br\\\/\"},{\"@type\":\"ListItem\",\"position\":2,\"name\":\"Dedos que leem\"}]},{\"@type\":\"WebSite\",\"@id\":\"https:\\\/\\\/inclusivenews.com.br\\\/#website\",\"url\":\"https:\\\/\\\/inclusivenews.com.br\\\/\",\"name\":\"Inclusive News\",\"description\":\"Inclusive News\",\"publisher\":{\"@id\":\"https:\\\/\\\/inclusivenews.com.br\\\/#organization\"},\"potentialAction\":[{\"@type\":\"SearchAction\",\"target\":{\"@type\":\"EntryPoint\",\"urlTemplate\":\"https:\\\/\\\/inclusivenews.com.br\\\/?s={search_term_string}\"},\"query-input\":{\"@type\":\"PropertyValueSpecification\",\"valueRequired\":true,\"valueName\":\"search_term_string\"}}],\"inLanguage\":\"pt-PT\"},{\"@type\":\"Organization\",\"@id\":\"https:\\\/\\\/inclusivenews.com.br\\\/#organization\",\"name\":\"Inclusive - inclus\u00e3o e cidadania\",\"url\":\"https:\\\/\\\/inclusivenews.com.br\\\/\",\"logo\":{\"@type\":\"ImageObject\",\"inLanguage\":\"pt-PT\",\"@id\":\"https:\\\/\\\/inclusivenews.com.br\\\/#\\\/schema\\\/logo\\\/image\\\/\",\"url\":\"https:\\\/\\\/inclusivenews.com.br\\\/wp-content\\\/uploads\\\/2024\\\/03\\\/@grandesite.png\",\"contentUrl\":\"https:\\\/\\\/inclusivenews.com.br\\\/wp-content\\\/uploads\\\/2024\\\/03\\\/@grandesite.png\",\"width\":1080,\"height\":1080,\"caption\":\"Inclusive - inclus\u00e3o e cidadania\"},\"image\":{\"@id\":\"https:\\\/\\\/inclusivenews.com.br\\\/#\\\/schema\\\/logo\\\/image\\\/\"},\"sameAs\":[\"https:\\\/\\\/www.facebook.com\\\/agenciainclusive\\\/\",\"https:\\\/\\\/www.instagram.com\\\/newsinclusive\\\/\"]},{\"@type\":\"Person\",\"@id\":\"https:\\\/\\\/inclusivenews.com.br\\\/#\\\/schema\\\/person\\\/ae4ec7087559b8692fb33b6fffd2273b\",\"name\":\"inclusivenews2024\",\"image\":{\"@type\":\"ImageObject\",\"inLanguage\":\"pt-PT\",\"@id\":\"https:\\\/\\\/secure.gravatar.com\\\/avatar\\\/c5a7ef84c66fa914f55bc4f7ce26cfa275a3b9a1c5568b907bd184fb4dde7b40?s=96&d=mm&r=g\",\"url\":\"https:\\\/\\\/secure.gravatar.com\\\/avatar\\\/c5a7ef84c66fa914f55bc4f7ce26cfa275a3b9a1c5568b907bd184fb4dde7b40?s=96&d=mm&r=g\",\"contentUrl\":\"https:\\\/\\\/secure.gravatar.com\\\/avatar\\\/c5a7ef84c66fa914f55bc4f7ce26cfa275a3b9a1c5568b907bd184fb4dde7b40?s=96&d=mm&r=g\",\"caption\":\"inclusivenews2024\"},\"sameAs\":[\"https:\\\/\\\/inclusivenews.com.br\"],\"url\":\"https:\\\/\\\/inclusivenews.com.br\\\/?author=1\"}]}<\/script>\n<!-- \/ Yoast SEO plugin. -->","yoast_head_json":{"title":"Dedos que leem -","robots":{"index":"index","follow":"follow","max-snippet":"max-snippet:-1","max-image-preview":"max-image-preview:large","max-video-preview":"max-video-preview:-1"},"canonical":"https:\/\/inclusivenews.com.br\/?p=28421","og_locale":"pt_PT","og_type":"article","og_title":"Dedos que leem -","og_description":"O Concurso liter\u00e1rio \u201cDedos que Leem\u201d premiar\u00e1 poemas e cr\u00f4nicas avulsos de autores individuais cegos ou de baixa vis\u00e3o, redigidos em l\u00edngua portuguesa, em Braille e alfabeto latino.","og_url":"https:\/\/inclusivenews.com.br\/?p=28421","article_publisher":"https:\/\/www.facebook.com\/agenciainclusive\/","article_published_time":"2015-09-14T14:43:09+00:00","og_image":[{"url":"http:\/\/inclusivenews.com.br\/wp-content\/uploads\/2010\/01\/braille.jpg","type":"","width":"","height":""}],"author":"inclusivenews2024","twitter_card":"summary_large_image","twitter_misc":{"Escrito por":"inclusivenews2024","Tempo estimado de leitura":"2 minutos"},"schema":{"@context":"https:\/\/schema.org","@graph":[{"@type":"Article","@id":"https:\/\/inclusivenews.com.br\/?p=28421#article","isPartOf":{"@id":"https:\/\/inclusivenews.com.br\/?p=28421"},"author":{"name":"inclusivenews2024","@id":"https:\/\/inclusivenews.com.br\/#\/schema\/person\/ae4ec7087559b8692fb33b6fffd2273b"},"headline":"Dedos que leem","datePublished":"2015-09-14T14:43:09+00:00","mainEntityOfPage":{"@id":"https:\/\/inclusivenews.com.br\/?p=28421"},"wordCount":491,"commentCount":0,"publisher":{"@id":"https:\/\/inclusivenews.com.br\/#organization"},"image":{"@id":"https:\/\/inclusivenews.com.br\/?p=28421#primaryimage"},"thumbnailUrl":"http:\/\/inclusivenews.com.br\/wp-content\/uploads\/2010\/01\/braille.jpg","articleSection":["NOT\u00cdCIAS"],"inLanguage":"pt-PT","potentialAction":[{"@type":"CommentAction","name":"Comment","target":["https:\/\/inclusivenews.com.br\/?p=28421#respond"]}]},{"@type":"WebPage","@id":"https:\/\/inclusivenews.com.br\/?p=28421","url":"https:\/\/inclusivenews.com.br\/?p=28421","name":"Dedos que leem -","isPartOf":{"@id":"https:\/\/inclusivenews.com.br\/#website"},"primaryImageOfPage":{"@id":"https:\/\/inclusivenews.com.br\/?p=28421#primaryimage"},"image":{"@id":"https:\/\/inclusivenews.com.br\/?p=28421#primaryimage"},"thumbnailUrl":"http:\/\/inclusivenews.com.br\/wp-content\/uploads\/2010\/01\/braille.jpg","datePublished":"2015-09-14T14:43:09+00:00","breadcrumb":{"@id":"https:\/\/inclusivenews.com.br\/?p=28421#breadcrumb"},"inLanguage":"pt-PT","potentialAction":[{"@type":"ReadAction","target":["https:\/\/inclusivenews.com.br\/?p=28421"]}]},{"@type":"ImageObject","inLanguage":"pt-PT","@id":"https:\/\/inclusivenews.com.br\/?p=28421#primaryimage","url":"","contentUrl":""},{"@type":"BreadcrumbList","@id":"https:\/\/inclusivenews.com.br\/?p=28421#breadcrumb","itemListElement":[{"@type":"ListItem","position":1,"name":"In\u00edcio","item":"https:\/\/inclusivenews.com.br\/"},{"@type":"ListItem","position":2,"name":"Dedos que leem"}]},{"@type":"WebSite","@id":"https:\/\/inclusivenews.com.br\/#website","url":"https:\/\/inclusivenews.com.br\/","name":"Inclusive News","description":"Inclusive News","publisher":{"@id":"https:\/\/inclusivenews.com.br\/#organization"},"potentialAction":[{"@type":"SearchAction","target":{"@type":"EntryPoint","urlTemplate":"https:\/\/inclusivenews.com.br\/?s={search_term_string}"},"query-input":{"@type":"PropertyValueSpecification","valueRequired":true,"valueName":"search_term_string"}}],"inLanguage":"pt-PT"},{"@type":"Organization","@id":"https:\/\/inclusivenews.com.br\/#organization","name":"Inclusive - inclus\u00e3o e cidadania","url":"https:\/\/inclusivenews.com.br\/","logo":{"@type":"ImageObject","inLanguage":"pt-PT","@id":"https:\/\/inclusivenews.com.br\/#\/schema\/logo\/image\/","url":"https:\/\/inclusivenews.com.br\/wp-content\/uploads\/2024\/03\/@grandesite.png","contentUrl":"https:\/\/inclusivenews.com.br\/wp-content\/uploads\/2024\/03\/@grandesite.png","width":1080,"height":1080,"caption":"Inclusive - inclus\u00e3o e cidadania"},"image":{"@id":"https:\/\/inclusivenews.com.br\/#\/schema\/logo\/image\/"},"sameAs":["https:\/\/www.facebook.com\/agenciainclusive\/","https:\/\/www.instagram.com\/newsinclusive\/"]},{"@type":"Person","@id":"https:\/\/inclusivenews.com.br\/#\/schema\/person\/ae4ec7087559b8692fb33b6fffd2273b","name":"inclusivenews2024","image":{"@type":"ImageObject","inLanguage":"pt-PT","@id":"https:\/\/secure.gravatar.com\/avatar\/c5a7ef84c66fa914f55bc4f7ce26cfa275a3b9a1c5568b907bd184fb4dde7b40?s=96&d=mm&r=g","url":"https:\/\/secure.gravatar.com\/avatar\/c5a7ef84c66fa914f55bc4f7ce26cfa275a3b9a1c5568b907bd184fb4dde7b40?s=96&d=mm&r=g","contentUrl":"https:\/\/secure.gravatar.com\/avatar\/c5a7ef84c66fa914f55bc4f7ce26cfa275a3b9a1c5568b907bd184fb4dde7b40?s=96&d=mm&r=g","caption":"inclusivenews2024"},"sameAs":["https:\/\/inclusivenews.com.br"],"url":"https:\/\/inclusivenews.com.br\/?author=1"}]}},"_links":{"self":[{"href":"https:\/\/inclusivenews.com.br\/index.php?rest_route=\/wp\/v2\/posts\/28421","targetHints":{"allow":["GET"]}}],"collection":[{"href":"https:\/\/inclusivenews.com.br\/index.php?rest_route=\/wp\/v2\/posts"}],"about":[{"href":"https:\/\/inclusivenews.com.br\/index.php?rest_route=\/wp\/v2\/types\/post"}],"author":[{"embeddable":true,"href":"https:\/\/inclusivenews.com.br\/index.php?rest_route=\/wp\/v2\/users\/1"}],"replies":[{"embeddable":true,"href":"https:\/\/inclusivenews.com.br\/index.php?rest_route=%2Fwp%2Fv2%2Fcomments&post=28421"}],"version-history":[{"count":0,"href":"https:\/\/inclusivenews.com.br\/index.php?rest_route=\/wp\/v2\/posts\/28421\/revisions"}],"wp:attachment":[{"href":"https:\/\/inclusivenews.com.br\/index.php?rest_route=%2Fwp%2Fv2%2Fmedia&parent=28421"}],"wp:term":[{"taxonomy":"category","embeddable":true,"href":"https:\/\/inclusivenews.com.br\/index.php?rest_route=%2Fwp%2Fv2%2Fcategories&post=28421"},{"taxonomy":"post_tag","embeddable":true,"href":"https:\/\/inclusivenews.com.br\/index.php?rest_route=%2Fwp%2Fv2%2Ftags&post=28421"}],"curies":[{"name":"wp","href":"https:\/\/api.w.org\/{rel}","templated":true}]}}