{"id":28423,"date":"2015-09-14T11:43:04","date_gmt":"2015-09-14T14:43:04","guid":{"rendered":"http:\/\/www.inclusive.org.br\/?p=28423"},"modified":"2015-09-14T11:43:04","modified_gmt":"2015-09-14T14:43:04","slug":"evento-sobre-sexualidade-e-deficiencia-em-porto-alegrers","status":"publish","type":"post","link":"https:\/\/inclusivenews.com.br\/?p=28423","title":{"rendered":"Evento sobre sexualidade e defici\u00eancia, em Porto Alegre\/RS"},"content":{"rendered":"<p><img loading=\"lazy\" decoding=\"async\" class=\"alignnone  wp-image-20858\" alt=\"Educa\u00e7\u00e3o sexual - um desenho em uma lousa de uma crian\u00e7a e os s\u00edmbolos de marte e v\u00eanus\" src=\"http:\/\/inclusivenews.com.br\/wp-content\/uploads\/xeducacaosexual.jpg\" width=\"210\" height=\"172\" \/><\/p>\n<p><span style=\"font-family: arial, helvetica, sans-serif;\">O\u00a0<b>CECAPAS<\/b>\u00a0&#8211; Centro de Estudos e Capacita\u00e7\u00e3o em Sexualidade \u2013 promover\u00e1 um evento de Sexualidade Humana: o Ciclo Internacional de Direitos Sexuais e Sa\u00fade Sexual, nos dias 22, 23 e 24 de setembro de 2015, no Centro de Eventos Plaza S\u00e3o Rafael, em Porto Alegre\/RS.<\/span><\/p>\n<p><span style=\"font-family: arial, helvetica, sans-serif;\" data-mce-mark=\"1\">O evento ser\u00e1 aberto no dia 22\/09 com 1\u00ba Semin\u00e1rio Internacional de Direitos Sexuais e Sa\u00fade Sexual e ter\u00e1 continuidade nos dias 23 e 24\/09 com o 1\u00ba Curso Internacional de Capacita\u00e7\u00e3o em Sexualidade nas Defici\u00eancias (PcDs).<\/span><\/p>\n<p><span style=\"font-family: arial, helvetica, sans-serif;\">Temos o Copatroc\u00ednio da\u00a0<b>UNESCO<\/b>. Contamos com o Apoio Institucional do\u00a0<b>INPASEX<\/b>\u00a0&#8211; Instituto Paulista de Sexualidade, refer\u00eancia no Brasil e da\u00a0<b>SMACIS<\/b>\u00a0&#8211; Secret\u00e1ria Municipal de Acessibilidade e Inclus\u00e3o Social de Porto Alegre\/RS, considerando que o Semin\u00e1rio ter\u00e1 grande parte dos seus temas direcionados \u00e0s Pessoas com Defici\u00eancia (PcDs), hoje denominada com Diversidade Funcional. O Curso de Capacita\u00e7\u00e3o tratar\u00e1 especificamente da Sexualidade dessas pessoas.<\/span><\/p>\n<p><span style=\"font-family: arial, helvetica, sans-serif;\">Os\u00a0<b>temas<\/b>\u00a0tratados ser\u00e3o os seguintes:\u00a0<b>Viol\u00eancia contra a Mulher, Educa\u00e7\u00e3o Sexual e Sexualidade nas Defici\u00eancia (PcDs).<\/b><\/span><\/p>\n<p><span style=\"font-family: arial, helvetica, sans-serif;\">O representante da OMS\/UNESCO, Dr. Antonio Carlos Gerbase, M\u00e9dico, vir\u00e1 de Genebra-Su\u00ed\u00e7a para dar a palavra oficial das institui\u00e7\u00f5es sobre os assuntos tratados.<\/span><\/p>\n<p><span style=\"font-family: arial, helvetica, sans-serif;\">Contaremos tamb\u00e9m com a presen\u00e7a de outros renomados especialistas, dentre eles a Dra. Maria Elena Villa Abrille, Psic\u00f3loga Cl\u00ednica, Sex\u00f3loga e Embaixadora da Paz pela UNESCO, da Argentina, que recebeu tal honraria devido ao trabalho que realiza h\u00e1 30 anos com Sexualidade e Defici\u00eancia. Al\u00e9m da interven\u00e7\u00e3o que far\u00e1 no Semin\u00e1rio, ela ministrar\u00e1, nos dias 23 e 24\/09, o Curso (intensivo) de Capacita\u00e7\u00e3o nas Defici\u00eancia (PcDs).<\/span><\/p>\n<p><span style=\"font-family: arial, helvetica, sans-serif;\">Teremos a Dra. Silvina Peirano, Educadora e Orientadora Sexual, tamb\u00e9m da Argentina. Ela tratar\u00e1 de um assunto novo e pol\u00eamico: o Assistente Sexual para pessoas com Defici\u00eancia: quem \u00e9 o que faz esse profissional. A Dra. Silvina Peirano criou o\u00a0<i>Sex Asistent<\/i>\u00a0na Europa onde morou durante nove anos na Espanha, tendo regressado \u00e0 Argentina h\u00e1 dois anos onde come\u00e7ou a implantar o mesmo trabalho. Atualmente, existem in\u00fameros cursos de capacita\u00e7\u00e3o para forma\u00e7\u00e3o de profissionais na Holanda, B\u00e9lgica, Alemanha, Espanha, Fran\u00e7a e \u00a0Su\u00ed\u00e7a, pa\u00eds no qual o\u00a0atendimento tem cobertura governamental..<\/span><\/p>\n<p><span style=\"font-family: arial, helvetica, sans-serif;\">A Dra. L\u00edcia Peres, de Porto Alegre, Soci\u00f3loga e Feminista, abordar\u00e1 o importante assunto da Viol\u00eancia contra a Mulher, propondo alternativas de solu\u00e7\u00e3o e a Dra. Eliane Rose Maio, Psic\u00f3loga e Pesquisadora do CNPq, vir\u00e1 do Paran\u00e1 para falar sobre Educa\u00e7\u00e3o Sexual, assunto t\u00e3o descurado na nossa sociedade, resultando no aumento da vulnerabilidade tanto de crian\u00e7as, quanto de adolescentes,principalmente daqueles com defici\u00eancia, diante do fen\u00f4meno da Viol\u00eancia Sexual.<\/span><\/p>\n<p>Mais informa\u00e7\u00f5es:\u00a0<a href=\"http:\/\/cecapas.blogspot.ch\/\">http:\/\/cecapas.blogspot.ch\/<\/a><\/p>\n","protected":false},"excerpt":{"rendered":"<p>O CECAPAS &#8211; Centro de Estudos e Capacita\u00e7\u00e3o em Sexualidade \u2013 promover\u00e1 um evento de Sexualidade Humana: o Ciclo Internacional de Direitos Sexuais e Sa\u00fade Sexual, nos dias 22, 23 e 24 de setembro de 2015, no Centro de Eventos Plaza S\u00e3o Rafael, em Porto Alegre\/RS.<\/p>\n","protected":false},"author":1,"featured_media":0,"comment_status":"open","ping_status":"open","sticky":false,"template":"","format":"standard","meta":{"site-container-style":"default","site-container-layout":"default","site-sidebar-layout":"default","disable-article-header":"default","disable-site-header":"default","disable-site-footer":"default","disable-content-area-spacing":"default","footnotes":""},"categories":[12],"tags":[],"class_list":["post-28423","post","type-post","status-publish","format-standard","hentry","category-cursos-e-eventos"],"yoast_head":"<!-- This site is optimized with the Yoast SEO plugin v27.4 - https:\/\/yoast.com\/product\/yoast-seo-wordpress\/ -->\n<title>Evento sobre sexualidade e defici\u00eancia, em Porto Alegre\/RS -<\/title>\n<meta name=\"robots\" content=\"index, follow, max-snippet:-1, max-image-preview:large, max-video-preview:-1\" \/>\n<link rel=\"canonical\" href=\"https:\/\/inclusivenews.com.br\/?p=28423\" \/>\n<meta property=\"og:locale\" content=\"pt_PT\" \/>\n<meta property=\"og:type\" content=\"article\" \/>\n<meta property=\"og:title\" content=\"Evento sobre sexualidade e defici\u00eancia, em Porto Alegre\/RS -\" \/>\n<meta property=\"og:description\" content=\"O CECAPAS - Centro de Estudos e Capacita\u00e7\u00e3o em Sexualidade \u2013 promover\u00e1 um evento de Sexualidade Humana: o Ciclo Internacional de Direitos Sexuais e Sa\u00fade Sexual, nos dias 22, 23 e 24 de setembro de 2015, no Centro de Eventos Plaza S\u00e3o Rafael, em Porto Alegre\/RS.\" \/>\n<meta property=\"og:url\" content=\"https:\/\/inclusivenews.com.br\/?p=28423\" \/>\n<meta property=\"article:publisher\" content=\"https:\/\/www.facebook.com\/agenciainclusive\/\" \/>\n<meta property=\"article:published_time\" content=\"2015-09-14T14:43:04+00:00\" \/>\n<meta property=\"og:image\" content=\"http:\/\/inclusivenews.com.br\/wp-content\/uploads\/xeducacaosexual.jpg\" \/>\n<meta name=\"author\" content=\"inclusivenews2024\" \/>\n<meta name=\"twitter:card\" content=\"summary_large_image\" \/>\n<meta name=\"twitter:label1\" content=\"Escrito por\" \/>\n\t<meta name=\"twitter:data1\" content=\"inclusivenews2024\" \/>\n\t<meta name=\"twitter:label2\" content=\"Tempo estimado de leitura\" \/>\n\t<meta name=\"twitter:data2\" content=\"2 minutos\" \/>\n<script type=\"application\/ld+json\" class=\"yoast-schema-graph\">{\"@context\":\"https:\\\/\\\/schema.org\",\"@graph\":[{\"@type\":\"Article\",\"@id\":\"https:\\\/\\\/inclusivenews.com.br\\\/?p=28423#article\",\"isPartOf\":{\"@id\":\"https:\\\/\\\/inclusivenews.com.br\\\/?p=28423\"},\"author\":{\"name\":\"inclusivenews2024\",\"@id\":\"https:\\\/\\\/inclusivenews.com.br\\\/#\\\/schema\\\/person\\\/ae4ec7087559b8692fb33b6fffd2273b\"},\"headline\":\"Evento sobre sexualidade e defici\u00eancia, em Porto Alegre\\\/RS\",\"datePublished\":\"2015-09-14T14:43:04+00:00\",\"mainEntityOfPage\":{\"@id\":\"https:\\\/\\\/inclusivenews.com.br\\\/?p=28423\"},\"wordCount\":473,\"commentCount\":4,\"publisher\":{\"@id\":\"https:\\\/\\\/inclusivenews.com.br\\\/#organization\"},\"image\":{\"@id\":\"https:\\\/\\\/inclusivenews.com.br\\\/?p=28423#primaryimage\"},\"thumbnailUrl\":\"http:\\\/\\\/inclusivenews.com.br\\\/wp-content\\\/uploads\\\/xeducacaosexual.jpg\",\"articleSection\":[\"Cursos e eventos\"],\"inLanguage\":\"pt-PT\",\"potentialAction\":[{\"@type\":\"CommentAction\",\"name\":\"Comment\",\"target\":[\"https:\\\/\\\/inclusivenews.com.br\\\/?p=28423#respond\"]}]},{\"@type\":\"WebPage\",\"@id\":\"https:\\\/\\\/inclusivenews.com.br\\\/?p=28423\",\"url\":\"https:\\\/\\\/inclusivenews.com.br\\\/?p=28423\",\"name\":\"Evento sobre sexualidade e defici\u00eancia, em Porto Alegre\\\/RS -\",\"isPartOf\":{\"@id\":\"https:\\\/\\\/inclusivenews.com.br\\\/#website\"},\"primaryImageOfPage\":{\"@id\":\"https:\\\/\\\/inclusivenews.com.br\\\/?p=28423#primaryimage\"},\"image\":{\"@id\":\"https:\\\/\\\/inclusivenews.com.br\\\/?p=28423#primaryimage\"},\"thumbnailUrl\":\"http:\\\/\\\/inclusivenews.com.br\\\/wp-content\\\/uploads\\\/xeducacaosexual.jpg\",\"datePublished\":\"2015-09-14T14:43:04+00:00\",\"breadcrumb\":{\"@id\":\"https:\\\/\\\/inclusivenews.com.br\\\/?p=28423#breadcrumb\"},\"inLanguage\":\"pt-PT\",\"potentialAction\":[{\"@type\":\"ReadAction\",\"target\":[\"https:\\\/\\\/inclusivenews.com.br\\\/?p=28423\"]}]},{\"@type\":\"ImageObject\",\"inLanguage\":\"pt-PT\",\"@id\":\"https:\\\/\\\/inclusivenews.com.br\\\/?p=28423#primaryimage\",\"url\":\"\",\"contentUrl\":\"\"},{\"@type\":\"BreadcrumbList\",\"@id\":\"https:\\\/\\\/inclusivenews.com.br\\\/?p=28423#breadcrumb\",\"itemListElement\":[{\"@type\":\"ListItem\",\"position\":1,\"name\":\"In\u00edcio\",\"item\":\"https:\\\/\\\/inclusivenews.com.br\\\/\"},{\"@type\":\"ListItem\",\"position\":2,\"name\":\"Evento sobre sexualidade e defici\u00eancia, em Porto Alegre\\\/RS\"}]},{\"@type\":\"WebSite\",\"@id\":\"https:\\\/\\\/inclusivenews.com.br\\\/#website\",\"url\":\"https:\\\/\\\/inclusivenews.com.br\\\/\",\"name\":\"Inclusive News\",\"description\":\"Inclusive News\",\"publisher\":{\"@id\":\"https:\\\/\\\/inclusivenews.com.br\\\/#organization\"},\"potentialAction\":[{\"@type\":\"SearchAction\",\"target\":{\"@type\":\"EntryPoint\",\"urlTemplate\":\"https:\\\/\\\/inclusivenews.com.br\\\/?s={search_term_string}\"},\"query-input\":{\"@type\":\"PropertyValueSpecification\",\"valueRequired\":true,\"valueName\":\"search_term_string\"}}],\"inLanguage\":\"pt-PT\"},{\"@type\":\"Organization\",\"@id\":\"https:\\\/\\\/inclusivenews.com.br\\\/#organization\",\"name\":\"Inclusive - inclus\u00e3o e cidadania\",\"url\":\"https:\\\/\\\/inclusivenews.com.br\\\/\",\"logo\":{\"@type\":\"ImageObject\",\"inLanguage\":\"pt-PT\",\"@id\":\"https:\\\/\\\/inclusivenews.com.br\\\/#\\\/schema\\\/logo\\\/image\\\/\",\"url\":\"https:\\\/\\\/inclusivenews.com.br\\\/wp-content\\\/uploads\\\/2024\\\/03\\\/@grandesite.png\",\"contentUrl\":\"https:\\\/\\\/inclusivenews.com.br\\\/wp-content\\\/uploads\\\/2024\\\/03\\\/@grandesite.png\",\"width\":1080,\"height\":1080,\"caption\":\"Inclusive - inclus\u00e3o e cidadania\"},\"image\":{\"@id\":\"https:\\\/\\\/inclusivenews.com.br\\\/#\\\/schema\\\/logo\\\/image\\\/\"},\"sameAs\":[\"https:\\\/\\\/www.facebook.com\\\/agenciainclusive\\\/\",\"https:\\\/\\\/www.instagram.com\\\/newsinclusive\\\/\"]},{\"@type\":\"Person\",\"@id\":\"https:\\\/\\\/inclusivenews.com.br\\\/#\\\/schema\\\/person\\\/ae4ec7087559b8692fb33b6fffd2273b\",\"name\":\"inclusivenews2024\",\"image\":{\"@type\":\"ImageObject\",\"inLanguage\":\"pt-PT\",\"@id\":\"https:\\\/\\\/secure.gravatar.com\\\/avatar\\\/c5a7ef84c66fa914f55bc4f7ce26cfa275a3b9a1c5568b907bd184fb4dde7b40?s=96&d=mm&r=g\",\"url\":\"https:\\\/\\\/secure.gravatar.com\\\/avatar\\\/c5a7ef84c66fa914f55bc4f7ce26cfa275a3b9a1c5568b907bd184fb4dde7b40?s=96&d=mm&r=g\",\"contentUrl\":\"https:\\\/\\\/secure.gravatar.com\\\/avatar\\\/c5a7ef84c66fa914f55bc4f7ce26cfa275a3b9a1c5568b907bd184fb4dde7b40?s=96&d=mm&r=g\",\"caption\":\"inclusivenews2024\"},\"sameAs\":[\"https:\\\/\\\/inclusivenews.com.br\"],\"url\":\"https:\\\/\\\/inclusivenews.com.br\\\/?author=1\"}]}<\/script>\n<!-- \/ Yoast SEO plugin. -->","yoast_head_json":{"title":"Evento sobre sexualidade e defici\u00eancia, em Porto Alegre\/RS -","robots":{"index":"index","follow":"follow","max-snippet":"max-snippet:-1","max-image-preview":"max-image-preview:large","max-video-preview":"max-video-preview:-1"},"canonical":"https:\/\/inclusivenews.com.br\/?p=28423","og_locale":"pt_PT","og_type":"article","og_title":"Evento sobre sexualidade e defici\u00eancia, em Porto Alegre\/RS -","og_description":"O CECAPAS - Centro de Estudos e Capacita\u00e7\u00e3o em Sexualidade \u2013 promover\u00e1 um evento de Sexualidade Humana: o Ciclo Internacional de Direitos Sexuais e Sa\u00fade Sexual, nos dias 22, 23 e 24 de setembro de 2015, no Centro de Eventos Plaza S\u00e3o Rafael, em Porto Alegre\/RS.","og_url":"https:\/\/inclusivenews.com.br\/?p=28423","article_publisher":"https:\/\/www.facebook.com\/agenciainclusive\/","article_published_time":"2015-09-14T14:43:04+00:00","og_image":[{"url":"http:\/\/inclusivenews.com.br\/wp-content\/uploads\/xeducacaosexual.jpg","type":"","width":"","height":""}],"author":"inclusivenews2024","twitter_card":"summary_large_image","twitter_misc":{"Escrito por":"inclusivenews2024","Tempo estimado de leitura":"2 minutos"},"schema":{"@context":"https:\/\/schema.org","@graph":[{"@type":"Article","@id":"https:\/\/inclusivenews.com.br\/?p=28423#article","isPartOf":{"@id":"https:\/\/inclusivenews.com.br\/?p=28423"},"author":{"name":"inclusivenews2024","@id":"https:\/\/inclusivenews.com.br\/#\/schema\/person\/ae4ec7087559b8692fb33b6fffd2273b"},"headline":"Evento sobre sexualidade e defici\u00eancia, em Porto Alegre\/RS","datePublished":"2015-09-14T14:43:04+00:00","mainEntityOfPage":{"@id":"https:\/\/inclusivenews.com.br\/?p=28423"},"wordCount":473,"commentCount":4,"publisher":{"@id":"https:\/\/inclusivenews.com.br\/#organization"},"image":{"@id":"https:\/\/inclusivenews.com.br\/?p=28423#primaryimage"},"thumbnailUrl":"http:\/\/inclusivenews.com.br\/wp-content\/uploads\/xeducacaosexual.jpg","articleSection":["Cursos e eventos"],"inLanguage":"pt-PT","potentialAction":[{"@type":"CommentAction","name":"Comment","target":["https:\/\/inclusivenews.com.br\/?p=28423#respond"]}]},{"@type":"WebPage","@id":"https:\/\/inclusivenews.com.br\/?p=28423","url":"https:\/\/inclusivenews.com.br\/?p=28423","name":"Evento sobre sexualidade e defici\u00eancia, em Porto Alegre\/RS -","isPartOf":{"@id":"https:\/\/inclusivenews.com.br\/#website"},"primaryImageOfPage":{"@id":"https:\/\/inclusivenews.com.br\/?p=28423#primaryimage"},"image":{"@id":"https:\/\/inclusivenews.com.br\/?p=28423#primaryimage"},"thumbnailUrl":"http:\/\/inclusivenews.com.br\/wp-content\/uploads\/xeducacaosexual.jpg","datePublished":"2015-09-14T14:43:04+00:00","breadcrumb":{"@id":"https:\/\/inclusivenews.com.br\/?p=28423#breadcrumb"},"inLanguage":"pt-PT","potentialAction":[{"@type":"ReadAction","target":["https:\/\/inclusivenews.com.br\/?p=28423"]}]},{"@type":"ImageObject","inLanguage":"pt-PT","@id":"https:\/\/inclusivenews.com.br\/?p=28423#primaryimage","url":"","contentUrl":""},{"@type":"BreadcrumbList","@id":"https:\/\/inclusivenews.com.br\/?p=28423#breadcrumb","itemListElement":[{"@type":"ListItem","position":1,"name":"In\u00edcio","item":"https:\/\/inclusivenews.com.br\/"},{"@type":"ListItem","position":2,"name":"Evento sobre sexualidade e defici\u00eancia, em Porto Alegre\/RS"}]},{"@type":"WebSite","@id":"https:\/\/inclusivenews.com.br\/#website","url":"https:\/\/inclusivenews.com.br\/","name":"Inclusive News","description":"Inclusive News","publisher":{"@id":"https:\/\/inclusivenews.com.br\/#organization"},"potentialAction":[{"@type":"SearchAction","target":{"@type":"EntryPoint","urlTemplate":"https:\/\/inclusivenews.com.br\/?s={search_term_string}"},"query-input":{"@type":"PropertyValueSpecification","valueRequired":true,"valueName":"search_term_string"}}],"inLanguage":"pt-PT"},{"@type":"Organization","@id":"https:\/\/inclusivenews.com.br\/#organization","name":"Inclusive - inclus\u00e3o e cidadania","url":"https:\/\/inclusivenews.com.br\/","logo":{"@type":"ImageObject","inLanguage":"pt-PT","@id":"https:\/\/inclusivenews.com.br\/#\/schema\/logo\/image\/","url":"https:\/\/inclusivenews.com.br\/wp-content\/uploads\/2024\/03\/@grandesite.png","contentUrl":"https:\/\/inclusivenews.com.br\/wp-content\/uploads\/2024\/03\/@grandesite.png","width":1080,"height":1080,"caption":"Inclusive - inclus\u00e3o e cidadania"},"image":{"@id":"https:\/\/inclusivenews.com.br\/#\/schema\/logo\/image\/"},"sameAs":["https:\/\/www.facebook.com\/agenciainclusive\/","https:\/\/www.instagram.com\/newsinclusive\/"]},{"@type":"Person","@id":"https:\/\/inclusivenews.com.br\/#\/schema\/person\/ae4ec7087559b8692fb33b6fffd2273b","name":"inclusivenews2024","image":{"@type":"ImageObject","inLanguage":"pt-PT","@id":"https:\/\/secure.gravatar.com\/avatar\/c5a7ef84c66fa914f55bc4f7ce26cfa275a3b9a1c5568b907bd184fb4dde7b40?s=96&d=mm&r=g","url":"https:\/\/secure.gravatar.com\/avatar\/c5a7ef84c66fa914f55bc4f7ce26cfa275a3b9a1c5568b907bd184fb4dde7b40?s=96&d=mm&r=g","contentUrl":"https:\/\/secure.gravatar.com\/avatar\/c5a7ef84c66fa914f55bc4f7ce26cfa275a3b9a1c5568b907bd184fb4dde7b40?s=96&d=mm&r=g","caption":"inclusivenews2024"},"sameAs":["https:\/\/inclusivenews.com.br"],"url":"https:\/\/inclusivenews.com.br\/?author=1"}]}},"_links":{"self":[{"href":"https:\/\/inclusivenews.com.br\/index.php?rest_route=\/wp\/v2\/posts\/28423","targetHints":{"allow":["GET"]}}],"collection":[{"href":"https:\/\/inclusivenews.com.br\/index.php?rest_route=\/wp\/v2\/posts"}],"about":[{"href":"https:\/\/inclusivenews.com.br\/index.php?rest_route=\/wp\/v2\/types\/post"}],"author":[{"embeddable":true,"href":"https:\/\/inclusivenews.com.br\/index.php?rest_route=\/wp\/v2\/users\/1"}],"replies":[{"embeddable":true,"href":"https:\/\/inclusivenews.com.br\/index.php?rest_route=%2Fwp%2Fv2%2Fcomments&post=28423"}],"version-history":[{"count":0,"href":"https:\/\/inclusivenews.com.br\/index.php?rest_route=\/wp\/v2\/posts\/28423\/revisions"}],"wp:attachment":[{"href":"https:\/\/inclusivenews.com.br\/index.php?rest_route=%2Fwp%2Fv2%2Fmedia&parent=28423"}],"wp:term":[{"taxonomy":"category","embeddable":true,"href":"https:\/\/inclusivenews.com.br\/index.php?rest_route=%2Fwp%2Fv2%2Fcategories&post=28423"},{"taxonomy":"post_tag","embeddable":true,"href":"https:\/\/inclusivenews.com.br\/index.php?rest_route=%2Fwp%2Fv2%2Ftags&post=28423"}],"curies":[{"name":"wp","href":"https:\/\/api.w.org\/{rel}","templated":true}]}}