{"id":28608,"date":"2015-11-19T06:32:42","date_gmt":"2015-11-19T09:32:42","guid":{"rendered":"http:\/\/www.inclusive.org.br\/?p=28608"},"modified":"2015-11-19T06:32:42","modified_gmt":"2015-11-19T09:32:42","slug":"liminar-indeferida-no-stf-mantem-redacao-da-lei-brasileira-de-inclusao","status":"publish","type":"post","link":"https:\/\/inclusivenews.com.br\/?p=28608","title":{"rendered":"Liminar indeferida no STF mantem reda\u00e7\u00e3o da Lei Brasileira de Inclus\u00e3o"},"content":{"rendered":"<p><em>Liminar indeferida no STF mantem reda\u00e7\u00e3o da Lei Brasileira de Inclus\u00e3o e proibi\u00e7\u00e3o da cobran\u00e7a de valores adicionais no ensino privado a partir de 2016<\/em><\/p>\n<p><img loading=\"lazy\" decoding=\"async\" class=\"alignnone size-full wp-image-18995\" alt=\"Inclusive - inclus\u00e3o - v\u00e1rias figuras multicoloridas de m\u00e3os dadas: um cadeirante, um muito alto, um muito baixo e outros olhando para dire\u00e7\u00f5es diversas\" src=\"http:\/\/inclusivenews.com.br\/wp-content\/uploads\/2011\/04\/inclusive_inclusao.jpg\" width=\"232\" height=\"126\" \/><\/p>\n<p>A A<a href=\"http:\/\/www.stf.jus.br\/portal\/processo\/verProcessoAndamento.asp?incidente=4818214\" target=\"_blank\" rel=\"noopener\">DIN 5357<\/a>, requerida ao Supremo Tribunal Federal pela\u00a0 CONFENEN \u2014 Confedera\u00e7\u00e3o Nacional dos Estabelecimentos de Ensino visando sustar a aplica\u00e7\u00e3o de dispositivos da Lei Brasileira de Inclus\u00e3o (Lei 13.146\/2015), a vigorar a partir de janeiro de 2016, cujo objetivo principal seria o de impedir a proibi\u00e7\u00e3o legal de cobran\u00e7a de valores adicionais de qualquer natureza em suas mensalidades, anuidades e matr\u00edculas no cumprimento dessas determina\u00e7\u00f5es, recebeu ontem (18\/11) um duro rev\u00e9s.<\/p>\n<p>A medida cautelar pretendida pelos advogados da CONFENEN foi indeferida pelo Supremo, conforme nota expedida pelo relator, Min. Edson Fachin:<\/p>\n<p>&#8220;Diante dos pressupostos te\u00f3ricos e da moldura normativa esbo\u00e7ados, indefiro, ad referendum do Plen\u00e1rio deste STF, a medida cautelar por n\u00e3o vislumbrar a fuma\u00e7a do direito pleiteado e, por consequ\u00eancia, periculum in mora. Pe\u00e7o dia para o julgamento do referendo da presente decis\u00e3o, por mim indeferida, pelo Plen\u00e1rio desta Corte. Publique-se. Intimem-se.&#8221;<\/p>\n<p>A a\u00e7\u00e3o, que tem como amicus curiae diversas institui\u00e7\u00f5es interessadas nos direitos das pessoas com defici\u00eancia, como a Federa\u00e7\u00e3o Brasileira das Associa\u00e7\u00f5es de S\u00edndrome de Down \u2013 FBASD, a Associa\u00e7\u00e3o Nacional do Minist\u00e9rio P\u00fablico de Defesa dos Direitos dos Idosos e Pessoas com Defici\u00eancia \u2013 AMPID, o Conselho Federal da Ordem dos Advogados do Brasil, a Associa\u00e7\u00e3o Brasileira para a A\u00e7\u00e3o por Direitos das Pessoas com Autismo \u2013 ABRA\u00c7A, a Defensoria P\u00fablica do Estado de S\u00e3o Paulo e a Federa\u00e7\u00e3o Nacional das Apaes \u2013 FENAPAES, deve ir em breve para a decis\u00e3o dos Ministros.<\/p>\n<p>Com informa\u00e7\u00f5es do STF.<\/p>\n","protected":false},"excerpt":{"rendered":"<p>No STF, a\u00e7\u00e3o visando sustar a aplica\u00e7\u00e3o da Lei Brasileira de Inclus\u00e3o sobre cobran\u00e7as escolares sofre rev\u00e9s. Medida cautelar pretendida pela CONFENEN \u00e9 indeferida pelo Supremo.<\/p>\n","protected":false},"author":1,"featured_media":0,"comment_status":"open","ping_status":"open","sticky":false,"template":"","format":"standard","meta":{"site-container-style":"default","site-container-layout":"default","site-sidebar-layout":"default","disable-article-header":"default","disable-site-header":"default","disable-site-footer":"default","disable-content-area-spacing":"default","footnotes":""},"categories":[4],"tags":[341,126,355],"class_list":["post-28608","post","type-post","status-publish","format-standard","hentry","category-noticias","tag-confenem","tag-educacao-inclusiva","tag-ensino-privado"],"yoast_head":"<!-- This site is optimized with the Yoast SEO plugin v27.4 - https:\/\/yoast.com\/product\/yoast-seo-wordpress\/ -->\n<title>Liminar indeferida no STF mantem reda\u00e7\u00e3o da Lei Brasileira de Inclus\u00e3o -<\/title>\n<meta name=\"robots\" content=\"index, follow, max-snippet:-1, max-image-preview:large, max-video-preview:-1\" \/>\n<link rel=\"canonical\" href=\"https:\/\/inclusivenews.com.br\/?p=28608\" \/>\n<meta property=\"og:locale\" content=\"pt_PT\" \/>\n<meta property=\"og:type\" content=\"article\" \/>\n<meta property=\"og:title\" content=\"Liminar indeferida no STF mantem reda\u00e7\u00e3o da Lei Brasileira de Inclus\u00e3o -\" \/>\n<meta property=\"og:description\" content=\"No STF, a\u00e7\u00e3o visando sustar a aplica\u00e7\u00e3o da Lei Brasileira de Inclus\u00e3o sobre cobran\u00e7as escolares sofre rev\u00e9s. Medida cautelar pretendida pela CONFENEN \u00e9 indeferida pelo Supremo.\" \/>\n<meta property=\"og:url\" content=\"https:\/\/inclusivenews.com.br\/?p=28608\" \/>\n<meta property=\"article:publisher\" content=\"https:\/\/www.facebook.com\/agenciainclusive\/\" \/>\n<meta property=\"article:published_time\" content=\"2015-11-19T09:32:42+00:00\" \/>\n<meta property=\"og:image\" content=\"http:\/\/inclusivenews.com.br\/wp-content\/uploads\/2011\/04\/inclusive_inclusao.jpg\" \/>\n<meta name=\"author\" content=\"inclusivenews2024\" \/>\n<meta name=\"twitter:card\" content=\"summary_large_image\" \/>\n<meta name=\"twitter:label1\" content=\"Escrito por\" \/>\n\t<meta name=\"twitter:data1\" content=\"inclusivenews2024\" \/>\n\t<meta name=\"twitter:label2\" content=\"Tempo estimado de leitura\" \/>\n\t<meta name=\"twitter:data2\" content=\"1 minuto\" \/>\n<script type=\"application\/ld+json\" class=\"yoast-schema-graph\">{\"@context\":\"https:\\\/\\\/schema.org\",\"@graph\":[{\"@type\":\"Article\",\"@id\":\"https:\\\/\\\/inclusivenews.com.br\\\/?p=28608#article\",\"isPartOf\":{\"@id\":\"https:\\\/\\\/inclusivenews.com.br\\\/?p=28608\"},\"author\":{\"name\":\"inclusivenews2024\",\"@id\":\"https:\\\/\\\/inclusivenews.com.br\\\/#\\\/schema\\\/person\\\/ae4ec7087559b8692fb33b6fffd2273b\"},\"headline\":\"Liminar indeferida no STF mantem reda\u00e7\u00e3o da Lei Brasileira de Inclus\u00e3o\",\"datePublished\":\"2015-11-19T09:32:42+00:00\",\"mainEntityOfPage\":{\"@id\":\"https:\\\/\\\/inclusivenews.com.br\\\/?p=28608\"},\"wordCount\":309,\"commentCount\":2,\"publisher\":{\"@id\":\"https:\\\/\\\/inclusivenews.com.br\\\/#organization\"},\"image\":{\"@id\":\"https:\\\/\\\/inclusivenews.com.br\\\/?p=28608#primaryimage\"},\"thumbnailUrl\":\"http:\\\/\\\/inclusivenews.com.br\\\/wp-content\\\/uploads\\\/2011\\\/04\\\/inclusive_inclusao.jpg\",\"keywords\":[\"CONFENEM\",\"Educa\u00e7\u00e3o inclusiva\",\"ensino privado\"],\"articleSection\":[\"NOT\u00cdCIAS\"],\"inLanguage\":\"pt-PT\",\"potentialAction\":[{\"@type\":\"CommentAction\",\"name\":\"Comment\",\"target\":[\"https:\\\/\\\/inclusivenews.com.br\\\/?p=28608#respond\"]}]},{\"@type\":\"WebPage\",\"@id\":\"https:\\\/\\\/inclusivenews.com.br\\\/?p=28608\",\"url\":\"https:\\\/\\\/inclusivenews.com.br\\\/?p=28608\",\"name\":\"Liminar indeferida no STF mantem reda\u00e7\u00e3o da Lei Brasileira de Inclus\u00e3o -\",\"isPartOf\":{\"@id\":\"https:\\\/\\\/inclusivenews.com.br\\\/#website\"},\"primaryImageOfPage\":{\"@id\":\"https:\\\/\\\/inclusivenews.com.br\\\/?p=28608#primaryimage\"},\"image\":{\"@id\":\"https:\\\/\\\/inclusivenews.com.br\\\/?p=28608#primaryimage\"},\"thumbnailUrl\":\"http:\\\/\\\/inclusivenews.com.br\\\/wp-content\\\/uploads\\\/2011\\\/04\\\/inclusive_inclusao.jpg\",\"datePublished\":\"2015-11-19T09:32:42+00:00\",\"breadcrumb\":{\"@id\":\"https:\\\/\\\/inclusivenews.com.br\\\/?p=28608#breadcrumb\"},\"inLanguage\":\"pt-PT\",\"potentialAction\":[{\"@type\":\"ReadAction\",\"target\":[\"https:\\\/\\\/inclusivenews.com.br\\\/?p=28608\"]}]},{\"@type\":\"ImageObject\",\"inLanguage\":\"pt-PT\",\"@id\":\"https:\\\/\\\/inclusivenews.com.br\\\/?p=28608#primaryimage\",\"url\":\"\",\"contentUrl\":\"\"},{\"@type\":\"BreadcrumbList\",\"@id\":\"https:\\\/\\\/inclusivenews.com.br\\\/?p=28608#breadcrumb\",\"itemListElement\":[{\"@type\":\"ListItem\",\"position\":1,\"name\":\"In\u00edcio\",\"item\":\"https:\\\/\\\/inclusivenews.com.br\\\/\"},{\"@type\":\"ListItem\",\"position\":2,\"name\":\"Liminar indeferida no STF mantem reda\u00e7\u00e3o da Lei Brasileira de Inclus\u00e3o\"}]},{\"@type\":\"WebSite\",\"@id\":\"https:\\\/\\\/inclusivenews.com.br\\\/#website\",\"url\":\"https:\\\/\\\/inclusivenews.com.br\\\/\",\"name\":\"Inclusive News\",\"description\":\"Inclusive News\",\"publisher\":{\"@id\":\"https:\\\/\\\/inclusivenews.com.br\\\/#organization\"},\"potentialAction\":[{\"@type\":\"SearchAction\",\"target\":{\"@type\":\"EntryPoint\",\"urlTemplate\":\"https:\\\/\\\/inclusivenews.com.br\\\/?s={search_term_string}\"},\"query-input\":{\"@type\":\"PropertyValueSpecification\",\"valueRequired\":true,\"valueName\":\"search_term_string\"}}],\"inLanguage\":\"pt-PT\"},{\"@type\":\"Organization\",\"@id\":\"https:\\\/\\\/inclusivenews.com.br\\\/#organization\",\"name\":\"Inclusive - inclus\u00e3o e cidadania\",\"url\":\"https:\\\/\\\/inclusivenews.com.br\\\/\",\"logo\":{\"@type\":\"ImageObject\",\"inLanguage\":\"pt-PT\",\"@id\":\"https:\\\/\\\/inclusivenews.com.br\\\/#\\\/schema\\\/logo\\\/image\\\/\",\"url\":\"https:\\\/\\\/inclusivenews.com.br\\\/wp-content\\\/uploads\\\/2024\\\/03\\\/@grandesite.png\",\"contentUrl\":\"https:\\\/\\\/inclusivenews.com.br\\\/wp-content\\\/uploads\\\/2024\\\/03\\\/@grandesite.png\",\"width\":1080,\"height\":1080,\"caption\":\"Inclusive - inclus\u00e3o e cidadania\"},\"image\":{\"@id\":\"https:\\\/\\\/inclusivenews.com.br\\\/#\\\/schema\\\/logo\\\/image\\\/\"},\"sameAs\":[\"https:\\\/\\\/www.facebook.com\\\/agenciainclusive\\\/\",\"https:\\\/\\\/www.instagram.com\\\/newsinclusive\\\/\"]},{\"@type\":\"Person\",\"@id\":\"https:\\\/\\\/inclusivenews.com.br\\\/#\\\/schema\\\/person\\\/ae4ec7087559b8692fb33b6fffd2273b\",\"name\":\"inclusivenews2024\",\"image\":{\"@type\":\"ImageObject\",\"inLanguage\":\"pt-PT\",\"@id\":\"https:\\\/\\\/secure.gravatar.com\\\/avatar\\\/c5a7ef84c66fa914f55bc4f7ce26cfa275a3b9a1c5568b907bd184fb4dde7b40?s=96&d=mm&r=g\",\"url\":\"https:\\\/\\\/secure.gravatar.com\\\/avatar\\\/c5a7ef84c66fa914f55bc4f7ce26cfa275a3b9a1c5568b907bd184fb4dde7b40?s=96&d=mm&r=g\",\"contentUrl\":\"https:\\\/\\\/secure.gravatar.com\\\/avatar\\\/c5a7ef84c66fa914f55bc4f7ce26cfa275a3b9a1c5568b907bd184fb4dde7b40?s=96&d=mm&r=g\",\"caption\":\"inclusivenews2024\"},\"sameAs\":[\"https:\\\/\\\/inclusivenews.com.br\"],\"url\":\"https:\\\/\\\/inclusivenews.com.br\\\/?author=1\"}]}<\/script>\n<!-- \/ Yoast SEO plugin. -->","yoast_head_json":{"title":"Liminar indeferida no STF mantem reda\u00e7\u00e3o da Lei Brasileira de Inclus\u00e3o -","robots":{"index":"index","follow":"follow","max-snippet":"max-snippet:-1","max-image-preview":"max-image-preview:large","max-video-preview":"max-video-preview:-1"},"canonical":"https:\/\/inclusivenews.com.br\/?p=28608","og_locale":"pt_PT","og_type":"article","og_title":"Liminar indeferida no STF mantem reda\u00e7\u00e3o da Lei Brasileira de Inclus\u00e3o -","og_description":"No STF, a\u00e7\u00e3o visando sustar a aplica\u00e7\u00e3o da Lei Brasileira de Inclus\u00e3o sobre cobran\u00e7as escolares sofre rev\u00e9s. Medida cautelar pretendida pela CONFENEN \u00e9 indeferida pelo Supremo.","og_url":"https:\/\/inclusivenews.com.br\/?p=28608","article_publisher":"https:\/\/www.facebook.com\/agenciainclusive\/","article_published_time":"2015-11-19T09:32:42+00:00","og_image":[{"url":"http:\/\/inclusivenews.com.br\/wp-content\/uploads\/2011\/04\/inclusive_inclusao.jpg","type":"","width":"","height":""}],"author":"inclusivenews2024","twitter_card":"summary_large_image","twitter_misc":{"Escrito por":"inclusivenews2024","Tempo estimado de leitura":"1 minuto"},"schema":{"@context":"https:\/\/schema.org","@graph":[{"@type":"Article","@id":"https:\/\/inclusivenews.com.br\/?p=28608#article","isPartOf":{"@id":"https:\/\/inclusivenews.com.br\/?p=28608"},"author":{"name":"inclusivenews2024","@id":"https:\/\/inclusivenews.com.br\/#\/schema\/person\/ae4ec7087559b8692fb33b6fffd2273b"},"headline":"Liminar indeferida no STF mantem reda\u00e7\u00e3o da Lei Brasileira de Inclus\u00e3o","datePublished":"2015-11-19T09:32:42+00:00","mainEntityOfPage":{"@id":"https:\/\/inclusivenews.com.br\/?p=28608"},"wordCount":309,"commentCount":2,"publisher":{"@id":"https:\/\/inclusivenews.com.br\/#organization"},"image":{"@id":"https:\/\/inclusivenews.com.br\/?p=28608#primaryimage"},"thumbnailUrl":"http:\/\/inclusivenews.com.br\/wp-content\/uploads\/2011\/04\/inclusive_inclusao.jpg","keywords":["CONFENEM","Educa\u00e7\u00e3o inclusiva","ensino privado"],"articleSection":["NOT\u00cdCIAS"],"inLanguage":"pt-PT","potentialAction":[{"@type":"CommentAction","name":"Comment","target":["https:\/\/inclusivenews.com.br\/?p=28608#respond"]}]},{"@type":"WebPage","@id":"https:\/\/inclusivenews.com.br\/?p=28608","url":"https:\/\/inclusivenews.com.br\/?p=28608","name":"Liminar indeferida no STF mantem reda\u00e7\u00e3o da Lei Brasileira de Inclus\u00e3o -","isPartOf":{"@id":"https:\/\/inclusivenews.com.br\/#website"},"primaryImageOfPage":{"@id":"https:\/\/inclusivenews.com.br\/?p=28608#primaryimage"},"image":{"@id":"https:\/\/inclusivenews.com.br\/?p=28608#primaryimage"},"thumbnailUrl":"http:\/\/inclusivenews.com.br\/wp-content\/uploads\/2011\/04\/inclusive_inclusao.jpg","datePublished":"2015-11-19T09:32:42+00:00","breadcrumb":{"@id":"https:\/\/inclusivenews.com.br\/?p=28608#breadcrumb"},"inLanguage":"pt-PT","potentialAction":[{"@type":"ReadAction","target":["https:\/\/inclusivenews.com.br\/?p=28608"]}]},{"@type":"ImageObject","inLanguage":"pt-PT","@id":"https:\/\/inclusivenews.com.br\/?p=28608#primaryimage","url":"","contentUrl":""},{"@type":"BreadcrumbList","@id":"https:\/\/inclusivenews.com.br\/?p=28608#breadcrumb","itemListElement":[{"@type":"ListItem","position":1,"name":"In\u00edcio","item":"https:\/\/inclusivenews.com.br\/"},{"@type":"ListItem","position":2,"name":"Liminar indeferida no STF mantem reda\u00e7\u00e3o da Lei Brasileira de Inclus\u00e3o"}]},{"@type":"WebSite","@id":"https:\/\/inclusivenews.com.br\/#website","url":"https:\/\/inclusivenews.com.br\/","name":"Inclusive News","description":"Inclusive News","publisher":{"@id":"https:\/\/inclusivenews.com.br\/#organization"},"potentialAction":[{"@type":"SearchAction","target":{"@type":"EntryPoint","urlTemplate":"https:\/\/inclusivenews.com.br\/?s={search_term_string}"},"query-input":{"@type":"PropertyValueSpecification","valueRequired":true,"valueName":"search_term_string"}}],"inLanguage":"pt-PT"},{"@type":"Organization","@id":"https:\/\/inclusivenews.com.br\/#organization","name":"Inclusive - inclus\u00e3o e cidadania","url":"https:\/\/inclusivenews.com.br\/","logo":{"@type":"ImageObject","inLanguage":"pt-PT","@id":"https:\/\/inclusivenews.com.br\/#\/schema\/logo\/image\/","url":"https:\/\/inclusivenews.com.br\/wp-content\/uploads\/2024\/03\/@grandesite.png","contentUrl":"https:\/\/inclusivenews.com.br\/wp-content\/uploads\/2024\/03\/@grandesite.png","width":1080,"height":1080,"caption":"Inclusive - inclus\u00e3o e cidadania"},"image":{"@id":"https:\/\/inclusivenews.com.br\/#\/schema\/logo\/image\/"},"sameAs":["https:\/\/www.facebook.com\/agenciainclusive\/","https:\/\/www.instagram.com\/newsinclusive\/"]},{"@type":"Person","@id":"https:\/\/inclusivenews.com.br\/#\/schema\/person\/ae4ec7087559b8692fb33b6fffd2273b","name":"inclusivenews2024","image":{"@type":"ImageObject","inLanguage":"pt-PT","@id":"https:\/\/secure.gravatar.com\/avatar\/c5a7ef84c66fa914f55bc4f7ce26cfa275a3b9a1c5568b907bd184fb4dde7b40?s=96&d=mm&r=g","url":"https:\/\/secure.gravatar.com\/avatar\/c5a7ef84c66fa914f55bc4f7ce26cfa275a3b9a1c5568b907bd184fb4dde7b40?s=96&d=mm&r=g","contentUrl":"https:\/\/secure.gravatar.com\/avatar\/c5a7ef84c66fa914f55bc4f7ce26cfa275a3b9a1c5568b907bd184fb4dde7b40?s=96&d=mm&r=g","caption":"inclusivenews2024"},"sameAs":["https:\/\/inclusivenews.com.br"],"url":"https:\/\/inclusivenews.com.br\/?author=1"}]}},"_links":{"self":[{"href":"https:\/\/inclusivenews.com.br\/index.php?rest_route=\/wp\/v2\/posts\/28608","targetHints":{"allow":["GET"]}}],"collection":[{"href":"https:\/\/inclusivenews.com.br\/index.php?rest_route=\/wp\/v2\/posts"}],"about":[{"href":"https:\/\/inclusivenews.com.br\/index.php?rest_route=\/wp\/v2\/types\/post"}],"author":[{"embeddable":true,"href":"https:\/\/inclusivenews.com.br\/index.php?rest_route=\/wp\/v2\/users\/1"}],"replies":[{"embeddable":true,"href":"https:\/\/inclusivenews.com.br\/index.php?rest_route=%2Fwp%2Fv2%2Fcomments&post=28608"}],"version-history":[{"count":0,"href":"https:\/\/inclusivenews.com.br\/index.php?rest_route=\/wp\/v2\/posts\/28608\/revisions"}],"wp:attachment":[{"href":"https:\/\/inclusivenews.com.br\/index.php?rest_route=%2Fwp%2Fv2%2Fmedia&parent=28608"}],"wp:term":[{"taxonomy":"category","embeddable":true,"href":"https:\/\/inclusivenews.com.br\/index.php?rest_route=%2Fwp%2Fv2%2Fcategories&post=28608"},{"taxonomy":"post_tag","embeddable":true,"href":"https:\/\/inclusivenews.com.br\/index.php?rest_route=%2Fwp%2Fv2%2Ftags&post=28608"}],"curies":[{"name":"wp","href":"https:\/\/api.w.org\/{rel}","templated":true}]}}