{"id":28736,"date":"2016-01-07T12:37:17","date_gmt":"2016-01-07T15:37:17","guid":{"rendered":"http:\/\/www.inclusive.org.br\/?p=28736"},"modified":"2016-01-07T12:37:17","modified_gmt":"2016-01-07T15:37:17","slug":"estatuto-da-pessoa-com-deficiencia-entra-em-vigor-com-garantia-de-mais-direitos","status":"publish","type":"post","link":"https:\/\/inclusivenews.com.br\/?p=28736","title":{"rendered":"Estatuto da Pessoa com Defici\u00eancia entra em vigor com garantia de mais direitos"},"content":{"rendered":"<p><em>Da Ag\u00eancia Brasil<\/em><br \/>\n<em>Por Paulo Victor Chagas<\/em><br \/>\n<em>Edi\u00e7\u00e3o por Denise Griesinger<\/em><\/p>\n<figure style=\"width: 348px\" class=\"wp-caption alignnone\"><img loading=\"lazy\" decoding=\"async\" title=\"No Instituto Municipal Helena Antipoff, professoras aprendem o braille para promover a inclus\u00e3o de crian\u00e7as com defici\u00eancia na rede p\u00fablica de ensino Tomaz Silva\/Ag\u00eancia Brasil\" alt=\"No Instituto Municipal Helena Antipoff, professoras aprendem o braille para promover a inclus\u00e3o de crian\u00e7as com defici\u00eancia na rede p\u00fablica de ensino Tomaz Silva\/Ag\u00eancia Brasil\" src=\"http:\/\/agenciabrasil.ebc.com.br\/sites\/_agenciabrasil2013\/files\/styles\/interna_grande\/public\/fotos\/972542-inclusao_abr2735.jpg?itok=BudV8okD\" width=\"348\" height=\"233\" \/><figcaption class=\"wp-caption-text\">No Instituto Municipal Helena Antipoff, professoras aprendem o braille para promover a inclus\u00e3o de crian\u00e7as com defici\u00eancia na rede p\u00fablica de ensino &#8211; Tomaz Silva\/Ag\u00eancia Brasil<\/figcaption><\/figure>\n<p>Entrou em vigor no s\u00e1bado (2) o Estatuto da Pessoa com Defici\u00eancia, que traz regras e orienta\u00e7\u00f5es para a promo\u00e7\u00e3o dos direitos e liberdades dos deficientes com o objetivo de garantir a essas pessoas inclus\u00e3o social e cidadania. A nova legisla\u00e7\u00e3o, chamada de Lei Brasileira de Inclus\u00e3o da Pessoa com Defici\u00eancia, garante condi\u00e7\u00f5es de acesso a educa\u00e7\u00e3o e sa\u00fade e estabelece puni\u00e7\u00f5es para atitudes discriminat\u00f3rias contra essa parcela da popula\u00e7\u00e3o.<\/p>\n<p>Hoje no Brasil existem 45 milh\u00f5es de pessoas com algum tipo de defici\u00eancia. A lei foi sancionada pelo governo federal em julho e passa a valer somente agora, 180 dias ap\u00f3s sua publica\u00e7\u00e3o no Di\u00e1rio Oficial da Uni\u00e3o.<\/p>\n<p>Menos abusos<\/p>\n<p>Um dos avan\u00e7os trazidos pela lei foi a proibi\u00e7\u00e3o da cobran\u00e7a de valores adicionais em matr\u00edculas e mensalidades de institui\u00e7\u00f5es de ensino privadas. O fim da chamada taxa extra, cobrada apenas de alunos com defici\u00eancia, era uma demanda de entidades que lutam pelos direitos das pessoas com defici\u00eancia.<\/p>\n<p>Quem impedir ou dificultar o ingresso da pessoa com defici\u00eancia em planos privados de sa\u00fade est\u00e1 sujeito a pena de dois a cinco anos de deten\u00e7\u00e3o, al\u00e9m de multa. A mesma puni\u00e7\u00e3o se aplica a quem negar emprego, recusar assist\u00eancia m\u00e9dico-hospitalar ou outros direitos a algu\u00e9m, em raz\u00e3o de sua defici\u00eancia.<\/p>\n<p>Veto<\/p>\n<p>Um trecho que foi vetado pela presidenta Dilma Rousseff na \u00e9poca de sua san\u00e7\u00e3o, por\u00e9m, gerou cr\u00edticas. O projeto de lei aprovado pelos parlamentares obrigava empresas com menos de 100 funcion\u00e1rios a contratarem pelo menos uma pessoa com defici\u00eancia. Atualmente, a obriga\u00e7\u00e3o vale apenas para as empresas com 100 trabalhadores ou mais. O veto foi considerado pela deputada Mara Gabrilli (PSDB-SP), relatora da proposta na C\u00e2mara, uma \u201cperda irrepar\u00e1vel\u201d.<\/p>\n<p>Cotas<\/p>\n<p>De acordo com o estatuto, as empresas de explora\u00e7\u00e3o de servi\u00e7o de t\u00e1xi dever\u00e3o reservar 10% das vagas para condutores com defici\u00eancia. Legisla\u00e7\u00f5es anteriores j\u00e1 previam a reserva de 2% das vagas dos estacionamentos p\u00fablicos para pessoas com defici\u00eancia, mas a nova lei garante que haja no m\u00ednimo uma vaga em estacionamentos menores. Os locais devem estar devidamente sinalizados e os ve\u00edculos dever\u00e3o conter a credencial de benefici\u00e1rio fornecida pelos \u00f3rg\u00e3os de tr\u00e2nsito.<\/p>\n<p>A legisla\u00e7\u00e3o exige tamb\u00e9m que 10% dos dormit\u00f3rios de hot\u00e9is e pousadas sejam acess\u00edveis e que, ao menos uma unidade acess\u00edvel, seja garantida.<\/p>\n<p>Mais direitos<\/p>\n<p>Outra novidade da lei \u00e9 a possibilidade de o trabalhador com defici\u00eancia recorrer ao Fundo de Garantia por Tempo de Servi\u00e7o quando receber prescri\u00e7\u00e3o de \u00f3rtese ou pr\u00f3tese para promover sua acessibilidade.<\/p>\n<p>Ao poder p\u00fablico cabe assegurar sistema educacional inclusivo, ofertar recursos de acessibilidade e garantir pleno acesso ao curr\u00edculo em condi\u00e7\u00f5es de igualdade, de acordo com a lei. Para escolas inclusivas, o Estado deve oferecer educa\u00e7\u00e3o bil\u00edngue, em Libras como primeira l\u00edngua e portugu\u00eas como segunda.<\/p>\n","protected":false},"excerpt":{"rendered":"<p>A nova legisla\u00e7\u00e3o, chamada de Lei Brasileira de Inclus\u00e3o da Pessoa com Defici\u00eancia, garante condi\u00e7\u00f5es de acesso a educa\u00e7\u00e3o e sa\u00fade e estabelece puni\u00e7\u00f5es para atitudes discriminat\u00f3rias contra essa parcela da popula\u00e7\u00e3o.<\/p>\n","protected":false},"author":1,"featured_media":0,"comment_status":"open","ping_status":"open","sticky":false,"template":"","format":"standard","meta":{"site-container-style":"default","site-container-layout":"default","site-sidebar-layout":"default","disable-article-header":"default","disable-site-header":"default","disable-site-footer":"default","disable-content-area-spacing":"default","footnotes":""},"categories":[48,26],"tags":[333],"class_list":["post-28736","post","type-post","status-publish","format-standard","hentry","category-inclusao","category-legislacao","tag-lbi"],"yoast_head":"<!-- This site is optimized with the Yoast SEO plugin v27.4 - https:\/\/yoast.com\/product\/yoast-seo-wordpress\/ -->\n<title>Estatuto da Pessoa com Defici\u00eancia entra em vigor com garantia de mais direitos -<\/title>\n<meta name=\"robots\" content=\"index, follow, max-snippet:-1, max-image-preview:large, max-video-preview:-1\" \/>\n<link rel=\"canonical\" href=\"https:\/\/inclusivenews.com.br\/?p=28736\" \/>\n<meta property=\"og:locale\" content=\"pt_PT\" \/>\n<meta property=\"og:type\" content=\"article\" \/>\n<meta property=\"og:title\" content=\"Estatuto da Pessoa com Defici\u00eancia entra em vigor com garantia de mais direitos -\" \/>\n<meta property=\"og:description\" content=\"A nova legisla\u00e7\u00e3o, chamada de Lei Brasileira de Inclus\u00e3o da Pessoa com Defici\u00eancia, garante condi\u00e7\u00f5es de acesso a educa\u00e7\u00e3o e sa\u00fade e estabelece puni\u00e7\u00f5es para atitudes discriminat\u00f3rias contra essa parcela da popula\u00e7\u00e3o.\" \/>\n<meta property=\"og:url\" content=\"https:\/\/inclusivenews.com.br\/?p=28736\" \/>\n<meta property=\"article:publisher\" content=\"https:\/\/www.facebook.com\/agenciainclusive\/\" \/>\n<meta property=\"article:published_time\" content=\"2016-01-07T15:37:17+00:00\" \/>\n<meta property=\"og:image\" content=\"http:\/\/agenciabrasil.ebc.com.br\/sites\/_agenciabrasil2013\/files\/styles\/interna_grande\/public\/fotos\/972542-inclusao_abr2735.jpg?itok=BudV8okD\" \/>\n<meta name=\"author\" content=\"inclusivenews2024\" \/>\n<meta name=\"twitter:card\" content=\"summary_large_image\" \/>\n<meta name=\"twitter:label1\" content=\"Escrito por\" \/>\n\t<meta name=\"twitter:data1\" content=\"inclusivenews2024\" \/>\n\t<meta name=\"twitter:label2\" content=\"Tempo estimado de leitura\" \/>\n\t<meta name=\"twitter:data2\" content=\"3 minutos\" \/>\n<script type=\"application\/ld+json\" class=\"yoast-schema-graph\">{\"@context\":\"https:\\\/\\\/schema.org\",\"@graph\":[{\"@type\":\"Article\",\"@id\":\"https:\\\/\\\/inclusivenews.com.br\\\/?p=28736#article\",\"isPartOf\":{\"@id\":\"https:\\\/\\\/inclusivenews.com.br\\\/?p=28736\"},\"author\":{\"name\":\"inclusivenews2024\",\"@id\":\"https:\\\/\\\/inclusivenews.com.br\\\/#\\\/schema\\\/person\\\/ae4ec7087559b8692fb33b6fffd2273b\"},\"headline\":\"Estatuto da Pessoa com Defici\u00eancia entra em vigor com garantia de mais direitos\",\"datePublished\":\"2016-01-07T15:37:17+00:00\",\"mainEntityOfPage\":{\"@id\":\"https:\\\/\\\/inclusivenews.com.br\\\/?p=28736\"},\"wordCount\":587,\"commentCount\":0,\"publisher\":{\"@id\":\"https:\\\/\\\/inclusivenews.com.br\\\/#organization\"},\"image\":{\"@id\":\"https:\\\/\\\/inclusivenews.com.br\\\/?p=28736#primaryimage\"},\"thumbnailUrl\":\"http:\\\/\\\/agenciabrasil.ebc.com.br\\\/sites\\\/_agenciabrasil2013\\\/files\\\/styles\\\/interna_grande\\\/public\\\/fotos\\\/972542-inclusao_abr2735.jpg?itok=BudV8okD\",\"keywords\":[\"LBI\"],\"articleSection\":[\"INCLUS\u00c3O SOCIAL\",\"Legisla\u00e7\u00e3o ...\"],\"inLanguage\":\"pt-PT\",\"potentialAction\":[{\"@type\":\"CommentAction\",\"name\":\"Comment\",\"target\":[\"https:\\\/\\\/inclusivenews.com.br\\\/?p=28736#respond\"]}]},{\"@type\":\"WebPage\",\"@id\":\"https:\\\/\\\/inclusivenews.com.br\\\/?p=28736\",\"url\":\"https:\\\/\\\/inclusivenews.com.br\\\/?p=28736\",\"name\":\"Estatuto da Pessoa com Defici\u00eancia entra em vigor com garantia de mais direitos -\",\"isPartOf\":{\"@id\":\"https:\\\/\\\/inclusivenews.com.br\\\/#website\"},\"primaryImageOfPage\":{\"@id\":\"https:\\\/\\\/inclusivenews.com.br\\\/?p=28736#primaryimage\"},\"image\":{\"@id\":\"https:\\\/\\\/inclusivenews.com.br\\\/?p=28736#primaryimage\"},\"thumbnailUrl\":\"http:\\\/\\\/agenciabrasil.ebc.com.br\\\/sites\\\/_agenciabrasil2013\\\/files\\\/styles\\\/interna_grande\\\/public\\\/fotos\\\/972542-inclusao_abr2735.jpg?itok=BudV8okD\",\"datePublished\":\"2016-01-07T15:37:17+00:00\",\"breadcrumb\":{\"@id\":\"https:\\\/\\\/inclusivenews.com.br\\\/?p=28736#breadcrumb\"},\"inLanguage\":\"pt-PT\",\"potentialAction\":[{\"@type\":\"ReadAction\",\"target\":[\"https:\\\/\\\/inclusivenews.com.br\\\/?p=28736\"]}]},{\"@type\":\"ImageObject\",\"inLanguage\":\"pt-PT\",\"@id\":\"https:\\\/\\\/inclusivenews.com.br\\\/?p=28736#primaryimage\",\"url\":\"http:\\\/\\\/agenciabrasil.ebc.com.br\\\/sites\\\/_agenciabrasil2013\\\/files\\\/styles\\\/interna_grande\\\/public\\\/fotos\\\/972542-inclusao_abr2735.jpg?itok=BudV8okD\",\"contentUrl\":\"http:\\\/\\\/agenciabrasil.ebc.com.br\\\/sites\\\/_agenciabrasil2013\\\/files\\\/styles\\\/interna_grande\\\/public\\\/fotos\\\/972542-inclusao_abr2735.jpg?itok=BudV8okD\"},{\"@type\":\"BreadcrumbList\",\"@id\":\"https:\\\/\\\/inclusivenews.com.br\\\/?p=28736#breadcrumb\",\"itemListElement\":[{\"@type\":\"ListItem\",\"position\":1,\"name\":\"In\u00edcio\",\"item\":\"https:\\\/\\\/inclusivenews.com.br\\\/\"},{\"@type\":\"ListItem\",\"position\":2,\"name\":\"Estatuto da Pessoa com Defici\u00eancia entra em vigor com garantia de mais direitos\"}]},{\"@type\":\"WebSite\",\"@id\":\"https:\\\/\\\/inclusivenews.com.br\\\/#website\",\"url\":\"https:\\\/\\\/inclusivenews.com.br\\\/\",\"name\":\"Inclusive News\",\"description\":\"Inclusive News\",\"publisher\":{\"@id\":\"https:\\\/\\\/inclusivenews.com.br\\\/#organization\"},\"potentialAction\":[{\"@type\":\"SearchAction\",\"target\":{\"@type\":\"EntryPoint\",\"urlTemplate\":\"https:\\\/\\\/inclusivenews.com.br\\\/?s={search_term_string}\"},\"query-input\":{\"@type\":\"PropertyValueSpecification\",\"valueRequired\":true,\"valueName\":\"search_term_string\"}}],\"inLanguage\":\"pt-PT\"},{\"@type\":\"Organization\",\"@id\":\"https:\\\/\\\/inclusivenews.com.br\\\/#organization\",\"name\":\"Inclusive - inclus\u00e3o e cidadania\",\"url\":\"https:\\\/\\\/inclusivenews.com.br\\\/\",\"logo\":{\"@type\":\"ImageObject\",\"inLanguage\":\"pt-PT\",\"@id\":\"https:\\\/\\\/inclusivenews.com.br\\\/#\\\/schema\\\/logo\\\/image\\\/\",\"url\":\"https:\\\/\\\/inclusivenews.com.br\\\/wp-content\\\/uploads\\\/2024\\\/03\\\/@grandesite.png\",\"contentUrl\":\"https:\\\/\\\/inclusivenews.com.br\\\/wp-content\\\/uploads\\\/2024\\\/03\\\/@grandesite.png\",\"width\":1080,\"height\":1080,\"caption\":\"Inclusive - inclus\u00e3o e cidadania\"},\"image\":{\"@id\":\"https:\\\/\\\/inclusivenews.com.br\\\/#\\\/schema\\\/logo\\\/image\\\/\"},\"sameAs\":[\"https:\\\/\\\/www.facebook.com\\\/agenciainclusive\\\/\",\"https:\\\/\\\/www.instagram.com\\\/newsinclusive\\\/\"]},{\"@type\":\"Person\",\"@id\":\"https:\\\/\\\/inclusivenews.com.br\\\/#\\\/schema\\\/person\\\/ae4ec7087559b8692fb33b6fffd2273b\",\"name\":\"inclusivenews2024\",\"image\":{\"@type\":\"ImageObject\",\"inLanguage\":\"pt-PT\",\"@id\":\"https:\\\/\\\/secure.gravatar.com\\\/avatar\\\/c5a7ef84c66fa914f55bc4f7ce26cfa275a3b9a1c5568b907bd184fb4dde7b40?s=96&d=mm&r=g\",\"url\":\"https:\\\/\\\/secure.gravatar.com\\\/avatar\\\/c5a7ef84c66fa914f55bc4f7ce26cfa275a3b9a1c5568b907bd184fb4dde7b40?s=96&d=mm&r=g\",\"contentUrl\":\"https:\\\/\\\/secure.gravatar.com\\\/avatar\\\/c5a7ef84c66fa914f55bc4f7ce26cfa275a3b9a1c5568b907bd184fb4dde7b40?s=96&d=mm&r=g\",\"caption\":\"inclusivenews2024\"},\"sameAs\":[\"https:\\\/\\\/inclusivenews.com.br\"],\"url\":\"https:\\\/\\\/inclusivenews.com.br\\\/?author=1\"}]}<\/script>\n<!-- \/ Yoast SEO plugin. -->","yoast_head_json":{"title":"Estatuto da Pessoa com Defici\u00eancia entra em vigor com garantia de mais direitos -","robots":{"index":"index","follow":"follow","max-snippet":"max-snippet:-1","max-image-preview":"max-image-preview:large","max-video-preview":"max-video-preview:-1"},"canonical":"https:\/\/inclusivenews.com.br\/?p=28736","og_locale":"pt_PT","og_type":"article","og_title":"Estatuto da Pessoa com Defici\u00eancia entra em vigor com garantia de mais direitos -","og_description":"A nova legisla\u00e7\u00e3o, chamada de Lei Brasileira de Inclus\u00e3o da Pessoa com Defici\u00eancia, garante condi\u00e7\u00f5es de acesso a educa\u00e7\u00e3o e sa\u00fade e estabelece puni\u00e7\u00f5es para atitudes discriminat\u00f3rias contra essa parcela da popula\u00e7\u00e3o.","og_url":"https:\/\/inclusivenews.com.br\/?p=28736","article_publisher":"https:\/\/www.facebook.com\/agenciainclusive\/","article_published_time":"2016-01-07T15:37:17+00:00","og_image":[{"url":"http:\/\/agenciabrasil.ebc.com.br\/sites\/_agenciabrasil2013\/files\/styles\/interna_grande\/public\/fotos\/972542-inclusao_abr2735.jpg?itok=BudV8okD","type":"","width":"","height":""}],"author":"inclusivenews2024","twitter_card":"summary_large_image","twitter_misc":{"Escrito por":"inclusivenews2024","Tempo estimado de leitura":"3 minutos"},"schema":{"@context":"https:\/\/schema.org","@graph":[{"@type":"Article","@id":"https:\/\/inclusivenews.com.br\/?p=28736#article","isPartOf":{"@id":"https:\/\/inclusivenews.com.br\/?p=28736"},"author":{"name":"inclusivenews2024","@id":"https:\/\/inclusivenews.com.br\/#\/schema\/person\/ae4ec7087559b8692fb33b6fffd2273b"},"headline":"Estatuto da Pessoa com Defici\u00eancia entra em vigor com garantia de mais direitos","datePublished":"2016-01-07T15:37:17+00:00","mainEntityOfPage":{"@id":"https:\/\/inclusivenews.com.br\/?p=28736"},"wordCount":587,"commentCount":0,"publisher":{"@id":"https:\/\/inclusivenews.com.br\/#organization"},"image":{"@id":"https:\/\/inclusivenews.com.br\/?p=28736#primaryimage"},"thumbnailUrl":"http:\/\/agenciabrasil.ebc.com.br\/sites\/_agenciabrasil2013\/files\/styles\/interna_grande\/public\/fotos\/972542-inclusao_abr2735.jpg?itok=BudV8okD","keywords":["LBI"],"articleSection":["INCLUS\u00c3O SOCIAL","Legisla\u00e7\u00e3o ..."],"inLanguage":"pt-PT","potentialAction":[{"@type":"CommentAction","name":"Comment","target":["https:\/\/inclusivenews.com.br\/?p=28736#respond"]}]},{"@type":"WebPage","@id":"https:\/\/inclusivenews.com.br\/?p=28736","url":"https:\/\/inclusivenews.com.br\/?p=28736","name":"Estatuto da Pessoa com Defici\u00eancia entra em vigor com garantia de mais direitos -","isPartOf":{"@id":"https:\/\/inclusivenews.com.br\/#website"},"primaryImageOfPage":{"@id":"https:\/\/inclusivenews.com.br\/?p=28736#primaryimage"},"image":{"@id":"https:\/\/inclusivenews.com.br\/?p=28736#primaryimage"},"thumbnailUrl":"http:\/\/agenciabrasil.ebc.com.br\/sites\/_agenciabrasil2013\/files\/styles\/interna_grande\/public\/fotos\/972542-inclusao_abr2735.jpg?itok=BudV8okD","datePublished":"2016-01-07T15:37:17+00:00","breadcrumb":{"@id":"https:\/\/inclusivenews.com.br\/?p=28736#breadcrumb"},"inLanguage":"pt-PT","potentialAction":[{"@type":"ReadAction","target":["https:\/\/inclusivenews.com.br\/?p=28736"]}]},{"@type":"ImageObject","inLanguage":"pt-PT","@id":"https:\/\/inclusivenews.com.br\/?p=28736#primaryimage","url":"http:\/\/agenciabrasil.ebc.com.br\/sites\/_agenciabrasil2013\/files\/styles\/interna_grande\/public\/fotos\/972542-inclusao_abr2735.jpg?itok=BudV8okD","contentUrl":"http:\/\/agenciabrasil.ebc.com.br\/sites\/_agenciabrasil2013\/files\/styles\/interna_grande\/public\/fotos\/972542-inclusao_abr2735.jpg?itok=BudV8okD"},{"@type":"BreadcrumbList","@id":"https:\/\/inclusivenews.com.br\/?p=28736#breadcrumb","itemListElement":[{"@type":"ListItem","position":1,"name":"In\u00edcio","item":"https:\/\/inclusivenews.com.br\/"},{"@type":"ListItem","position":2,"name":"Estatuto da Pessoa com Defici\u00eancia entra em vigor com garantia de mais direitos"}]},{"@type":"WebSite","@id":"https:\/\/inclusivenews.com.br\/#website","url":"https:\/\/inclusivenews.com.br\/","name":"Inclusive News","description":"Inclusive News","publisher":{"@id":"https:\/\/inclusivenews.com.br\/#organization"},"potentialAction":[{"@type":"SearchAction","target":{"@type":"EntryPoint","urlTemplate":"https:\/\/inclusivenews.com.br\/?s={search_term_string}"},"query-input":{"@type":"PropertyValueSpecification","valueRequired":true,"valueName":"search_term_string"}}],"inLanguage":"pt-PT"},{"@type":"Organization","@id":"https:\/\/inclusivenews.com.br\/#organization","name":"Inclusive - inclus\u00e3o e cidadania","url":"https:\/\/inclusivenews.com.br\/","logo":{"@type":"ImageObject","inLanguage":"pt-PT","@id":"https:\/\/inclusivenews.com.br\/#\/schema\/logo\/image\/","url":"https:\/\/inclusivenews.com.br\/wp-content\/uploads\/2024\/03\/@grandesite.png","contentUrl":"https:\/\/inclusivenews.com.br\/wp-content\/uploads\/2024\/03\/@grandesite.png","width":1080,"height":1080,"caption":"Inclusive - inclus\u00e3o e cidadania"},"image":{"@id":"https:\/\/inclusivenews.com.br\/#\/schema\/logo\/image\/"},"sameAs":["https:\/\/www.facebook.com\/agenciainclusive\/","https:\/\/www.instagram.com\/newsinclusive\/"]},{"@type":"Person","@id":"https:\/\/inclusivenews.com.br\/#\/schema\/person\/ae4ec7087559b8692fb33b6fffd2273b","name":"inclusivenews2024","image":{"@type":"ImageObject","inLanguage":"pt-PT","@id":"https:\/\/secure.gravatar.com\/avatar\/c5a7ef84c66fa914f55bc4f7ce26cfa275a3b9a1c5568b907bd184fb4dde7b40?s=96&d=mm&r=g","url":"https:\/\/secure.gravatar.com\/avatar\/c5a7ef84c66fa914f55bc4f7ce26cfa275a3b9a1c5568b907bd184fb4dde7b40?s=96&d=mm&r=g","contentUrl":"https:\/\/secure.gravatar.com\/avatar\/c5a7ef84c66fa914f55bc4f7ce26cfa275a3b9a1c5568b907bd184fb4dde7b40?s=96&d=mm&r=g","caption":"inclusivenews2024"},"sameAs":["https:\/\/inclusivenews.com.br"],"url":"https:\/\/inclusivenews.com.br\/?author=1"}]}},"_links":{"self":[{"href":"https:\/\/inclusivenews.com.br\/index.php?rest_route=\/wp\/v2\/posts\/28736","targetHints":{"allow":["GET"]}}],"collection":[{"href":"https:\/\/inclusivenews.com.br\/index.php?rest_route=\/wp\/v2\/posts"}],"about":[{"href":"https:\/\/inclusivenews.com.br\/index.php?rest_route=\/wp\/v2\/types\/post"}],"author":[{"embeddable":true,"href":"https:\/\/inclusivenews.com.br\/index.php?rest_route=\/wp\/v2\/users\/1"}],"replies":[{"embeddable":true,"href":"https:\/\/inclusivenews.com.br\/index.php?rest_route=%2Fwp%2Fv2%2Fcomments&post=28736"}],"version-history":[{"count":0,"href":"https:\/\/inclusivenews.com.br\/index.php?rest_route=\/wp\/v2\/posts\/28736\/revisions"}],"wp:attachment":[{"href":"https:\/\/inclusivenews.com.br\/index.php?rest_route=%2Fwp%2Fv2%2Fmedia&parent=28736"}],"wp:term":[{"taxonomy":"category","embeddable":true,"href":"https:\/\/inclusivenews.com.br\/index.php?rest_route=%2Fwp%2Fv2%2Fcategories&post=28736"},{"taxonomy":"post_tag","embeddable":true,"href":"https:\/\/inclusivenews.com.br\/index.php?rest_route=%2Fwp%2Fv2%2Ftags&post=28736"}],"curies":[{"name":"wp","href":"https:\/\/api.w.org\/{rel}","templated":true}]}}