{"id":28760,"date":"2016-01-14T05:53:25","date_gmt":"2016-01-14T08:53:25","guid":{"rendered":"http:\/\/www.inclusive.org.br\/?p=28760"},"modified":"2016-01-14T05:53:25","modified_gmt":"2016-01-14T08:53:25","slug":"chamada-publica-para-artigo-sobre-deficiencia-familia-e-sociedade","status":"publish","type":"post","link":"https:\/\/inclusivenews.com.br\/?p=28760","title":{"rendered":"Chamada p\u00fablica para artigo sobre Defici\u00eancia, Fam\u00edlia e Sociedade"},"content":{"rendered":"<p><img loading=\"lazy\" decoding=\"async\" class=\"alignnone size-full wp-image-12671\" alt=\"Acessibilidade arquitet\u00f4nica\" src=\"http:\/\/inclusivenews.com.br\/wp-content\/uploads\/2009\/11\/6dadf6c0dd20091123101804.jpg\" width=\"200\" height=\"201\" srcset=\"https:\/\/inclusivenews.com.br\/wp-content\/uploads\/2009\/11\/6dadf6c0dd20091123101804.jpg 200w, https:\/\/inclusivenews.com.br\/wp-content\/uploads\/2009\/11\/6dadf6c0dd20091123101804-150x150.jpg 150w\" sizes=\"auto, (max-width: 200px) 100vw, 200px\" \/><\/p>\n<p>Revista Ci\u00eancia &amp; Sa\u00fade Coletiva:<\/p>\n<p align=\"center\">CHAMADA P\u00daBLICA PARA UM N\u00daMERO TEM\u00c1TICO SOBRE DEFICI\u00caNCIA, FAM\u00cdLIA E SOCIEDADE<\/p>\n<p align=\"justify\"><strong><br \/>\n<span style=\"color: #990000; font-size: medium;\">Abertura: 01 de outubro de 2015<br \/>\nEncerramento: 30 de janeiro de 2016<\/span><\/strong><\/p>\n<p><strong><br \/>\n(1)T\u00edtulo: <\/strong>Defici\u00eancia, Fam\u00edlia e Sociedade: um debate interdisciplinar contempor\u00e2neo<\/p>\n<p><strong>(2) Justificativa: <\/strong>O tema da defici\u00eancia cresce em visibilidade, consci\u00eancia pol\u00edtica e participa\u00e7\u00e3o cidad\u00e3 no Brasil e no mundo. Para se ampliar a inclus\u00e3o social \u00e9 fundamental que pessoas com defici\u00eancia, seus familiares e as institui\u00e7\u00f5es sociais assumam cada qual a sua parcela de participa\u00e7\u00e3o e engajamento sociocultural. No ano de 2016 o Brasil estar\u00e1 implementando o Estatuto da Pessoa com Defici\u00eancia e o Rio de Janeiro prepara-se para sediar as paraolimp\u00edadas, momento em que a defici\u00eancia entra na agenda pol\u00edtica nacional com toda a for\u00e7a para ampliar e assegurar direitos e consolidar conquistas sociais. Assim, a presente edi\u00e7\u00e3o busca publicar trabalhos em dois eixos: <em><strong>defici\u00eancia e fam\u00edlia<\/strong><\/em>, destacando os enfrentamentos e as estrat\u00e9gias das fam\u00edlias, do diagn\u00f3stico ao desenvolvimento social de seus filhos, levando em conta recursos terap\u00eauticos, apoios sociais e a constru\u00e7\u00e3o da cidadania e do pertencimento; <em><strong>defici\u00eancia e sociedade<\/strong><\/em>, com \u00eanfase no esporte, nas artes, na tecnologia assistiva e no papel das pol\u00edticas p\u00fablicas para assegurar as conquistas sociais a diferentes tipos de defici\u00eancia. Priorizam-se estudos que incorporem novos olhares, num enfoque interdisciplinar, reflitam criticamente sobre o enfoque m\u00e9dico e social e apresentem temas contempor\u00e2neos. Todos os artigos, ainda que abordem outras disciplinas, devem tamb\u00e9m focalizar a sa\u00fade coletiva.<\/p>\n<p><strong>(3) T\u00f3picos importantes para serem tratados no n\u00famero tem\u00e1tico:<br \/>\n<\/strong>Sobre os t\u00f3picos citados abaixo. Poder\u00e3o ser aceitos, excepcionalmente, artigos que fujam a essa classifica\u00e7\u00e3o caso sejam criativos e acrescentem conhecimento ao tema central.<\/p>\n<blockquote><p>\u2022 Pesquisas que abordem o enfrentamento dos pais;<br \/>\n\u2022 O significado da maternidade e da paternidade;<br \/>\n\u2022 A experi\u00eancia dos irm\u00e3os e o senso de pertencimento familiar;<br \/>\n\u2022 Rede de apoio e empoderamento de familiares e pessoas com defici\u00eancia;<br \/>\n\u2022 Defici\u00eancia e Artes;<br \/>\n\u2022 Defici\u00eancia, esporte e paraolimp\u00edadas;<br \/>\n\u2022 Defici\u00eancia e tecnologias assistivas;<br \/>\n\u2022 O impacto das pol\u00edticas p\u00fablicas na melhoria da vida de pessoas com defici\u00eancia;<br \/>\n\u2022 O avan\u00e7o das pol\u00edticas na \u00e1rea da defici\u00eancia em sa\u00fade e outros campos no Brasil e no mundo;<\/p><\/blockquote>\n<p><strong>(4) Normas para publica\u00e7\u00e3o na Revista:<br \/>\n<\/strong>As orienta\u00e7\u00f5es e normas para envio de artigos est\u00e3o na p\u00e1gina da Revista Ci\u00eancia &amp; Sa\u00fade Coletiva www.cienciaesaudecoletiva.com.br, que poder\u00e3o ser acessadas, clicando-se no \u00edcone: &#8220;Orienta\u00e7\u00e3o para os colaboradores&#8221;.<br \/>\nEsta chamada p\u00fablica estar\u00e1 aberta do dia <strong>1\u00ba de outubro de 2015 at\u00e9 o dia 30 de janeiro de 2016<\/strong>. E todos os artigos dever\u00e3o ser encaminhados para o email <a href=\"mailto:petean.revista@gmail.com\" target=\"_blank\" rel=\"noopener\">petean.revista@gmail.com<\/a> deste n\u00famero tem\u00e1tico que est\u00e1 sendo organizado pela Profa Dra Eucia Beatriz Lopes Petean.<\/p>\n<p>Mais informa\u00e7\u00f5es podem ser obtidas no site da revista:<\/p>\n<p><a href=\"http:\/\/www.cienciaesaudecoletiva.com.br\/index_interno.php#\" target=\"_blank\" rel=\"nofollow noopener\">http:\/\/www.<wbr \/>cienciaesaudecoletiva.com.br\/<wbr \/>index_interno.php#<\/a><\/p>\n","protected":false},"excerpt":{"rendered":"<p>Na Revista Ci\u00eancia &#038; Sa\u00fade Coletiva. Prazo 30 de janeiro.<\/p>\n","protected":false},"author":1,"featured_media":0,"comment_status":"open","ping_status":"open","sticky":false,"template":"","format":"standard","meta":{"site-container-style":"default","site-container-layout":"default","site-sidebar-layout":"default","disable-article-header":"default","disable-site-header":"default","disable-site-footer":"default","disable-content-area-spacing":"default","footnotes":""},"categories":[44,5,29,38,6,27,48,26],"tags":[],"class_list":["post-28760","post","type-post","status-publish","format-standard","hentry","category-acessibilidade","category-convencao","category-cultura","category-deficiencia","category-educacao","category-esporte","category-inclusao","category-legislacao"],"yoast_head":"<!-- This site is optimized with the Yoast SEO plugin v27.4 - https:\/\/yoast.com\/product\/yoast-seo-wordpress\/ -->\n<title>Chamada p\u00fablica para artigo sobre Defici\u00eancia, Fam\u00edlia e Sociedade -<\/title>\n<meta name=\"robots\" content=\"index, follow, max-snippet:-1, max-image-preview:large, max-video-preview:-1\" \/>\n<link rel=\"canonical\" href=\"https:\/\/inclusivenews.com.br\/?p=28760\" \/>\n<meta property=\"og:locale\" content=\"pt_PT\" \/>\n<meta property=\"og:type\" content=\"article\" \/>\n<meta property=\"og:title\" content=\"Chamada p\u00fablica para artigo sobre Defici\u00eancia, Fam\u00edlia e Sociedade -\" \/>\n<meta property=\"og:description\" content=\"Na Revista Ci\u00eancia &amp; Sa\u00fade Coletiva. Prazo 30 de janeiro.\" \/>\n<meta property=\"og:url\" content=\"https:\/\/inclusivenews.com.br\/?p=28760\" \/>\n<meta property=\"article:publisher\" content=\"https:\/\/www.facebook.com\/agenciainclusive\/\" \/>\n<meta property=\"article:published_time\" content=\"2016-01-14T08:53:25+00:00\" \/>\n<meta property=\"og:image\" content=\"http:\/\/inclusivenews.com.br\/wp-content\/uploads\/2009\/11\/6dadf6c0dd20091123101804.jpg\" \/>\n<meta name=\"author\" content=\"inclusivenews2024\" \/>\n<meta name=\"twitter:card\" content=\"summary_large_image\" \/>\n<meta name=\"twitter:label1\" content=\"Escrito por\" \/>\n\t<meta name=\"twitter:data1\" content=\"inclusivenews2024\" \/>\n\t<meta name=\"twitter:label2\" content=\"Tempo estimado de leitura\" \/>\n\t<meta name=\"twitter:data2\" content=\"3 minutos\" \/>\n<script type=\"application\/ld+json\" class=\"yoast-schema-graph\">{\"@context\":\"https:\\\/\\\/schema.org\",\"@graph\":[{\"@type\":\"Article\",\"@id\":\"https:\\\/\\\/inclusivenews.com.br\\\/?p=28760#article\",\"isPartOf\":{\"@id\":\"https:\\\/\\\/inclusivenews.com.br\\\/?p=28760\"},\"author\":{\"name\":\"inclusivenews2024\",\"@id\":\"https:\\\/\\\/inclusivenews.com.br\\\/#\\\/schema\\\/person\\\/ae4ec7087559b8692fb33b6fffd2273b\"},\"headline\":\"Chamada p\u00fablica para artigo sobre Defici\u00eancia, Fam\u00edlia e Sociedade\",\"datePublished\":\"2016-01-14T08:53:25+00:00\",\"mainEntityOfPage\":{\"@id\":\"https:\\\/\\\/inclusivenews.com.br\\\/?p=28760\"},\"wordCount\":524,\"commentCount\":0,\"publisher\":{\"@id\":\"https:\\\/\\\/inclusivenews.com.br\\\/#organization\"},\"image\":{\"@id\":\"https:\\\/\\\/inclusivenews.com.br\\\/?p=28760#primaryimage\"},\"thumbnailUrl\":\"http:\\\/\\\/inclusivenews.com.br\\\/wp-content\\\/uploads\\\/2009\\\/11\\\/6dadf6c0dd20091123101804.jpg\",\"articleSection\":[\"ACESSIBILIDADE\",\"Conven\u00e7\u00e3o\",\"Cultura\",\"Defici\u00eancia\",\"EDUCA\u00c7\u00c3O\",\"Esporte\",\"INCLUS\u00c3O SOCIAL\",\"Legisla\u00e7\u00e3o ...\"],\"inLanguage\":\"pt-PT\",\"potentialAction\":[{\"@type\":\"CommentAction\",\"name\":\"Comment\",\"target\":[\"https:\\\/\\\/inclusivenews.com.br\\\/?p=28760#respond\"]}]},{\"@type\":\"WebPage\",\"@id\":\"https:\\\/\\\/inclusivenews.com.br\\\/?p=28760\",\"url\":\"https:\\\/\\\/inclusivenews.com.br\\\/?p=28760\",\"name\":\"Chamada p\u00fablica para artigo sobre Defici\u00eancia, Fam\u00edlia e Sociedade -\",\"isPartOf\":{\"@id\":\"https:\\\/\\\/inclusivenews.com.br\\\/#website\"},\"primaryImageOfPage\":{\"@id\":\"https:\\\/\\\/inclusivenews.com.br\\\/?p=28760#primaryimage\"},\"image\":{\"@id\":\"https:\\\/\\\/inclusivenews.com.br\\\/?p=28760#primaryimage\"},\"thumbnailUrl\":\"http:\\\/\\\/inclusivenews.com.br\\\/wp-content\\\/uploads\\\/2009\\\/11\\\/6dadf6c0dd20091123101804.jpg\",\"datePublished\":\"2016-01-14T08:53:25+00:00\",\"breadcrumb\":{\"@id\":\"https:\\\/\\\/inclusivenews.com.br\\\/?p=28760#breadcrumb\"},\"inLanguage\":\"pt-PT\",\"potentialAction\":[{\"@type\":\"ReadAction\",\"target\":[\"https:\\\/\\\/inclusivenews.com.br\\\/?p=28760\"]}]},{\"@type\":\"ImageObject\",\"inLanguage\":\"pt-PT\",\"@id\":\"https:\\\/\\\/inclusivenews.com.br\\\/?p=28760#primaryimage\",\"url\":\"https:\\\/\\\/inclusivenews.com.br\\\/wp-content\\\/uploads\\\/2009\\\/11\\\/6dadf6c0dd20091123101804.jpg\",\"contentUrl\":\"https:\\\/\\\/inclusivenews.com.br\\\/wp-content\\\/uploads\\\/2009\\\/11\\\/6dadf6c0dd20091123101804.jpg\",\"width\":200,\"height\":201},{\"@type\":\"BreadcrumbList\",\"@id\":\"https:\\\/\\\/inclusivenews.com.br\\\/?p=28760#breadcrumb\",\"itemListElement\":[{\"@type\":\"ListItem\",\"position\":1,\"name\":\"In\u00edcio\",\"item\":\"https:\\\/\\\/inclusivenews.com.br\\\/\"},{\"@type\":\"ListItem\",\"position\":2,\"name\":\"Chamada p\u00fablica para artigo sobre Defici\u00eancia, Fam\u00edlia e Sociedade\"}]},{\"@type\":\"WebSite\",\"@id\":\"https:\\\/\\\/inclusivenews.com.br\\\/#website\",\"url\":\"https:\\\/\\\/inclusivenews.com.br\\\/\",\"name\":\"Inclusive News\",\"description\":\"Inclusive News\",\"publisher\":{\"@id\":\"https:\\\/\\\/inclusivenews.com.br\\\/#organization\"},\"potentialAction\":[{\"@type\":\"SearchAction\",\"target\":{\"@type\":\"EntryPoint\",\"urlTemplate\":\"https:\\\/\\\/inclusivenews.com.br\\\/?s={search_term_string}\"},\"query-input\":{\"@type\":\"PropertyValueSpecification\",\"valueRequired\":true,\"valueName\":\"search_term_string\"}}],\"inLanguage\":\"pt-PT\"},{\"@type\":\"Organization\",\"@id\":\"https:\\\/\\\/inclusivenews.com.br\\\/#organization\",\"name\":\"Inclusive - inclus\u00e3o e cidadania\",\"url\":\"https:\\\/\\\/inclusivenews.com.br\\\/\",\"logo\":{\"@type\":\"ImageObject\",\"inLanguage\":\"pt-PT\",\"@id\":\"https:\\\/\\\/inclusivenews.com.br\\\/#\\\/schema\\\/logo\\\/image\\\/\",\"url\":\"https:\\\/\\\/inclusivenews.com.br\\\/wp-content\\\/uploads\\\/2024\\\/03\\\/@grandesite.png\",\"contentUrl\":\"https:\\\/\\\/inclusivenews.com.br\\\/wp-content\\\/uploads\\\/2024\\\/03\\\/@grandesite.png\",\"width\":1080,\"height\":1080,\"caption\":\"Inclusive - inclus\u00e3o e cidadania\"},\"image\":{\"@id\":\"https:\\\/\\\/inclusivenews.com.br\\\/#\\\/schema\\\/logo\\\/image\\\/\"},\"sameAs\":[\"https:\\\/\\\/www.facebook.com\\\/agenciainclusive\\\/\",\"https:\\\/\\\/www.instagram.com\\\/newsinclusive\\\/\"]},{\"@type\":\"Person\",\"@id\":\"https:\\\/\\\/inclusivenews.com.br\\\/#\\\/schema\\\/person\\\/ae4ec7087559b8692fb33b6fffd2273b\",\"name\":\"inclusivenews2024\",\"image\":{\"@type\":\"ImageObject\",\"inLanguage\":\"pt-PT\",\"@id\":\"https:\\\/\\\/secure.gravatar.com\\\/avatar\\\/c5a7ef84c66fa914f55bc4f7ce26cfa275a3b9a1c5568b907bd184fb4dde7b40?s=96&d=mm&r=g\",\"url\":\"https:\\\/\\\/secure.gravatar.com\\\/avatar\\\/c5a7ef84c66fa914f55bc4f7ce26cfa275a3b9a1c5568b907bd184fb4dde7b40?s=96&d=mm&r=g\",\"contentUrl\":\"https:\\\/\\\/secure.gravatar.com\\\/avatar\\\/c5a7ef84c66fa914f55bc4f7ce26cfa275a3b9a1c5568b907bd184fb4dde7b40?s=96&d=mm&r=g\",\"caption\":\"inclusivenews2024\"},\"sameAs\":[\"https:\\\/\\\/inclusivenews.com.br\"],\"url\":\"https:\\\/\\\/inclusivenews.com.br\\\/?author=1\"}]}<\/script>\n<!-- \/ Yoast SEO plugin. -->","yoast_head_json":{"title":"Chamada p\u00fablica para artigo sobre Defici\u00eancia, Fam\u00edlia e Sociedade -","robots":{"index":"index","follow":"follow","max-snippet":"max-snippet:-1","max-image-preview":"max-image-preview:large","max-video-preview":"max-video-preview:-1"},"canonical":"https:\/\/inclusivenews.com.br\/?p=28760","og_locale":"pt_PT","og_type":"article","og_title":"Chamada p\u00fablica para artigo sobre Defici\u00eancia, Fam\u00edlia e Sociedade -","og_description":"Na Revista Ci\u00eancia & Sa\u00fade Coletiva. Prazo 30 de janeiro.","og_url":"https:\/\/inclusivenews.com.br\/?p=28760","article_publisher":"https:\/\/www.facebook.com\/agenciainclusive\/","article_published_time":"2016-01-14T08:53:25+00:00","og_image":[{"url":"http:\/\/inclusivenews.com.br\/wp-content\/uploads\/2009\/11\/6dadf6c0dd20091123101804.jpg","type":"","width":"","height":""}],"author":"inclusivenews2024","twitter_card":"summary_large_image","twitter_misc":{"Escrito por":"inclusivenews2024","Tempo estimado de leitura":"3 minutos"},"schema":{"@context":"https:\/\/schema.org","@graph":[{"@type":"Article","@id":"https:\/\/inclusivenews.com.br\/?p=28760#article","isPartOf":{"@id":"https:\/\/inclusivenews.com.br\/?p=28760"},"author":{"name":"inclusivenews2024","@id":"https:\/\/inclusivenews.com.br\/#\/schema\/person\/ae4ec7087559b8692fb33b6fffd2273b"},"headline":"Chamada p\u00fablica para artigo sobre Defici\u00eancia, Fam\u00edlia e Sociedade","datePublished":"2016-01-14T08:53:25+00:00","mainEntityOfPage":{"@id":"https:\/\/inclusivenews.com.br\/?p=28760"},"wordCount":524,"commentCount":0,"publisher":{"@id":"https:\/\/inclusivenews.com.br\/#organization"},"image":{"@id":"https:\/\/inclusivenews.com.br\/?p=28760#primaryimage"},"thumbnailUrl":"http:\/\/inclusivenews.com.br\/wp-content\/uploads\/2009\/11\/6dadf6c0dd20091123101804.jpg","articleSection":["ACESSIBILIDADE","Conven\u00e7\u00e3o","Cultura","Defici\u00eancia","EDUCA\u00c7\u00c3O","Esporte","INCLUS\u00c3O SOCIAL","Legisla\u00e7\u00e3o ..."],"inLanguage":"pt-PT","potentialAction":[{"@type":"CommentAction","name":"Comment","target":["https:\/\/inclusivenews.com.br\/?p=28760#respond"]}]},{"@type":"WebPage","@id":"https:\/\/inclusivenews.com.br\/?p=28760","url":"https:\/\/inclusivenews.com.br\/?p=28760","name":"Chamada p\u00fablica para artigo sobre Defici\u00eancia, Fam\u00edlia e Sociedade -","isPartOf":{"@id":"https:\/\/inclusivenews.com.br\/#website"},"primaryImageOfPage":{"@id":"https:\/\/inclusivenews.com.br\/?p=28760#primaryimage"},"image":{"@id":"https:\/\/inclusivenews.com.br\/?p=28760#primaryimage"},"thumbnailUrl":"http:\/\/inclusivenews.com.br\/wp-content\/uploads\/2009\/11\/6dadf6c0dd20091123101804.jpg","datePublished":"2016-01-14T08:53:25+00:00","breadcrumb":{"@id":"https:\/\/inclusivenews.com.br\/?p=28760#breadcrumb"},"inLanguage":"pt-PT","potentialAction":[{"@type":"ReadAction","target":["https:\/\/inclusivenews.com.br\/?p=28760"]}]},{"@type":"ImageObject","inLanguage":"pt-PT","@id":"https:\/\/inclusivenews.com.br\/?p=28760#primaryimage","url":"https:\/\/inclusivenews.com.br\/wp-content\/uploads\/2009\/11\/6dadf6c0dd20091123101804.jpg","contentUrl":"https:\/\/inclusivenews.com.br\/wp-content\/uploads\/2009\/11\/6dadf6c0dd20091123101804.jpg","width":200,"height":201},{"@type":"BreadcrumbList","@id":"https:\/\/inclusivenews.com.br\/?p=28760#breadcrumb","itemListElement":[{"@type":"ListItem","position":1,"name":"In\u00edcio","item":"https:\/\/inclusivenews.com.br\/"},{"@type":"ListItem","position":2,"name":"Chamada p\u00fablica para artigo sobre Defici\u00eancia, Fam\u00edlia e Sociedade"}]},{"@type":"WebSite","@id":"https:\/\/inclusivenews.com.br\/#website","url":"https:\/\/inclusivenews.com.br\/","name":"Inclusive News","description":"Inclusive News","publisher":{"@id":"https:\/\/inclusivenews.com.br\/#organization"},"potentialAction":[{"@type":"SearchAction","target":{"@type":"EntryPoint","urlTemplate":"https:\/\/inclusivenews.com.br\/?s={search_term_string}"},"query-input":{"@type":"PropertyValueSpecification","valueRequired":true,"valueName":"search_term_string"}}],"inLanguage":"pt-PT"},{"@type":"Organization","@id":"https:\/\/inclusivenews.com.br\/#organization","name":"Inclusive - inclus\u00e3o e cidadania","url":"https:\/\/inclusivenews.com.br\/","logo":{"@type":"ImageObject","inLanguage":"pt-PT","@id":"https:\/\/inclusivenews.com.br\/#\/schema\/logo\/image\/","url":"https:\/\/inclusivenews.com.br\/wp-content\/uploads\/2024\/03\/@grandesite.png","contentUrl":"https:\/\/inclusivenews.com.br\/wp-content\/uploads\/2024\/03\/@grandesite.png","width":1080,"height":1080,"caption":"Inclusive - inclus\u00e3o e cidadania"},"image":{"@id":"https:\/\/inclusivenews.com.br\/#\/schema\/logo\/image\/"},"sameAs":["https:\/\/www.facebook.com\/agenciainclusive\/","https:\/\/www.instagram.com\/newsinclusive\/"]},{"@type":"Person","@id":"https:\/\/inclusivenews.com.br\/#\/schema\/person\/ae4ec7087559b8692fb33b6fffd2273b","name":"inclusivenews2024","image":{"@type":"ImageObject","inLanguage":"pt-PT","@id":"https:\/\/secure.gravatar.com\/avatar\/c5a7ef84c66fa914f55bc4f7ce26cfa275a3b9a1c5568b907bd184fb4dde7b40?s=96&d=mm&r=g","url":"https:\/\/secure.gravatar.com\/avatar\/c5a7ef84c66fa914f55bc4f7ce26cfa275a3b9a1c5568b907bd184fb4dde7b40?s=96&d=mm&r=g","contentUrl":"https:\/\/secure.gravatar.com\/avatar\/c5a7ef84c66fa914f55bc4f7ce26cfa275a3b9a1c5568b907bd184fb4dde7b40?s=96&d=mm&r=g","caption":"inclusivenews2024"},"sameAs":["https:\/\/inclusivenews.com.br"],"url":"https:\/\/inclusivenews.com.br\/?author=1"}]}},"_links":{"self":[{"href":"https:\/\/inclusivenews.com.br\/index.php?rest_route=\/wp\/v2\/posts\/28760","targetHints":{"allow":["GET"]}}],"collection":[{"href":"https:\/\/inclusivenews.com.br\/index.php?rest_route=\/wp\/v2\/posts"}],"about":[{"href":"https:\/\/inclusivenews.com.br\/index.php?rest_route=\/wp\/v2\/types\/post"}],"author":[{"embeddable":true,"href":"https:\/\/inclusivenews.com.br\/index.php?rest_route=\/wp\/v2\/users\/1"}],"replies":[{"embeddable":true,"href":"https:\/\/inclusivenews.com.br\/index.php?rest_route=%2Fwp%2Fv2%2Fcomments&post=28760"}],"version-history":[{"count":0,"href":"https:\/\/inclusivenews.com.br\/index.php?rest_route=\/wp\/v2\/posts\/28760\/revisions"}],"wp:attachment":[{"href":"https:\/\/inclusivenews.com.br\/index.php?rest_route=%2Fwp%2Fv2%2Fmedia&parent=28760"}],"wp:term":[{"taxonomy":"category","embeddable":true,"href":"https:\/\/inclusivenews.com.br\/index.php?rest_route=%2Fwp%2Fv2%2Fcategories&post=28760"},{"taxonomy":"post_tag","embeddable":true,"href":"https:\/\/inclusivenews.com.br\/index.php?rest_route=%2Fwp%2Fv2%2Ftags&post=28760"}],"curies":[{"name":"wp","href":"https:\/\/api.w.org\/{rel}","templated":true}]}}