{"id":28782,"date":"2016-01-31T15:17:07","date_gmt":"2016-01-31T18:17:07","guid":{"rendered":"http:\/\/www.inclusive.org.br\/?p=28782"},"modified":"2016-01-31T15:17:07","modified_gmt":"2016-01-31T18:17:07","slug":"dicas-para-familias-de-bebes-com-microcefalia","status":"publish","type":"post","link":"https:\/\/inclusivenews.com.br\/?p=28782","title":{"rendered":"Dicas para fam\u00edlias de crian\u00e7as com microcefalia"},"content":{"rendered":"<div title=\"Page 72\">\n<div title=\"Page 72\">\n<p><img loading=\"lazy\" decoding=\"async\" class=\"alignnone wp-image-29044\" src=\"http:\/\/inclusivenews.com.br\/wp-content\/uploads\/DICAS-PPT-JPG.001.jpeg\" alt=\"DICAS PARA FAMILIAS DE CRIANCAS COM MICROCEFALIA - FONDO LARANJA, QUADRO AZUL E LETRAS BRANCAS.\" width=\"368\" height=\"277\" \/><\/p>\n<p>&nbsp;<\/p>\n<p><img loading=\"lazy\" decoding=\"async\" class=\"alignnone wp-image-28788\" src=\"http:\/\/inclusivenews.com.br\/wp-content\/uploads\/Diretrizes-de-Estimulacao-Precoce.jpg\" alt=\"Diretrizes-de-Estimulacao-Precoce - bandeira do brasil.\" width=\"358\" height=\"194\" \/><\/p>\n<p>Com informa\u00e7\u00f5es corretas, as fam\u00edlias podem contribuir muito para o desenvolvimento e qualidade de vida das crian\u00e7as com microcefalia. A primeira coisa a saber \u00e9 que seus filhos t\u00eam os mesmos direitos que qualquer outra crian\u00e7a. Isso \u00e9 garantido pela <a href=\"http:\/\/www.planalto.gov.br\/ccivil_03\/_ato2007-2010\/2009\/decreto\/d6949.htm\">Conven\u00e7\u00e3o sobre os Direitos das Pessoas com Defici\u00eancia<\/a> e pela recente <a href=\"http:\/\/www.planalto.gov.br\/ccivil_03\/_Ato2015-2018\/2015\/Lei\/L13146.htm\">Lei Brasileira de Inclus\u00e3o<\/a>. Eles t\u00eam direito \u00e0 sa\u00fade, \u00e0 educa\u00e7\u00e3o em escola inclusiva e \u00e0 &#8220;participa\u00e7\u00e3o plena e efetiva na sociedade em igualdades de condi\u00e7\u00f5es com as demais pessoas&#8221;. Informem-se e conhe\u00e7am os direitos de seus filhos.<\/p>\n<p>O Movimento Down publicou um guia de acolhimento, com informa\u00e7\u00f5es para fam\u00edlias de crian\u00e7as com microcefalia, o <a href=\"http:\/\/www.movimentodown.org.br\/2016\/05\/no-dia-das-maes-movimento-down-da-presente-as-maes-de-criancas-com-microcefalia\/\">Tr\u00eas Vivas para o Beb\u00ea.<\/a><\/p>\n<p><a href=\"http:\/\/www.movimentodown.org.br\/2016\/05\/no-dia-das-maes-movimento-down-da-presente-as-maes-de-criancas-com-microcefalia\/\"><img loading=\"lazy\" decoding=\"async\" class=\"alignnone size-full wp-image-29302\" src=\"http:\/\/inclusivenews.com.br\/wp-content\/uploads\/micromae.jpg\" alt=\"Mother kisses baby girl with microcephaly while holds her in her arms.\" width=\"200\" height=\"300\" \/><\/a><\/p>\n<p>Veja alguns cuidados com os beb\u00eas rec\u00e9m-nascidos:<\/p>\n<h4>CUIDADOS COM O REC\u00c9M-NASCIDO COM MICROCEFALIA<\/h4>\n<ul>\n<li>Proteger o ambiente com telas em janelas e portas, e procurar manter o beb\u00ea com uso cont\u00ednuo de roupas compridas \u2013 cal\u00e7as e blusas.<\/li>\n<li>Manter o beb\u00ea em locais com telas de prote\u00e7\u00e3o, mosquiteiros ou outras barreiras dispon\u00edveis.<\/li>\n<li>A amamenta\u00e7\u00e3o \u00e9 indicada at\u00e9 o 2\u00ba ano de vida ou mais, sendo exclusiva nos primeiros 6 meses de vida.<\/li>\n<li>Caso se observem manchas vermelhas na pele, olhos avermelhados ou febre, procurar um servi\u00e7o de sa\u00fade.<\/li>\n<li>N\u00e3o dar ao beb\u00ea qualquer medicamento por conta pr\u00f3pria.<\/li>\n<li>Leve seu beb\u00ea a uma Unidade B\u00e1sica de Sa\u00fade para o acompanhamento do crescimento e desenvolvimento conforme o calend\u00e1rio de consulta de puericultura.<\/li>\n<li>Mantenha a vacina\u00e7\u00e3o em dia, de acordo com o calend\u00e1rio vacinal da Caderneta da Crian\u00e7a.<\/li>\n<\/ul>\n<h4>Informa\u00e7\u00e3o<\/h4>\n<ul>\n<li>Al\u00e9m do acompanhamento de rotina na Unidade B\u00e1sica de Sa\u00fade, seu beb\u00ea precisa ser encaminhado para a estimula\u00e7\u00e3o precoce.<\/li>\n<li>Caso o beb\u00ea apresente altera\u00e7\u00f5es ou complica\u00e7\u00f5es (neurol\u00f3gicas, motoras ou respirat\u00f3rias, entre outras), o acompanhamento por diferentes especialistas poder\u00e1 ser necess\u00e1rio, a depender de cada\u00a0caso.<\/li>\n<\/ul>\n<p>O Minist\u00e9rio da Sa\u00fade divulgou duas publica\u00e7\u00f5es muito importantes para as fam\u00edlias e agentes de sa\u00fade que atendem crian\u00e7as com microcefalia. A primeira \u00e9 o &#8220;<a href=\"http:\/\/portalsaude.saude.gov.br\/images\/pdf\/protocolo-sas-2.pdf\">Protocolo de aten\u00e7\u00e3o \u00e0 sa\u00fade e resposta \u00e0 ocorr\u00eancia de microcefalia relacionada \u00e0 infec\u00e7\u00e3o pelo v\u00edrus zica&#8221;<\/a>, voltado para os profissionais de sa\u00fade, mas tamb\u00e9m importantes para as fam\u00edlias estarem atentas \u00e0s caracter\u00edsticas de seus filhos, os exames, tratamentos e tratamentos indicados, para que possam estar seguras do acompanhamento que seus filhos est\u00e3o tendo.<\/p>\n<\/div>\n<\/div>\n<p>A outra publica\u00e7\u00e3o tamb\u00e9m \u00e9 voltada para profissionais de sa\u00fade como fisioterapeutas, terapeutas ocupacionais e fonoaudi\u00f3logos, mas pode ser especialmente importante para as fam\u00edlias e creches que receber\u00e3o beb\u00eas com microcefalia. As &#8220;<a href=\"http:\/\/portalsaude.saude.gov.br\/images\/pdf\/2016\/janeiro\/13\/Diretrizes-de-Estimulacao-Precoce.pdf\">Diretrizes de estimula\u00e7\u00e3o precoce : crian\u00e7as de zero a 3 anos com atraso no desenvolvimento neuropsicomotor decorrente de microcefalia&#8221;<\/a>\u00a0trazem exerc\u00edcios de estimula\u00e7\u00e3o que podem ser realizados em casa pelos pais e que, certamente, contribuir\u00e3o muito para o desenvolvimento dos beb\u00eas. Uma vez que os servi\u00e7os terap\u00eauticos s\u00e3o restritos e muitas vezes n\u00e3o s\u00e3o oferecidos em lugares afastados dos grandes centros, a cartilha pode ser uma aliada das fam\u00edlias que desejem contribuir para o progresso das crian\u00e7as com microcefalia.<\/p>\n<p>Veja a<a href=\"http:\/\/www.bbc.com\/portuguese\/videos_e_fotos\/2016\/01\/160126_mae_salvador_microcefalia_jc_rm\"> mat\u00e9ria da BBC Brasil<\/a> com a fam\u00edlia do Gabriel.<\/p>\n<p>Document\u00e1rio Zika, dirigido por D\u00e9bora Diniz<\/p>\n<p><a href=\"https:\/\/www.youtube.com\/watch?v=m8tOpS515dA\">https:\/\/www.youtube.com\/watch?v=m8tOpS515dA<\/a><\/p>\n<p>Livro\u00a0\u201cZika: do sert\u00e3o nordestino \u00e0 amea\u00e7a global\u201d, de Debora Diniz (Civiliza\u00e7\u00e3o Brasileira, 2016, 192 p\u00e1ginas)<\/p>\n<p><a href=\"http:\/\/www.revistaamalgama.com.br\/11\/2016\/resenha-zika-debora-diniz\/\">http:\/\/www.revistaamalgama.com.br\/11\/2016\/resenha-zika-debora-diniz\/<\/a><\/p>\n<h2>Mais informa\u00e7\u00f5es sobre microcefalia:<\/h2>\n<p>Informa\u00e7\u00f5es de todos os tipos tem circulado na Internet sobre os casos de zika e microcefalia. A Funda\u00e7\u00e3o Oswaldo Cruz (Fiocruz) e o Minist\u00e9rio da Sa\u00fade (MS) publicaram algumas notas para esclarecer a popula\u00e7\u00e3o sobre mitos que estavam sendo indevidamente compartilhados. Confira um resumo dessas notas e o que \u00e9 realmente verdade:<\/p>\n<p><strong>Crian\u00e7as menores de 7 anos,\u00a0idosos e vetores<\/strong><\/p>\n<p><strong>MITO:<\/strong>\u00a0\u00c1udios circularam em grupos de Whatsapp mencionando a possibilidade e a exist\u00eancia de crian\u00e7as menores\u00a0de 7 anos e idosos com sintomas neurol\u00f3gicos decorrentes do v\u00edrus zika. A Funda\u00e7\u00e3o Oswaldo Cruz\u00a0(Fiocruz) esclareceu, em nota oficial (8\/12), que essas informa\u00e7\u00f5es n\u00e3o t\u00eam fundamenta\u00e7\u00e3o cient\u00edfica.\u00a0At\u00e9 o momento, n\u00e3o h\u00e1 qualquer registro de crian\u00e7as ou idosos apresentando sintomatologias neurol\u00f3gicas\u00a0relacionadas ao v\u00edrus zika. \u00c9 importante tamb\u00e9m esclarecer que, assim como outros v\u00edrus, a exemplo de\u00a0varicela, enterov\u00edrus e herpes, o zika poderia causar, em pequeno percentual, complica\u00e7\u00f5es cl\u00ednicas e\u00a0neurol\u00f3gicas em adultos e crian\u00e7as, sem distin\u00e7\u00e3o de idade. Quanto ao vetor, atualmente, n\u00e3o existem\u00a0estudos cient\u00edficos que apontem para o envolvimento de outras esp\u00e9cies de mosquitos al\u00e9m do <em>Aedes\u00a0aegypti<\/em> na transmiss\u00e3o da doen\u00e7a no Brasil. Confira a <a href=\"https:\/\/agencia.fiocruz.br\/fiocruz-esclarece-duvidas-sobre-audios-em-grupos-de-whatsapp\" target=\"_blank\" rel=\"noopener\"><strong>nota na \u00edntegra<\/strong><\/a>.<\/p>\n<p><strong>Amamenta\u00e7\u00e3o e transmiss\u00e3o sexual<\/strong><\/p>\n<p><strong>MITO E VERDADE: <\/strong>Na p\u00e1gina oficial do Facebook, frente a informa\u00e7\u00f5es confusas que circularam nas redes sociais sobre a\u00a0amamenta\u00e7\u00e3o e o zika, a Fiocruz esclareceu (que, embora j\u00e1 se tenha identificado o v\u00edrus no leite\u00a0materno, n\u00e3o houve, at\u00e9 o momento, nenhum relato de caso em que tenha havido a transmiss\u00e3o do v\u00edrus\u00a0zika para o beb\u00ea pelo leite materno. A Rede Brasileira de Bancos de Leite Humano, coordenada pela\u00a0Fiocruz, afirma que, por conta de todos os benef\u00edcios que o leite materno traz ao rec\u00e9m-nascido,\u00a0incluindo o aumento da imunidade, a amamenta\u00e7\u00e3o deve ser encorajada e incentivada mesmo em \u00e1reas\u00a0end\u00eamicas para o v\u00edrus zika. Com rela\u00e7\u00e3o \u00e0 possiblidade de transmiss\u00e3o pelo s\u00eamen, segundo o Centro de\u00a0Controle e Preven\u00e7\u00e3o de Doen\u00e7as (em ingl\u00eas, Centers for Disease Control and Prevention &#8211; CDC), h\u00e1\u00a0apenas um caso relatado na literatura cient\u00edfica de transmiss\u00e3o do v\u00edrus zika por rela\u00e7\u00e3o sexual. O uso\u00a0do preservativo \u00e9 recomendado para preven\u00e7\u00e3o de todas as doen\u00e7as sexualmente transmiss\u00edveis.<\/p>\n<p><strong>Fiocruz Pernambuco, s\u00edndrome de Guillain-Barr\u00e9 e zika\u00a0<\/strong><\/p>\n<p><strong>MITO:<\/strong> O Centro de Pesquisas Aggeu Magalh\u00e3es (CPqAM\/Fiocruz Pernambuco), unidade da Funda\u00e7\u00e3o no estado de\u00a0Pernambuco, notificou (26\/11), por meio de uma nota oficial, qual era sua real contribui\u00e7\u00e3o nas\u00a0pesquisas que envolvem o v\u00edrus zika e sua rela\u00e7\u00e3o com o s\u00edndrome de Guillain-Barr\u00e9, devido a\u00a0informa\u00e7\u00f5es equivocadas veiculadas pela imprensa a respeito do tema. A unidade da Funda\u00e7\u00e3o, em 2014,\u00a0n\u00e3o desenvolveu qualquer estudo e n\u00e3o realizou testes para identifica\u00e7\u00e3o do v\u00edrus zika. No entanto,\u00a0dentro de um projeto de pesquisa voltado para o estudo da dengue, os pesquisadores identificaram, por\u00a0diagn\u00f3stico molecular, dez amostras positivas com material gen\u00e9tico do v\u00edrus zika, em um universo de\u00a0224 casos suspeitos de dengue investigados laboratorialmente. A Fiocruz Pernambuco ressaltou que a\u00a0identifica\u00e7\u00e3o do tipo de comprometimento neurol\u00f3gico, seja S\u00edndrome de Gulliian-Barr\u00e9 ou qualquer\u00a0outra, n\u00e3o foi feita pelos pesquisadores da Funda\u00e7\u00e3o e sim por m\u00e9dicos neurologistas da rede\u00a0assistencial de sa\u00fade. Leia a <a href=\"https:\/\/agencia.fiocruz.br\/fiocruz-pernambuco-esclarece-d%C3%BAvidas-sobre-v%C3%ADrus-zika\" target=\"_blank\" rel=\"noopener\"><strong>nota completa<\/strong><\/a>.<\/p>\n<p>Minist\u00e9rio da Sa\u00fade esclarece boatos em perguntas e respostas:<\/p>\n<p><strong>Os casos de microcefalia est\u00e3o relacionados ao uso de vacinas vencidas?<\/strong><\/p>\n<p><strong>MITO:<\/strong>\u00a0O aumento de casos de microcefalia no pa\u00eds est\u00e1 associado ao v\u00edrus zika, que \u00e9 transmitido pelo\u00a0mosquito <em>Aedes aegypti<\/em>. N\u00e3o h\u00e1 registro na literatura m\u00e9dica nacional e internacional sobre \u00a0a\u00a0associa\u00e7\u00e3o do uso de \u00a0vacinas \u00a0com a microcefalia. Todas as vacinas ofertadas pelo Programa Nacional de\u00a0Imuiza\u00e7\u00e3o (PNI) s\u00e3o seguras. O PNI \u00e9 respons\u00e1vel pelo repasse, aos estados, dos imunobiol\u00f3gicos que\u00a0fazem parte dos calend\u00e1rios de vacina\u00e7\u00e3o. Uma das ferramentas essenciais para o sucesso dos programas\u00a0de imuniza\u00e7\u00e3o \u00e9 a avalia\u00e7\u00e3o da qualidade dos imunobiol\u00f3gicos. O controle de qualidade das vacinas \u00e9\u00a0realizado pelo laborat\u00f3rio produtor obedecendo a crit\u00e9rios padronizados pela Organiza\u00e7\u00e3o Mundial de\u00a0Sa\u00fade (OMS). Ap\u00f3s aprova\u00e7\u00e3o em testes de controle do laborat\u00f3rio produtor, cada lote de vacina \u00e9\u00a0submetido \u00e0 an\u00e1lise no Instituto Nacional de Controle de Qualidade em Sa\u00fade (INCQS) do Minist\u00e9rio da\u00a0Sa\u00fade. Desde 1983, os lotes por amostragem de imunobiol\u00f3gicos adquiridos pelos programas oficiais de\u00a0imuniza\u00e7\u00e3o v\u00eam sendo analisados, garantindo sua seguran\u00e7a, pot\u00eancia e estabilidade, antes de serem\u00a0utilizados na popula\u00e7\u00e3o.<\/p>\n<p>Confira v\u00eddeo do diretor de Vigil\u00e2ncia das Doen\u00e7as Transmiss\u00edveis do Minist\u00e9rio da Sa\u00fade, Claudio\u00a0Maierovitch, sobre o uso de vacinas na gesta\u00e7\u00e3o:<\/p>\n<p><iframe loading=\"lazy\" src=\"https:\/\/www.youtube.com\/embed\/3N4zpKDTMIU?list=PL_rQTI99G4P_o5xhQ4szI9ehUUuQGmmIg\" width=\"560\" height=\"315\" frameborder=\"0\" allowfullscreen=\"allowfullscreen\"><\/iframe><\/p>\n<p><strong>O aumento do n\u00famero de casos de microcefalia est\u00e1 relacionado ao uso de mosquitos com bact\u00e9ria como estrat\u00e9gia para exterminar o Aedes?<\/strong><\/p>\n<p><strong>MITO:<\/strong>\u00a0N\u00e3o \u00e9 verdadeira a informa\u00e7\u00e3o de rela\u00e7\u00e3o entre a incid\u00eancia do v\u00edrus zika com os mosquitos\u00a0portadores da bact\u00e9ria Wolbachia. Desde 2014, a Funda\u00e7\u00e3o Oswaldo Cruz (Fiocruz), em parceria com o\u00a0Minist\u00e9rio da Sa\u00fade, desenvolve o projeto <em>Eliminar a Dengue: Desafio Brasil<\/em>\u00a0que prop\u00f5e o uso de uma\u00a0bact\u00e9ria naturalmente encontrada no meio ambiente, inclusive no pernilongo, chamada Wolbachia. Quando\u00a0presente no <em>Aedes Aegypti<\/em>, a bact\u00e9ria \u00e9 capaz de impedir a transmiss\u00e3o da dengue pelo mosquito. A\u00a0iniciativa, sem fins lucrativos, \u00e9 uma abordagem inovadora para reduzir a transmiss\u00e3o do v\u00edrus da\u00a0dengue pelo mosquito de forma natural e autossustent\u00e1vel. A pesquisa \u00e9 in\u00e9dita no Brasil e na Am\u00e9rica\u00a0Latina. O estudo j\u00e1 foi realizado, com sucesso, na Austr\u00e1lia, Vietn\u00e3 e Indon\u00e9sia \u2013 onde n\u00e3o existem\u00a0relatos de aumento dos casos de microcefalia.<\/p>\n<p><strong>O v\u00edrus zika tamb\u00e9m pode causar Guillain-Barr\u00e9?\u00a0<\/strong><\/p>\n<p><strong>VERDADE:<\/strong>\u00a0A s\u00edndrome de Guillain-Barr\u00e9 \u00e9 uma rea\u00e7\u00e3o, muito rara, a agentes infecciosos, como v\u00edrus e\u00a0bact\u00e9rias, e tem como sintomas a fraqueza muscular e a paralisia dos m\u00fasculos. V\u00e1rios v\u00edrus, assim como\u00a0o zika, podem provocar a s\u00edndrome de Guillain-barr\u00e9, que \u00e9 uma doen\u00e7a rara. Assim como todas as\u00a0poss\u00edveis consequ\u00eancias do zika, a ocorr\u00eancia da Guillain-Barr\u00e9 relacionada ao v\u00edrus continua sendo\u00a0investigada. Os sintomas come\u00e7am pelas pernas, podendo, em seguida, irradiar para o tronco, bra\u00e7os e\u00a0face. A s\u00edndrome pode apresentar diferentes graus de agressividade, provocando \u00a0leve fraqueza muscular\u00a0em alguns pacientes ou casos de paralisia dos membros. O principal risco provocado por esta s\u00edndrome \u00e9\u00a0quando ocorre o acometimento dos m\u00fasculos respirat\u00f3rios, devido a dificuldade para respirar. Nesse\u00a0\u00faltimo caso, a s\u00edndrome pode levar \u00e0 morte, caso n\u00e3o sejam adotadas as medidas de suporte respirat\u00f3rio.<\/p>\n<p>Confira v\u00eddeo do diretor de Vigil\u00e2ncia das Doen\u00e7as Transmiss\u00edveis do Minist\u00e9rio da Sa\u00fade, Claudio\u00a0Maierovitch, sobre a s\u00edndrome Guillain-Barr\u00e9:<\/p>\n<p><iframe loading=\"lazy\" src=\"https:\/\/www.youtube.com\/embed\/3N4zpKDTMIU?list=PL_rQTI99G4P_o5xhQ4szI9ehUUuQGmmIg\" width=\"560\" height=\"315\" frameborder=\"0\" allowfullscreen=\"allowfullscreen\"><\/iframe><\/p>\n<p><strong>O Minist\u00e9rio da Sa\u00fade mudou o par\u00e2metro para identificar a microcefalia para esconder o n\u00famero de casos?\u00a0<\/strong><\/p>\n<p><strong>MITO:<\/strong>\u00a0Todos os casos de crian\u00e7as com microcefalia relacionada ao v\u00edrus zika ser\u00e3o investigados. A\u00a0mudan\u00e7a para o par\u00e2metro do per\u00edmetro cef\u00e1lico igual ou menor de 32 cent\u00edmetros segue recomenda\u00e7\u00e3o da\u00a0Organiza\u00e7\u00e3o Mundial da Sa\u00fade (OMS) e \u00e9 apoiada pela Sociedade Brasileira de Gen\u00e9tica M\u00e9dica e tem\u00a0suporte da equipe do Sistema Nacional de Informa\u00e7\u00e3o sobre Agentes Teratog\u00eanicos\u00a0(SIAT). Cabe esclarecer\u00a0que o Minist\u00e9rio da Sa\u00fade adotou a medida de 33 cm inicialmente, que \u00e9 totalmente normal para crian\u00e7as\u00a0que nascem ap\u00f3s 37 semanas gestacionais, com o objetivo de compreender melhor a situa\u00e7\u00e3o do aumento de\u00a0casos de microcefalia. A partir da primeira triagem desses casos suspeitos, muitos dos diagn\u00f3sticos\u00a0realizados precocemente e preventivamente j\u00e1 foram descartados. Portanto, a nova medida visa a evitar\u00a0que beb\u00eas sem a malforma\u00e7\u00e3o sejam submetidos a uma s\u00e9rie de exames desnecess\u00e1rios.<\/p>\n<p>Confira v\u00eddeo do diretor de Vigil\u00e2ncia das Doen\u00e7as Transmiss\u00edveis do Minist\u00e9rio da Sa\u00fade, Claudio\u00a0Maierovitch, sobre a mudan\u00e7a no per\u00edmetro cef\u00e1lico:<\/p>\n<p><iframe loading=\"lazy\" src=\"https:\/\/www.youtube.com\/embed\/QNDy-1akjps?list=PL_rQTI99G4P_o5xhQ4szI9ehUUuQGmmIg\" width=\"560\" height=\"315\" frameborder=\"0\"><\/iframe><\/p>\n<p>Fonte: Minist\u00e9rio da Sa\u00fade, Fiocruz e BBC Brasil.<\/p>\n<h1><\/h1>\n<h1>VEJA OUTRAS NOT\u00cdCIAS SOBRE MICROCEFALIA<\/h1>\n<p><a href=\"http:\/\/www.inclusive.org.br\/arquivos\/29290\">Microcefalia &#8211; Direitos na \u00e1rea da sa\u00fade<\/a><\/p>\n<p>&nbsp;<\/p>\n<p><a href=\"http:\/\/www.inclusive.org.br\/?p=29065\">Biblioteca digital online da Unicamp re\u00fane artigos sobre o v\u00edrus zika<\/a><\/p>\n<p><a href=\"http:\/\/www.inclusive.org.br\/?p=29058\">Estudo finalmente confirma que Zika v\u00edrus causa microcefalia<\/a><\/p>\n<p><a href=\"http:\/\/www.inclusive.org.br\/?p=29054\">Curso online gratuito com informa\u00e7\u00f5es sobre microcefalia e zika<\/a><\/p>\n<p><a href=\"http:\/\/www.inclusive.org.br\/?p=28876 Al\">I Congresso Nacional Sobre Microcefalia acontecer\u00e1 em maio e ser\u00e1 100% ONLINE e GRATUITO<\/a><\/p>\n<p><a href=\"http:\/\/www.inclusive.org.br\/?p=29023\">Biblioteca digital Zika re\u00fane publica\u00e7\u00f5es do mundo todo<\/a><\/p>\n<p><a href=\"http:\/\/www.inclusive.org.br\/?p=28998\">Fenapaes leva ao governo proposta de atendimento a crian\u00e7as com microcefalia<\/a><\/p>\n<p><a href=\"http:\/\/www.inclusive.org.br\/?p=28968\">O pa\u00eds em tempos de Zika<\/a><\/p>\n<p><a href=\"http:\/\/www.inclusive.org.br\/?p=28948\">Para pioneira em ligar zika a microcefalia, Brasil est\u00e1 perdendo tempo e situa\u00e7\u00e3o \u00e9 \u2018de guerra\u2019<\/a><\/p>\n<p><a href=\"http:\/\/www.inclusive.org.br\/?p=28914\">Rede Sarah atende beb\u00eas com microcefalia<\/a><\/p>\n<p><a href=\"http:\/\/www.inclusive.org.br\/?p=28876\">E os beb\u00eas com microcefalia?<\/a><\/p>\n<p><a href=\"http:\/\/www.inclusive.org.br\/?p=28790 \">Sou feminista e m\u00e3e de pessoa com defici\u00eancia. E a quest\u00e3o do aborto, como fica?<\/a><\/p>\n<p><a href=\"http:\/\/www.inclusive.org.br\/?p=28828 \">Defici\u00eancia: da presen\u00e7a indesejada \u00e0 vida indesejada<\/a><\/p>\n<p><a href=\"http:\/\/www.inclusive.org.br\/?p=28790 \">A microcefalia no Brasil, prioridades p\u00fablicas e a situa\u00e7\u00e3o de emerg\u00eancia (do carnaval)<\/a><\/p>\n<p><a href=\"http:\/\/www.inclusive.org.br\/?p=28708 \">A epidemia de microcefalia e a eugenia branda<\/a><\/p>\n<p>&nbsp;<\/p>\n<p>&nbsp;<\/p>\n<p>&nbsp;<\/p>\n","protected":false},"excerpt":{"rendered":"<p>Com informa\u00e7\u00f5es corretas, as fam\u00edlias podem contribuir muito para o desenvolvimento e a qualidade de vida das crian\u00e7as com microcefalia.<\/p>\n","protected":false},"author":1,"featured_media":0,"comment_status":"open","ping_status":"open","sticky":false,"template":"","format":"standard","meta":{"site-container-style":"default","site-container-layout":"default","site-sidebar-layout":"default","disable-article-header":"default","disable-site-header":"default","disable-site-footer":"default","disable-content-area-spacing":"default","footnotes":""},"categories":[38,48,359,49,37],"tags":[356],"class_list":["post-28782","post","type-post","status-publish","format-standard","hentry","category-deficiencia","category-inclusao","category-microcefalia","category-politicas-publicas","category-saude","tag-microcefalia"],"yoast_head":"<!-- This site is optimized with the Yoast SEO plugin v27.4 - https:\/\/yoast.com\/product\/yoast-seo-wordpress\/ -->\n<title>Dicas para fam\u00edlias de crian\u00e7as com microcefalia -<\/title>\n<meta name=\"robots\" content=\"index, follow, max-snippet:-1, max-image-preview:large, max-video-preview:-1\" \/>\n<link rel=\"canonical\" href=\"https:\/\/inclusivenews.com.br\/?p=28782\" \/>\n<meta property=\"og:locale\" content=\"pt_PT\" \/>\n<meta property=\"og:type\" content=\"article\" \/>\n<meta property=\"og:title\" content=\"Dicas para fam\u00edlias de crian\u00e7as com microcefalia -\" \/>\n<meta property=\"og:description\" content=\"Com informa\u00e7\u00f5es corretas, as fam\u00edlias podem contribuir muito para o desenvolvimento e a qualidade de vida das crian\u00e7as com microcefalia.\" \/>\n<meta property=\"og:url\" content=\"https:\/\/inclusivenews.com.br\/?p=28782\" \/>\n<meta property=\"article:publisher\" content=\"https:\/\/www.facebook.com\/agenciainclusive\/\" \/>\n<meta property=\"article:published_time\" content=\"2016-01-31T18:17:07+00:00\" \/>\n<meta property=\"og:image\" content=\"http:\/\/inclusivenews.com.br\/wp-content\/uploads\/DICAS-PPT-JPG.001.jpeg\" \/>\n<meta name=\"author\" content=\"inclusivenews2024\" \/>\n<meta name=\"twitter:card\" content=\"summary_large_image\" \/>\n<meta name=\"twitter:label1\" content=\"Escrito por\" \/>\n\t<meta name=\"twitter:data1\" content=\"inclusivenews2024\" \/>\n\t<meta name=\"twitter:label2\" content=\"Tempo estimado de leitura\" \/>\n\t<meta name=\"twitter:data2\" content=\"11 minutos\" \/>\n<script type=\"application\/ld+json\" class=\"yoast-schema-graph\">{\"@context\":\"https:\\\/\\\/schema.org\",\"@graph\":[{\"@type\":\"Article\",\"@id\":\"https:\\\/\\\/inclusivenews.com.br\\\/?p=28782#article\",\"isPartOf\":{\"@id\":\"https:\\\/\\\/inclusivenews.com.br\\\/?p=28782\"},\"author\":{\"name\":\"inclusivenews2024\",\"@id\":\"https:\\\/\\\/inclusivenews.com.br\\\/#\\\/schema\\\/person\\\/ae4ec7087559b8692fb33b6fffd2273b\"},\"headline\":\"Dicas para fam\u00edlias de crian\u00e7as com microcefalia\",\"datePublished\":\"2016-01-31T18:17:07+00:00\",\"mainEntityOfPage\":{\"@id\":\"https:\\\/\\\/inclusivenews.com.br\\\/?p=28782\"},\"wordCount\":2208,\"commentCount\":1,\"publisher\":{\"@id\":\"https:\\\/\\\/inclusivenews.com.br\\\/#organization\"},\"image\":{\"@id\":\"https:\\\/\\\/inclusivenews.com.br\\\/?p=28782#primaryimage\"},\"thumbnailUrl\":\"http:\\\/\\\/inclusivenews.com.br\\\/wp-content\\\/uploads\\\/DICAS-PPT-JPG.001.jpeg\",\"keywords\":[\"Microcefalia\"],\"articleSection\":[\"Defici\u00eancia\",\"INCLUS\u00c3O SOCIAL\",\"Microcefalia\",\"Pol\u00edticas p\u00fablicas\",\"Sa\u00fade\"],\"inLanguage\":\"pt-PT\",\"potentialAction\":[{\"@type\":\"CommentAction\",\"name\":\"Comment\",\"target\":[\"https:\\\/\\\/inclusivenews.com.br\\\/?p=28782#respond\"]}]},{\"@type\":\"WebPage\",\"@id\":\"https:\\\/\\\/inclusivenews.com.br\\\/?p=28782\",\"url\":\"https:\\\/\\\/inclusivenews.com.br\\\/?p=28782\",\"name\":\"Dicas para fam\u00edlias de crian\u00e7as com microcefalia -\",\"isPartOf\":{\"@id\":\"https:\\\/\\\/inclusivenews.com.br\\\/#website\"},\"primaryImageOfPage\":{\"@id\":\"https:\\\/\\\/inclusivenews.com.br\\\/?p=28782#primaryimage\"},\"image\":{\"@id\":\"https:\\\/\\\/inclusivenews.com.br\\\/?p=28782#primaryimage\"},\"thumbnailUrl\":\"http:\\\/\\\/inclusivenews.com.br\\\/wp-content\\\/uploads\\\/DICAS-PPT-JPG.001.jpeg\",\"datePublished\":\"2016-01-31T18:17:07+00:00\",\"breadcrumb\":{\"@id\":\"https:\\\/\\\/inclusivenews.com.br\\\/?p=28782#breadcrumb\"},\"inLanguage\":\"pt-PT\",\"potentialAction\":[{\"@type\":\"ReadAction\",\"target\":[\"https:\\\/\\\/inclusivenews.com.br\\\/?p=28782\"]}]},{\"@type\":\"ImageObject\",\"inLanguage\":\"pt-PT\",\"@id\":\"https:\\\/\\\/inclusivenews.com.br\\\/?p=28782#primaryimage\",\"url\":\"\",\"contentUrl\":\"\"},{\"@type\":\"BreadcrumbList\",\"@id\":\"https:\\\/\\\/inclusivenews.com.br\\\/?p=28782#breadcrumb\",\"itemListElement\":[{\"@type\":\"ListItem\",\"position\":1,\"name\":\"In\u00edcio\",\"item\":\"https:\\\/\\\/inclusivenews.com.br\\\/\"},{\"@type\":\"ListItem\",\"position\":2,\"name\":\"Dicas para fam\u00edlias de crian\u00e7as com microcefalia\"}]},{\"@type\":\"WebSite\",\"@id\":\"https:\\\/\\\/inclusivenews.com.br\\\/#website\",\"url\":\"https:\\\/\\\/inclusivenews.com.br\\\/\",\"name\":\"Inclusive News\",\"description\":\"Inclusive News\",\"publisher\":{\"@id\":\"https:\\\/\\\/inclusivenews.com.br\\\/#organization\"},\"potentialAction\":[{\"@type\":\"SearchAction\",\"target\":{\"@type\":\"EntryPoint\",\"urlTemplate\":\"https:\\\/\\\/inclusivenews.com.br\\\/?s={search_term_string}\"},\"query-input\":{\"@type\":\"PropertyValueSpecification\",\"valueRequired\":true,\"valueName\":\"search_term_string\"}}],\"inLanguage\":\"pt-PT\"},{\"@type\":\"Organization\",\"@id\":\"https:\\\/\\\/inclusivenews.com.br\\\/#organization\",\"name\":\"Inclusive - inclus\u00e3o e cidadania\",\"url\":\"https:\\\/\\\/inclusivenews.com.br\\\/\",\"logo\":{\"@type\":\"ImageObject\",\"inLanguage\":\"pt-PT\",\"@id\":\"https:\\\/\\\/inclusivenews.com.br\\\/#\\\/schema\\\/logo\\\/image\\\/\",\"url\":\"https:\\\/\\\/inclusivenews.com.br\\\/wp-content\\\/uploads\\\/2024\\\/03\\\/@grandesite.png\",\"contentUrl\":\"https:\\\/\\\/inclusivenews.com.br\\\/wp-content\\\/uploads\\\/2024\\\/03\\\/@grandesite.png\",\"width\":1080,\"height\":1080,\"caption\":\"Inclusive - inclus\u00e3o e cidadania\"},\"image\":{\"@id\":\"https:\\\/\\\/inclusivenews.com.br\\\/#\\\/schema\\\/logo\\\/image\\\/\"},\"sameAs\":[\"https:\\\/\\\/www.facebook.com\\\/agenciainclusive\\\/\",\"https:\\\/\\\/www.instagram.com\\\/newsinclusive\\\/\"]},{\"@type\":\"Person\",\"@id\":\"https:\\\/\\\/inclusivenews.com.br\\\/#\\\/schema\\\/person\\\/ae4ec7087559b8692fb33b6fffd2273b\",\"name\":\"inclusivenews2024\",\"image\":{\"@type\":\"ImageObject\",\"inLanguage\":\"pt-PT\",\"@id\":\"https:\\\/\\\/secure.gravatar.com\\\/avatar\\\/c5a7ef84c66fa914f55bc4f7ce26cfa275a3b9a1c5568b907bd184fb4dde7b40?s=96&d=mm&r=g\",\"url\":\"https:\\\/\\\/secure.gravatar.com\\\/avatar\\\/c5a7ef84c66fa914f55bc4f7ce26cfa275a3b9a1c5568b907bd184fb4dde7b40?s=96&d=mm&r=g\",\"contentUrl\":\"https:\\\/\\\/secure.gravatar.com\\\/avatar\\\/c5a7ef84c66fa914f55bc4f7ce26cfa275a3b9a1c5568b907bd184fb4dde7b40?s=96&d=mm&r=g\",\"caption\":\"inclusivenews2024\"},\"sameAs\":[\"https:\\\/\\\/inclusivenews.com.br\"],\"url\":\"https:\\\/\\\/inclusivenews.com.br\\\/?author=1\"}]}<\/script>\n<!-- \/ Yoast SEO plugin. -->","yoast_head_json":{"title":"Dicas para fam\u00edlias de crian\u00e7as com microcefalia -","robots":{"index":"index","follow":"follow","max-snippet":"max-snippet:-1","max-image-preview":"max-image-preview:large","max-video-preview":"max-video-preview:-1"},"canonical":"https:\/\/inclusivenews.com.br\/?p=28782","og_locale":"pt_PT","og_type":"article","og_title":"Dicas para fam\u00edlias de crian\u00e7as com microcefalia -","og_description":"Com informa\u00e7\u00f5es corretas, as fam\u00edlias podem contribuir muito para o desenvolvimento e a qualidade de vida das crian\u00e7as com microcefalia.","og_url":"https:\/\/inclusivenews.com.br\/?p=28782","article_publisher":"https:\/\/www.facebook.com\/agenciainclusive\/","article_published_time":"2016-01-31T18:17:07+00:00","og_image":[{"url":"http:\/\/inclusivenews.com.br\/wp-content\/uploads\/DICAS-PPT-JPG.001.jpeg","type":"","width":"","height":""}],"author":"inclusivenews2024","twitter_card":"summary_large_image","twitter_misc":{"Escrito por":"inclusivenews2024","Tempo estimado de leitura":"11 minutos"},"schema":{"@context":"https:\/\/schema.org","@graph":[{"@type":"Article","@id":"https:\/\/inclusivenews.com.br\/?p=28782#article","isPartOf":{"@id":"https:\/\/inclusivenews.com.br\/?p=28782"},"author":{"name":"inclusivenews2024","@id":"https:\/\/inclusivenews.com.br\/#\/schema\/person\/ae4ec7087559b8692fb33b6fffd2273b"},"headline":"Dicas para fam\u00edlias de crian\u00e7as com microcefalia","datePublished":"2016-01-31T18:17:07+00:00","mainEntityOfPage":{"@id":"https:\/\/inclusivenews.com.br\/?p=28782"},"wordCount":2208,"commentCount":1,"publisher":{"@id":"https:\/\/inclusivenews.com.br\/#organization"},"image":{"@id":"https:\/\/inclusivenews.com.br\/?p=28782#primaryimage"},"thumbnailUrl":"http:\/\/inclusivenews.com.br\/wp-content\/uploads\/DICAS-PPT-JPG.001.jpeg","keywords":["Microcefalia"],"articleSection":["Defici\u00eancia","INCLUS\u00c3O SOCIAL","Microcefalia","Pol\u00edticas p\u00fablicas","Sa\u00fade"],"inLanguage":"pt-PT","potentialAction":[{"@type":"CommentAction","name":"Comment","target":["https:\/\/inclusivenews.com.br\/?p=28782#respond"]}]},{"@type":"WebPage","@id":"https:\/\/inclusivenews.com.br\/?p=28782","url":"https:\/\/inclusivenews.com.br\/?p=28782","name":"Dicas para fam\u00edlias de crian\u00e7as com microcefalia -","isPartOf":{"@id":"https:\/\/inclusivenews.com.br\/#website"},"primaryImageOfPage":{"@id":"https:\/\/inclusivenews.com.br\/?p=28782#primaryimage"},"image":{"@id":"https:\/\/inclusivenews.com.br\/?p=28782#primaryimage"},"thumbnailUrl":"http:\/\/inclusivenews.com.br\/wp-content\/uploads\/DICAS-PPT-JPG.001.jpeg","datePublished":"2016-01-31T18:17:07+00:00","breadcrumb":{"@id":"https:\/\/inclusivenews.com.br\/?p=28782#breadcrumb"},"inLanguage":"pt-PT","potentialAction":[{"@type":"ReadAction","target":["https:\/\/inclusivenews.com.br\/?p=28782"]}]},{"@type":"ImageObject","inLanguage":"pt-PT","@id":"https:\/\/inclusivenews.com.br\/?p=28782#primaryimage","url":"","contentUrl":""},{"@type":"BreadcrumbList","@id":"https:\/\/inclusivenews.com.br\/?p=28782#breadcrumb","itemListElement":[{"@type":"ListItem","position":1,"name":"In\u00edcio","item":"https:\/\/inclusivenews.com.br\/"},{"@type":"ListItem","position":2,"name":"Dicas para fam\u00edlias de crian\u00e7as com microcefalia"}]},{"@type":"WebSite","@id":"https:\/\/inclusivenews.com.br\/#website","url":"https:\/\/inclusivenews.com.br\/","name":"Inclusive News","description":"Inclusive News","publisher":{"@id":"https:\/\/inclusivenews.com.br\/#organization"},"potentialAction":[{"@type":"SearchAction","target":{"@type":"EntryPoint","urlTemplate":"https:\/\/inclusivenews.com.br\/?s={search_term_string}"},"query-input":{"@type":"PropertyValueSpecification","valueRequired":true,"valueName":"search_term_string"}}],"inLanguage":"pt-PT"},{"@type":"Organization","@id":"https:\/\/inclusivenews.com.br\/#organization","name":"Inclusive - inclus\u00e3o e cidadania","url":"https:\/\/inclusivenews.com.br\/","logo":{"@type":"ImageObject","inLanguage":"pt-PT","@id":"https:\/\/inclusivenews.com.br\/#\/schema\/logo\/image\/","url":"https:\/\/inclusivenews.com.br\/wp-content\/uploads\/2024\/03\/@grandesite.png","contentUrl":"https:\/\/inclusivenews.com.br\/wp-content\/uploads\/2024\/03\/@grandesite.png","width":1080,"height":1080,"caption":"Inclusive - inclus\u00e3o e cidadania"},"image":{"@id":"https:\/\/inclusivenews.com.br\/#\/schema\/logo\/image\/"},"sameAs":["https:\/\/www.facebook.com\/agenciainclusive\/","https:\/\/www.instagram.com\/newsinclusive\/"]},{"@type":"Person","@id":"https:\/\/inclusivenews.com.br\/#\/schema\/person\/ae4ec7087559b8692fb33b6fffd2273b","name":"inclusivenews2024","image":{"@type":"ImageObject","inLanguage":"pt-PT","@id":"https:\/\/secure.gravatar.com\/avatar\/c5a7ef84c66fa914f55bc4f7ce26cfa275a3b9a1c5568b907bd184fb4dde7b40?s=96&d=mm&r=g","url":"https:\/\/secure.gravatar.com\/avatar\/c5a7ef84c66fa914f55bc4f7ce26cfa275a3b9a1c5568b907bd184fb4dde7b40?s=96&d=mm&r=g","contentUrl":"https:\/\/secure.gravatar.com\/avatar\/c5a7ef84c66fa914f55bc4f7ce26cfa275a3b9a1c5568b907bd184fb4dde7b40?s=96&d=mm&r=g","caption":"inclusivenews2024"},"sameAs":["https:\/\/inclusivenews.com.br"],"url":"https:\/\/inclusivenews.com.br\/?author=1"}]}},"_links":{"self":[{"href":"https:\/\/inclusivenews.com.br\/index.php?rest_route=\/wp\/v2\/posts\/28782","targetHints":{"allow":["GET"]}}],"collection":[{"href":"https:\/\/inclusivenews.com.br\/index.php?rest_route=\/wp\/v2\/posts"}],"about":[{"href":"https:\/\/inclusivenews.com.br\/index.php?rest_route=\/wp\/v2\/types\/post"}],"author":[{"embeddable":true,"href":"https:\/\/inclusivenews.com.br\/index.php?rest_route=\/wp\/v2\/users\/1"}],"replies":[{"embeddable":true,"href":"https:\/\/inclusivenews.com.br\/index.php?rest_route=%2Fwp%2Fv2%2Fcomments&post=28782"}],"version-history":[{"count":0,"href":"https:\/\/inclusivenews.com.br\/index.php?rest_route=\/wp\/v2\/posts\/28782\/revisions"}],"wp:attachment":[{"href":"https:\/\/inclusivenews.com.br\/index.php?rest_route=%2Fwp%2Fv2%2Fmedia&parent=28782"}],"wp:term":[{"taxonomy":"category","embeddable":true,"href":"https:\/\/inclusivenews.com.br\/index.php?rest_route=%2Fwp%2Fv2%2Fcategories&post=28782"},{"taxonomy":"post_tag","embeddable":true,"href":"https:\/\/inclusivenews.com.br\/index.php?rest_route=%2Fwp%2Fv2%2Ftags&post=28782"}],"curies":[{"name":"wp","href":"https:\/\/api.w.org\/{rel}","templated":true}]}}