{"id":28821,"date":"2016-02-05T09:42:24","date_gmt":"2016-02-05T12:42:24","guid":{"rendered":"http:\/\/www.inclusive.org.br\/?p=28821"},"modified":"2016-02-05T09:42:24","modified_gmt":"2016-02-05T12:42:24","slug":"veja-conferencia-sobre-inovacoes-na-educacao-inclusiva-de-10-a-122","status":"publish","type":"post","link":"https:\/\/inclusivenews.com.br\/?p=28821","title":{"rendered":"Veja confer\u00eancia sobre inova\u00e7\u00f5es na educa\u00e7\u00e3o inclusiva de 10 a 12\/2"},"content":{"rendered":"<p><img loading=\"lazy\" decoding=\"async\" class=\"aligncenter\" alt=\"logo do Projeto zero, em fundo branco, com letras verdes e uma muda de planta - por um mundo sem barreiras.\" src=\"http:\/\/includ-ed.eu\/sites\/default\/files\/imagecache\/Preview_Cropped\/organization\/logos\/zero_project_0.jpg\" width=\"464\" height=\"194\" \/><\/p>\n<p>O Projeto Zero se dedica \u00e0 divulga\u00e7\u00e3o de inova\u00e7\u00e3o, investiga\u00e7\u00e3o e melhoria cont\u00ednua sustent\u00e1vel para a vida das pessoas com defici\u00eancia.<\/p>\n<p>Durante os \u00faltimos cinco anos, o Projeto Zero tem crescido significativamente e vem acumulando mais dados e insights do que nunca para compartilhar. Por isso, decidiu lan\u00e7ar &#8220;Inova\u00e7\u00f5es do Project Zero&#8221; &#8211; um resumo peri\u00f3dico de sobre inova\u00e7\u00f5es.<\/p>\n<p>Transmiss\u00e3o online ao vivo da Confer\u00eancia Projeto Zero<br \/>\nA Confer\u00eancia Project Zero acontecer\u00e1 de 10 a 12 de Fevereiro, em Viena, e ser\u00e1 dedicada ao tema &#8220;Educa\u00e7\u00e3o Inclusiva e Tecnologias de Informa\u00e7\u00e3o e Comunica\u00e7\u00e3o.&#8221; 500 dos principais especialistas com e sem defici\u00eancia ir\u00e3o participar, apresentar-se e discutir pr\u00e1ticas e pol\u00edticas inovadoras. Haver\u00e1 transmiss\u00e3o ao vivo online acess\u00edvel, em ingl\u00eas, de cada sess\u00e3o na sala plen\u00e1ria, com legendas em tempo real, dispon\u00edvel on-line a partir de 10 de fevereiro, 10:00h no Brasil. Participar\u00e3o os Brasileiros Ant\u00f4nio Jos\u00e9 Ferreira, Secret\u00e1rio Nacional da Pessoa com Defici\u00eancia, Claudia Werneck, da Escola de Gente e Alberto Argueles, da WVA editora. Veja a programa\u00e7\u00e3o: <a href=\"http:\/\/zeroproject.org\/zpc-programme-2016\/\">http:\/\/zeroproject.org\/zpc-programme-2016\/<\/a><\/p>\n<p>Sintonize em: <a href=\"http:\/\/webplayer.verbavoice.tv\/webplayer\/zero\/Main.html\">http:\/\/webplayer.verbavoice.tv\/webplayer\/zero\/Main.html<\/a><\/p>\n<p>Relat\u00f3rio Zero\u00a0 2016 online<br \/>\nA nova edi\u00e7\u00e3o do Relat\u00f3rio do Projeto Zero 2016 reuniu dados valiosos sobre a situa\u00e7\u00e3o das pessoas com defici\u00eancia. Focando em 30 indicadores sociais, mostra uma imagem detalhada da implementa\u00e7\u00e3o da Conven\u00e7\u00e3o sobre os Direitos das Pessoas com Defici\u00eancia (CDPD) em 129 pa\u00edses. Al\u00e9m disso, mais de 3.000 pessoas nominaram Pr\u00e1ticas Inovadoras e Pol\u00edticas. Cerca de 150 especialistas de rede global do Projeto Zero ajudaram a identificar os mais inovadores. Veja o relat\u00f3rio para download, em ingl\u00eas em: <a href=\"http:\/\/zeroproject.org\/wp-content\/uploads\/2016\/02\/Zero-Project-Report-2016-final.pdf\">http:\/\/zeroproject.org\/wp-content\/uploads\/2016\/02\/Zero-Project-Report-2016-final.pdf<\/a><\/p>\n<p>86 Pr\u00e1ticas Inovadoras est\u00e3o online<br \/>\nNa Arm\u00eania, ainda h\u00e1 uma abordagem segregada \u00e0 educa\u00e7\u00e3o dos jovens com defici\u00eancia, como na maioria dos pa\u00edses do mundo, mas a &#8220;Ponte da Esperan\u00e7a&#8221; est\u00e1 prestes a mudar isso atrav\u00e9s do apoio a escolas regulares e forma\u00e7\u00e3o dos seus professores em m\u00e9todos de educa\u00e7\u00e3o inclusiva. Hoje, 2.200 crian\u00e7as com defici\u00eancia j\u00e1 s\u00e3o educadas em escolas inclusivas. Outra pr\u00e1tica inovadora, das 86 selecionadas, \u00e9 a Rede Access Text, que liga as universidades americanas a quase todas as editoras universit\u00e1rias americanas. Isso permite que as editoras forne\u00e7am livros did\u00e1ticos para alunos com defici\u00eancia em um formato acess\u00edvel de modo r\u00e1pido e reduzindo os custos. Veja todas as 86 Pr\u00e1ticas Inovadoras, em ingl\u00eas, em: <a href=\"http:\/\/zeroproject.org\/practice-type\/innovative-practices-2016-on-education-and-ict\/\">http:\/\/zeroproject.org\/practice-type\/innovative-practices-2016-on-education-and-ict\/<\/a><\/p>\n","protected":false},"excerpt":{"rendered":"<p>Brasileiros participam da confer\u00eancia, que acontece em Viena, na \u00c1ustria, e ser\u00e1 transmitida online em ingl\u00eas.<\/p>\n","protected":false},"author":1,"featured_media":0,"comment_status":"open","ping_status":"open","sticky":false,"template":"","format":"standard","meta":{"site-container-style":"default","site-container-layout":"default","site-sidebar-layout":"default","disable-article-header":"default","disable-site-header":"default","disable-site-footer":"default","disable-content-area-spacing":"default","footnotes":""},"categories":[44,29,38,48,4],"tags":[],"class_list":["post-28821","post","type-post","status-publish","format-standard","hentry","category-acessibilidade","category-cultura","category-deficiencia","category-inclusao","category-noticias"],"yoast_head":"<!-- This site is optimized with the Yoast SEO plugin v27.4 - https:\/\/yoast.com\/product\/yoast-seo-wordpress\/ -->\n<title>Veja confer\u00eancia sobre inova\u00e7\u00f5es na educa\u00e7\u00e3o inclusiva de 10 a 12\/2 -<\/title>\n<meta name=\"robots\" content=\"index, follow, max-snippet:-1, max-image-preview:large, max-video-preview:-1\" \/>\n<link rel=\"canonical\" href=\"https:\/\/inclusivenews.com.br\/?p=28821\" \/>\n<meta property=\"og:locale\" content=\"pt_PT\" \/>\n<meta property=\"og:type\" content=\"article\" \/>\n<meta property=\"og:title\" content=\"Veja confer\u00eancia sobre inova\u00e7\u00f5es na educa\u00e7\u00e3o inclusiva de 10 a 12\/2 -\" \/>\n<meta property=\"og:description\" content=\"Brasileiros participam da confer\u00eancia, que acontece em Viena, na \u00c1ustria, e ser\u00e1 transmitida online em ingl\u00eas.\" \/>\n<meta property=\"og:url\" content=\"https:\/\/inclusivenews.com.br\/?p=28821\" \/>\n<meta property=\"article:publisher\" content=\"https:\/\/www.facebook.com\/agenciainclusive\/\" \/>\n<meta property=\"article:published_time\" content=\"2016-02-05T12:42:24+00:00\" \/>\n<meta property=\"og:image\" content=\"http:\/\/includ-ed.eu\/sites\/default\/files\/imagecache\/Preview_Cropped\/organization\/logos\/zero_project_0.jpg\" \/>\n<meta name=\"author\" content=\"inclusivenews2024\" \/>\n<meta name=\"twitter:card\" content=\"summary_large_image\" \/>\n<meta name=\"twitter:label1\" content=\"Escrito por\" \/>\n\t<meta name=\"twitter:data1\" content=\"inclusivenews2024\" \/>\n\t<meta name=\"twitter:label2\" content=\"Tempo estimado de leitura\" \/>\n\t<meta name=\"twitter:data2\" content=\"2 minutos\" \/>\n<script type=\"application\/ld+json\" class=\"yoast-schema-graph\">{\"@context\":\"https:\\\/\\\/schema.org\",\"@graph\":[{\"@type\":\"Article\",\"@id\":\"https:\\\/\\\/inclusivenews.com.br\\\/?p=28821#article\",\"isPartOf\":{\"@id\":\"https:\\\/\\\/inclusivenews.com.br\\\/?p=28821\"},\"author\":{\"name\":\"inclusivenews2024\",\"@id\":\"https:\\\/\\\/inclusivenews.com.br\\\/#\\\/schema\\\/person\\\/ae4ec7087559b8692fb33b6fffd2273b\"},\"headline\":\"Veja confer\u00eancia sobre inova\u00e7\u00f5es na educa\u00e7\u00e3o inclusiva de 10 a 12\\\/2\",\"datePublished\":\"2016-02-05T12:42:24+00:00\",\"mainEntityOfPage\":{\"@id\":\"https:\\\/\\\/inclusivenews.com.br\\\/?p=28821\"},\"wordCount\":457,\"commentCount\":0,\"publisher\":{\"@id\":\"https:\\\/\\\/inclusivenews.com.br\\\/#organization\"},\"image\":{\"@id\":\"https:\\\/\\\/inclusivenews.com.br\\\/?p=28821#primaryimage\"},\"thumbnailUrl\":\"http:\\\/\\\/includ-ed.eu\\\/sites\\\/default\\\/files\\\/imagecache\\\/Preview_Cropped\\\/organization\\\/logos\\\/zero_project_0.jpg\",\"articleSection\":[\"ACESSIBILIDADE\",\"Cultura\",\"Defici\u00eancia\",\"INCLUS\u00c3O SOCIAL\",\"NOT\u00cdCIAS\"],\"inLanguage\":\"pt-PT\",\"potentialAction\":[{\"@type\":\"CommentAction\",\"name\":\"Comment\",\"target\":[\"https:\\\/\\\/inclusivenews.com.br\\\/?p=28821#respond\"]}]},{\"@type\":\"WebPage\",\"@id\":\"https:\\\/\\\/inclusivenews.com.br\\\/?p=28821\",\"url\":\"https:\\\/\\\/inclusivenews.com.br\\\/?p=28821\",\"name\":\"Veja confer\u00eancia sobre inova\u00e7\u00f5es na educa\u00e7\u00e3o inclusiva de 10 a 12\\\/2 -\",\"isPartOf\":{\"@id\":\"https:\\\/\\\/inclusivenews.com.br\\\/#website\"},\"primaryImageOfPage\":{\"@id\":\"https:\\\/\\\/inclusivenews.com.br\\\/?p=28821#primaryimage\"},\"image\":{\"@id\":\"https:\\\/\\\/inclusivenews.com.br\\\/?p=28821#primaryimage\"},\"thumbnailUrl\":\"http:\\\/\\\/includ-ed.eu\\\/sites\\\/default\\\/files\\\/imagecache\\\/Preview_Cropped\\\/organization\\\/logos\\\/zero_project_0.jpg\",\"datePublished\":\"2016-02-05T12:42:24+00:00\",\"breadcrumb\":{\"@id\":\"https:\\\/\\\/inclusivenews.com.br\\\/?p=28821#breadcrumb\"},\"inLanguage\":\"pt-PT\",\"potentialAction\":[{\"@type\":\"ReadAction\",\"target\":[\"https:\\\/\\\/inclusivenews.com.br\\\/?p=28821\"]}]},{\"@type\":\"ImageObject\",\"inLanguage\":\"pt-PT\",\"@id\":\"https:\\\/\\\/inclusivenews.com.br\\\/?p=28821#primaryimage\",\"url\":\"http:\\\/\\\/includ-ed.eu\\\/sites\\\/default\\\/files\\\/imagecache\\\/Preview_Cropped\\\/organization\\\/logos\\\/zero_project_0.jpg\",\"contentUrl\":\"http:\\\/\\\/includ-ed.eu\\\/sites\\\/default\\\/files\\\/imagecache\\\/Preview_Cropped\\\/organization\\\/logos\\\/zero_project_0.jpg\"},{\"@type\":\"BreadcrumbList\",\"@id\":\"https:\\\/\\\/inclusivenews.com.br\\\/?p=28821#breadcrumb\",\"itemListElement\":[{\"@type\":\"ListItem\",\"position\":1,\"name\":\"In\u00edcio\",\"item\":\"https:\\\/\\\/inclusivenews.com.br\\\/\"},{\"@type\":\"ListItem\",\"position\":2,\"name\":\"Veja confer\u00eancia sobre inova\u00e7\u00f5es na educa\u00e7\u00e3o inclusiva de 10 a 12\\\/2\"}]},{\"@type\":\"WebSite\",\"@id\":\"https:\\\/\\\/inclusivenews.com.br\\\/#website\",\"url\":\"https:\\\/\\\/inclusivenews.com.br\\\/\",\"name\":\"Inclusive News\",\"description\":\"Inclusive News\",\"publisher\":{\"@id\":\"https:\\\/\\\/inclusivenews.com.br\\\/#organization\"},\"potentialAction\":[{\"@type\":\"SearchAction\",\"target\":{\"@type\":\"EntryPoint\",\"urlTemplate\":\"https:\\\/\\\/inclusivenews.com.br\\\/?s={search_term_string}\"},\"query-input\":{\"@type\":\"PropertyValueSpecification\",\"valueRequired\":true,\"valueName\":\"search_term_string\"}}],\"inLanguage\":\"pt-PT\"},{\"@type\":\"Organization\",\"@id\":\"https:\\\/\\\/inclusivenews.com.br\\\/#organization\",\"name\":\"Inclusive - inclus\u00e3o e cidadania\",\"url\":\"https:\\\/\\\/inclusivenews.com.br\\\/\",\"logo\":{\"@type\":\"ImageObject\",\"inLanguage\":\"pt-PT\",\"@id\":\"https:\\\/\\\/inclusivenews.com.br\\\/#\\\/schema\\\/logo\\\/image\\\/\",\"url\":\"https:\\\/\\\/inclusivenews.com.br\\\/wp-content\\\/uploads\\\/2024\\\/03\\\/@grandesite.png\",\"contentUrl\":\"https:\\\/\\\/inclusivenews.com.br\\\/wp-content\\\/uploads\\\/2024\\\/03\\\/@grandesite.png\",\"width\":1080,\"height\":1080,\"caption\":\"Inclusive - inclus\u00e3o e cidadania\"},\"image\":{\"@id\":\"https:\\\/\\\/inclusivenews.com.br\\\/#\\\/schema\\\/logo\\\/image\\\/\"},\"sameAs\":[\"https:\\\/\\\/www.facebook.com\\\/agenciainclusive\\\/\",\"https:\\\/\\\/www.instagram.com\\\/newsinclusive\\\/\"]},{\"@type\":\"Person\",\"@id\":\"https:\\\/\\\/inclusivenews.com.br\\\/#\\\/schema\\\/person\\\/ae4ec7087559b8692fb33b6fffd2273b\",\"name\":\"inclusivenews2024\",\"image\":{\"@type\":\"ImageObject\",\"inLanguage\":\"pt-PT\",\"@id\":\"https:\\\/\\\/secure.gravatar.com\\\/avatar\\\/c5a7ef84c66fa914f55bc4f7ce26cfa275a3b9a1c5568b907bd184fb4dde7b40?s=96&d=mm&r=g\",\"url\":\"https:\\\/\\\/secure.gravatar.com\\\/avatar\\\/c5a7ef84c66fa914f55bc4f7ce26cfa275a3b9a1c5568b907bd184fb4dde7b40?s=96&d=mm&r=g\",\"contentUrl\":\"https:\\\/\\\/secure.gravatar.com\\\/avatar\\\/c5a7ef84c66fa914f55bc4f7ce26cfa275a3b9a1c5568b907bd184fb4dde7b40?s=96&d=mm&r=g\",\"caption\":\"inclusivenews2024\"},\"sameAs\":[\"https:\\\/\\\/inclusivenews.com.br\"],\"url\":\"https:\\\/\\\/inclusivenews.com.br\\\/?author=1\"}]}<\/script>\n<!-- \/ Yoast SEO plugin. -->","yoast_head_json":{"title":"Veja confer\u00eancia sobre inova\u00e7\u00f5es na educa\u00e7\u00e3o inclusiva de 10 a 12\/2 -","robots":{"index":"index","follow":"follow","max-snippet":"max-snippet:-1","max-image-preview":"max-image-preview:large","max-video-preview":"max-video-preview:-1"},"canonical":"https:\/\/inclusivenews.com.br\/?p=28821","og_locale":"pt_PT","og_type":"article","og_title":"Veja confer\u00eancia sobre inova\u00e7\u00f5es na educa\u00e7\u00e3o inclusiva de 10 a 12\/2 -","og_description":"Brasileiros participam da confer\u00eancia, que acontece em Viena, na \u00c1ustria, e ser\u00e1 transmitida online em ingl\u00eas.","og_url":"https:\/\/inclusivenews.com.br\/?p=28821","article_publisher":"https:\/\/www.facebook.com\/agenciainclusive\/","article_published_time":"2016-02-05T12:42:24+00:00","og_image":[{"url":"http:\/\/includ-ed.eu\/sites\/default\/files\/imagecache\/Preview_Cropped\/organization\/logos\/zero_project_0.jpg","type":"","width":"","height":""}],"author":"inclusivenews2024","twitter_card":"summary_large_image","twitter_misc":{"Escrito por":"inclusivenews2024","Tempo estimado de leitura":"2 minutos"},"schema":{"@context":"https:\/\/schema.org","@graph":[{"@type":"Article","@id":"https:\/\/inclusivenews.com.br\/?p=28821#article","isPartOf":{"@id":"https:\/\/inclusivenews.com.br\/?p=28821"},"author":{"name":"inclusivenews2024","@id":"https:\/\/inclusivenews.com.br\/#\/schema\/person\/ae4ec7087559b8692fb33b6fffd2273b"},"headline":"Veja confer\u00eancia sobre inova\u00e7\u00f5es na educa\u00e7\u00e3o inclusiva de 10 a 12\/2","datePublished":"2016-02-05T12:42:24+00:00","mainEntityOfPage":{"@id":"https:\/\/inclusivenews.com.br\/?p=28821"},"wordCount":457,"commentCount":0,"publisher":{"@id":"https:\/\/inclusivenews.com.br\/#organization"},"image":{"@id":"https:\/\/inclusivenews.com.br\/?p=28821#primaryimage"},"thumbnailUrl":"http:\/\/includ-ed.eu\/sites\/default\/files\/imagecache\/Preview_Cropped\/organization\/logos\/zero_project_0.jpg","articleSection":["ACESSIBILIDADE","Cultura","Defici\u00eancia","INCLUS\u00c3O SOCIAL","NOT\u00cdCIAS"],"inLanguage":"pt-PT","potentialAction":[{"@type":"CommentAction","name":"Comment","target":["https:\/\/inclusivenews.com.br\/?p=28821#respond"]}]},{"@type":"WebPage","@id":"https:\/\/inclusivenews.com.br\/?p=28821","url":"https:\/\/inclusivenews.com.br\/?p=28821","name":"Veja confer\u00eancia sobre inova\u00e7\u00f5es na educa\u00e7\u00e3o inclusiva de 10 a 12\/2 -","isPartOf":{"@id":"https:\/\/inclusivenews.com.br\/#website"},"primaryImageOfPage":{"@id":"https:\/\/inclusivenews.com.br\/?p=28821#primaryimage"},"image":{"@id":"https:\/\/inclusivenews.com.br\/?p=28821#primaryimage"},"thumbnailUrl":"http:\/\/includ-ed.eu\/sites\/default\/files\/imagecache\/Preview_Cropped\/organization\/logos\/zero_project_0.jpg","datePublished":"2016-02-05T12:42:24+00:00","breadcrumb":{"@id":"https:\/\/inclusivenews.com.br\/?p=28821#breadcrumb"},"inLanguage":"pt-PT","potentialAction":[{"@type":"ReadAction","target":["https:\/\/inclusivenews.com.br\/?p=28821"]}]},{"@type":"ImageObject","inLanguage":"pt-PT","@id":"https:\/\/inclusivenews.com.br\/?p=28821#primaryimage","url":"http:\/\/includ-ed.eu\/sites\/default\/files\/imagecache\/Preview_Cropped\/organization\/logos\/zero_project_0.jpg","contentUrl":"http:\/\/includ-ed.eu\/sites\/default\/files\/imagecache\/Preview_Cropped\/organization\/logos\/zero_project_0.jpg"},{"@type":"BreadcrumbList","@id":"https:\/\/inclusivenews.com.br\/?p=28821#breadcrumb","itemListElement":[{"@type":"ListItem","position":1,"name":"In\u00edcio","item":"https:\/\/inclusivenews.com.br\/"},{"@type":"ListItem","position":2,"name":"Veja confer\u00eancia sobre inova\u00e7\u00f5es na educa\u00e7\u00e3o inclusiva de 10 a 12\/2"}]},{"@type":"WebSite","@id":"https:\/\/inclusivenews.com.br\/#website","url":"https:\/\/inclusivenews.com.br\/","name":"Inclusive News","description":"Inclusive News","publisher":{"@id":"https:\/\/inclusivenews.com.br\/#organization"},"potentialAction":[{"@type":"SearchAction","target":{"@type":"EntryPoint","urlTemplate":"https:\/\/inclusivenews.com.br\/?s={search_term_string}"},"query-input":{"@type":"PropertyValueSpecification","valueRequired":true,"valueName":"search_term_string"}}],"inLanguage":"pt-PT"},{"@type":"Organization","@id":"https:\/\/inclusivenews.com.br\/#organization","name":"Inclusive - inclus\u00e3o e cidadania","url":"https:\/\/inclusivenews.com.br\/","logo":{"@type":"ImageObject","inLanguage":"pt-PT","@id":"https:\/\/inclusivenews.com.br\/#\/schema\/logo\/image\/","url":"https:\/\/inclusivenews.com.br\/wp-content\/uploads\/2024\/03\/@grandesite.png","contentUrl":"https:\/\/inclusivenews.com.br\/wp-content\/uploads\/2024\/03\/@grandesite.png","width":1080,"height":1080,"caption":"Inclusive - inclus\u00e3o e cidadania"},"image":{"@id":"https:\/\/inclusivenews.com.br\/#\/schema\/logo\/image\/"},"sameAs":["https:\/\/www.facebook.com\/agenciainclusive\/","https:\/\/www.instagram.com\/newsinclusive\/"]},{"@type":"Person","@id":"https:\/\/inclusivenews.com.br\/#\/schema\/person\/ae4ec7087559b8692fb33b6fffd2273b","name":"inclusivenews2024","image":{"@type":"ImageObject","inLanguage":"pt-PT","@id":"https:\/\/secure.gravatar.com\/avatar\/c5a7ef84c66fa914f55bc4f7ce26cfa275a3b9a1c5568b907bd184fb4dde7b40?s=96&d=mm&r=g","url":"https:\/\/secure.gravatar.com\/avatar\/c5a7ef84c66fa914f55bc4f7ce26cfa275a3b9a1c5568b907bd184fb4dde7b40?s=96&d=mm&r=g","contentUrl":"https:\/\/secure.gravatar.com\/avatar\/c5a7ef84c66fa914f55bc4f7ce26cfa275a3b9a1c5568b907bd184fb4dde7b40?s=96&d=mm&r=g","caption":"inclusivenews2024"},"sameAs":["https:\/\/inclusivenews.com.br"],"url":"https:\/\/inclusivenews.com.br\/?author=1"}]}},"_links":{"self":[{"href":"https:\/\/inclusivenews.com.br\/index.php?rest_route=\/wp\/v2\/posts\/28821","targetHints":{"allow":["GET"]}}],"collection":[{"href":"https:\/\/inclusivenews.com.br\/index.php?rest_route=\/wp\/v2\/posts"}],"about":[{"href":"https:\/\/inclusivenews.com.br\/index.php?rest_route=\/wp\/v2\/types\/post"}],"author":[{"embeddable":true,"href":"https:\/\/inclusivenews.com.br\/index.php?rest_route=\/wp\/v2\/users\/1"}],"replies":[{"embeddable":true,"href":"https:\/\/inclusivenews.com.br\/index.php?rest_route=%2Fwp%2Fv2%2Fcomments&post=28821"}],"version-history":[{"count":0,"href":"https:\/\/inclusivenews.com.br\/index.php?rest_route=\/wp\/v2\/posts\/28821\/revisions"}],"wp:attachment":[{"href":"https:\/\/inclusivenews.com.br\/index.php?rest_route=%2Fwp%2Fv2%2Fmedia&parent=28821"}],"wp:term":[{"taxonomy":"category","embeddable":true,"href":"https:\/\/inclusivenews.com.br\/index.php?rest_route=%2Fwp%2Fv2%2Fcategories&post=28821"},{"taxonomy":"post_tag","embeddable":true,"href":"https:\/\/inclusivenews.com.br\/index.php?rest_route=%2Fwp%2Fv2%2Ftags&post=28821"}],"curies":[{"name":"wp","href":"https:\/\/api.w.org\/{rel}","templated":true}]}}