{"id":28848,"date":"2016-02-16T09:44:38","date_gmt":"2016-02-16T12:44:38","guid":{"rendered":"http:\/\/www.inclusive.org.br\/?p=28848"},"modified":"2016-02-16T09:44:38","modified_gmt":"2016-02-16T12:44:38","slug":"violencia-e-deficiencia","status":"publish","type":"post","link":"https:\/\/inclusivenews.com.br\/?p=28848","title":{"rendered":"Viol\u00eancia e defici\u00eancia"},"content":{"rendered":"<p><img loading=\"lazy\" decoding=\"async\" class=\" wp-image-14490 alignnone\" title=\"Palavra viol\u00eancia escrita com giz num quadro\" alt=\"Palavra viol\u00eancia escrita com giz num quadro \" src=\"http:\/\/inclusivenews.com.br\/wp-content\/uploads\/2010\/03\/violencia_escolas.jpg\" width=\"244\" height=\"183\" \/><\/p>\n<p>Por Jorge Amaro de Souza Borges *<\/p>\n<p>Na \u00faltima semana, a Ouvidoria de Direitos Humanos divulgou os n\u00fameros das den\u00fancias do Disque 100 em 2015, que \u00e9 um servi\u00e7o de atendimento telef\u00f4nico gratuito para receber demandas relativas a viola\u00e7\u00f5es destas quest\u00f5es. Expressam mais do que dados. Relatam comportamentos e aspectos de uma cultura que ainda carece de toler\u00e2ncia e respeito a diversidade humana sob todos seus aspectos.<\/p>\n<p>No que diz respeito \u00e0s pessoas com defici\u00eancia, as mulheres com defici\u00eancia representam a maioria das v\u00edtimas, com 52% contra 48 % de homens. A concentra\u00e7\u00e3o maior das viola\u00e7\u00f5es est\u00e1 na faixa et\u00e1ria dos 18 a 30 anos com 26%. Dos que informaram a cor, pretos e pardos somam 56% e brancos 43%.<\/p>\n<p>Conforme os dados informados, as viola\u00e7\u00f5es mais recorrentes concentram-se em neglig\u00eancia (39,6%), viol\u00eancia psicol\u00f3gica (23,88%), viol\u00eancia f\u00edsica (16,88%) e abuso financeiro (13,45%). Com rela\u00e7\u00e3o ao tipo de defici\u00eancia, a mental \u00e9 a que apresenta mais viola\u00e7\u00f5es (57%) seguida da f\u00edsica (21%) e intelectual (9%). Do total de encaminhamentos (22.009), houve resposta em apenas 1.456 (6,62%).<\/p>\n<p>Os dados refor\u00e7am aquilo que o Comit\u00ea sobre os Direitos das Pessoas com Defici\u00eancia da ONU j\u00e1 havia alertado da falta de mecanismos dedicados a identificar, investigar e processar os casos de explora\u00e7\u00e3o, viol\u00eancia e abuso contra pessoas com defici\u00eancia. E justamente, nesta semana, quando a cadeirante Maria de Jesus Rocha Chaves foi obrigada a jogar a cadeira de rodas do \u00f4nibus para descer do ve\u00edculo, em S\u00e3o Lu\u00eds, no Maranh\u00e3o. E na contram\u00e3o disso tudo, se utilizando da imunidade parlamentar, em solo ga\u00facho, o deputado federal Jair Bolsonaro, defende o corte de recursos aos direitos humanos. O preconceito se ancora em argumentos inconsistentes e sobretudo, mentirosos e inconsequentes. E que muitos, ingenuamente, acreditam.<\/p>\n<p>Para garantir os direitos humanos da pessoa com defici\u00eancia, precisamos avan\u00e7ar no fortalecimento das institui\u00e7\u00f5es e na compreens\u00e3o da sociedade radicalizando os processos educativos formais e informais nesta dire\u00e7\u00e3o.<\/p>\n<p>* Servidor da FADERS, doutorando em Pol\u00edticas P\u00fablicas<\/p>\n","protected":false},"excerpt":{"rendered":"<p>Conforme os dados informados, as viola\u00e7\u00f5es mais recorrentes concentram-se em neglig\u00eancia (39,6%), viol\u00eancia psicol\u00f3gica (23,88%), viol\u00eancia f\u00edsica (16,88%) e abuso financeiro (13,45%). Com rela\u00e7\u00e3o ao tipo de defici\u00eancia, a mental \u00e9 a que apresenta mais viola\u00e7\u00f5es (57%) seguida da f\u00edsica (21%) e intelectual (9%). Do total de encaminhamentos (22.009), houve resposta em apenas 1.456 (6,62%). Por Jorge Amaro.<\/p>\n","protected":false},"author":1,"featured_media":0,"comment_status":"open","ping_status":"open","sticky":false,"template":"","format":"standard","meta":{"site-container-style":"default","site-container-layout":"default","site-sidebar-layout":"default","disable-article-header":"default","disable-site-header":"default","disable-site-footer":"default","disable-content-area-spacing":"default","footnotes":""},"categories":[38,8],"tags":[189,94],"class_list":["post-28848","post","type-post","status-publish","format-standard","hentry","category-deficiencia","category-textos-e-artigos","tag-deficiencia-2","tag-violencia"],"yoast_head":"<!-- This site is optimized with the Yoast SEO plugin v27.4 - https:\/\/yoast.com\/product\/yoast-seo-wordpress\/ -->\n<title>Viol\u00eancia e defici\u00eancia -<\/title>\n<meta name=\"robots\" content=\"index, follow, max-snippet:-1, max-image-preview:large, max-video-preview:-1\" \/>\n<link rel=\"canonical\" href=\"https:\/\/inclusivenews.com.br\/?p=28848\" \/>\n<meta property=\"og:locale\" content=\"pt_PT\" \/>\n<meta property=\"og:type\" content=\"article\" \/>\n<meta property=\"og:title\" content=\"Viol\u00eancia e defici\u00eancia -\" \/>\n<meta property=\"og:description\" content=\"Conforme os dados informados, as viola\u00e7\u00f5es mais recorrentes concentram-se em neglig\u00eancia (39,6%), viol\u00eancia psicol\u00f3gica (23,88%), viol\u00eancia f\u00edsica (16,88%) e abuso financeiro (13,45%). Com rela\u00e7\u00e3o ao tipo de defici\u00eancia, a mental \u00e9 a que apresenta mais viola\u00e7\u00f5es (57%) seguida da f\u00edsica (21%) e intelectual (9%). Do total de encaminhamentos (22.009), houve resposta em apenas 1.456 (6,62%). Por Jorge Amaro.\" \/>\n<meta property=\"og:url\" content=\"https:\/\/inclusivenews.com.br\/?p=28848\" \/>\n<meta property=\"article:publisher\" content=\"https:\/\/www.facebook.com\/agenciainclusive\/\" \/>\n<meta property=\"article:published_time\" content=\"2016-02-16T12:44:38+00:00\" \/>\n<meta property=\"og:image\" content=\"http:\/\/inclusivenews.com.br\/wp-content\/uploads\/2010\/03\/violencia_escolas.jpg\" \/>\n<meta name=\"author\" content=\"inclusivenews2024\" \/>\n<meta name=\"twitter:card\" content=\"summary_large_image\" \/>\n<meta name=\"twitter:label1\" content=\"Escrito por\" \/>\n\t<meta name=\"twitter:data1\" content=\"inclusivenews2024\" \/>\n\t<meta name=\"twitter:label2\" content=\"Tempo estimado de leitura\" \/>\n\t<meta name=\"twitter:data2\" content=\"2 minutos\" \/>\n<script type=\"application\/ld+json\" class=\"yoast-schema-graph\">{\"@context\":\"https:\\\/\\\/schema.org\",\"@graph\":[{\"@type\":\"Article\",\"@id\":\"https:\\\/\\\/inclusivenews.com.br\\\/?p=28848#article\",\"isPartOf\":{\"@id\":\"https:\\\/\\\/inclusivenews.com.br\\\/?p=28848\"},\"author\":{\"name\":\"inclusivenews2024\",\"@id\":\"https:\\\/\\\/inclusivenews.com.br\\\/#\\\/schema\\\/person\\\/ae4ec7087559b8692fb33b6fffd2273b\"},\"headline\":\"Viol\u00eancia e defici\u00eancia\",\"datePublished\":\"2016-02-16T12:44:38+00:00\",\"mainEntityOfPage\":{\"@id\":\"https:\\\/\\\/inclusivenews.com.br\\\/?p=28848\"},\"wordCount\":348,\"commentCount\":0,\"publisher\":{\"@id\":\"https:\\\/\\\/inclusivenews.com.br\\\/#organization\"},\"image\":{\"@id\":\"https:\\\/\\\/inclusivenews.com.br\\\/?p=28848#primaryimage\"},\"thumbnailUrl\":\"http:\\\/\\\/inclusivenews.com.br\\\/wp-content\\\/uploads\\\/2010\\\/03\\\/violencia_escolas.jpg\",\"keywords\":[\"defici\u00eancia\",\"Viol\u00eancia\"],\"articleSection\":[\"Defici\u00eancia\",\"OPINI\u00c3O\"],\"inLanguage\":\"pt-PT\",\"potentialAction\":[{\"@type\":\"CommentAction\",\"name\":\"Comment\",\"target\":[\"https:\\\/\\\/inclusivenews.com.br\\\/?p=28848#respond\"]}]},{\"@type\":\"WebPage\",\"@id\":\"https:\\\/\\\/inclusivenews.com.br\\\/?p=28848\",\"url\":\"https:\\\/\\\/inclusivenews.com.br\\\/?p=28848\",\"name\":\"Viol\u00eancia e defici\u00eancia -\",\"isPartOf\":{\"@id\":\"https:\\\/\\\/inclusivenews.com.br\\\/#website\"},\"primaryImageOfPage\":{\"@id\":\"https:\\\/\\\/inclusivenews.com.br\\\/?p=28848#primaryimage\"},\"image\":{\"@id\":\"https:\\\/\\\/inclusivenews.com.br\\\/?p=28848#primaryimage\"},\"thumbnailUrl\":\"http:\\\/\\\/inclusivenews.com.br\\\/wp-content\\\/uploads\\\/2010\\\/03\\\/violencia_escolas.jpg\",\"datePublished\":\"2016-02-16T12:44:38+00:00\",\"breadcrumb\":{\"@id\":\"https:\\\/\\\/inclusivenews.com.br\\\/?p=28848#breadcrumb\"},\"inLanguage\":\"pt-PT\",\"potentialAction\":[{\"@type\":\"ReadAction\",\"target\":[\"https:\\\/\\\/inclusivenews.com.br\\\/?p=28848\"]}]},{\"@type\":\"ImageObject\",\"inLanguage\":\"pt-PT\",\"@id\":\"https:\\\/\\\/inclusivenews.com.br\\\/?p=28848#primaryimage\",\"url\":\"\",\"contentUrl\":\"\"},{\"@type\":\"BreadcrumbList\",\"@id\":\"https:\\\/\\\/inclusivenews.com.br\\\/?p=28848#breadcrumb\",\"itemListElement\":[{\"@type\":\"ListItem\",\"position\":1,\"name\":\"In\u00edcio\",\"item\":\"https:\\\/\\\/inclusivenews.com.br\\\/\"},{\"@type\":\"ListItem\",\"position\":2,\"name\":\"Viol\u00eancia e defici\u00eancia\"}]},{\"@type\":\"WebSite\",\"@id\":\"https:\\\/\\\/inclusivenews.com.br\\\/#website\",\"url\":\"https:\\\/\\\/inclusivenews.com.br\\\/\",\"name\":\"Inclusive News\",\"description\":\"Inclusive News\",\"publisher\":{\"@id\":\"https:\\\/\\\/inclusivenews.com.br\\\/#organization\"},\"potentialAction\":[{\"@type\":\"SearchAction\",\"target\":{\"@type\":\"EntryPoint\",\"urlTemplate\":\"https:\\\/\\\/inclusivenews.com.br\\\/?s={search_term_string}\"},\"query-input\":{\"@type\":\"PropertyValueSpecification\",\"valueRequired\":true,\"valueName\":\"search_term_string\"}}],\"inLanguage\":\"pt-PT\"},{\"@type\":\"Organization\",\"@id\":\"https:\\\/\\\/inclusivenews.com.br\\\/#organization\",\"name\":\"Inclusive - inclus\u00e3o e cidadania\",\"url\":\"https:\\\/\\\/inclusivenews.com.br\\\/\",\"logo\":{\"@type\":\"ImageObject\",\"inLanguage\":\"pt-PT\",\"@id\":\"https:\\\/\\\/inclusivenews.com.br\\\/#\\\/schema\\\/logo\\\/image\\\/\",\"url\":\"https:\\\/\\\/inclusivenews.com.br\\\/wp-content\\\/uploads\\\/2024\\\/03\\\/@grandesite.png\",\"contentUrl\":\"https:\\\/\\\/inclusivenews.com.br\\\/wp-content\\\/uploads\\\/2024\\\/03\\\/@grandesite.png\",\"width\":1080,\"height\":1080,\"caption\":\"Inclusive - inclus\u00e3o e cidadania\"},\"image\":{\"@id\":\"https:\\\/\\\/inclusivenews.com.br\\\/#\\\/schema\\\/logo\\\/image\\\/\"},\"sameAs\":[\"https:\\\/\\\/www.facebook.com\\\/agenciainclusive\\\/\",\"https:\\\/\\\/www.instagram.com\\\/newsinclusive\\\/\"]},{\"@type\":\"Person\",\"@id\":\"https:\\\/\\\/inclusivenews.com.br\\\/#\\\/schema\\\/person\\\/ae4ec7087559b8692fb33b6fffd2273b\",\"name\":\"inclusivenews2024\",\"image\":{\"@type\":\"ImageObject\",\"inLanguage\":\"pt-PT\",\"@id\":\"https:\\\/\\\/secure.gravatar.com\\\/avatar\\\/c5a7ef84c66fa914f55bc4f7ce26cfa275a3b9a1c5568b907bd184fb4dde7b40?s=96&d=mm&r=g\",\"url\":\"https:\\\/\\\/secure.gravatar.com\\\/avatar\\\/c5a7ef84c66fa914f55bc4f7ce26cfa275a3b9a1c5568b907bd184fb4dde7b40?s=96&d=mm&r=g\",\"contentUrl\":\"https:\\\/\\\/secure.gravatar.com\\\/avatar\\\/c5a7ef84c66fa914f55bc4f7ce26cfa275a3b9a1c5568b907bd184fb4dde7b40?s=96&d=mm&r=g\",\"caption\":\"inclusivenews2024\"},\"sameAs\":[\"https:\\\/\\\/inclusivenews.com.br\"],\"url\":\"https:\\\/\\\/inclusivenews.com.br\\\/?author=1\"}]}<\/script>\n<!-- \/ Yoast SEO plugin. -->","yoast_head_json":{"title":"Viol\u00eancia e defici\u00eancia -","robots":{"index":"index","follow":"follow","max-snippet":"max-snippet:-1","max-image-preview":"max-image-preview:large","max-video-preview":"max-video-preview:-1"},"canonical":"https:\/\/inclusivenews.com.br\/?p=28848","og_locale":"pt_PT","og_type":"article","og_title":"Viol\u00eancia e defici\u00eancia -","og_description":"Conforme os dados informados, as viola\u00e7\u00f5es mais recorrentes concentram-se em neglig\u00eancia (39,6%), viol\u00eancia psicol\u00f3gica (23,88%), viol\u00eancia f\u00edsica (16,88%) e abuso financeiro (13,45%). Com rela\u00e7\u00e3o ao tipo de defici\u00eancia, a mental \u00e9 a que apresenta mais viola\u00e7\u00f5es (57%) seguida da f\u00edsica (21%) e intelectual (9%). Do total de encaminhamentos (22.009), houve resposta em apenas 1.456 (6,62%). Por Jorge Amaro.","og_url":"https:\/\/inclusivenews.com.br\/?p=28848","article_publisher":"https:\/\/www.facebook.com\/agenciainclusive\/","article_published_time":"2016-02-16T12:44:38+00:00","og_image":[{"url":"http:\/\/inclusivenews.com.br\/wp-content\/uploads\/2010\/03\/violencia_escolas.jpg","type":"","width":"","height":""}],"author":"inclusivenews2024","twitter_card":"summary_large_image","twitter_misc":{"Escrito por":"inclusivenews2024","Tempo estimado de leitura":"2 minutos"},"schema":{"@context":"https:\/\/schema.org","@graph":[{"@type":"Article","@id":"https:\/\/inclusivenews.com.br\/?p=28848#article","isPartOf":{"@id":"https:\/\/inclusivenews.com.br\/?p=28848"},"author":{"name":"inclusivenews2024","@id":"https:\/\/inclusivenews.com.br\/#\/schema\/person\/ae4ec7087559b8692fb33b6fffd2273b"},"headline":"Viol\u00eancia e defici\u00eancia","datePublished":"2016-02-16T12:44:38+00:00","mainEntityOfPage":{"@id":"https:\/\/inclusivenews.com.br\/?p=28848"},"wordCount":348,"commentCount":0,"publisher":{"@id":"https:\/\/inclusivenews.com.br\/#organization"},"image":{"@id":"https:\/\/inclusivenews.com.br\/?p=28848#primaryimage"},"thumbnailUrl":"http:\/\/inclusivenews.com.br\/wp-content\/uploads\/2010\/03\/violencia_escolas.jpg","keywords":["defici\u00eancia","Viol\u00eancia"],"articleSection":["Defici\u00eancia","OPINI\u00c3O"],"inLanguage":"pt-PT","potentialAction":[{"@type":"CommentAction","name":"Comment","target":["https:\/\/inclusivenews.com.br\/?p=28848#respond"]}]},{"@type":"WebPage","@id":"https:\/\/inclusivenews.com.br\/?p=28848","url":"https:\/\/inclusivenews.com.br\/?p=28848","name":"Viol\u00eancia e defici\u00eancia -","isPartOf":{"@id":"https:\/\/inclusivenews.com.br\/#website"},"primaryImageOfPage":{"@id":"https:\/\/inclusivenews.com.br\/?p=28848#primaryimage"},"image":{"@id":"https:\/\/inclusivenews.com.br\/?p=28848#primaryimage"},"thumbnailUrl":"http:\/\/inclusivenews.com.br\/wp-content\/uploads\/2010\/03\/violencia_escolas.jpg","datePublished":"2016-02-16T12:44:38+00:00","breadcrumb":{"@id":"https:\/\/inclusivenews.com.br\/?p=28848#breadcrumb"},"inLanguage":"pt-PT","potentialAction":[{"@type":"ReadAction","target":["https:\/\/inclusivenews.com.br\/?p=28848"]}]},{"@type":"ImageObject","inLanguage":"pt-PT","@id":"https:\/\/inclusivenews.com.br\/?p=28848#primaryimage","url":"","contentUrl":""},{"@type":"BreadcrumbList","@id":"https:\/\/inclusivenews.com.br\/?p=28848#breadcrumb","itemListElement":[{"@type":"ListItem","position":1,"name":"In\u00edcio","item":"https:\/\/inclusivenews.com.br\/"},{"@type":"ListItem","position":2,"name":"Viol\u00eancia e defici\u00eancia"}]},{"@type":"WebSite","@id":"https:\/\/inclusivenews.com.br\/#website","url":"https:\/\/inclusivenews.com.br\/","name":"Inclusive News","description":"Inclusive News","publisher":{"@id":"https:\/\/inclusivenews.com.br\/#organization"},"potentialAction":[{"@type":"SearchAction","target":{"@type":"EntryPoint","urlTemplate":"https:\/\/inclusivenews.com.br\/?s={search_term_string}"},"query-input":{"@type":"PropertyValueSpecification","valueRequired":true,"valueName":"search_term_string"}}],"inLanguage":"pt-PT"},{"@type":"Organization","@id":"https:\/\/inclusivenews.com.br\/#organization","name":"Inclusive - inclus\u00e3o e cidadania","url":"https:\/\/inclusivenews.com.br\/","logo":{"@type":"ImageObject","inLanguage":"pt-PT","@id":"https:\/\/inclusivenews.com.br\/#\/schema\/logo\/image\/","url":"https:\/\/inclusivenews.com.br\/wp-content\/uploads\/2024\/03\/@grandesite.png","contentUrl":"https:\/\/inclusivenews.com.br\/wp-content\/uploads\/2024\/03\/@grandesite.png","width":1080,"height":1080,"caption":"Inclusive - inclus\u00e3o e cidadania"},"image":{"@id":"https:\/\/inclusivenews.com.br\/#\/schema\/logo\/image\/"},"sameAs":["https:\/\/www.facebook.com\/agenciainclusive\/","https:\/\/www.instagram.com\/newsinclusive\/"]},{"@type":"Person","@id":"https:\/\/inclusivenews.com.br\/#\/schema\/person\/ae4ec7087559b8692fb33b6fffd2273b","name":"inclusivenews2024","image":{"@type":"ImageObject","inLanguage":"pt-PT","@id":"https:\/\/secure.gravatar.com\/avatar\/c5a7ef84c66fa914f55bc4f7ce26cfa275a3b9a1c5568b907bd184fb4dde7b40?s=96&d=mm&r=g","url":"https:\/\/secure.gravatar.com\/avatar\/c5a7ef84c66fa914f55bc4f7ce26cfa275a3b9a1c5568b907bd184fb4dde7b40?s=96&d=mm&r=g","contentUrl":"https:\/\/secure.gravatar.com\/avatar\/c5a7ef84c66fa914f55bc4f7ce26cfa275a3b9a1c5568b907bd184fb4dde7b40?s=96&d=mm&r=g","caption":"inclusivenews2024"},"sameAs":["https:\/\/inclusivenews.com.br"],"url":"https:\/\/inclusivenews.com.br\/?author=1"}]}},"_links":{"self":[{"href":"https:\/\/inclusivenews.com.br\/index.php?rest_route=\/wp\/v2\/posts\/28848","targetHints":{"allow":["GET"]}}],"collection":[{"href":"https:\/\/inclusivenews.com.br\/index.php?rest_route=\/wp\/v2\/posts"}],"about":[{"href":"https:\/\/inclusivenews.com.br\/index.php?rest_route=\/wp\/v2\/types\/post"}],"author":[{"embeddable":true,"href":"https:\/\/inclusivenews.com.br\/index.php?rest_route=\/wp\/v2\/users\/1"}],"replies":[{"embeddable":true,"href":"https:\/\/inclusivenews.com.br\/index.php?rest_route=%2Fwp%2Fv2%2Fcomments&post=28848"}],"version-history":[{"count":0,"href":"https:\/\/inclusivenews.com.br\/index.php?rest_route=\/wp\/v2\/posts\/28848\/revisions"}],"wp:attachment":[{"href":"https:\/\/inclusivenews.com.br\/index.php?rest_route=%2Fwp%2Fv2%2Fmedia&parent=28848"}],"wp:term":[{"taxonomy":"category","embeddable":true,"href":"https:\/\/inclusivenews.com.br\/index.php?rest_route=%2Fwp%2Fv2%2Fcategories&post=28848"},{"taxonomy":"post_tag","embeddable":true,"href":"https:\/\/inclusivenews.com.br\/index.php?rest_route=%2Fwp%2Fv2%2Ftags&post=28848"}],"curies":[{"name":"wp","href":"https:\/\/api.w.org\/{rel}","templated":true}]}}