{"id":28851,"date":"2016-02-16T09:51:30","date_gmt":"2016-02-16T12:51:30","guid":{"rendered":"http:\/\/www.inclusive.org.br\/?p=28851"},"modified":"2016-02-16T09:51:30","modified_gmt":"2016-02-16T12:51:30","slug":"universidade-de-brasilia-recebe-jornada-sobre-doencas-raras","status":"publish","type":"post","link":"https:\/\/inclusivenews.com.br\/?p=28851","title":{"rendered":"Universidade de Bras\u00edlia recebe jornada sobre Doen\u00e7as Raras"},"content":{"rendered":"<p><i>Evento integra o calend\u00e1rio de iniciativas alusivas ao Dia Mundial das Doen\u00e7as Raras. Todas as atividades ser\u00e3o direcionadas para pacientes, familiares, profissionais de sa\u00fade e a comunidade em geral onde ser\u00e3o discutidos desde o diagn\u00f3stico ao tratamento multiprofissional.<\/i><\/p>\n<p><img loading=\"lazy\" decoding=\"async\" class=\"alignnone\" title=\"Folder - descri\u00e7\u00e3o n\u00e3o fornecida.\" alt=\"Folder - descri\u00e7\u00e3o n\u00e3o fornecida.\" src=\"http:\/\/altacomplexidade.org\/wp-content\/uploads\/site2-1024x724.jpg\" width=\"368\" height=\"260\" \/><\/p>\n<p>Rare Disease Day, foi criado em 2008, pela Eurordis (Organiza\u00e7\u00e3o Europeia para Doen\u00e7as Raras), \u00e9 marcado por uma s\u00e9rie de atividades realizadas por associa\u00e7\u00f5es de pacientes, em mais de 70 pa\u00edses. Todas as atividades t\u00eam como objetivo sensibilizar a sociedade, o governo, educadores, profissionais da \u00e1rea da sa\u00fade, pesquisadores e ind\u00fastrias para os desafios que os pacientes com doen\u00e7as raras enfrentam.<\/p>\n<p>Em 2016 o tema ser\u00e1 \u201c<b>Voz do Paciente<\/b>\u201d, e em Bras\u00edlia ser\u00e1 realizada a I Jornada das Doen\u00e7as Raras, de 16 a 18 de fevereiro de 2016, organizada pelo Instituto Alta Complexidade Pol\u00edtica &amp; Sa\u00fade e o Observat\u00f3rio de Doen\u00e7as Raras da Universidade de Bras\u00edlia. As atividades abordar\u00e3o assuntos da alta complexidade em sa\u00fade direcionados \u00e0s pessoas com doen\u00e7as raras, desde o diagn\u00f3stico ao tratamento multiprofissional.<\/p>\n<p>A realiza\u00e7\u00e3o da Jornada em Bras\u00edlia \u00e9 importante, pois alguns hospitais j\u00e1 realizam atendimento de pacientes com doen\u00e7as raras, mas ainda com estruturas incompat\u00edveis para o crescente n\u00famero de pacientes. Faz-se necess\u00e1rio conhecer e difundir as informa\u00e7\u00f5es sobre o que \u00e9 realizado em diversas cidades do Brasil, o evento ser\u00e1 uma ferramenta de multiplica\u00e7\u00e3o dos exemplos de sucesso no atendimento aos pacientes.<\/p>\n<p>&nbsp;<\/p>\n<p>Nessa perspectiva, a I Jornada das Doen\u00e7as Raras abordar\u00e1 a Pol\u00edtica de Doen\u00e7as Raras criada pelo Minist\u00e9rio da Sa\u00fade (Portaria N\u00b0199\/2014), para a realidade dos pacientes, profissionais, familiares e da sociedade. A conscientiza\u00e7\u00e3o sobre as doen\u00e7as raras deve ser permanente considerando grande n\u00famero de pacientes no Brasil e o n\u00edvel de complexidade que envolve o atendimento dos pacientes e familiares.<\/p>\n<p>&nbsp;<\/p>\n<p>A I Jornada das Doen\u00e7as Raras ter\u00e1 uma s\u00e9rie de palestras e laborat\u00f3rios com especialistas do Distrito Federal e de outros estados, al\u00e9m do lan\u00e7amento oficial do aplicativo Raras.Net. A iniciativa conta com o apoio do Conselho Regional de Fisioterapia e Terapia Ocupacional da 11\u00aa Regi\u00e3o e FTR Fisioterapia e Fonoaudiologia.<\/p>\n<p>&nbsp;<\/p>\n<p><b>PROGRAMA\u00c7\u00c3O<\/b><\/p>\n<p><b>16 de fevereiro<\/b><\/p>\n<p>8h \u00e0s 18h<\/p>\n<p>&nbsp;<\/p>\n<p>Atendimento Ambulatorial de Gen\u00e9tica<\/p>\n<p>Dra. Maria Tereza &#8211; M\u00e9dica Geneticista (DF)<\/p>\n<p>&nbsp;<\/p>\n<p>Incorpora\u00e7\u00e3o de Novas Tecnologias e Protocolos Cl\u00ednicos<\/p>\n<p>Dra. Clarice Petramale &#8211; Conitec\/Minist\u00e9rio da Sa\u00fade (DF)<\/p>\n<p>&nbsp;<\/p>\n<p>Doen\u00e7as Gen\u00e9ticas<\/p>\n<p>Dr. Juan Llerena \u2013 M\u00e9dico Geneticista (RJ)<\/p>\n<p>&nbsp;<\/p>\n<p>Pol\u00edtica Nacional de Aten\u00e7\u00e3o \u00e0s Pessoas com Doen\u00e7as Raras<\/p>\n<p>Daniel Scherrer &#8211; Minist\u00e9rio da Sa\u00fade (DF)<\/p>\n<p>&nbsp;<\/p>\n<p>Lan\u00e7amento Raras.Net<\/p>\n<p>Prof. Dr. Natan Monsores de S\u00e1 &#8211; Observat\u00f3rio de Doen\u00e7as Raras (DF)<\/p>\n<p>&nbsp;<\/p>\n<p>A Experi\u00eancia do IFF na Habilita\u00e7\u00e3o do Centro de Refer\u00eancia em Doen\u00e7as Raras do Estado do Rio de Janeiro<\/p>\n<p>Dr. Juan Llerena \u2013 M\u00e9dico Geneticista (RJ)<\/p>\n<p>&nbsp;<\/p>\n<p>Procedimentos de Diagn\u00f3stico Gen\u00e9tico Autorizados pela ANS<\/p>\n<p>Dra. Rochele Santos \u2013 ANS (RJ)<\/p>\n<p>&nbsp;<\/p>\n<p>Aspectos Regulat\u00f3rios de Registros de Medicamentos e Produtos para a Sa\u00fade<\/p>\n<p>Claudiosvam Martins &#8211; ANVISA<\/p>\n<p>&nbsp;<\/p>\n<p>Pesquisa Cl\u00ednica: Bio\u00e9tica, Paciente e Aspectos Regulat\u00f3rios<\/p>\n<p>Prof. Dr. Natan Monsores de S\u00e1 &#8211; Observat\u00f3rio de Doen\u00e7as Raras (DF)<\/p>\n<p>&nbsp;<\/p>\n<p>Laborat\u00f3rio com o Aplicativo Raras.Net e Divulga\u00e7\u00e3o dos Trabalhos Cient\u00edficos<\/p>\n<p>Observat\u00f3rio de Doen\u00e7as Raras &#8211; UnB (DF)<\/p>\n<p>&nbsp;<\/p>\n<p><b>17 de fevereiro<\/b><\/p>\n<p>8h \u00e0s 22h<\/p>\n<p>&nbsp;<\/p>\n<p>Tratamento da S\u00edndrome de Guillain-Barr\u00e9<\/p>\n<p>Dra. Miriam Moura &#8211; M\u00e9dica Neurologista (DF)<\/p>\n<p>&nbsp;<\/p>\n<p>Doen\u00e7as Neuromusculares<\/p>\n<p>Prof. Dr. Acary Bulle &#8211; M\u00e9dico Neurologista (SP)<\/p>\n<p>&nbsp;<\/p>\n<p>Direitos das Pessoas com Defici\u00eancia<\/p>\n<p>Ant\u00f4nio Jos\u00e9 Ferreira &#8211; Secret\u00e1rio Nacional da Pessoa com Defici\u00eancia (DF)<\/p>\n<p>&nbsp;<\/p>\n<p>Tecnologia assistiva para comunica\u00e7\u00e3o alternativa e controle de ambiente<\/p>\n<p>Val\u00e9ria Baldassin \u2013 Fisioterapeuta (DF)<\/p>\n<p>&nbsp;<\/p>\n<p>Fisioterapia Respirat\u00f3ria nas Doen\u00e7as Neuromusculares<\/p>\n<p>Simone Holsapfel &#8211; Fisioterapeuta (SP)<\/p>\n<p>&nbsp;<\/p>\n<p>Laborat\u00f3rio Multiprofissional: Fisioterapia Respirat\u00f3ria e Motora<\/p>\n<p>Thiago Lopes | Rafael Braz | Fabianny Nunes &#8211; Fisioterapeutas (DF)<\/p>\n<p>&nbsp;<\/p>\n<p>Esclerose Lateral Amiotr\u00f3fica<\/p>\n<p>Dra. Miriam Moura &#8211; M\u00e9dica Neurologista (DF)<\/p>\n<p>&nbsp;<\/p>\n<p>Atendimento Ambulatorial Especializado para Hipertens\u00e3o Arterial Pulmonar<\/p>\n<p>Dra. Ver\u00f4nica Amado &#8211; M\u00e9dica Pneumologista (DF)<\/p>\n<p>&nbsp;<\/p>\n<p>Fisioterapia Respirat\u00f3ria Domiciliar em Pacientes com Doen\u00e7as Neuromusculares<\/p>\n<p>Thiago Lopes e Rafael Braz &#8211; Fisioterapeutas (DF)<\/p>\n<p>&nbsp;<\/p>\n<p>Laborat\u00f3rio Multiprofissional: Fisioterapia Respirat\u00f3ria e Motora<\/p>\n<p>Thiago Lopes | Rafael Braz | Fabianny Nunes &#8211; Fisioterapeutas (DF)<\/p>\n<p>&nbsp;<\/p>\n<p><b>18 de fevereiro<\/b><\/p>\n<p>8h \u00e0s 22h<\/p>\n<p>Experi\u00eancias do Servi\u00e7o de Atendimento Domiciliar no SUS<\/p>\n<p>Dra. Maria Leopoldina &#8211; M\u00e9dica da Aten\u00e7\u00e3o Domiciliar (DF)<\/p>\n<p>&nbsp;<\/p>\n<p>Sepse: Import\u00e2ncia do Atendimento Multiprofissional em Pacientes Graves<\/p>\n<p>Dr. Ant\u00f4nio Aur\u00e9lio Fagundes \u2013 M\u00e9dico Intensivista (DF)<\/p>\n<p>&nbsp;<\/p>\n<p>Estrat\u00e9gias Nutricionais na Unidade de Terapia Intensiva<\/p>\n<p>Dra. Maria Isabel Toulson &#8211; M\u00e9dica e Especialista em Nutri\u00e7\u00e3o (MG)<\/p>\n<p>&nbsp;<\/p>\n<p>Terapia Ocupacional: Uma Abordagem Multiprofissional<\/p>\n<p>Adriana Nathalie Klein &#8211; Terapeuta Ocupacional (SP)<\/p>\n<p>&nbsp;<\/p>\n<p>Gest\u00e3o de Feridas<\/p>\n<p>Dr. Adriano Mehl &#8211; M\u00e9dico e Especialista em Feridas (PR)<\/p>\n<p>&nbsp;<\/p>\n<p>Laborat\u00f3rio Multiprofissional: Terapia Ocupacional e Cuidados em Feridas<\/p>\n<p>&nbsp;<\/p>\n<p>Laborat\u00f3rio: Artesanato Sustent\u00e1vel para Gera\u00e7\u00e3o de Renda<\/p>\n<p>&nbsp;<\/p>\n<p>Direitos do Paciente<\/p>\n<p>Dra. Patr\u00edcia Viana de Bulh\u00f5es &#8211; Advogada (DF)<\/p>\n<p>&nbsp;<\/p>\n<p>Benef\u00edcios Sociais e Classifica\u00e7\u00e3o Internacional de Funcionalidades (C.I.F.)<\/p>\n<p>Dr. S\u00e9rgio Carneiro &#8211; Diretor de Sa\u00fade do Trabalhador &#8211; INSS (DF)<\/p>\n<p>&nbsp;<\/p>\n<p>Experi\u00eancias do MPDFT em Demandas dos Pacientes de Alta Complexidade<\/p>\n<p>Dr. Jairo Bisol &#8211; Minist\u00e9rio P\u00fablico (DF)<\/p>\n<p>&nbsp;<\/p>\n<p>Desafios da Judicializa\u00e7\u00e3o da Sa\u00fade no Distrito Federal<\/p>\n<p>Dr. Ramiro N\u00f3brega Santana &#8211; Defensor P\u00fablico (DF)<\/p>\n<p>&nbsp;<\/p>\n<p><b>SERVI\u00c7O<\/b><\/p>\n<p>I Jornada das Doen\u00e7as Raras<\/p>\n<p>Data: 16 a 18 de fevereiro<\/p>\n<p>Local: Audit\u00f3rio 3, Faculdade de Ci\u00eancias da Sa\u00fade, <i>Campus<\/i> Darcy Ribeiro, Universidade de Bras\u00edlia, Asa Norte, Bras\u00edlia<\/p>\n<p>Inscri\u00e7\u00f5es gratuitas: <a href=\"mailto:contato.altacomplexidade@gmail.com\" target=\"_blank\" rel=\"noopener\">contato.altacomplexidade@<wbr \/>gmail.com<\/a><\/p>\n<p>Programa\u00e7\u00e3o completa: <a href=\"http:\/\/www.altacomplexidade.org\" target=\"_blank\" rel=\"noopener\">www.altacomplexidade.org<\/a><\/p>\n<p>Informa\u00e7\u00f5es: (61) 8301-1008<\/p>\n","protected":false},"excerpt":{"rendered":"<p>Evento integra o calend\u00e1rio de iniciativas alusivas ao Dia Mundial das Doen\u00e7as Raras. Todas as atividades ser\u00e3o direcionadas para pacientes, familiares, profissionais de sa\u00fade e a comunidade em geral onde ser\u00e3o discutidos desde o diagn\u00f3stico ao tratamento multiprofissional.<\/p>\n","protected":false},"author":1,"featured_media":0,"comment_status":"open","ping_status":"open","sticky":false,"template":"","format":"standard","meta":{"site-container-style":"default","site-container-layout":"default","site-sidebar-layout":"default","disable-article-header":"default","disable-site-header":"default","disable-site-footer":"default","disable-content-area-spacing":"default","footnotes":""},"categories":[12],"tags":[362],"class_list":["post-28851","post","type-post","status-publish","format-standard","hentry","category-cursos-e-eventos","tag-doencas-rars"],"yoast_head":"<!-- This site is optimized with the Yoast SEO plugin v27.4 - https:\/\/yoast.com\/product\/yoast-seo-wordpress\/ -->\n<title>Universidade de Bras\u00edlia recebe jornada sobre Doen\u00e7as Raras -<\/title>\n<meta name=\"robots\" content=\"index, follow, max-snippet:-1, max-image-preview:large, max-video-preview:-1\" \/>\n<link rel=\"canonical\" href=\"https:\/\/inclusivenews.com.br\/?p=28851\" \/>\n<meta property=\"og:locale\" content=\"pt_PT\" \/>\n<meta property=\"og:type\" content=\"article\" \/>\n<meta property=\"og:title\" content=\"Universidade de Bras\u00edlia recebe jornada sobre Doen\u00e7as Raras -\" \/>\n<meta property=\"og:description\" content=\"Evento integra o calend\u00e1rio de iniciativas alusivas ao Dia Mundial das Doen\u00e7as Raras. Todas as atividades ser\u00e3o direcionadas para pacientes, familiares, profissionais de sa\u00fade e a comunidade em geral onde ser\u00e3o discutidos desde o diagn\u00f3stico ao tratamento multiprofissional.\" \/>\n<meta property=\"og:url\" content=\"https:\/\/inclusivenews.com.br\/?p=28851\" \/>\n<meta property=\"article:publisher\" content=\"https:\/\/www.facebook.com\/agenciainclusive\/\" \/>\n<meta property=\"article:published_time\" content=\"2016-02-16T12:51:30+00:00\" \/>\n<meta property=\"og:image\" content=\"http:\/\/altacomplexidade.org\/wp-content\/uploads\/site2-1024x724.jpg\" \/>\n<meta name=\"author\" content=\"inclusivenews2024\" \/>\n<meta name=\"twitter:card\" content=\"summary_large_image\" \/>\n<meta name=\"twitter:label1\" content=\"Escrito por\" \/>\n\t<meta name=\"twitter:data1\" content=\"inclusivenews2024\" \/>\n\t<meta name=\"twitter:label2\" content=\"Tempo estimado de leitura\" \/>\n\t<meta name=\"twitter:data2\" content=\"5 minutos\" \/>\n<script type=\"application\/ld+json\" class=\"yoast-schema-graph\">{\"@context\":\"https:\\\/\\\/schema.org\",\"@graph\":[{\"@type\":\"Article\",\"@id\":\"https:\\\/\\\/inclusivenews.com.br\\\/?p=28851#article\",\"isPartOf\":{\"@id\":\"https:\\\/\\\/inclusivenews.com.br\\\/?p=28851\"},\"author\":{\"name\":\"inclusivenews2024\",\"@id\":\"https:\\\/\\\/inclusivenews.com.br\\\/#\\\/schema\\\/person\\\/ae4ec7087559b8692fb33b6fffd2273b\"},\"headline\":\"Universidade de Bras\u00edlia recebe jornada sobre Doen\u00e7as Raras\",\"datePublished\":\"2016-02-16T12:51:30+00:00\",\"mainEntityOfPage\":{\"@id\":\"https:\\\/\\\/inclusivenews.com.br\\\/?p=28851\"},\"wordCount\":1021,\"commentCount\":1,\"publisher\":{\"@id\":\"https:\\\/\\\/inclusivenews.com.br\\\/#organization\"},\"image\":{\"@id\":\"https:\\\/\\\/inclusivenews.com.br\\\/?p=28851#primaryimage\"},\"thumbnailUrl\":\"http:\\\/\\\/altacomplexidade.org\\\/wp-content\\\/uploads\\\/site2-1024x724.jpg\",\"keywords\":[\"Doen\u00e7as rars\"],\"articleSection\":[\"Cursos e eventos\"],\"inLanguage\":\"pt-PT\",\"potentialAction\":[{\"@type\":\"CommentAction\",\"name\":\"Comment\",\"target\":[\"https:\\\/\\\/inclusivenews.com.br\\\/?p=28851#respond\"]}]},{\"@type\":\"WebPage\",\"@id\":\"https:\\\/\\\/inclusivenews.com.br\\\/?p=28851\",\"url\":\"https:\\\/\\\/inclusivenews.com.br\\\/?p=28851\",\"name\":\"Universidade de Bras\u00edlia recebe jornada sobre Doen\u00e7as Raras -\",\"isPartOf\":{\"@id\":\"https:\\\/\\\/inclusivenews.com.br\\\/#website\"},\"primaryImageOfPage\":{\"@id\":\"https:\\\/\\\/inclusivenews.com.br\\\/?p=28851#primaryimage\"},\"image\":{\"@id\":\"https:\\\/\\\/inclusivenews.com.br\\\/?p=28851#primaryimage\"},\"thumbnailUrl\":\"http:\\\/\\\/altacomplexidade.org\\\/wp-content\\\/uploads\\\/site2-1024x724.jpg\",\"datePublished\":\"2016-02-16T12:51:30+00:00\",\"breadcrumb\":{\"@id\":\"https:\\\/\\\/inclusivenews.com.br\\\/?p=28851#breadcrumb\"},\"inLanguage\":\"pt-PT\",\"potentialAction\":[{\"@type\":\"ReadAction\",\"target\":[\"https:\\\/\\\/inclusivenews.com.br\\\/?p=28851\"]}]},{\"@type\":\"ImageObject\",\"inLanguage\":\"pt-PT\",\"@id\":\"https:\\\/\\\/inclusivenews.com.br\\\/?p=28851#primaryimage\",\"url\":\"http:\\\/\\\/altacomplexidade.org\\\/wp-content\\\/uploads\\\/site2-1024x724.jpg\",\"contentUrl\":\"http:\\\/\\\/altacomplexidade.org\\\/wp-content\\\/uploads\\\/site2-1024x724.jpg\"},{\"@type\":\"BreadcrumbList\",\"@id\":\"https:\\\/\\\/inclusivenews.com.br\\\/?p=28851#breadcrumb\",\"itemListElement\":[{\"@type\":\"ListItem\",\"position\":1,\"name\":\"In\u00edcio\",\"item\":\"https:\\\/\\\/inclusivenews.com.br\\\/\"},{\"@type\":\"ListItem\",\"position\":2,\"name\":\"Universidade de Bras\u00edlia recebe jornada sobre Doen\u00e7as Raras\"}]},{\"@type\":\"WebSite\",\"@id\":\"https:\\\/\\\/inclusivenews.com.br\\\/#website\",\"url\":\"https:\\\/\\\/inclusivenews.com.br\\\/\",\"name\":\"Inclusive News\",\"description\":\"Inclusive News\",\"publisher\":{\"@id\":\"https:\\\/\\\/inclusivenews.com.br\\\/#organization\"},\"potentialAction\":[{\"@type\":\"SearchAction\",\"target\":{\"@type\":\"EntryPoint\",\"urlTemplate\":\"https:\\\/\\\/inclusivenews.com.br\\\/?s={search_term_string}\"},\"query-input\":{\"@type\":\"PropertyValueSpecification\",\"valueRequired\":true,\"valueName\":\"search_term_string\"}}],\"inLanguage\":\"pt-PT\"},{\"@type\":\"Organization\",\"@id\":\"https:\\\/\\\/inclusivenews.com.br\\\/#organization\",\"name\":\"Inclusive - inclus\u00e3o e cidadania\",\"url\":\"https:\\\/\\\/inclusivenews.com.br\\\/\",\"logo\":{\"@type\":\"ImageObject\",\"inLanguage\":\"pt-PT\",\"@id\":\"https:\\\/\\\/inclusivenews.com.br\\\/#\\\/schema\\\/logo\\\/image\\\/\",\"url\":\"https:\\\/\\\/inclusivenews.com.br\\\/wp-content\\\/uploads\\\/2024\\\/03\\\/@grandesite.png\",\"contentUrl\":\"https:\\\/\\\/inclusivenews.com.br\\\/wp-content\\\/uploads\\\/2024\\\/03\\\/@grandesite.png\",\"width\":1080,\"height\":1080,\"caption\":\"Inclusive - inclus\u00e3o e cidadania\"},\"image\":{\"@id\":\"https:\\\/\\\/inclusivenews.com.br\\\/#\\\/schema\\\/logo\\\/image\\\/\"},\"sameAs\":[\"https:\\\/\\\/www.facebook.com\\\/agenciainclusive\\\/\",\"https:\\\/\\\/www.instagram.com\\\/newsinclusive\\\/\"]},{\"@type\":\"Person\",\"@id\":\"https:\\\/\\\/inclusivenews.com.br\\\/#\\\/schema\\\/person\\\/ae4ec7087559b8692fb33b6fffd2273b\",\"name\":\"inclusivenews2024\",\"image\":{\"@type\":\"ImageObject\",\"inLanguage\":\"pt-PT\",\"@id\":\"https:\\\/\\\/secure.gravatar.com\\\/avatar\\\/c5a7ef84c66fa914f55bc4f7ce26cfa275a3b9a1c5568b907bd184fb4dde7b40?s=96&d=mm&r=g\",\"url\":\"https:\\\/\\\/secure.gravatar.com\\\/avatar\\\/c5a7ef84c66fa914f55bc4f7ce26cfa275a3b9a1c5568b907bd184fb4dde7b40?s=96&d=mm&r=g\",\"contentUrl\":\"https:\\\/\\\/secure.gravatar.com\\\/avatar\\\/c5a7ef84c66fa914f55bc4f7ce26cfa275a3b9a1c5568b907bd184fb4dde7b40?s=96&d=mm&r=g\",\"caption\":\"inclusivenews2024\"},\"sameAs\":[\"https:\\\/\\\/inclusivenews.com.br\"],\"url\":\"https:\\\/\\\/inclusivenews.com.br\\\/?author=1\"}]}<\/script>\n<!-- \/ Yoast SEO plugin. -->","yoast_head_json":{"title":"Universidade de Bras\u00edlia recebe jornada sobre Doen\u00e7as Raras -","robots":{"index":"index","follow":"follow","max-snippet":"max-snippet:-1","max-image-preview":"max-image-preview:large","max-video-preview":"max-video-preview:-1"},"canonical":"https:\/\/inclusivenews.com.br\/?p=28851","og_locale":"pt_PT","og_type":"article","og_title":"Universidade de Bras\u00edlia recebe jornada sobre Doen\u00e7as Raras -","og_description":"Evento integra o calend\u00e1rio de iniciativas alusivas ao Dia Mundial das Doen\u00e7as Raras. Todas as atividades ser\u00e3o direcionadas para pacientes, familiares, profissionais de sa\u00fade e a comunidade em geral onde ser\u00e3o discutidos desde o diagn\u00f3stico ao tratamento multiprofissional.","og_url":"https:\/\/inclusivenews.com.br\/?p=28851","article_publisher":"https:\/\/www.facebook.com\/agenciainclusive\/","article_published_time":"2016-02-16T12:51:30+00:00","og_image":[{"url":"http:\/\/altacomplexidade.org\/wp-content\/uploads\/site2-1024x724.jpg","type":"","width":"","height":""}],"author":"inclusivenews2024","twitter_card":"summary_large_image","twitter_misc":{"Escrito por":"inclusivenews2024","Tempo estimado de leitura":"5 minutos"},"schema":{"@context":"https:\/\/schema.org","@graph":[{"@type":"Article","@id":"https:\/\/inclusivenews.com.br\/?p=28851#article","isPartOf":{"@id":"https:\/\/inclusivenews.com.br\/?p=28851"},"author":{"name":"inclusivenews2024","@id":"https:\/\/inclusivenews.com.br\/#\/schema\/person\/ae4ec7087559b8692fb33b6fffd2273b"},"headline":"Universidade de Bras\u00edlia recebe jornada sobre Doen\u00e7as Raras","datePublished":"2016-02-16T12:51:30+00:00","mainEntityOfPage":{"@id":"https:\/\/inclusivenews.com.br\/?p=28851"},"wordCount":1021,"commentCount":1,"publisher":{"@id":"https:\/\/inclusivenews.com.br\/#organization"},"image":{"@id":"https:\/\/inclusivenews.com.br\/?p=28851#primaryimage"},"thumbnailUrl":"http:\/\/altacomplexidade.org\/wp-content\/uploads\/site2-1024x724.jpg","keywords":["Doen\u00e7as rars"],"articleSection":["Cursos e eventos"],"inLanguage":"pt-PT","potentialAction":[{"@type":"CommentAction","name":"Comment","target":["https:\/\/inclusivenews.com.br\/?p=28851#respond"]}]},{"@type":"WebPage","@id":"https:\/\/inclusivenews.com.br\/?p=28851","url":"https:\/\/inclusivenews.com.br\/?p=28851","name":"Universidade de Bras\u00edlia recebe jornada sobre Doen\u00e7as Raras -","isPartOf":{"@id":"https:\/\/inclusivenews.com.br\/#website"},"primaryImageOfPage":{"@id":"https:\/\/inclusivenews.com.br\/?p=28851#primaryimage"},"image":{"@id":"https:\/\/inclusivenews.com.br\/?p=28851#primaryimage"},"thumbnailUrl":"http:\/\/altacomplexidade.org\/wp-content\/uploads\/site2-1024x724.jpg","datePublished":"2016-02-16T12:51:30+00:00","breadcrumb":{"@id":"https:\/\/inclusivenews.com.br\/?p=28851#breadcrumb"},"inLanguage":"pt-PT","potentialAction":[{"@type":"ReadAction","target":["https:\/\/inclusivenews.com.br\/?p=28851"]}]},{"@type":"ImageObject","inLanguage":"pt-PT","@id":"https:\/\/inclusivenews.com.br\/?p=28851#primaryimage","url":"http:\/\/altacomplexidade.org\/wp-content\/uploads\/site2-1024x724.jpg","contentUrl":"http:\/\/altacomplexidade.org\/wp-content\/uploads\/site2-1024x724.jpg"},{"@type":"BreadcrumbList","@id":"https:\/\/inclusivenews.com.br\/?p=28851#breadcrumb","itemListElement":[{"@type":"ListItem","position":1,"name":"In\u00edcio","item":"https:\/\/inclusivenews.com.br\/"},{"@type":"ListItem","position":2,"name":"Universidade de Bras\u00edlia recebe jornada sobre Doen\u00e7as Raras"}]},{"@type":"WebSite","@id":"https:\/\/inclusivenews.com.br\/#website","url":"https:\/\/inclusivenews.com.br\/","name":"Inclusive News","description":"Inclusive News","publisher":{"@id":"https:\/\/inclusivenews.com.br\/#organization"},"potentialAction":[{"@type":"SearchAction","target":{"@type":"EntryPoint","urlTemplate":"https:\/\/inclusivenews.com.br\/?s={search_term_string}"},"query-input":{"@type":"PropertyValueSpecification","valueRequired":true,"valueName":"search_term_string"}}],"inLanguage":"pt-PT"},{"@type":"Organization","@id":"https:\/\/inclusivenews.com.br\/#organization","name":"Inclusive - inclus\u00e3o e cidadania","url":"https:\/\/inclusivenews.com.br\/","logo":{"@type":"ImageObject","inLanguage":"pt-PT","@id":"https:\/\/inclusivenews.com.br\/#\/schema\/logo\/image\/","url":"https:\/\/inclusivenews.com.br\/wp-content\/uploads\/2024\/03\/@grandesite.png","contentUrl":"https:\/\/inclusivenews.com.br\/wp-content\/uploads\/2024\/03\/@grandesite.png","width":1080,"height":1080,"caption":"Inclusive - inclus\u00e3o e cidadania"},"image":{"@id":"https:\/\/inclusivenews.com.br\/#\/schema\/logo\/image\/"},"sameAs":["https:\/\/www.facebook.com\/agenciainclusive\/","https:\/\/www.instagram.com\/newsinclusive\/"]},{"@type":"Person","@id":"https:\/\/inclusivenews.com.br\/#\/schema\/person\/ae4ec7087559b8692fb33b6fffd2273b","name":"inclusivenews2024","image":{"@type":"ImageObject","inLanguage":"pt-PT","@id":"https:\/\/secure.gravatar.com\/avatar\/c5a7ef84c66fa914f55bc4f7ce26cfa275a3b9a1c5568b907bd184fb4dde7b40?s=96&d=mm&r=g","url":"https:\/\/secure.gravatar.com\/avatar\/c5a7ef84c66fa914f55bc4f7ce26cfa275a3b9a1c5568b907bd184fb4dde7b40?s=96&d=mm&r=g","contentUrl":"https:\/\/secure.gravatar.com\/avatar\/c5a7ef84c66fa914f55bc4f7ce26cfa275a3b9a1c5568b907bd184fb4dde7b40?s=96&d=mm&r=g","caption":"inclusivenews2024"},"sameAs":["https:\/\/inclusivenews.com.br"],"url":"https:\/\/inclusivenews.com.br\/?author=1"}]}},"_links":{"self":[{"href":"https:\/\/inclusivenews.com.br\/index.php?rest_route=\/wp\/v2\/posts\/28851","targetHints":{"allow":["GET"]}}],"collection":[{"href":"https:\/\/inclusivenews.com.br\/index.php?rest_route=\/wp\/v2\/posts"}],"about":[{"href":"https:\/\/inclusivenews.com.br\/index.php?rest_route=\/wp\/v2\/types\/post"}],"author":[{"embeddable":true,"href":"https:\/\/inclusivenews.com.br\/index.php?rest_route=\/wp\/v2\/users\/1"}],"replies":[{"embeddable":true,"href":"https:\/\/inclusivenews.com.br\/index.php?rest_route=%2Fwp%2Fv2%2Fcomments&post=28851"}],"version-history":[{"count":0,"href":"https:\/\/inclusivenews.com.br\/index.php?rest_route=\/wp\/v2\/posts\/28851\/revisions"}],"wp:attachment":[{"href":"https:\/\/inclusivenews.com.br\/index.php?rest_route=%2Fwp%2Fv2%2Fmedia&parent=28851"}],"wp:term":[{"taxonomy":"category","embeddable":true,"href":"https:\/\/inclusivenews.com.br\/index.php?rest_route=%2Fwp%2Fv2%2Fcategories&post=28851"},{"taxonomy":"post_tag","embeddable":true,"href":"https:\/\/inclusivenews.com.br\/index.php?rest_route=%2Fwp%2Fv2%2Ftags&post=28851"}],"curies":[{"name":"wp","href":"https:\/\/api.w.org\/{rel}","templated":true}]}}