{"id":28871,"date":"2016-02-24T15:39:33","date_gmt":"2016-02-24T18:39:33","guid":{"rendered":"http:\/\/www.inclusive.org.br\/?p=28871"},"modified":"2016-02-24T15:39:33","modified_gmt":"2016-02-24T18:39:33","slug":"seminario-internacional-acessibilidade-em-bibliotecas-publicas-sp-1-e-23","status":"publish","type":"post","link":"https:\/\/inclusivenews.com.br\/?p=28871","title":{"rendered":"Semin\u00e1rio Internacional Acessibilidade em Bibliotecas P\u00fablicas &#8211; SP, 1 e 2\/3"},"content":{"rendered":"<table width=\"540\" border=\"0\" cellspacing=\"0\" cellpadding=\"0\" align=\"left\">\n<tbody>\n<tr>\n<td width=\"100%\" height=\"15\"><\/td>\n<\/tr>\n<tr>\n<td><a href=\"http:\/\/track.mlsend2.com\/link\/c\/YT0zMDQxMDQzOTU3Mjc5NjM0MjYmYz14NGs2JmU9MTkyOCZiPTM0NDgzMjI1JmQ9dTBzNXo5bw==._n36XA-wrGI5pSTKOkPHS8LYHS13ITzrBMVbRKv42zY\" target=\"_blank\" rel=\"noopener\"> <img loading=\"lazy\" decoding=\"async\" style=\"border: 0px none;\" alt=\"[ In\u00edcio da descri\u00e7\u00e3o da imagem ] Cart\u00e3o virtual retangular horizontal. Sobre um fundo azul, h\u00e1 um quadrado aberto com bordas pretas. Dentro deste quadro est\u00e3o letras brancas com o t\u00edtulo do Semin\u00e1rio. As outras informa\u00e7\u00f5es e o logo do projeto Acessibilidade em Bibliotecas P\u00fablicas est\u00e3o posicionadas \u00e0 direita em letras brancas e pretas. Abaixo, dentro de uma faixa branca, est\u00e3o os logotipos dos realizadores do semin\u00e1rio (Mais Diferen\u00e7as, SNBP, PNLL, DLLLB,&lt;br \/&gt;MinC e governo federal) e do apoiador (USP PRCEU). [ Final da descri\u00e7\u00e3o da imagem ]\" src=\"https:\/\/ci5.googleusercontent.com\/proxy\/f1FNpaRSOHajKhKH3BNJRmH_OAeTLwyTEFwd_C2ek_5Ps3LDd3XpCug_eknueqGE375amB-zOb29W3SvBZalF_iQahu_xow0E5cacZ700nWRE0-jmHBg0aMGIDB4dqnv29q0e-dBx4Q=s0-d-e1-ft#http:\/\/static2.mlsend2.com\/data\/builder\/1805445\/20160216181058926_540_333_1_0.jpeg\" width=\"540\" height=\"333\" align=\"1\" border=\"0\" \/> <\/a><\/td>\n<\/tr>\n<tr>\n<td height=\"15\"><\/td>\n<\/tr>\n<tr>\n<td align=\"left\">O <strong>Minist\u00e9rio da Cultura<\/strong> (MinC), por meio do Sistema Nacional de Bibliotecas P\u00fablicas (SNBP), da Diretoria de Livro, Leitura, Literatura e Bibliotecas (DLLLB\/MinC), e a OSCIP\u00a0<strong>Mais Diferen\u00e7as<\/strong> realizam nos dias 1\u00ba e 2 de mar\u00e7o de 2016, em S\u00e3o Paulo, o <strong><span style=\"text-decoration: underline;\">Semin\u00e1rio Internacional de Acessibilidade em Bibliotecas P\u00fablicas<\/span><\/strong>.O evento, que acontecer\u00e1 no Audit\u00f3rio Istv\u00e1n Jancs\u00f3 da <strong>Biblioteca Brasiliana<\/strong> <strong>Guita e Jos\u00e9 Mindlin<\/strong>, na Universidade de S\u00e3o Paulo (<strong>USP<\/strong>), receber\u00e1 gestores p\u00fablicos, profissionais e especialistas, de todo o pa\u00eds, al\u00e9m de conferencistas internacionais.\u00a0Os hor\u00e1rios do semin\u00e1rio ser\u00e3o os seguintes: das 8:00 \u00e0s 18:15 no primeiro dia e das 8:30 \u00e0s 17:30 no segundo.<br \/>\nO semin\u00e1rio discutir\u00e1 as perspectivas e os desafios para a constru\u00e7\u00e3o de <strong>bibliotecas para todos<\/strong>, sem qualquer tipo de discrimina\u00e7\u00e3o:\u00a0pessoas com defici\u00eancia intelectual, visual, auditiva e f\u00edsica, al\u00e9m do p\u00fablico em geral, de diferentes faixas et\u00e1rias.<\/p>\n<p>O debate sobre a acessibilidade destes equipamentos culturais incorpora diferentes dimens\u00f5es \u2013 <strong>arquitet\u00f4nica<\/strong>, de <strong>comunica\u00e7\u00e3o <\/strong>e <strong>informa\u00e7\u00e3o<\/strong>, <strong>acervo<\/strong>, <strong>programa\u00e7\u00e3o<\/strong>, entre outras \u2013 e destaca a acessibilidade enquanto estrat\u00e9gia central n\u00e3o somente para o atendimento das pessoas com defici\u00eancia, mas para a democratiza\u00e7\u00e3o do acesso ao livro e \u00e0 leitura para diferentes p\u00fablicos.<\/p>\n<p>Para participar <strong>gratuitamente <\/strong>fa\u00e7a sua <strong>inscri\u00e7\u00e3o<\/strong> enviando <strong>nome, CPF, endere\u00e7o, \u00f3rg\u00e3o a que pertence e telefone<\/strong> de contato para o e-mail\u00a0<a href=\"mailto:comunicacao@md.org.br\" target=\"_blank\" rel=\"noopener\"><strong>comunicacao@md.org.br<\/strong><\/a>. Voc\u00ea tamb\u00e9m pode se inscrever atrav\u00e9s do telefone (11) 3881-4610, ramal 46.<br \/>\n<strong><a href=\"http:\/\/track.mlsend2.com\/link\/c\/YT0zMDQxMDQzOTU3Mjc5NjM0MjYmYz14NGs2JmU9MTkyOCZiPTM0NDgzMjI3JmQ9eTl5Nmw5cA==.nXdIecmVTq8WAx7h9XOa-67GwwNpA2DJqzCC1pwcJe0\" target=\"_blank\" rel=\"noopener\">Clique neste link para mais informa\u00e7\u00f5es no site do projeto Acessibilidade em Bibliotecas P\u00fablicas.<\/a><\/strong><\/p>\n<p><strong><br \/>\nParticipe!<\/strong><\/p>\n<p><strong>Semin\u00e1rio Internacional de<br \/>\n<\/strong><strong>Acessibilidade em Bibliotecas P\u00fablicas<\/strong><\/p>\n<p>S\u00e3o Paulo, 1 e 2 de mar\u00e7o de 2016<br \/>\nLocal: Audit\u00f3rio Istv\u00e1n Jancs\u00f3<br \/>\nBiblioteca Brasiliana Guita e Jos\u00e9 Mindlin<br \/>\nRua da Biblioteca, s\/n, Cidade Universit\u00e1ria<\/p>\n<p>&nbsp;<\/td>\n<\/tr>\n<\/tbody>\n<\/table>\n","protected":false},"excerpt":{"rendered":"<p>O debate incorpora diferentes dimens\u00f5es da acessibilidade \u2013 arquitet\u00f4nica, de comunica\u00e7\u00e3o e informa\u00e7\u00e3o, acervo, programa\u00e7\u00e3o, entre outras. Participa\u00e7\u00e3o gratuita.<\/p>\n","protected":false},"author":1,"featured_media":0,"comment_status":"open","ping_status":"open","sticky":false,"template":"","format":"standard","meta":{"site-container-style":"default","site-container-layout":"default","site-sidebar-layout":"default","disable-article-header":"default","disable-site-header":"default","disable-site-footer":"default","disable-content-area-spacing":"default","footnotes":""},"categories":[44,29,12,38,11,48,49],"tags":[],"class_list":["post-28871","post","type-post","status-publish","format-standard","hentry","category-acessibilidade","category-cultura","category-cursos-e-eventos","category-deficiencia","category-direitos-humanos","category-inclusao","category-politicas-publicas"],"yoast_head":"<!-- This site is optimized with the Yoast SEO plugin v27.4 - https:\/\/yoast.com\/product\/yoast-seo-wordpress\/ -->\n<title>Semin\u00e1rio Internacional Acessibilidade em Bibliotecas P\u00fablicas - SP, 1 e 2\/3 -<\/title>\n<meta name=\"robots\" content=\"index, follow, max-snippet:-1, max-image-preview:large, max-video-preview:-1\" \/>\n<link rel=\"canonical\" href=\"https:\/\/inclusivenews.com.br\/?p=28871\" \/>\n<meta property=\"og:locale\" content=\"pt_PT\" \/>\n<meta property=\"og:type\" content=\"article\" \/>\n<meta property=\"og:title\" content=\"Semin\u00e1rio Internacional Acessibilidade em Bibliotecas P\u00fablicas - SP, 1 e 2\/3 -\" \/>\n<meta property=\"og:description\" content=\"O debate incorpora diferentes dimens\u00f5es da acessibilidade \u2013 arquitet\u00f4nica, de comunica\u00e7\u00e3o e informa\u00e7\u00e3o, acervo, programa\u00e7\u00e3o, entre outras. Participa\u00e7\u00e3o gratuita.\" \/>\n<meta property=\"og:url\" content=\"https:\/\/inclusivenews.com.br\/?p=28871\" \/>\n<meta property=\"article:publisher\" content=\"https:\/\/www.facebook.com\/agenciainclusive\/\" \/>\n<meta property=\"article:published_time\" content=\"2016-02-24T18:39:33+00:00\" \/>\n<meta property=\"og:image\" content=\"https:\/\/ci5.googleusercontent.com\/proxy\/f1FNpaRSOHajKhKH3BNJRmH_OAeTLwyTEFwd_C2ek_5Ps3LDd3XpCug_eknueqGE375amB-zOb29W3SvBZalF_iQahu_xow0E5cacZ700nWRE0-jmHBg0aMGIDB4dqnv29q0e-dBx4Q=s0-d-e1-ft#http:\/\/static2.mlsend2.com\/data\/builder\/1805445\/20160216181058926_540_333_1_0.jpeg\" \/>\n<meta name=\"author\" content=\"inclusivenews2024\" \/>\n<meta name=\"twitter:card\" content=\"summary_large_image\" \/>\n<meta name=\"twitter:label1\" content=\"Escrito por\" \/>\n\t<meta name=\"twitter:data1\" content=\"inclusivenews2024\" \/>\n\t<meta name=\"twitter:label2\" content=\"Tempo estimado de leitura\" \/>\n\t<meta name=\"twitter:data2\" content=\"2 minutos\" \/>\n<script type=\"application\/ld+json\" class=\"yoast-schema-graph\">{\"@context\":\"https:\\\/\\\/schema.org\",\"@graph\":[{\"@type\":\"Article\",\"@id\":\"https:\\\/\\\/inclusivenews.com.br\\\/?p=28871#article\",\"isPartOf\":{\"@id\":\"https:\\\/\\\/inclusivenews.com.br\\\/?p=28871\"},\"author\":{\"name\":\"inclusivenews2024\",\"@id\":\"https:\\\/\\\/inclusivenews.com.br\\\/#\\\/schema\\\/person\\\/ae4ec7087559b8692fb33b6fffd2273b\"},\"headline\":\"Semin\u00e1rio Internacional Acessibilidade em Bibliotecas P\u00fablicas &#8211; SP, 1 e 2\\\/3\",\"datePublished\":\"2016-02-24T18:39:33+00:00\",\"mainEntityOfPage\":{\"@id\":\"https:\\\/\\\/inclusivenews.com.br\\\/?p=28871\"},\"wordCount\":326,\"commentCount\":0,\"publisher\":{\"@id\":\"https:\\\/\\\/inclusivenews.com.br\\\/#organization\"},\"image\":{\"@id\":\"https:\\\/\\\/inclusivenews.com.br\\\/?p=28871#primaryimage\"},\"thumbnailUrl\":\"https:\\\/\\\/ci5.googleusercontent.com\\\/proxy\\\/f1FNpaRSOHajKhKH3BNJRmH_OAeTLwyTEFwd_C2ek_5Ps3LDd3XpCug_eknueqGE375amB-zOb29W3SvBZalF_iQahu_xow0E5cacZ700nWRE0-jmHBg0aMGIDB4dqnv29q0e-dBx4Q=s0-d-e1-ft#http:\\\/\\\/static2.mlsend2.com\\\/data\\\/builder\\\/1805445\\\/20160216181058926_540_333_1_0.jpeg\",\"articleSection\":[\"ACESSIBILIDADE\",\"Cultura\",\"Cursos e eventos\",\"Defici\u00eancia\",\"DIREITOS HUMANOS\",\"INCLUS\u00c3O SOCIAL\",\"Pol\u00edticas p\u00fablicas\"],\"inLanguage\":\"pt-PT\",\"potentialAction\":[{\"@type\":\"CommentAction\",\"name\":\"Comment\",\"target\":[\"https:\\\/\\\/inclusivenews.com.br\\\/?p=28871#respond\"]}]},{\"@type\":\"WebPage\",\"@id\":\"https:\\\/\\\/inclusivenews.com.br\\\/?p=28871\",\"url\":\"https:\\\/\\\/inclusivenews.com.br\\\/?p=28871\",\"name\":\"Semin\u00e1rio Internacional Acessibilidade em Bibliotecas P\u00fablicas - SP, 1 e 2\\\/3 -\",\"isPartOf\":{\"@id\":\"https:\\\/\\\/inclusivenews.com.br\\\/#website\"},\"primaryImageOfPage\":{\"@id\":\"https:\\\/\\\/inclusivenews.com.br\\\/?p=28871#primaryimage\"},\"image\":{\"@id\":\"https:\\\/\\\/inclusivenews.com.br\\\/?p=28871#primaryimage\"},\"thumbnailUrl\":\"https:\\\/\\\/ci5.googleusercontent.com\\\/proxy\\\/f1FNpaRSOHajKhKH3BNJRmH_OAeTLwyTEFwd_C2ek_5Ps3LDd3XpCug_eknueqGE375amB-zOb29W3SvBZalF_iQahu_xow0E5cacZ700nWRE0-jmHBg0aMGIDB4dqnv29q0e-dBx4Q=s0-d-e1-ft#http:\\\/\\\/static2.mlsend2.com\\\/data\\\/builder\\\/1805445\\\/20160216181058926_540_333_1_0.jpeg\",\"datePublished\":\"2016-02-24T18:39:33+00:00\",\"breadcrumb\":{\"@id\":\"https:\\\/\\\/inclusivenews.com.br\\\/?p=28871#breadcrumb\"},\"inLanguage\":\"pt-PT\",\"potentialAction\":[{\"@type\":\"ReadAction\",\"target\":[\"https:\\\/\\\/inclusivenews.com.br\\\/?p=28871\"]}]},{\"@type\":\"ImageObject\",\"inLanguage\":\"pt-PT\",\"@id\":\"https:\\\/\\\/inclusivenews.com.br\\\/?p=28871#primaryimage\",\"url\":\"https:\\\/\\\/ci5.googleusercontent.com\\\/proxy\\\/f1FNpaRSOHajKhKH3BNJRmH_OAeTLwyTEFwd_C2ek_5Ps3LDd3XpCug_eknueqGE375amB-zOb29W3SvBZalF_iQahu_xow0E5cacZ700nWRE0-jmHBg0aMGIDB4dqnv29q0e-dBx4Q=s0-d-e1-ft#http:\\\/\\\/static2.mlsend2.com\\\/data\\\/builder\\\/1805445\\\/20160216181058926_540_333_1_0.jpeg\",\"contentUrl\":\"https:\\\/\\\/ci5.googleusercontent.com\\\/proxy\\\/f1FNpaRSOHajKhKH3BNJRmH_OAeTLwyTEFwd_C2ek_5Ps3LDd3XpCug_eknueqGE375amB-zOb29W3SvBZalF_iQahu_xow0E5cacZ700nWRE0-jmHBg0aMGIDB4dqnv29q0e-dBx4Q=s0-d-e1-ft#http:\\\/\\\/static2.mlsend2.com\\\/data\\\/builder\\\/1805445\\\/20160216181058926_540_333_1_0.jpeg\"},{\"@type\":\"BreadcrumbList\",\"@id\":\"https:\\\/\\\/inclusivenews.com.br\\\/?p=28871#breadcrumb\",\"itemListElement\":[{\"@type\":\"ListItem\",\"position\":1,\"name\":\"In\u00edcio\",\"item\":\"https:\\\/\\\/inclusivenews.com.br\\\/\"},{\"@type\":\"ListItem\",\"position\":2,\"name\":\"Semin\u00e1rio Internacional Acessibilidade em Bibliotecas P\u00fablicas &#8211; SP, 1 e 2\\\/3\"}]},{\"@type\":\"WebSite\",\"@id\":\"https:\\\/\\\/inclusivenews.com.br\\\/#website\",\"url\":\"https:\\\/\\\/inclusivenews.com.br\\\/\",\"name\":\"Inclusive News\",\"description\":\"Inclusive News\",\"publisher\":{\"@id\":\"https:\\\/\\\/inclusivenews.com.br\\\/#organization\"},\"potentialAction\":[{\"@type\":\"SearchAction\",\"target\":{\"@type\":\"EntryPoint\",\"urlTemplate\":\"https:\\\/\\\/inclusivenews.com.br\\\/?s={search_term_string}\"},\"query-input\":{\"@type\":\"PropertyValueSpecification\",\"valueRequired\":true,\"valueName\":\"search_term_string\"}}],\"inLanguage\":\"pt-PT\"},{\"@type\":\"Organization\",\"@id\":\"https:\\\/\\\/inclusivenews.com.br\\\/#organization\",\"name\":\"Inclusive - inclus\u00e3o e cidadania\",\"url\":\"https:\\\/\\\/inclusivenews.com.br\\\/\",\"logo\":{\"@type\":\"ImageObject\",\"inLanguage\":\"pt-PT\",\"@id\":\"https:\\\/\\\/inclusivenews.com.br\\\/#\\\/schema\\\/logo\\\/image\\\/\",\"url\":\"https:\\\/\\\/inclusivenews.com.br\\\/wp-content\\\/uploads\\\/2024\\\/03\\\/@grandesite.png\",\"contentUrl\":\"https:\\\/\\\/inclusivenews.com.br\\\/wp-content\\\/uploads\\\/2024\\\/03\\\/@grandesite.png\",\"width\":1080,\"height\":1080,\"caption\":\"Inclusive - inclus\u00e3o e cidadania\"},\"image\":{\"@id\":\"https:\\\/\\\/inclusivenews.com.br\\\/#\\\/schema\\\/logo\\\/image\\\/\"},\"sameAs\":[\"https:\\\/\\\/www.facebook.com\\\/agenciainclusive\\\/\",\"https:\\\/\\\/www.instagram.com\\\/newsinclusive\\\/\"]},{\"@type\":\"Person\",\"@id\":\"https:\\\/\\\/inclusivenews.com.br\\\/#\\\/schema\\\/person\\\/ae4ec7087559b8692fb33b6fffd2273b\",\"name\":\"inclusivenews2024\",\"image\":{\"@type\":\"ImageObject\",\"inLanguage\":\"pt-PT\",\"@id\":\"https:\\\/\\\/secure.gravatar.com\\\/avatar\\\/c5a7ef84c66fa914f55bc4f7ce26cfa275a3b9a1c5568b907bd184fb4dde7b40?s=96&d=mm&r=g\",\"url\":\"https:\\\/\\\/secure.gravatar.com\\\/avatar\\\/c5a7ef84c66fa914f55bc4f7ce26cfa275a3b9a1c5568b907bd184fb4dde7b40?s=96&d=mm&r=g\",\"contentUrl\":\"https:\\\/\\\/secure.gravatar.com\\\/avatar\\\/c5a7ef84c66fa914f55bc4f7ce26cfa275a3b9a1c5568b907bd184fb4dde7b40?s=96&d=mm&r=g\",\"caption\":\"inclusivenews2024\"},\"sameAs\":[\"https:\\\/\\\/inclusivenews.com.br\"],\"url\":\"https:\\\/\\\/inclusivenews.com.br\\\/?author=1\"}]}<\/script>\n<!-- \/ Yoast SEO plugin. -->","yoast_head_json":{"title":"Semin\u00e1rio Internacional Acessibilidade em Bibliotecas P\u00fablicas - SP, 1 e 2\/3 -","robots":{"index":"index","follow":"follow","max-snippet":"max-snippet:-1","max-image-preview":"max-image-preview:large","max-video-preview":"max-video-preview:-1"},"canonical":"https:\/\/inclusivenews.com.br\/?p=28871","og_locale":"pt_PT","og_type":"article","og_title":"Semin\u00e1rio Internacional Acessibilidade em Bibliotecas P\u00fablicas - SP, 1 e 2\/3 -","og_description":"O debate incorpora diferentes dimens\u00f5es da acessibilidade \u2013 arquitet\u00f4nica, de comunica\u00e7\u00e3o e informa\u00e7\u00e3o, acervo, programa\u00e7\u00e3o, entre outras. Participa\u00e7\u00e3o gratuita.","og_url":"https:\/\/inclusivenews.com.br\/?p=28871","article_publisher":"https:\/\/www.facebook.com\/agenciainclusive\/","article_published_time":"2016-02-24T18:39:33+00:00","og_image":[{"url":"https:\/\/ci5.googleusercontent.com\/proxy\/f1FNpaRSOHajKhKH3BNJRmH_OAeTLwyTEFwd_C2ek_5Ps3LDd3XpCug_eknueqGE375amB-zOb29W3SvBZalF_iQahu_xow0E5cacZ700nWRE0-jmHBg0aMGIDB4dqnv29q0e-dBx4Q=s0-d-e1-ft#http:\/\/static2.mlsend2.com\/data\/builder\/1805445\/20160216181058926_540_333_1_0.jpeg","type":"","width":"","height":""}],"author":"inclusivenews2024","twitter_card":"summary_large_image","twitter_misc":{"Escrito por":"inclusivenews2024","Tempo estimado de leitura":"2 minutos"},"schema":{"@context":"https:\/\/schema.org","@graph":[{"@type":"Article","@id":"https:\/\/inclusivenews.com.br\/?p=28871#article","isPartOf":{"@id":"https:\/\/inclusivenews.com.br\/?p=28871"},"author":{"name":"inclusivenews2024","@id":"https:\/\/inclusivenews.com.br\/#\/schema\/person\/ae4ec7087559b8692fb33b6fffd2273b"},"headline":"Semin\u00e1rio Internacional Acessibilidade em Bibliotecas P\u00fablicas &#8211; SP, 1 e 2\/3","datePublished":"2016-02-24T18:39:33+00:00","mainEntityOfPage":{"@id":"https:\/\/inclusivenews.com.br\/?p=28871"},"wordCount":326,"commentCount":0,"publisher":{"@id":"https:\/\/inclusivenews.com.br\/#organization"},"image":{"@id":"https:\/\/inclusivenews.com.br\/?p=28871#primaryimage"},"thumbnailUrl":"https:\/\/ci5.googleusercontent.com\/proxy\/f1FNpaRSOHajKhKH3BNJRmH_OAeTLwyTEFwd_C2ek_5Ps3LDd3XpCug_eknueqGE375amB-zOb29W3SvBZalF_iQahu_xow0E5cacZ700nWRE0-jmHBg0aMGIDB4dqnv29q0e-dBx4Q=s0-d-e1-ft#http:\/\/static2.mlsend2.com\/data\/builder\/1805445\/20160216181058926_540_333_1_0.jpeg","articleSection":["ACESSIBILIDADE","Cultura","Cursos e eventos","Defici\u00eancia","DIREITOS HUMANOS","INCLUS\u00c3O SOCIAL","Pol\u00edticas p\u00fablicas"],"inLanguage":"pt-PT","potentialAction":[{"@type":"CommentAction","name":"Comment","target":["https:\/\/inclusivenews.com.br\/?p=28871#respond"]}]},{"@type":"WebPage","@id":"https:\/\/inclusivenews.com.br\/?p=28871","url":"https:\/\/inclusivenews.com.br\/?p=28871","name":"Semin\u00e1rio Internacional Acessibilidade em Bibliotecas P\u00fablicas - SP, 1 e 2\/3 -","isPartOf":{"@id":"https:\/\/inclusivenews.com.br\/#website"},"primaryImageOfPage":{"@id":"https:\/\/inclusivenews.com.br\/?p=28871#primaryimage"},"image":{"@id":"https:\/\/inclusivenews.com.br\/?p=28871#primaryimage"},"thumbnailUrl":"https:\/\/ci5.googleusercontent.com\/proxy\/f1FNpaRSOHajKhKH3BNJRmH_OAeTLwyTEFwd_C2ek_5Ps3LDd3XpCug_eknueqGE375amB-zOb29W3SvBZalF_iQahu_xow0E5cacZ700nWRE0-jmHBg0aMGIDB4dqnv29q0e-dBx4Q=s0-d-e1-ft#http:\/\/static2.mlsend2.com\/data\/builder\/1805445\/20160216181058926_540_333_1_0.jpeg","datePublished":"2016-02-24T18:39:33+00:00","breadcrumb":{"@id":"https:\/\/inclusivenews.com.br\/?p=28871#breadcrumb"},"inLanguage":"pt-PT","potentialAction":[{"@type":"ReadAction","target":["https:\/\/inclusivenews.com.br\/?p=28871"]}]},{"@type":"ImageObject","inLanguage":"pt-PT","@id":"https:\/\/inclusivenews.com.br\/?p=28871#primaryimage","url":"https:\/\/ci5.googleusercontent.com\/proxy\/f1FNpaRSOHajKhKH3BNJRmH_OAeTLwyTEFwd_C2ek_5Ps3LDd3XpCug_eknueqGE375amB-zOb29W3SvBZalF_iQahu_xow0E5cacZ700nWRE0-jmHBg0aMGIDB4dqnv29q0e-dBx4Q=s0-d-e1-ft#http:\/\/static2.mlsend2.com\/data\/builder\/1805445\/20160216181058926_540_333_1_0.jpeg","contentUrl":"https:\/\/ci5.googleusercontent.com\/proxy\/f1FNpaRSOHajKhKH3BNJRmH_OAeTLwyTEFwd_C2ek_5Ps3LDd3XpCug_eknueqGE375amB-zOb29W3SvBZalF_iQahu_xow0E5cacZ700nWRE0-jmHBg0aMGIDB4dqnv29q0e-dBx4Q=s0-d-e1-ft#http:\/\/static2.mlsend2.com\/data\/builder\/1805445\/20160216181058926_540_333_1_0.jpeg"},{"@type":"BreadcrumbList","@id":"https:\/\/inclusivenews.com.br\/?p=28871#breadcrumb","itemListElement":[{"@type":"ListItem","position":1,"name":"In\u00edcio","item":"https:\/\/inclusivenews.com.br\/"},{"@type":"ListItem","position":2,"name":"Semin\u00e1rio Internacional Acessibilidade em Bibliotecas P\u00fablicas &#8211; SP, 1 e 2\/3"}]},{"@type":"WebSite","@id":"https:\/\/inclusivenews.com.br\/#website","url":"https:\/\/inclusivenews.com.br\/","name":"Inclusive News","description":"Inclusive News","publisher":{"@id":"https:\/\/inclusivenews.com.br\/#organization"},"potentialAction":[{"@type":"SearchAction","target":{"@type":"EntryPoint","urlTemplate":"https:\/\/inclusivenews.com.br\/?s={search_term_string}"},"query-input":{"@type":"PropertyValueSpecification","valueRequired":true,"valueName":"search_term_string"}}],"inLanguage":"pt-PT"},{"@type":"Organization","@id":"https:\/\/inclusivenews.com.br\/#organization","name":"Inclusive - inclus\u00e3o e cidadania","url":"https:\/\/inclusivenews.com.br\/","logo":{"@type":"ImageObject","inLanguage":"pt-PT","@id":"https:\/\/inclusivenews.com.br\/#\/schema\/logo\/image\/","url":"https:\/\/inclusivenews.com.br\/wp-content\/uploads\/2024\/03\/@grandesite.png","contentUrl":"https:\/\/inclusivenews.com.br\/wp-content\/uploads\/2024\/03\/@grandesite.png","width":1080,"height":1080,"caption":"Inclusive - inclus\u00e3o e cidadania"},"image":{"@id":"https:\/\/inclusivenews.com.br\/#\/schema\/logo\/image\/"},"sameAs":["https:\/\/www.facebook.com\/agenciainclusive\/","https:\/\/www.instagram.com\/newsinclusive\/"]},{"@type":"Person","@id":"https:\/\/inclusivenews.com.br\/#\/schema\/person\/ae4ec7087559b8692fb33b6fffd2273b","name":"inclusivenews2024","image":{"@type":"ImageObject","inLanguage":"pt-PT","@id":"https:\/\/secure.gravatar.com\/avatar\/c5a7ef84c66fa914f55bc4f7ce26cfa275a3b9a1c5568b907bd184fb4dde7b40?s=96&d=mm&r=g","url":"https:\/\/secure.gravatar.com\/avatar\/c5a7ef84c66fa914f55bc4f7ce26cfa275a3b9a1c5568b907bd184fb4dde7b40?s=96&d=mm&r=g","contentUrl":"https:\/\/secure.gravatar.com\/avatar\/c5a7ef84c66fa914f55bc4f7ce26cfa275a3b9a1c5568b907bd184fb4dde7b40?s=96&d=mm&r=g","caption":"inclusivenews2024"},"sameAs":["https:\/\/inclusivenews.com.br"],"url":"https:\/\/inclusivenews.com.br\/?author=1"}]}},"_links":{"self":[{"href":"https:\/\/inclusivenews.com.br\/index.php?rest_route=\/wp\/v2\/posts\/28871","targetHints":{"allow":["GET"]}}],"collection":[{"href":"https:\/\/inclusivenews.com.br\/index.php?rest_route=\/wp\/v2\/posts"}],"about":[{"href":"https:\/\/inclusivenews.com.br\/index.php?rest_route=\/wp\/v2\/types\/post"}],"author":[{"embeddable":true,"href":"https:\/\/inclusivenews.com.br\/index.php?rest_route=\/wp\/v2\/users\/1"}],"replies":[{"embeddable":true,"href":"https:\/\/inclusivenews.com.br\/index.php?rest_route=%2Fwp%2Fv2%2Fcomments&post=28871"}],"version-history":[{"count":0,"href":"https:\/\/inclusivenews.com.br\/index.php?rest_route=\/wp\/v2\/posts\/28871\/revisions"}],"wp:attachment":[{"href":"https:\/\/inclusivenews.com.br\/index.php?rest_route=%2Fwp%2Fv2%2Fmedia&parent=28871"}],"wp:term":[{"taxonomy":"category","embeddable":true,"href":"https:\/\/inclusivenews.com.br\/index.php?rest_route=%2Fwp%2Fv2%2Fcategories&post=28871"},{"taxonomy":"post_tag","embeddable":true,"href":"https:\/\/inclusivenews.com.br\/index.php?rest_route=%2Fwp%2Fv2%2Ftags&post=28871"}],"curies":[{"name":"wp","href":"https:\/\/api.w.org\/{rel}","templated":true}]}}