{"id":28901,"date":"2016-02-26T14:30:52","date_gmt":"2016-02-26T17:30:52","guid":{"rendered":"http:\/\/www.inclusive.org.br\/?p=28901"},"modified":"2016-02-26T14:30:52","modified_gmt":"2016-02-26T17:30:52","slug":"projeto-referencia-em-acessibilidade-no-teatro-e-apresentado-no-imperator","status":"publish","type":"post","link":"https:\/\/inclusivenews.com.br\/?p=28901","title":{"rendered":"Projeto refer\u00eancia em acessibilidade no teatro \u00e9 apresentado no Imperator"},"content":{"rendered":"<p><img loading=\"lazy\" decoding=\"async\" class=\" alignnone\" title=\"Int\u00e9rprete de Libras em primeiro plano interpreta cena em palco teatral ao fundo.\" alt=\"Int\u00e9rprete de Libras em primeiro plano interpreta cena em palco teatral ao fundo.\" src=\"http:\/\/i1.wp.com\/www.sopacultural.com\/wp-content\/uploads\/2016\/02\/unnamed-2-1-e1456247486596.jpg?resize=640%2C427\" width=\"384\" height=\"256\" \/><\/p>\n<p>O Imperator &#8211; Centro Cultural Jo\u00e3o Nogueira &#8211; passa a contar, mensalmente, com uma sess\u00e3o com recursos de acessibilidade para pessoas com defici\u00eancia visual e auditiva nas pe\u00e7as em cartaz. O projeto Acessibilidade no Teatro, idealizado pela Lavoro Produ\u00e7\u00f5es, vai levar para o p\u00fablico durante todo o ano de 2016 \u2013 inicialmente no \u00faltimo s\u00e1bado do m\u00eas-, uma sess\u00e3o com audiodescri\u00e7\u00e3o, legendas e interpreta\u00e7\u00e3o em LIBRAS, ao vivo, sem custo adicional no pre\u00e7o do ingresso. O programa come\u00e7a no pr\u00f3ximo s\u00e1bado, 27, com o musical \u201cOu Tudo Ou Nada\u201d, de Tadeu Aguiar, sucesso de p\u00fablico e cr\u00edtica. O espet\u00e1culo do m\u00eas de mar\u00e7o ainda ser\u00e1 anunciando.<\/p>\n<p>Patrocinado pela Prefeitura da Cidade do Rio de Janeiro, atrav\u00e9s da Secretaria Municipal de Cultura, o programa j\u00e1 funciona no Teatro Carlos Gomes h\u00e1 quatro anos com sucesso, tendo levado mais de mil e duzentas pessoas com defici\u00eancia ao teatro. A iniciativa se tornou uma refer\u00eancia para outros projetos de inclus\u00e3o pela arte no Brasil. Durante a sess\u00e3o, um ator \u00e9 respons\u00e1vel por passar cada detalhe da cena, das roupas e express\u00f5es dos atores, do cen\u00e1rio, di\u00e1logos, m\u00fasicas, entre outros, para os espectadores com defici\u00eancia visual, fazendo com que eles fiquem imersos no universo da pe\u00e7a.<\/p>\n<p>&#8211; Estamos muito felizes em levar o projeto para o Imperator. J\u00e1 temos um p\u00fablico cativo que frequenta o Teatro Carlos Gomes e que cobra mais op\u00e7\u00f5es. Com esse novo espa\u00e7o estaremos durante um ano no Centro e no Mei\u00e9r e sempre buscando ampliar o projeto, ressalta Lara Pozzobon, diretora da Lavoro Produ\u00e7\u00f5es.<\/p>\n<p>&nbsp;<\/p>\n<p><b>Acessibilidade no Teatro <\/b><\/p>\n<p>O recurso da audiodescri\u00e7\u00e3o consiste na descri\u00e7\u00e3o objetiva de todas as informa\u00e7\u00f5es visuais contidas nas cenas do espet\u00e1culo teatral, como express\u00f5es faciais e corporais, a\u00e7\u00f5es dos personagens, detalhes do ambiente, figurino, efeitos especiais, mudan\u00e7as de tempo e espa\u00e7o, al\u00e9m da leitura de informa\u00e7\u00f5es escritas em cen\u00e1rios ou adere\u00e7os. Para completar a acessibilidade para as pessoas com defici\u00eancia visual, o programa da pe\u00e7a \u00e9 produzido em vers\u00e3o em Braille. A interpreta\u00e7\u00e3o em LIBRAS \u00e9 a tradu\u00e7\u00e3o para a L\u00edngua Brasileira de Sinais de todos os di\u00e1logos, m\u00fasicas e informa\u00e7\u00f5es sonoras importantes da pe\u00e7a teatral. A legendagem tamb\u00e9m cont\u00e9m todos os di\u00e1logos, m\u00fasicas e informa\u00e7\u00f5es sonoras do espet\u00e1culo, e \u00e9 utilizada pelas pessoas com defici\u00eancia auditiva que n\u00e3o usam LIBRAS.<\/p>\n<p>As sess\u00f5es com acessibilidade n\u00e3o geram custo extra para os usu\u00e1rios dos recursos. O pre\u00e7o do ingresso varia de acordo com o espet\u00e1culo, e geralmente segue a pol\u00edtica de pre\u00e7os populares da Prefeitura do Rio. O p\u00fablico dever\u00e1 avisar na bilheteria se far\u00e1 uso de algum dos recursos, para definir sua posi\u00e7\u00e3o no teatro. Os usu\u00e1rios das legendas, assim como os usu\u00e1rios da Interpreta\u00e7\u00e3o em LIBRAS, devem buscar os lugares no lado direito da plateia. E os usu\u00e1rios de audiodescri\u00e7\u00e3o n\u00e3o t\u00eam lugar definido. A equipe do teatro e a nossa equipe est\u00e3o \u00e0 disposi\u00e7\u00e3o para facilitar a entrada de todos. Para as pessoas com defici\u00eancia visual, fazemos, quando poss\u00edvel, uma visita guiada ao palco, impreterivelmente 30 minutos antes do in\u00edcio do espet\u00e1culo. Por isso, \u00e9 importante que cheguem com mais anteced\u00eancia.<\/p>\n<p>&nbsp;<\/p>\n<p><b>Sinopse do espet\u00e1culo:<\/b><\/p>\n<p>A montagem brasileira do musical criado a partir de um dos grandes sucessos de bilheteria do cinema nos anos 1990 &#8211; The Full Monty &#8211; conquistou os cariocas em sua temporada no Theatro NET Rio, com dire\u00e7\u00e3o de Tadeu Aguiar e vers\u00e3o de Artur Xex\u00e9o. Devido ao grande sucesso, o espet\u00e1culo faz temporada no Imperator.<\/p>\n<p>Com um elenco de 17 atores que inclui Mouhamed Harfouch, Patr\u00edcia Fran\u00e7a e Sylvia Massari e sete m\u00fasicos, a deliciosa com\u00e9dia \u00e9 protagonizada por seis desempregados que se aventuram num striptease para pagar suas contas. OU TUDO OU NADA tem dire\u00e7\u00e3o musical de Miguel Briamonte (das vers\u00f5es brasileiras de O Fantasma da \u00d3pera, Chicago, A Bela e a Fera, Les Mis\u00e9rables) e texto em portugu\u00eas de Artur Xex\u00e9o.<\/p>\n<p>&nbsp;<\/p>\n<p><b>Ficha T\u00e9cnica<\/b><\/p>\n<p>Patroc\u00ednio: Prefeitura do Rio de Janeiro<br \/>\nRealiza\u00e7\u00e3o: Lavoro Produ\u00e7\u00f5es<br \/>\nProdu\u00e7\u00e3o: Lara Pozzobon<br \/>\nCoordena\u00e7\u00e3o de Acessibilidade: Graciela Pozzobon<br \/>\nProdu\u00e7\u00e3o no Teatro: Nara Monteiro<br \/>\nCoordena\u00e7\u00e3o Administrativa: Rita Mendes<br \/>\nAudiodescritores: Rodrigo de Bonis e Nara Monteiro<br \/>\nRoteiros de Audiodescri\u00e7\u00e3o: Cinema Falado Produ\u00e7\u00f5es<br \/>\nEquipamento Audiodescri\u00e7ao: Rio Vox<br \/>\nInterpreta\u00e7\u00e3o em LIBRAS: Jhonatas Narciso e Lorraine Meyer<br \/>\nLegendas e Proje\u00e7\u00e3o Open Caption: 4 Esta\u00e7\u00f5es<\/p>\n<p>&nbsp;<\/p>\n<p><b>SERVI\u00c7O: Acessibilidade no Teatro Imperator<\/b><\/p>\n<p>Estreia na pe\u00e7a: \u201cOU TUDO OU NADA\u201d<br \/>\nData: 27 de fevereiro de 2016<br \/>\nHor\u00e1rios: s\u00e1bado \u00e0s 20h<br \/>\nIngressos: <b>Balc\u00e3o: R$ 40 (inteira) e R$ 20 (meia)<\/b><br \/>\n<b>Plateia inferior: R$ 50 (inteira) e R$ 25 (meia)<\/b><br \/>\nClassifica\u00e7\u00e3o Indicativa: 10 anos<br \/>\nDura\u00e7\u00e3o: 140 minutos<br \/>\nLocal: Teatro Imperator \u2013 Centro Cultural Jo\u00e3o Nogueira<br \/>\nEndere\u00e7o: <b>Rua Dias da Cruz, 170 &#8211; M\u00e9ier<\/b><br \/>\nCapacidade: 642 lugares<br \/>\nVendas na bilheteria do teatro Telefone: <b>(21) 2597-8512 | 2596-6523 | 2595-4010 | 2596-6618<\/b><\/p>\n<p>Contato Lavoro Produ\u00e7\u00f5es (de segunda a sexta): (21) 2235 5255<\/p>\n<p><b>\u00a0<\/b><\/p>\n<p><b>Sobre a Lavoro Produ\u00e7\u00f5es<\/b><\/p>\n<p>Criada em 2001, a Lavoro Produ\u00e7\u00f5es \u00e9 uma empresa pioneira na cria\u00e7\u00e3o de projetos culturais com acessibilidade, tendo se tornado refer\u00eancia entre as institui\u00e7\u00f5es, grupos e pessoas com defici\u00eancia no Brasil e no mundo desde 2003 quando come\u00e7ou a realizar o Festival Assim Vivemos \u2013 Festival Internacional de Filmes sobre Defici\u00eancia em cidades no Brasil. O projeto introduziu a audiodescri\u00e7\u00e3o em projetos culturais no Brasil.<\/p>\n<p>Desde 2012, produz o projeto Acessibilidade no Teatro Carlos Gomes, que oferece os recursos de acessibilidade para pessoas com defici\u00eancia visual e auditiva (LIBRAS, Legendas e Audiodescri\u00e7\u00e3o) em todos os espet\u00e1culos em cartaz no teatro.<\/p>\n<p>A Lavoro foi respons\u00e1vel pela audiodescri\u00e7\u00e3o em portugu\u00eas e ingl\u00eas na Confer\u00eancia das Na\u00e7\u00f5es Unidas, Rio+20, nas cinco salas principais do Riocentro, pela audiodescri\u00e7\u00e3o no Desfile das Escolas de Samba do Carnaval do Rio de Janeiro 2011 e 2016 e no Amazonas Film Festival 2012.<\/p>\n","protected":false},"excerpt":{"rendered":"<p>Uma vez por m\u00eas, uma pe\u00e7a em cartaz ter\u00e1 audiodescri\u00e7\u00e3o, legendas e interpreta\u00e7\u00e3o em LIBRAS ao vivo. Projeto estreia com o musical \u201cOu tudo ou nada\u201d.<\/p>\n","protected":false},"author":1,"featured_media":0,"comment_status":"open","ping_status":"open","sticky":false,"template":"","format":"standard","meta":{"site-container-style":"default","site-container-layout":"default","site-sidebar-layout":"default","disable-article-header":"default","disable-site-header":"default","disable-site-footer":"default","disable-content-area-spacing":"default","footnotes":""},"categories":[44,29,48],"tags":[89,251],"class_list":["post-28901","post","type-post","status-publish","format-standard","hentry","category-acessibilidade","category-cultura","category-inclusao","tag-acessibilidade","tag-teatro"],"yoast_head":"<!-- This site is optimized with the Yoast SEO plugin v27.4 - https:\/\/yoast.com\/product\/yoast-seo-wordpress\/ -->\n<title>Projeto refer\u00eancia em acessibilidade no teatro \u00e9 apresentado no Imperator -<\/title>\n<meta name=\"robots\" content=\"index, follow, max-snippet:-1, max-image-preview:large, max-video-preview:-1\" \/>\n<link rel=\"canonical\" href=\"https:\/\/inclusivenews.com.br\/?p=28901\" \/>\n<meta property=\"og:locale\" content=\"pt_PT\" \/>\n<meta property=\"og:type\" content=\"article\" \/>\n<meta property=\"og:title\" content=\"Projeto refer\u00eancia em acessibilidade no teatro \u00e9 apresentado no Imperator -\" \/>\n<meta property=\"og:description\" content=\"Uma vez por m\u00eas, uma pe\u00e7a em cartaz ter\u00e1 audiodescri\u00e7\u00e3o, legendas e interpreta\u00e7\u00e3o em LIBRAS ao vivo. Projeto estreia com o musical \u201cOu tudo ou nada\u201d.\" \/>\n<meta property=\"og:url\" content=\"https:\/\/inclusivenews.com.br\/?p=28901\" \/>\n<meta property=\"article:publisher\" content=\"https:\/\/www.facebook.com\/agenciainclusive\/\" \/>\n<meta property=\"article:published_time\" content=\"2016-02-26T17:30:52+00:00\" \/>\n<meta property=\"og:image\" content=\"http:\/\/i1.wp.com\/www.sopacultural.com\/wp-content\/uploads\/2016\/02\/unnamed-2-1-e1456247486596.jpg?resize=640%2C427\" \/>\n<meta name=\"author\" content=\"inclusivenews2024\" \/>\n<meta name=\"twitter:card\" content=\"summary_large_image\" \/>\n<meta name=\"twitter:label1\" content=\"Escrito por\" \/>\n\t<meta name=\"twitter:data1\" content=\"inclusivenews2024\" \/>\n\t<meta name=\"twitter:label2\" content=\"Tempo estimado de leitura\" \/>\n\t<meta name=\"twitter:data2\" content=\"5 minutos\" \/>\n<script type=\"application\/ld+json\" class=\"yoast-schema-graph\">{\"@context\":\"https:\\\/\\\/schema.org\",\"@graph\":[{\"@type\":\"Article\",\"@id\":\"https:\\\/\\\/inclusivenews.com.br\\\/?p=28901#article\",\"isPartOf\":{\"@id\":\"https:\\\/\\\/inclusivenews.com.br\\\/?p=28901\"},\"author\":{\"name\":\"inclusivenews2024\",\"@id\":\"https:\\\/\\\/inclusivenews.com.br\\\/#\\\/schema\\\/person\\\/ae4ec7087559b8692fb33b6fffd2273b\"},\"headline\":\"Projeto refer\u00eancia em acessibilidade no teatro \u00e9 apresentado no Imperator\",\"datePublished\":\"2016-02-26T17:30:52+00:00\",\"mainEntityOfPage\":{\"@id\":\"https:\\\/\\\/inclusivenews.com.br\\\/?p=28901\"},\"wordCount\":1055,\"commentCount\":0,\"publisher\":{\"@id\":\"https:\\\/\\\/inclusivenews.com.br\\\/#organization\"},\"image\":{\"@id\":\"https:\\\/\\\/inclusivenews.com.br\\\/?p=28901#primaryimage\"},\"thumbnailUrl\":\"http:\\\/\\\/i1.wp.com\\\/www.sopacultural.com\\\/wp-content\\\/uploads\\\/2016\\\/02\\\/unnamed-2-1-e1456247486596.jpg?resize=640%2C427\",\"keywords\":[\"Acessibilidade\",\"teatro\"],\"articleSection\":[\"ACESSIBILIDADE\",\"Cultura\",\"INCLUS\u00c3O SOCIAL\"],\"inLanguage\":\"pt-PT\",\"potentialAction\":[{\"@type\":\"CommentAction\",\"name\":\"Comment\",\"target\":[\"https:\\\/\\\/inclusivenews.com.br\\\/?p=28901#respond\"]}]},{\"@type\":\"WebPage\",\"@id\":\"https:\\\/\\\/inclusivenews.com.br\\\/?p=28901\",\"url\":\"https:\\\/\\\/inclusivenews.com.br\\\/?p=28901\",\"name\":\"Projeto refer\u00eancia em acessibilidade no teatro \u00e9 apresentado no Imperator -\",\"isPartOf\":{\"@id\":\"https:\\\/\\\/inclusivenews.com.br\\\/#website\"},\"primaryImageOfPage\":{\"@id\":\"https:\\\/\\\/inclusivenews.com.br\\\/?p=28901#primaryimage\"},\"image\":{\"@id\":\"https:\\\/\\\/inclusivenews.com.br\\\/?p=28901#primaryimage\"},\"thumbnailUrl\":\"http:\\\/\\\/i1.wp.com\\\/www.sopacultural.com\\\/wp-content\\\/uploads\\\/2016\\\/02\\\/unnamed-2-1-e1456247486596.jpg?resize=640%2C427\",\"datePublished\":\"2016-02-26T17:30:52+00:00\",\"breadcrumb\":{\"@id\":\"https:\\\/\\\/inclusivenews.com.br\\\/?p=28901#breadcrumb\"},\"inLanguage\":\"pt-PT\",\"potentialAction\":[{\"@type\":\"ReadAction\",\"target\":[\"https:\\\/\\\/inclusivenews.com.br\\\/?p=28901\"]}]},{\"@type\":\"ImageObject\",\"inLanguage\":\"pt-PT\",\"@id\":\"https:\\\/\\\/inclusivenews.com.br\\\/?p=28901#primaryimage\",\"url\":\"http:\\\/\\\/i1.wp.com\\\/www.sopacultural.com\\\/wp-content\\\/uploads\\\/2016\\\/02\\\/unnamed-2-1-e1456247486596.jpg?resize=640%2C427\",\"contentUrl\":\"http:\\\/\\\/i1.wp.com\\\/www.sopacultural.com\\\/wp-content\\\/uploads\\\/2016\\\/02\\\/unnamed-2-1-e1456247486596.jpg?resize=640%2C427\"},{\"@type\":\"BreadcrumbList\",\"@id\":\"https:\\\/\\\/inclusivenews.com.br\\\/?p=28901#breadcrumb\",\"itemListElement\":[{\"@type\":\"ListItem\",\"position\":1,\"name\":\"In\u00edcio\",\"item\":\"https:\\\/\\\/inclusivenews.com.br\\\/\"},{\"@type\":\"ListItem\",\"position\":2,\"name\":\"Projeto refer\u00eancia em acessibilidade no teatro \u00e9 apresentado no Imperator\"}]},{\"@type\":\"WebSite\",\"@id\":\"https:\\\/\\\/inclusivenews.com.br\\\/#website\",\"url\":\"https:\\\/\\\/inclusivenews.com.br\\\/\",\"name\":\"Inclusive News\",\"description\":\"Inclusive News\",\"publisher\":{\"@id\":\"https:\\\/\\\/inclusivenews.com.br\\\/#organization\"},\"potentialAction\":[{\"@type\":\"SearchAction\",\"target\":{\"@type\":\"EntryPoint\",\"urlTemplate\":\"https:\\\/\\\/inclusivenews.com.br\\\/?s={search_term_string}\"},\"query-input\":{\"@type\":\"PropertyValueSpecification\",\"valueRequired\":true,\"valueName\":\"search_term_string\"}}],\"inLanguage\":\"pt-PT\"},{\"@type\":\"Organization\",\"@id\":\"https:\\\/\\\/inclusivenews.com.br\\\/#organization\",\"name\":\"Inclusive - inclus\u00e3o e cidadania\",\"url\":\"https:\\\/\\\/inclusivenews.com.br\\\/\",\"logo\":{\"@type\":\"ImageObject\",\"inLanguage\":\"pt-PT\",\"@id\":\"https:\\\/\\\/inclusivenews.com.br\\\/#\\\/schema\\\/logo\\\/image\\\/\",\"url\":\"https:\\\/\\\/inclusivenews.com.br\\\/wp-content\\\/uploads\\\/2024\\\/03\\\/@grandesite.png\",\"contentUrl\":\"https:\\\/\\\/inclusivenews.com.br\\\/wp-content\\\/uploads\\\/2024\\\/03\\\/@grandesite.png\",\"width\":1080,\"height\":1080,\"caption\":\"Inclusive - inclus\u00e3o e cidadania\"},\"image\":{\"@id\":\"https:\\\/\\\/inclusivenews.com.br\\\/#\\\/schema\\\/logo\\\/image\\\/\"},\"sameAs\":[\"https:\\\/\\\/www.facebook.com\\\/agenciainclusive\\\/\",\"https:\\\/\\\/www.instagram.com\\\/newsinclusive\\\/\"]},{\"@type\":\"Person\",\"@id\":\"https:\\\/\\\/inclusivenews.com.br\\\/#\\\/schema\\\/person\\\/ae4ec7087559b8692fb33b6fffd2273b\",\"name\":\"inclusivenews2024\",\"image\":{\"@type\":\"ImageObject\",\"inLanguage\":\"pt-PT\",\"@id\":\"https:\\\/\\\/secure.gravatar.com\\\/avatar\\\/c5a7ef84c66fa914f55bc4f7ce26cfa275a3b9a1c5568b907bd184fb4dde7b40?s=96&d=mm&r=g\",\"url\":\"https:\\\/\\\/secure.gravatar.com\\\/avatar\\\/c5a7ef84c66fa914f55bc4f7ce26cfa275a3b9a1c5568b907bd184fb4dde7b40?s=96&d=mm&r=g\",\"contentUrl\":\"https:\\\/\\\/secure.gravatar.com\\\/avatar\\\/c5a7ef84c66fa914f55bc4f7ce26cfa275a3b9a1c5568b907bd184fb4dde7b40?s=96&d=mm&r=g\",\"caption\":\"inclusivenews2024\"},\"sameAs\":[\"https:\\\/\\\/inclusivenews.com.br\"],\"url\":\"https:\\\/\\\/inclusivenews.com.br\\\/?author=1\"}]}<\/script>\n<!-- \/ Yoast SEO plugin. -->","yoast_head_json":{"title":"Projeto refer\u00eancia em acessibilidade no teatro \u00e9 apresentado no Imperator -","robots":{"index":"index","follow":"follow","max-snippet":"max-snippet:-1","max-image-preview":"max-image-preview:large","max-video-preview":"max-video-preview:-1"},"canonical":"https:\/\/inclusivenews.com.br\/?p=28901","og_locale":"pt_PT","og_type":"article","og_title":"Projeto refer\u00eancia em acessibilidade no teatro \u00e9 apresentado no Imperator -","og_description":"Uma vez por m\u00eas, uma pe\u00e7a em cartaz ter\u00e1 audiodescri\u00e7\u00e3o, legendas e interpreta\u00e7\u00e3o em LIBRAS ao vivo. Projeto estreia com o musical \u201cOu tudo ou nada\u201d.","og_url":"https:\/\/inclusivenews.com.br\/?p=28901","article_publisher":"https:\/\/www.facebook.com\/agenciainclusive\/","article_published_time":"2016-02-26T17:30:52+00:00","og_image":[{"url":"http:\/\/i1.wp.com\/www.sopacultural.com\/wp-content\/uploads\/2016\/02\/unnamed-2-1-e1456247486596.jpg?resize=640%2C427","type":"","width":"","height":""}],"author":"inclusivenews2024","twitter_card":"summary_large_image","twitter_misc":{"Escrito por":"inclusivenews2024","Tempo estimado de leitura":"5 minutos"},"schema":{"@context":"https:\/\/schema.org","@graph":[{"@type":"Article","@id":"https:\/\/inclusivenews.com.br\/?p=28901#article","isPartOf":{"@id":"https:\/\/inclusivenews.com.br\/?p=28901"},"author":{"name":"inclusivenews2024","@id":"https:\/\/inclusivenews.com.br\/#\/schema\/person\/ae4ec7087559b8692fb33b6fffd2273b"},"headline":"Projeto refer\u00eancia em acessibilidade no teatro \u00e9 apresentado no Imperator","datePublished":"2016-02-26T17:30:52+00:00","mainEntityOfPage":{"@id":"https:\/\/inclusivenews.com.br\/?p=28901"},"wordCount":1055,"commentCount":0,"publisher":{"@id":"https:\/\/inclusivenews.com.br\/#organization"},"image":{"@id":"https:\/\/inclusivenews.com.br\/?p=28901#primaryimage"},"thumbnailUrl":"http:\/\/i1.wp.com\/www.sopacultural.com\/wp-content\/uploads\/2016\/02\/unnamed-2-1-e1456247486596.jpg?resize=640%2C427","keywords":["Acessibilidade","teatro"],"articleSection":["ACESSIBILIDADE","Cultura","INCLUS\u00c3O SOCIAL"],"inLanguage":"pt-PT","potentialAction":[{"@type":"CommentAction","name":"Comment","target":["https:\/\/inclusivenews.com.br\/?p=28901#respond"]}]},{"@type":"WebPage","@id":"https:\/\/inclusivenews.com.br\/?p=28901","url":"https:\/\/inclusivenews.com.br\/?p=28901","name":"Projeto refer\u00eancia em acessibilidade no teatro \u00e9 apresentado no Imperator -","isPartOf":{"@id":"https:\/\/inclusivenews.com.br\/#website"},"primaryImageOfPage":{"@id":"https:\/\/inclusivenews.com.br\/?p=28901#primaryimage"},"image":{"@id":"https:\/\/inclusivenews.com.br\/?p=28901#primaryimage"},"thumbnailUrl":"http:\/\/i1.wp.com\/www.sopacultural.com\/wp-content\/uploads\/2016\/02\/unnamed-2-1-e1456247486596.jpg?resize=640%2C427","datePublished":"2016-02-26T17:30:52+00:00","breadcrumb":{"@id":"https:\/\/inclusivenews.com.br\/?p=28901#breadcrumb"},"inLanguage":"pt-PT","potentialAction":[{"@type":"ReadAction","target":["https:\/\/inclusivenews.com.br\/?p=28901"]}]},{"@type":"ImageObject","inLanguage":"pt-PT","@id":"https:\/\/inclusivenews.com.br\/?p=28901#primaryimage","url":"http:\/\/i1.wp.com\/www.sopacultural.com\/wp-content\/uploads\/2016\/02\/unnamed-2-1-e1456247486596.jpg?resize=640%2C427","contentUrl":"http:\/\/i1.wp.com\/www.sopacultural.com\/wp-content\/uploads\/2016\/02\/unnamed-2-1-e1456247486596.jpg?resize=640%2C427"},{"@type":"BreadcrumbList","@id":"https:\/\/inclusivenews.com.br\/?p=28901#breadcrumb","itemListElement":[{"@type":"ListItem","position":1,"name":"In\u00edcio","item":"https:\/\/inclusivenews.com.br\/"},{"@type":"ListItem","position":2,"name":"Projeto refer\u00eancia em acessibilidade no teatro \u00e9 apresentado no Imperator"}]},{"@type":"WebSite","@id":"https:\/\/inclusivenews.com.br\/#website","url":"https:\/\/inclusivenews.com.br\/","name":"Inclusive News","description":"Inclusive News","publisher":{"@id":"https:\/\/inclusivenews.com.br\/#organization"},"potentialAction":[{"@type":"SearchAction","target":{"@type":"EntryPoint","urlTemplate":"https:\/\/inclusivenews.com.br\/?s={search_term_string}"},"query-input":{"@type":"PropertyValueSpecification","valueRequired":true,"valueName":"search_term_string"}}],"inLanguage":"pt-PT"},{"@type":"Organization","@id":"https:\/\/inclusivenews.com.br\/#organization","name":"Inclusive - inclus\u00e3o e cidadania","url":"https:\/\/inclusivenews.com.br\/","logo":{"@type":"ImageObject","inLanguage":"pt-PT","@id":"https:\/\/inclusivenews.com.br\/#\/schema\/logo\/image\/","url":"https:\/\/inclusivenews.com.br\/wp-content\/uploads\/2024\/03\/@grandesite.png","contentUrl":"https:\/\/inclusivenews.com.br\/wp-content\/uploads\/2024\/03\/@grandesite.png","width":1080,"height":1080,"caption":"Inclusive - inclus\u00e3o e cidadania"},"image":{"@id":"https:\/\/inclusivenews.com.br\/#\/schema\/logo\/image\/"},"sameAs":["https:\/\/www.facebook.com\/agenciainclusive\/","https:\/\/www.instagram.com\/newsinclusive\/"]},{"@type":"Person","@id":"https:\/\/inclusivenews.com.br\/#\/schema\/person\/ae4ec7087559b8692fb33b6fffd2273b","name":"inclusivenews2024","image":{"@type":"ImageObject","inLanguage":"pt-PT","@id":"https:\/\/secure.gravatar.com\/avatar\/c5a7ef84c66fa914f55bc4f7ce26cfa275a3b9a1c5568b907bd184fb4dde7b40?s=96&d=mm&r=g","url":"https:\/\/secure.gravatar.com\/avatar\/c5a7ef84c66fa914f55bc4f7ce26cfa275a3b9a1c5568b907bd184fb4dde7b40?s=96&d=mm&r=g","contentUrl":"https:\/\/secure.gravatar.com\/avatar\/c5a7ef84c66fa914f55bc4f7ce26cfa275a3b9a1c5568b907bd184fb4dde7b40?s=96&d=mm&r=g","caption":"inclusivenews2024"},"sameAs":["https:\/\/inclusivenews.com.br"],"url":"https:\/\/inclusivenews.com.br\/?author=1"}]}},"_links":{"self":[{"href":"https:\/\/inclusivenews.com.br\/index.php?rest_route=\/wp\/v2\/posts\/28901","targetHints":{"allow":["GET"]}}],"collection":[{"href":"https:\/\/inclusivenews.com.br\/index.php?rest_route=\/wp\/v2\/posts"}],"about":[{"href":"https:\/\/inclusivenews.com.br\/index.php?rest_route=\/wp\/v2\/types\/post"}],"author":[{"embeddable":true,"href":"https:\/\/inclusivenews.com.br\/index.php?rest_route=\/wp\/v2\/users\/1"}],"replies":[{"embeddable":true,"href":"https:\/\/inclusivenews.com.br\/index.php?rest_route=%2Fwp%2Fv2%2Fcomments&post=28901"}],"version-history":[{"count":0,"href":"https:\/\/inclusivenews.com.br\/index.php?rest_route=\/wp\/v2\/posts\/28901\/revisions"}],"wp:attachment":[{"href":"https:\/\/inclusivenews.com.br\/index.php?rest_route=%2Fwp%2Fv2%2Fmedia&parent=28901"}],"wp:term":[{"taxonomy":"category","embeddable":true,"href":"https:\/\/inclusivenews.com.br\/index.php?rest_route=%2Fwp%2Fv2%2Fcategories&post=28901"},{"taxonomy":"post_tag","embeddable":true,"href":"https:\/\/inclusivenews.com.br\/index.php?rest_route=%2Fwp%2Fv2%2Ftags&post=28901"}],"curies":[{"name":"wp","href":"https:\/\/api.w.org\/{rel}","templated":true}]}}