{"id":28911,"date":"2016-03-02T07:55:22","date_gmt":"2016-03-02T10:55:22","guid":{"rendered":"http:\/\/www.inclusive.org.br\/?p=28911"},"modified":"2016-03-02T07:55:22","modified_gmt":"2016-03-02T10:55:22","slug":"o-que-e-e-como-lidar-com-um-paralisado-cerebral","status":"publish","type":"post","link":"https:\/\/inclusivenews.com.br\/?p=28911","title":{"rendered":"O que \u00e9 e como lidar com um paralisado cerebral"},"content":{"rendered":"<figure style=\"width: 299px\" class=\"wp-caption alignleft\"><img loading=\"lazy\" decoding=\"async\" title=\"Suely Satow sorrindo em um ambiente interno, provavelmente um restaurante\" alt=\"Suely Satow sorrindo em um ambiente interno, provavelmente um restaurante\" src=\"http:\/\/assimcomovoce.folha.blog.uol.com.br\/images\/suely.jpg\" width=\"299\" height=\"224\" \/><figcaption class=\"wp-caption-text\">Foto: Folha de S\u00e3o Paulo &#8211; Assim Como Voc\u00ea<\/figcaption><\/figure>\n<p><em>Por Suely H. Satow<\/em><\/p>\n<p>O que \u00e9 a paralisia cerebral<\/p>\n<p>O que \u00e9 a paralisia cerebral? Segundo Karel Bobath (1979, p.11), \u201c\u00e9 o resultado de uma les\u00e3o ou mau desenvolvimento do c\u00e9rebro, de car\u00e1ter n\u00e3o-progressivo e existindo desde a inf\u00e2ncia. A defici\u00eancia motora expressa-se em padr\u00f5es anormais de postura e movimentos,associados com um t\u00f4nus postural anormal. A les\u00e3o que atinge o c\u00e9rebro quando ainda \u00e9 imaturo interfere com o desenvolvimento motor normal da crian\u00e7a\u201d1.<\/p>\n<p>Causas<\/p>\n<p>As causas mais frequentes s\u00e3o a an\u00f3xia ou hip\u00f3xia (falta de oxigena\u00e7\u00e3o no c\u00e9rebro) que se d\u00e1: (1) antes do nascimento da crian\u00e7a, por doen\u00e7as virais como a rub\u00e9ola, o sarampo etc., por exposi\u00e7\u00e3o ao raio-x, por incompatibilidade sangu\u00ednea dos pais, por um acidente sofrido pela gestante etc.; (2) em decorr\u00eancia do sofrimento da crian\u00e7a durante o parto causando falta de oxigena\u00e7\u00e3o no c\u00e9rebro da mesma e assim matando alguns neur\u00f4nios: (3) durante o amadurecimento completo do c\u00e9rebro da crian\u00e7a, quando esta sofre um acidente batendo a cabe\u00e7a, quando fica com meningite, icter\u00edcia forte etc. Segundo os especialistas 80% das crian\u00e7as ficam com as sequelas da paralisia cerebral na hora do nascimento e h\u00e1 controv\u00e9rsias quanto ao item 3 entrar ou n\u00e3o nas causas da pc.<\/p>\n<p>Tipos<\/p>\n<p>H\u00e1 os tipos atetoide, no qual a crian\u00e7a apresenta muitos movimentos involunt\u00e1rios; esp\u00e1stica, em que os m\u00fasculos ficam retesados, deixando a crian\u00e7a\u201cdura\u201d; ataxica \u00e9 quando a crian\u00e7a n\u00e3o apresenta equil\u00edbrio e anda feito \u201cb\u00eabado\u201d; e a mista quando a crian\u00e7a apresenta os tipos misturados. H\u00e1, al\u00e9m disso, as que apresentam hiper ou hipotonia.<\/p>\n<p>A paralisia cerebral n\u00e3o \u00e9 heredit\u00e1ria, n\u00e3o \u00e9 doen\u00e7a (\u00e9 sequela) e n\u00e3o \u00e9 contagiosa, pois neur\u00f4nio morto n\u00e3o contamina ningu\u00e9m.<br \/>\nQuanto mais cedo essa crian\u00e7a for estimulada, menores ser\u00e3o as sequelas. Se a crian\u00e7a for superprotegida, ficar trancada em casa ou em institui\u00e7\u00e3o e n\u00e3o tiver est\u00edmulos externos, tratamentos fisioter\u00e1picos, de terapia ocupacional, fonoaudiol\u00f3gicos, neurol\u00f3gicos etc., n\u00e3o receber incentivos para a sua educa\u00e7\u00e3o e uma conviv\u00eancia social, as sequelas poder\u00e3o se intensificar com os anos. As sequelas s\u00e3o variadas, dependendo do local onde o c\u00e9rebro foi atingido. As principais s\u00e3o dificuldades na fala, falta de movimentos volunt\u00e1rios finos e retra\u00e7\u00e3o dos m\u00fasculos, causando uma imagem diferenciada das pessoas \u201ccomuns\u201d. Sendo assim \u00e9 f\u00e1cil de dar o r\u00f3tulo de deficientes intelectuais a n\u00f3s.<\/p>\n<p>Como agir quando se encontrar com um paralisado cerebral?<\/p>\n<p>1- Quando encontrar com um deficiente pergunte qual \u00e9 a sua defici\u00eancia, porque nem todos que est\u00e3o em cadeira de rodas s\u00e3o lesados medulares.<\/p>\n<p>2- Quando se encontrar com um pc, n\u00e3o estranhe os trejeitos dele, que \u00e9 decorrente de movimentos involunt\u00e1rios, espasticidade, dificuldade na fala, baba e outros e aja naturalmente com ele. Afinal das contas, ele \u00e9 um ser humano como todas as pessoas da sociedade, ou seja, tem sentimentos, compreens\u00e3o e capacidades.<\/p>\n<p>3- Se voc\u00ea tiver dificuldade de entender o que ele est\u00e1 falando, pergunte-lhe novamente. Se ele n\u00e3o tiver condi\u00e7\u00f5es de fala, procure outro caminho como o olhar, gestos, sorrisos etc. Na escola, h\u00e1 v\u00e1rias tecnologias de comunica\u00e7\u00e3o alternativas como o sistema Bliss, o PCS e outras, portanto, ele pode estudar e aprender como qualquer outro aluno.<\/p>\n<p>4- N\u00e3o se dirija a seu acompanhante, quando ele estiver junto. Ele sabe responder \u00e0 sua pergunta ou conversar normalmente com voc\u00ea, porque ele n\u00e3o \u00e9 crian\u00e7a e sua capacidade de entendimento est\u00e1 intacta na grande maioria dos casos.<\/p>\n<p>5- N\u00e3o o trate como a uma crian\u00e7a. O seu desenvolvimento \u00e9 normal, como todas as pessoas ditas \u201cnormais\u201d. Ele fica adolescente, adulto e velho como todos. H\u00e1 pessoas que os veem como eternas crian\u00e7as, o que n\u00e3o \u00e9 verdade.<\/p>\n<p>6- Nem todos os pcs est\u00e3o em cadeira de rodas. H\u00e1 pcs que conseguem andar e quando andam, n\u00e3o diga \u201cmas nem parece!\u201d, como se a defici\u00eancia n\u00e3o estivesse l\u00e1.<\/p>\n<p>7- N\u00e3o trate um pc como doente, porque ele n\u00e3o o \u00e9. Como se l\u00ea acima, a pc n\u00e3o \u00e9 doen\u00e7a, n\u00e3o \u00e9 contagiosa e n\u00e3o \u00e9 heredit\u00e1ria. Ela \u00e9 consequ\u00eancia de um acidente .<\/p>\n<p>8- N\u00e3o olhe para um pc como um ser de outro mundo, pois existem v\u00e1rios no Brasil e no mundo, como se l\u00ea acima.<\/p>\n<p>9- N\u00e3o tenha medo de se aproximar de uma pessoa que use \u00f3rtese (aparelhos, bengalas, cadeira de rodas e outros acess\u00f3rios) N\u00e3o confundir com pr\u00f3tese (bra\u00e7os e pernas mec\u00e2nicas, ou qualquer outro aparelho que substitua \u00f3rg\u00e3os ou membros) pois ele ajuda a quem o usa para melhorar na sua postura, no andar etc. Se tiver curiosidade, n\u00e3o o mexa sem antes perguntar para quem o usa mesmo sendo ele uma crian\u00e7a.<\/p>\n<p>10- N\u00e3o exija rapidez de um pc, pois ele n\u00e3o a tem, porque seus movimentos finos est\u00e3o comprometidos, na maioria dos casos, mas h\u00e1 maneiras de supri-las.<\/p>\n<p>11- N\u00e3o haja com piedade frente ao pc, mas como uma pessoa que ele \u00e9, pois a maioria n\u00e3o exige maiores cuidados, mas sim, companheirismo e acessibilidade adequada. Convide-o para festas, passeios etc, pois ele tamb\u00e9m gosta de se divertir, faz anivers\u00e1rio, namora, estuda, viaja etc. como todos os \u201cnormais\u201d.<\/p>\n<p>12- Quando quiser ajudar um pc, pergunte de que maneira poder\u00e1 ajuda-lo, antes de faz\u00ea-lo.<\/p>\n<p>13- Os pcs apresentam uma rea\u00e7\u00e3o parecida com o reflexo de Moro, onde eles \u201cpulam\u201d quando levam um susto, devido a sons altos e s\u00fabitos, ilumina\u00e7\u00e3o forte e s\u00fabita etc.<\/p>\n<p>14- Diferente da maioria dos sequelados de lesados medulares, os pcs sentem dor., calor etc.<\/p>\n<p>15- As palavras que n\u00e3o se pode dizer a um PC s\u00e3o: calma, cuidado, relaxe, n\u00e3o caia, \u00e9 perigoso, fique quieto(a) e n\u00e3o se mexa. Estas palavras provocam mais retesamento (espasmos) nos m\u00fasculos de um(a) PC., pois ele(a) ir\u00e1 se esfor\u00e7ar para ficar neste estado e o comando cerebral ir\u00e1 ser o oposto da do desejado. Ainda, se o PC tiver medo de algo, como subir ou descer uma escada, de escorregar num piso molhado ou esburacado ou escorregadio, ele ir\u00e1 ter mais contra\u00e7\u00e3o muscular (espasmos) e assim n\u00e3o ir\u00e1 ter muito ou nenhum controle de seus movimentos volunt\u00e1rios.<\/p>\n<p>16- N\u00e3o olhe para um pc com preconceito, pois ele \u00e9 capaz de \u201cler\u201d no seu olhar, pequenos gestos e\/ou palavras ditas (at\u00e9 inconscientemente).<\/p>\n<p>17- Enfim, trate-o e olhe-o com respeito, como uma pessoa como as outras, pois ele \u00e9 como as outras que apresenta uma diferen\u00e7a, que \u00e9 a pc.<\/p>\n<p>1- Nota: 1 BOBATH, Karel. A defici\u00eancia motora em pacientes com paralisia cerebral. S\u00e3o Paulo: Manole, 1979.<\/p>\n<p><em>Suely H Satow \u00e9 pc., bacharel em Filosofia e comunica\u00e7\u00e3o social pela PUC-SP; mestre e doutora em psicologia social pela PUC-SP (1994), sempre pesquisando a identidade dos deficientes f\u00edsicos, especialmente a dos pc. \u00c9 tamb\u00e9m especialista em inclus\u00e3o social de pessoas com defici\u00eancia pela Universidade de Salamanca (Espanha). \u00c9 autora dos livros 1- Paralisado cerebral: constru\u00e7\u00e3o da identidade na exclus\u00e3o e 2- Mem\u00f3rias de uma inclu\u00edda pela exclus\u00e3o.<\/em><\/p>\n<p><em>Contato:<a href=\"mailto:shsatow@uol.com.br\">shsatow@uol.com.br<\/a><\/em><\/p>\n","protected":false},"excerpt":{"rendered":"<p>Neste artigo, Suely H. Satow explica o que \u00e9 a paralisia cerebral e d\u00e1 importantes dicas de conviv\u00eancia.<\/p>\n","protected":false},"author":1,"featured_media":0,"comment_status":"open","ping_status":"open","sticky":false,"template":"","format":"standard","meta":{"site-container-style":"default","site-container-layout":"default","site-sidebar-layout":"default","disable-article-header":"default","disable-site-header":"default","disable-site-footer":"default","disable-content-area-spacing":"default","footnotes":""},"categories":[4],"tags":[363,281],"class_list":["post-28911","post","type-post","status-publish","format-standard","hentry","category-noticias","tag-dicas-de-convicencia","tag-paralisia-cerebral"],"yoast_head":"<!-- This site is optimized with the Yoast SEO plugin v27.4 - https:\/\/yoast.com\/product\/yoast-seo-wordpress\/ -->\n<title>O que \u00e9 e como lidar com um paralisado cerebral -<\/title>\n<meta name=\"robots\" content=\"index, follow, max-snippet:-1, max-image-preview:large, max-video-preview:-1\" \/>\n<link rel=\"canonical\" href=\"https:\/\/inclusivenews.com.br\/?p=28911\" \/>\n<meta property=\"og:locale\" content=\"pt_PT\" \/>\n<meta property=\"og:type\" content=\"article\" \/>\n<meta property=\"og:title\" content=\"O que \u00e9 e como lidar com um paralisado cerebral -\" \/>\n<meta property=\"og:description\" content=\"Neste artigo, Suely H. Satow explica o que \u00e9 a paralisia cerebral e d\u00e1 importantes dicas de conviv\u00eancia.\" \/>\n<meta property=\"og:url\" content=\"https:\/\/inclusivenews.com.br\/?p=28911\" \/>\n<meta property=\"article:publisher\" content=\"https:\/\/www.facebook.com\/agenciainclusive\/\" \/>\n<meta property=\"article:published_time\" content=\"2016-03-02T10:55:22+00:00\" \/>\n<meta property=\"og:image\" content=\"http:\/\/assimcomovoce.folha.blog.uol.com.br\/images\/suely.jpg\" \/>\n<meta name=\"author\" content=\"inclusivenews2024\" \/>\n<meta name=\"twitter:card\" content=\"summary_large_image\" \/>\n<meta name=\"twitter:label1\" content=\"Escrito por\" \/>\n\t<meta name=\"twitter:data1\" content=\"inclusivenews2024\" \/>\n\t<meta name=\"twitter:label2\" content=\"Tempo estimado de leitura\" \/>\n\t<meta name=\"twitter:data2\" content=\"6 minutos\" \/>\n<script type=\"application\/ld+json\" class=\"yoast-schema-graph\">{\"@context\":\"https:\\\/\\\/schema.org\",\"@graph\":[{\"@type\":\"Article\",\"@id\":\"https:\\\/\\\/inclusivenews.com.br\\\/?p=28911#article\",\"isPartOf\":{\"@id\":\"https:\\\/\\\/inclusivenews.com.br\\\/?p=28911\"},\"author\":{\"name\":\"inclusivenews2024\",\"@id\":\"https:\\\/\\\/inclusivenews.com.br\\\/#\\\/schema\\\/person\\\/ae4ec7087559b8692fb33b6fffd2273b\"},\"headline\":\"O que \u00e9 e como lidar com um paralisado cerebral\",\"datePublished\":\"2016-03-02T10:55:22+00:00\",\"mainEntityOfPage\":{\"@id\":\"https:\\\/\\\/inclusivenews.com.br\\\/?p=28911\"},\"wordCount\":1274,\"commentCount\":1,\"publisher\":{\"@id\":\"https:\\\/\\\/inclusivenews.com.br\\\/#organization\"},\"image\":{\"@id\":\"https:\\\/\\\/inclusivenews.com.br\\\/?p=28911#primaryimage\"},\"thumbnailUrl\":\"http:\\\/\\\/assimcomovoce.folha.blog.uol.com.br\\\/images\\\/suely.jpg\",\"keywords\":[\"dicas de convic\u00eancia\",\"paralisia cerebral\"],\"articleSection\":[\"NOT\u00cdCIAS\"],\"inLanguage\":\"pt-PT\",\"potentialAction\":[{\"@type\":\"CommentAction\",\"name\":\"Comment\",\"target\":[\"https:\\\/\\\/inclusivenews.com.br\\\/?p=28911#respond\"]}]},{\"@type\":\"WebPage\",\"@id\":\"https:\\\/\\\/inclusivenews.com.br\\\/?p=28911\",\"url\":\"https:\\\/\\\/inclusivenews.com.br\\\/?p=28911\",\"name\":\"O que \u00e9 e como lidar com um paralisado cerebral -\",\"isPartOf\":{\"@id\":\"https:\\\/\\\/inclusivenews.com.br\\\/#website\"},\"primaryImageOfPage\":{\"@id\":\"https:\\\/\\\/inclusivenews.com.br\\\/?p=28911#primaryimage\"},\"image\":{\"@id\":\"https:\\\/\\\/inclusivenews.com.br\\\/?p=28911#primaryimage\"},\"thumbnailUrl\":\"http:\\\/\\\/assimcomovoce.folha.blog.uol.com.br\\\/images\\\/suely.jpg\",\"datePublished\":\"2016-03-02T10:55:22+00:00\",\"breadcrumb\":{\"@id\":\"https:\\\/\\\/inclusivenews.com.br\\\/?p=28911#breadcrumb\"},\"inLanguage\":\"pt-PT\",\"potentialAction\":[{\"@type\":\"ReadAction\",\"target\":[\"https:\\\/\\\/inclusivenews.com.br\\\/?p=28911\"]}]},{\"@type\":\"ImageObject\",\"inLanguage\":\"pt-PT\",\"@id\":\"https:\\\/\\\/inclusivenews.com.br\\\/?p=28911#primaryimage\",\"url\":\"http:\\\/\\\/assimcomovoce.folha.blog.uol.com.br\\\/images\\\/suely.jpg\",\"contentUrl\":\"http:\\\/\\\/assimcomovoce.folha.blog.uol.com.br\\\/images\\\/suely.jpg\"},{\"@type\":\"BreadcrumbList\",\"@id\":\"https:\\\/\\\/inclusivenews.com.br\\\/?p=28911#breadcrumb\",\"itemListElement\":[{\"@type\":\"ListItem\",\"position\":1,\"name\":\"In\u00edcio\",\"item\":\"https:\\\/\\\/inclusivenews.com.br\\\/\"},{\"@type\":\"ListItem\",\"position\":2,\"name\":\"O que \u00e9 e como lidar com um paralisado cerebral\"}]},{\"@type\":\"WebSite\",\"@id\":\"https:\\\/\\\/inclusivenews.com.br\\\/#website\",\"url\":\"https:\\\/\\\/inclusivenews.com.br\\\/\",\"name\":\"Inclusive News\",\"description\":\"Inclusive News\",\"publisher\":{\"@id\":\"https:\\\/\\\/inclusivenews.com.br\\\/#organization\"},\"potentialAction\":[{\"@type\":\"SearchAction\",\"target\":{\"@type\":\"EntryPoint\",\"urlTemplate\":\"https:\\\/\\\/inclusivenews.com.br\\\/?s={search_term_string}\"},\"query-input\":{\"@type\":\"PropertyValueSpecification\",\"valueRequired\":true,\"valueName\":\"search_term_string\"}}],\"inLanguage\":\"pt-PT\"},{\"@type\":\"Organization\",\"@id\":\"https:\\\/\\\/inclusivenews.com.br\\\/#organization\",\"name\":\"Inclusive - inclus\u00e3o e cidadania\",\"url\":\"https:\\\/\\\/inclusivenews.com.br\\\/\",\"logo\":{\"@type\":\"ImageObject\",\"inLanguage\":\"pt-PT\",\"@id\":\"https:\\\/\\\/inclusivenews.com.br\\\/#\\\/schema\\\/logo\\\/image\\\/\",\"url\":\"https:\\\/\\\/inclusivenews.com.br\\\/wp-content\\\/uploads\\\/2024\\\/03\\\/@grandesite.png\",\"contentUrl\":\"https:\\\/\\\/inclusivenews.com.br\\\/wp-content\\\/uploads\\\/2024\\\/03\\\/@grandesite.png\",\"width\":1080,\"height\":1080,\"caption\":\"Inclusive - inclus\u00e3o e cidadania\"},\"image\":{\"@id\":\"https:\\\/\\\/inclusivenews.com.br\\\/#\\\/schema\\\/logo\\\/image\\\/\"},\"sameAs\":[\"https:\\\/\\\/www.facebook.com\\\/agenciainclusive\\\/\",\"https:\\\/\\\/www.instagram.com\\\/newsinclusive\\\/\"]},{\"@type\":\"Person\",\"@id\":\"https:\\\/\\\/inclusivenews.com.br\\\/#\\\/schema\\\/person\\\/ae4ec7087559b8692fb33b6fffd2273b\",\"name\":\"inclusivenews2024\",\"image\":{\"@type\":\"ImageObject\",\"inLanguage\":\"pt-PT\",\"@id\":\"https:\\\/\\\/secure.gravatar.com\\\/avatar\\\/c5a7ef84c66fa914f55bc4f7ce26cfa275a3b9a1c5568b907bd184fb4dde7b40?s=96&d=mm&r=g\",\"url\":\"https:\\\/\\\/secure.gravatar.com\\\/avatar\\\/c5a7ef84c66fa914f55bc4f7ce26cfa275a3b9a1c5568b907bd184fb4dde7b40?s=96&d=mm&r=g\",\"contentUrl\":\"https:\\\/\\\/secure.gravatar.com\\\/avatar\\\/c5a7ef84c66fa914f55bc4f7ce26cfa275a3b9a1c5568b907bd184fb4dde7b40?s=96&d=mm&r=g\",\"caption\":\"inclusivenews2024\"},\"sameAs\":[\"https:\\\/\\\/inclusivenews.com.br\"],\"url\":\"https:\\\/\\\/inclusivenews.com.br\\\/?author=1\"}]}<\/script>\n<!-- \/ Yoast SEO plugin. -->","yoast_head_json":{"title":"O que \u00e9 e como lidar com um paralisado cerebral -","robots":{"index":"index","follow":"follow","max-snippet":"max-snippet:-1","max-image-preview":"max-image-preview:large","max-video-preview":"max-video-preview:-1"},"canonical":"https:\/\/inclusivenews.com.br\/?p=28911","og_locale":"pt_PT","og_type":"article","og_title":"O que \u00e9 e como lidar com um paralisado cerebral -","og_description":"Neste artigo, Suely H. Satow explica o que \u00e9 a paralisia cerebral e d\u00e1 importantes dicas de conviv\u00eancia.","og_url":"https:\/\/inclusivenews.com.br\/?p=28911","article_publisher":"https:\/\/www.facebook.com\/agenciainclusive\/","article_published_time":"2016-03-02T10:55:22+00:00","og_image":[{"url":"http:\/\/assimcomovoce.folha.blog.uol.com.br\/images\/suely.jpg","type":"","width":"","height":""}],"author":"inclusivenews2024","twitter_card":"summary_large_image","twitter_misc":{"Escrito por":"inclusivenews2024","Tempo estimado de leitura":"6 minutos"},"schema":{"@context":"https:\/\/schema.org","@graph":[{"@type":"Article","@id":"https:\/\/inclusivenews.com.br\/?p=28911#article","isPartOf":{"@id":"https:\/\/inclusivenews.com.br\/?p=28911"},"author":{"name":"inclusivenews2024","@id":"https:\/\/inclusivenews.com.br\/#\/schema\/person\/ae4ec7087559b8692fb33b6fffd2273b"},"headline":"O que \u00e9 e como lidar com um paralisado cerebral","datePublished":"2016-03-02T10:55:22+00:00","mainEntityOfPage":{"@id":"https:\/\/inclusivenews.com.br\/?p=28911"},"wordCount":1274,"commentCount":1,"publisher":{"@id":"https:\/\/inclusivenews.com.br\/#organization"},"image":{"@id":"https:\/\/inclusivenews.com.br\/?p=28911#primaryimage"},"thumbnailUrl":"http:\/\/assimcomovoce.folha.blog.uol.com.br\/images\/suely.jpg","keywords":["dicas de convic\u00eancia","paralisia cerebral"],"articleSection":["NOT\u00cdCIAS"],"inLanguage":"pt-PT","potentialAction":[{"@type":"CommentAction","name":"Comment","target":["https:\/\/inclusivenews.com.br\/?p=28911#respond"]}]},{"@type":"WebPage","@id":"https:\/\/inclusivenews.com.br\/?p=28911","url":"https:\/\/inclusivenews.com.br\/?p=28911","name":"O que \u00e9 e como lidar com um paralisado cerebral -","isPartOf":{"@id":"https:\/\/inclusivenews.com.br\/#website"},"primaryImageOfPage":{"@id":"https:\/\/inclusivenews.com.br\/?p=28911#primaryimage"},"image":{"@id":"https:\/\/inclusivenews.com.br\/?p=28911#primaryimage"},"thumbnailUrl":"http:\/\/assimcomovoce.folha.blog.uol.com.br\/images\/suely.jpg","datePublished":"2016-03-02T10:55:22+00:00","breadcrumb":{"@id":"https:\/\/inclusivenews.com.br\/?p=28911#breadcrumb"},"inLanguage":"pt-PT","potentialAction":[{"@type":"ReadAction","target":["https:\/\/inclusivenews.com.br\/?p=28911"]}]},{"@type":"ImageObject","inLanguage":"pt-PT","@id":"https:\/\/inclusivenews.com.br\/?p=28911#primaryimage","url":"http:\/\/assimcomovoce.folha.blog.uol.com.br\/images\/suely.jpg","contentUrl":"http:\/\/assimcomovoce.folha.blog.uol.com.br\/images\/suely.jpg"},{"@type":"BreadcrumbList","@id":"https:\/\/inclusivenews.com.br\/?p=28911#breadcrumb","itemListElement":[{"@type":"ListItem","position":1,"name":"In\u00edcio","item":"https:\/\/inclusivenews.com.br\/"},{"@type":"ListItem","position":2,"name":"O que \u00e9 e como lidar com um paralisado cerebral"}]},{"@type":"WebSite","@id":"https:\/\/inclusivenews.com.br\/#website","url":"https:\/\/inclusivenews.com.br\/","name":"Inclusive News","description":"Inclusive News","publisher":{"@id":"https:\/\/inclusivenews.com.br\/#organization"},"potentialAction":[{"@type":"SearchAction","target":{"@type":"EntryPoint","urlTemplate":"https:\/\/inclusivenews.com.br\/?s={search_term_string}"},"query-input":{"@type":"PropertyValueSpecification","valueRequired":true,"valueName":"search_term_string"}}],"inLanguage":"pt-PT"},{"@type":"Organization","@id":"https:\/\/inclusivenews.com.br\/#organization","name":"Inclusive - inclus\u00e3o e cidadania","url":"https:\/\/inclusivenews.com.br\/","logo":{"@type":"ImageObject","inLanguage":"pt-PT","@id":"https:\/\/inclusivenews.com.br\/#\/schema\/logo\/image\/","url":"https:\/\/inclusivenews.com.br\/wp-content\/uploads\/2024\/03\/@grandesite.png","contentUrl":"https:\/\/inclusivenews.com.br\/wp-content\/uploads\/2024\/03\/@grandesite.png","width":1080,"height":1080,"caption":"Inclusive - inclus\u00e3o e cidadania"},"image":{"@id":"https:\/\/inclusivenews.com.br\/#\/schema\/logo\/image\/"},"sameAs":["https:\/\/www.facebook.com\/agenciainclusive\/","https:\/\/www.instagram.com\/newsinclusive\/"]},{"@type":"Person","@id":"https:\/\/inclusivenews.com.br\/#\/schema\/person\/ae4ec7087559b8692fb33b6fffd2273b","name":"inclusivenews2024","image":{"@type":"ImageObject","inLanguage":"pt-PT","@id":"https:\/\/secure.gravatar.com\/avatar\/c5a7ef84c66fa914f55bc4f7ce26cfa275a3b9a1c5568b907bd184fb4dde7b40?s=96&d=mm&r=g","url":"https:\/\/secure.gravatar.com\/avatar\/c5a7ef84c66fa914f55bc4f7ce26cfa275a3b9a1c5568b907bd184fb4dde7b40?s=96&d=mm&r=g","contentUrl":"https:\/\/secure.gravatar.com\/avatar\/c5a7ef84c66fa914f55bc4f7ce26cfa275a3b9a1c5568b907bd184fb4dde7b40?s=96&d=mm&r=g","caption":"inclusivenews2024"},"sameAs":["https:\/\/inclusivenews.com.br"],"url":"https:\/\/inclusivenews.com.br\/?author=1"}]}},"_links":{"self":[{"href":"https:\/\/inclusivenews.com.br\/index.php?rest_route=\/wp\/v2\/posts\/28911","targetHints":{"allow":["GET"]}}],"collection":[{"href":"https:\/\/inclusivenews.com.br\/index.php?rest_route=\/wp\/v2\/posts"}],"about":[{"href":"https:\/\/inclusivenews.com.br\/index.php?rest_route=\/wp\/v2\/types\/post"}],"author":[{"embeddable":true,"href":"https:\/\/inclusivenews.com.br\/index.php?rest_route=\/wp\/v2\/users\/1"}],"replies":[{"embeddable":true,"href":"https:\/\/inclusivenews.com.br\/index.php?rest_route=%2Fwp%2Fv2%2Fcomments&post=28911"}],"version-history":[{"count":0,"href":"https:\/\/inclusivenews.com.br\/index.php?rest_route=\/wp\/v2\/posts\/28911\/revisions"}],"wp:attachment":[{"href":"https:\/\/inclusivenews.com.br\/index.php?rest_route=%2Fwp%2Fv2%2Fmedia&parent=28911"}],"wp:term":[{"taxonomy":"category","embeddable":true,"href":"https:\/\/inclusivenews.com.br\/index.php?rest_route=%2Fwp%2Fv2%2Fcategories&post=28911"},{"taxonomy":"post_tag","embeddable":true,"href":"https:\/\/inclusivenews.com.br\/index.php?rest_route=%2Fwp%2Fv2%2Ftags&post=28911"}],"curies":[{"name":"wp","href":"https:\/\/api.w.org\/{rel}","templated":true}]}}