{"id":28913,"date":"2016-03-02T13:01:31","date_gmt":"2016-03-02T16:01:31","guid":{"rendered":"http:\/\/www.inclusive.org.br\/?p=28913"},"modified":"2016-03-02T13:01:31","modified_gmt":"2016-03-02T16:01:31","slug":"atravessando-o-escuro","status":"publish","type":"post","link":"https:\/\/inclusivenews.com.br\/?p=28913","title":{"rendered":"Atravessando o Escuro"},"content":{"rendered":"<p><img decoding=\"async\" alt=\"\" src=\"https:\/\/cdn-images-1.medium.com\/max\/800\/1*kdc6DSCZOOjXVhPpMp13nQ.jpeg\" \/><\/p>\n<p>&nbsp;<\/p>\n<p id=\"d874\">Por Marcos Weiss Bliacheris<\/p>\n<p>&nbsp;<\/p>\n<p>A exposi\u00e7\u00e3o \u201cDi\u00e1logo no Escuro\u201d nos convida a passar quarenta e cinco minutos no escuro, fazendo um trajeto pela cidade como se fossemos cegos, permitindo-nos colocar no lugar de outro.<\/p>\n<p id=\"965f\">Quem se disp\u00f5e a enfrentar este teste de se colocar no lugar de uma pessoa com defici\u00eancia visual, um cego, vive uma rara experi\u00eancia. Uma experi\u00eancia que continua muito al\u00e9m do curto espa\u00e7o de tempo em que a vivemos.<\/p>\n<p id=\"c659\">A mostra itinerante, que est\u00e1 aberta \u00e0 visita\u00e7\u00e3o em S\u00e3o Paulo e no Rio de Janeiro, foi criada na Alemanha e visitada por mais de 8 milh\u00f5es de pessoas em todo o mundo, em mais de 30 pela Europa, \u00c1sia, Oriente M\u00e9dio, \u00c1frica e Am\u00e9rica. \u00c9 permanente na Alemanha e em Israel. Tamb\u00e9m \u00e9 respons\u00e1vel por gerar empregos para pessoas com defici\u00eancia visual por todos os lugares onde passa.<\/p>\n<p id=\"65a1\">Em S\u00e3o Paulo, estar\u00e1 at\u00e9 julho no UNIBES Cultural. N\u00e3o foi a primeira vez que fui a este local. J\u00e1 havia estado l\u00e1 antes, quando ainda sediava o Centro de Cultura Judaica. Gosto da bonita esta\u00e7\u00e3o de metr\u00f4 que lhe d\u00e1 acesso, o pr\u00e9dio \u00e9 muito bonito, estou familiarizado com o local. Mas, dessa vez, a visita e as sensa\u00e7\u00f5es vividas eram tudo, menos familiares.<\/p>\n<p id=\"8d56\">Na exposi\u00e7\u00e3o, tamb\u00e9m chamada de mostra sensorial, vamos entrando gradualmente em um ambiente escuro. Vamos nos ambientando em um grupo guiado por um deficiente visual. Em uma sala pouco iluminada, come\u00e7amos aprendendo a lidar com um instrumento vital nesta caminhada: a bengala. Todos n\u00f3s reconhecemos um cego por sua bengala. Logo, passamos a confiar na bengala. \u00c9 explicada a posi\u00e7\u00e3o em que a bengala deve ficar para evitar acidentes. In\u00fatil, ainda que nada grave tenha ocorrida: algumas bengaladas e muitos esbarr\u00f5es s\u00e3o de praxe.<\/p>\n<p id=\"6c85\">Como algumas pessoas me perguntaram: n\u00e3o, n\u00e3o h\u00e1 m\u00e1scaras para evitar a entrada de luz. O ambiente \u00e9 que escuro e sem luz. N\u00e3o se v\u00ea nada mesmo. Deixamos todos os objetos que poderiam trazer luminosidade no arm\u00e1rio da entrada (inclusive os onipresentes celulares).<\/p>\n<p id=\"d46c\">A primeira sensa\u00e7\u00e3o que nos toma \u00e9 a vulnerabilidade. \u00c9 um sentimento intenso. Quando a escurid\u00e3o torna-se completa, s\u00f3 tenho a bengala e a voz do simp\u00e1tico guia Carlos para me ajudar. Nesta hora, os deficientes somos n\u00f3s. Na escurid\u00e3o, os papeis se invertem. Carlos esbanja bom humor e agilidade, est\u00e1 em seu ambiente. N\u00f3s n\u00e3o. Andamos em grupo, pr\u00f3ximos um dos outros, demorando a entender o que est\u00e1 acontecendo. N\u00e3o estamos preparados para interpretar os sinais desse ambiente. Cada passo demora. Ser\u00e1 que vou cair em um buraco? (N\u00e3o, o trajeto \u00e9 totalmente seguro).<\/p>\n<p id=\"af79\">A escurid\u00e3o \u00e9 pesada, oprime. No in\u00edcio, sinto um pouco de falta de ar. Mas Carlos est\u00e1 l\u00e1, simp\u00e1tico, fazendo piadas sobre sua vida. Em meio \u00e0s bengaladas, vamos avan\u00e7ando em um trajeto que agu\u00e7a os sentidos (sons, cheiros) e simula um pequeno passeio por uma cidade. Tateamos n\u00fameros de casas, tocamos campainhas. Esperamos o sinal sonoro para atravessar a rua. A cidade real \u00e9 dif\u00edcil para Carlos, a cidade fict\u00edcia e escura \u00e9 dif\u00edcil para n\u00f3s.<\/p>\n<p id=\"080a\">Enquanto rimos nervosos do quadrag\u00e9simo terceiro esbarr\u00e3o, do banco para sentar que n\u00e3o achamos, da escultura que n\u00e3o entendemos (nosso guia explica e, shazam, vemos com as m\u00e3os), Carlos preocupa-se com o estrangeiro do grupo, se ele est\u00e1 entendendo tudo. Se n\u00e3o estamos nos perdendo.<\/p>\n<p id=\"57c5\">O passeio acaba em um bar. Todo no escuro. Podemos comprar salgadinhos, chocolates, refrigerantes. Nesta \u00faltima parada, Carlos nos conta de seus programas preferidos. Ficamos assombrados ao saber que em uma cidade como S\u00e3o Paulo n\u00e3o chega a meia d\u00fazia o n\u00famero de sem\u00e1foros com aviso sonoro. Rimos quando Carlos nos diz que na frente das ag\u00eancias do banco que tem conta sempre tem uma banca de jornal, que quando sente o cheiro de jornal sabe que est\u00e1 perto. E diz tudo que a tecnologia assistiva lhe d\u00e1 de autonomia. Ficamos sabendo que um cego depende mais de seu celular que um adolescente, que adoram gravar mensagens no whatts app. Claro que cometo uma gafe, ao pedir a opini\u00e3o de Carlos, pergunto \u201ccomo ele v\u00ea\u201d determinada quest\u00e3o. Nada que abale o bom humor dessa manh\u00e3 bem diferente.<\/p>\n<p id=\"36dc\">\u00c9 uma longa conversa sobre barreiras e autonomia. Vamos sabendo quais s\u00e3o as barreiras que ele tem que vencer a cada dia e como isso diminui sua autonomia. Sua e de outros, pois ali Carlos \u00e9 a voz dos deficientes visuais. No escuro, a invisibilidade das pessoas com defici\u00eancia some \u00e0 nossa frente. Somos for\u00e7ados a enxergar Carlos, mesmo que n\u00e3o o vejamos.<\/p>\n<p id=\"32ad\">E essa \u00e9 uma li\u00e7\u00e3o sem pre\u00e7o. Vemos como o espa\u00e7o p\u00fablico expulsa, segrega aquela pessoa que est\u00e1 conosco. Que quer as mesmas coisas que a gente. Um quase adolescente, que est\u00e1 no seu primeiro emprego e est\u00e1 adorando a experi\u00eancia. Que gosta de passear com a namorada nos locais mais acess\u00edveis e com mais op\u00e7\u00f5es para ele em S\u00e3o Paulo.<\/p>\n<p id=\"9dd6\">E assim nos colocamos no lugar do outro, coisa que \u00e9 muito dif\u00edcil. Quem vive a defici\u00eancia ou com ela convive, seja a f\u00edsica, intelectual ou sensorial, sabe disso. Para quem n\u00e3o possui a defici\u00eancia \u00e9 quase imposs\u00edvel imagin\u00e1-la. Para quem convive com ela diariamente, a vida torna-se um exerc\u00edcio de observa\u00e7\u00e3o dos obst\u00e1culos que a sociedade imp\u00f5e \u00e0s pessoas com defici\u00eancia, em um mundo tomado pela padroniza\u00e7\u00e3o, onde tudo \u00e9 mais pr\u00e1tico e mais barato quando feito em s\u00e9rie, sem prestar aten\u00e7\u00e3o \u00e0s diferen\u00e7as.<\/p>\n<p id=\"c185\">\u00c0 pessoa com defici\u00eancia sempre se pede compreens\u00e3o. A cada situa\u00e7\u00e3o de exclus\u00e3o, lhe \u00e9 pedido um pouco mais de compreens\u00e3o. Compreens\u00e3o pela falta de rampa, compreens\u00e3o pela impossibilidade de um surdo estar l\u00e1 por faltar um int\u00e9rprete de LIBRAS ou de um cego atravessar a rua. Compreens\u00e3o, pois o comportamento de um autista pode n\u00e3o ser adequado e n\u00e3o sabemos como lidar com ele. Compreens\u00e3o com tanta coisa que nem d\u00e1 para listar. \u00c0 pessoa com defici\u00eancia sempre \u00e9 pedido que compreenda nossas limita\u00e7\u00f5es. Dif\u00edcil \u00e9 encontrar quem compreenda a pessoa com defici\u00eancia e suas limita\u00e7\u00f5es. Ou pelo menos tente compreender. E os Di\u00e1logos no Escuro nos levam a compreender radicalmente estas limita\u00e7\u00f5es.<\/p>\n<p id=\"27c5\">Mais que compreens\u00e3o, a pessoa com defici\u00eancia precisa de pol\u00edticas p\u00fablicas adequadas, de servi\u00e7os adequados. Nem toda boa vontade do mundo far\u00e1 um cadeirante subir uma escada, cegos n\u00e3o v\u00eaem sorrisos, surdos n\u00e3o ouvem palavras am\u00e1veis se n\u00e3o forem acess\u00edveis a eles.<\/p>\n<p id=\"2c43\">Quando estamos nos preparando para entrar na escurid\u00e3o, alguns perguntam: falamos l\u00e1? Temos que ficar quietos? E nos respondem: na escurid\u00e3o, quem n\u00e3o fala, \u00e9 invis\u00edvel.<\/p>\n<p id=\"b356\">Para tirarmos as pessoas com defici\u00eancia da invisibilidade \u00e9 preciso falar. Que eles falem, que suas fam\u00edlias falem, que suas vozes sejam ouvidas. Para afastar a escurid\u00e3o, para afastar a invisibilidade.<\/p>\n<p id=\"bc77\">Mais informa\u00e7\u00f5es:<\/p>\n<p id=\"aa2e\"><a href=\"https:\/\/www.facebook.com\/dialogonoescuro\/timeline\" rel=\"nofollow\" data-href=\"https:\/\/www.facebook.com\/dialogonoescuro\/timeline\">https:\/\/www.facebook.com\/dialogonoescuro\/timeline<\/a><\/p>\n<p id=\"51e5\"><a href=\"http:\/\/www.dialogonoescurorio.com.br\/\" rel=\"nofollow\" data-href=\"http:\/\/www.dialogonoescurorio.com.br\/\">http:\/\/www.dialogonoescurorio.com.br\/<\/a><\/p>\n<p>&nbsp;<\/p>\n<p>&nbsp;<\/p>\n<p>Marcos Weiss Bliacheris \u00e9 advogado e autor dos livros \u201cSustentabilidade na Administra\u00e7\u00e3o P\u00fablica\u201d e \u201cPanorama de Licita\u00e7\u00f5es Sustent\u00e1veis \u00a0&#8211; Direito e Gest\u00e3o P\u00fablica&#8221;.<\/p>\n","protected":false},"excerpt":{"rendered":"<p>A exposi\u00e7\u00e3o \u201cDi\u00e1logo no Escuro\u201d nos convida a passar quarenta e cinco minutos no escuro, fazendo um trajeto pela cidade como se fossemos cegos, permitindo-nos colocar no lugar de outro.<\/p>\n","protected":false},"author":1,"featured_media":0,"comment_status":"open","ping_status":"open","sticky":false,"template":"","format":"standard","meta":{"site-container-style":"default","site-container-layout":"default","site-sidebar-layout":"default","disable-article-header":"default","disable-site-header":"default","disable-site-footer":"default","disable-content-area-spacing":"default","footnotes":""},"categories":[4],"tags":[],"class_list":["post-28913","post","type-post","status-publish","format-standard","hentry","category-noticias"],"yoast_head":"<!-- This site is optimized with the Yoast SEO plugin v27.4 - https:\/\/yoast.com\/product\/yoast-seo-wordpress\/ -->\n<title>Atravessando o Escuro -<\/title>\n<meta name=\"robots\" content=\"index, follow, max-snippet:-1, max-image-preview:large, max-video-preview:-1\" \/>\n<link rel=\"canonical\" href=\"https:\/\/inclusivenews.com.br\/?p=28913\" \/>\n<meta property=\"og:locale\" content=\"pt_PT\" \/>\n<meta property=\"og:type\" content=\"article\" \/>\n<meta property=\"og:title\" content=\"Atravessando o Escuro -\" \/>\n<meta property=\"og:description\" content=\"A exposi\u00e7\u00e3o \u201cDi\u00e1logo no Escuro\u201d nos convida a passar quarenta e cinco minutos no escuro, fazendo um trajeto pela cidade como se fossemos cegos, permitindo-nos colocar no lugar de outro.\" \/>\n<meta property=\"og:url\" content=\"https:\/\/inclusivenews.com.br\/?p=28913\" \/>\n<meta property=\"article:publisher\" content=\"https:\/\/www.facebook.com\/agenciainclusive\/\" \/>\n<meta property=\"article:published_time\" content=\"2016-03-02T16:01:31+00:00\" \/>\n<meta property=\"og:image\" content=\"https:\/\/cdn-images-1.medium.com\/max\/800\/1*kdc6DSCZOOjXVhPpMp13nQ.jpeg\" \/>\n<meta name=\"author\" content=\"inclusivenews2024\" \/>\n<meta name=\"twitter:card\" content=\"summary_large_image\" \/>\n<meta name=\"twitter:label1\" content=\"Escrito por\" \/>\n\t<meta name=\"twitter:data1\" content=\"inclusivenews2024\" \/>\n\t<meta name=\"twitter:label2\" content=\"Tempo estimado de leitura\" \/>\n\t<meta name=\"twitter:data2\" content=\"6 minutos\" \/>\n<script type=\"application\/ld+json\" class=\"yoast-schema-graph\">{\"@context\":\"https:\\\/\\\/schema.org\",\"@graph\":[{\"@type\":\"Article\",\"@id\":\"https:\\\/\\\/inclusivenews.com.br\\\/?p=28913#article\",\"isPartOf\":{\"@id\":\"https:\\\/\\\/inclusivenews.com.br\\\/?p=28913\"},\"author\":{\"name\":\"inclusivenews2024\",\"@id\":\"https:\\\/\\\/inclusivenews.com.br\\\/#\\\/schema\\\/person\\\/ae4ec7087559b8692fb33b6fffd2273b\"},\"headline\":\"Atravessando o Escuro\",\"datePublished\":\"2016-03-02T16:01:31+00:00\",\"mainEntityOfPage\":{\"@id\":\"https:\\\/\\\/inclusivenews.com.br\\\/?p=28913\"},\"wordCount\":1266,\"commentCount\":0,\"publisher\":{\"@id\":\"https:\\\/\\\/inclusivenews.com.br\\\/#organization\"},\"image\":{\"@id\":\"https:\\\/\\\/inclusivenews.com.br\\\/?p=28913#primaryimage\"},\"thumbnailUrl\":\"https:\\\/\\\/cdn-images-1.medium.com\\\/max\\\/800\\\/1*kdc6DSCZOOjXVhPpMp13nQ.jpeg\",\"articleSection\":[\"NOT\u00cdCIAS\"],\"inLanguage\":\"pt-PT\",\"potentialAction\":[{\"@type\":\"CommentAction\",\"name\":\"Comment\",\"target\":[\"https:\\\/\\\/inclusivenews.com.br\\\/?p=28913#respond\"]}]},{\"@type\":\"WebPage\",\"@id\":\"https:\\\/\\\/inclusivenews.com.br\\\/?p=28913\",\"url\":\"https:\\\/\\\/inclusivenews.com.br\\\/?p=28913\",\"name\":\"Atravessando o Escuro -\",\"isPartOf\":{\"@id\":\"https:\\\/\\\/inclusivenews.com.br\\\/#website\"},\"primaryImageOfPage\":{\"@id\":\"https:\\\/\\\/inclusivenews.com.br\\\/?p=28913#primaryimage\"},\"image\":{\"@id\":\"https:\\\/\\\/inclusivenews.com.br\\\/?p=28913#primaryimage\"},\"thumbnailUrl\":\"https:\\\/\\\/cdn-images-1.medium.com\\\/max\\\/800\\\/1*kdc6DSCZOOjXVhPpMp13nQ.jpeg\",\"datePublished\":\"2016-03-02T16:01:31+00:00\",\"breadcrumb\":{\"@id\":\"https:\\\/\\\/inclusivenews.com.br\\\/?p=28913#breadcrumb\"},\"inLanguage\":\"pt-PT\",\"potentialAction\":[{\"@type\":\"ReadAction\",\"target\":[\"https:\\\/\\\/inclusivenews.com.br\\\/?p=28913\"]}]},{\"@type\":\"ImageObject\",\"inLanguage\":\"pt-PT\",\"@id\":\"https:\\\/\\\/inclusivenews.com.br\\\/?p=28913#primaryimage\",\"url\":\"https:\\\/\\\/cdn-images-1.medium.com\\\/max\\\/800\\\/1*kdc6DSCZOOjXVhPpMp13nQ.jpeg\",\"contentUrl\":\"https:\\\/\\\/cdn-images-1.medium.com\\\/max\\\/800\\\/1*kdc6DSCZOOjXVhPpMp13nQ.jpeg\"},{\"@type\":\"BreadcrumbList\",\"@id\":\"https:\\\/\\\/inclusivenews.com.br\\\/?p=28913#breadcrumb\",\"itemListElement\":[{\"@type\":\"ListItem\",\"position\":1,\"name\":\"In\u00edcio\",\"item\":\"https:\\\/\\\/inclusivenews.com.br\\\/\"},{\"@type\":\"ListItem\",\"position\":2,\"name\":\"Atravessando o Escuro\"}]},{\"@type\":\"WebSite\",\"@id\":\"https:\\\/\\\/inclusivenews.com.br\\\/#website\",\"url\":\"https:\\\/\\\/inclusivenews.com.br\\\/\",\"name\":\"Inclusive News\",\"description\":\"Inclusive News\",\"publisher\":{\"@id\":\"https:\\\/\\\/inclusivenews.com.br\\\/#organization\"},\"potentialAction\":[{\"@type\":\"SearchAction\",\"target\":{\"@type\":\"EntryPoint\",\"urlTemplate\":\"https:\\\/\\\/inclusivenews.com.br\\\/?s={search_term_string}\"},\"query-input\":{\"@type\":\"PropertyValueSpecification\",\"valueRequired\":true,\"valueName\":\"search_term_string\"}}],\"inLanguage\":\"pt-PT\"},{\"@type\":\"Organization\",\"@id\":\"https:\\\/\\\/inclusivenews.com.br\\\/#organization\",\"name\":\"Inclusive - inclus\u00e3o e cidadania\",\"url\":\"https:\\\/\\\/inclusivenews.com.br\\\/\",\"logo\":{\"@type\":\"ImageObject\",\"inLanguage\":\"pt-PT\",\"@id\":\"https:\\\/\\\/inclusivenews.com.br\\\/#\\\/schema\\\/logo\\\/image\\\/\",\"url\":\"https:\\\/\\\/inclusivenews.com.br\\\/wp-content\\\/uploads\\\/2024\\\/03\\\/@grandesite.png\",\"contentUrl\":\"https:\\\/\\\/inclusivenews.com.br\\\/wp-content\\\/uploads\\\/2024\\\/03\\\/@grandesite.png\",\"width\":1080,\"height\":1080,\"caption\":\"Inclusive - inclus\u00e3o e cidadania\"},\"image\":{\"@id\":\"https:\\\/\\\/inclusivenews.com.br\\\/#\\\/schema\\\/logo\\\/image\\\/\"},\"sameAs\":[\"https:\\\/\\\/www.facebook.com\\\/agenciainclusive\\\/\",\"https:\\\/\\\/www.instagram.com\\\/newsinclusive\\\/\"]},{\"@type\":\"Person\",\"@id\":\"https:\\\/\\\/inclusivenews.com.br\\\/#\\\/schema\\\/person\\\/ae4ec7087559b8692fb33b6fffd2273b\",\"name\":\"inclusivenews2024\",\"image\":{\"@type\":\"ImageObject\",\"inLanguage\":\"pt-PT\",\"@id\":\"https:\\\/\\\/secure.gravatar.com\\\/avatar\\\/c5a7ef84c66fa914f55bc4f7ce26cfa275a3b9a1c5568b907bd184fb4dde7b40?s=96&d=mm&r=g\",\"url\":\"https:\\\/\\\/secure.gravatar.com\\\/avatar\\\/c5a7ef84c66fa914f55bc4f7ce26cfa275a3b9a1c5568b907bd184fb4dde7b40?s=96&d=mm&r=g\",\"contentUrl\":\"https:\\\/\\\/secure.gravatar.com\\\/avatar\\\/c5a7ef84c66fa914f55bc4f7ce26cfa275a3b9a1c5568b907bd184fb4dde7b40?s=96&d=mm&r=g\",\"caption\":\"inclusivenews2024\"},\"sameAs\":[\"https:\\\/\\\/inclusivenews.com.br\"],\"url\":\"https:\\\/\\\/inclusivenews.com.br\\\/?author=1\"}]}<\/script>\n<!-- \/ Yoast SEO plugin. -->","yoast_head_json":{"title":"Atravessando o Escuro -","robots":{"index":"index","follow":"follow","max-snippet":"max-snippet:-1","max-image-preview":"max-image-preview:large","max-video-preview":"max-video-preview:-1"},"canonical":"https:\/\/inclusivenews.com.br\/?p=28913","og_locale":"pt_PT","og_type":"article","og_title":"Atravessando o Escuro -","og_description":"A exposi\u00e7\u00e3o \u201cDi\u00e1logo no Escuro\u201d nos convida a passar quarenta e cinco minutos no escuro, fazendo um trajeto pela cidade como se fossemos cegos, permitindo-nos colocar no lugar de outro.","og_url":"https:\/\/inclusivenews.com.br\/?p=28913","article_publisher":"https:\/\/www.facebook.com\/agenciainclusive\/","article_published_time":"2016-03-02T16:01:31+00:00","og_image":[{"url":"https:\/\/cdn-images-1.medium.com\/max\/800\/1*kdc6DSCZOOjXVhPpMp13nQ.jpeg","type":"","width":"","height":""}],"author":"inclusivenews2024","twitter_card":"summary_large_image","twitter_misc":{"Escrito por":"inclusivenews2024","Tempo estimado de leitura":"6 minutos"},"schema":{"@context":"https:\/\/schema.org","@graph":[{"@type":"Article","@id":"https:\/\/inclusivenews.com.br\/?p=28913#article","isPartOf":{"@id":"https:\/\/inclusivenews.com.br\/?p=28913"},"author":{"name":"inclusivenews2024","@id":"https:\/\/inclusivenews.com.br\/#\/schema\/person\/ae4ec7087559b8692fb33b6fffd2273b"},"headline":"Atravessando o Escuro","datePublished":"2016-03-02T16:01:31+00:00","mainEntityOfPage":{"@id":"https:\/\/inclusivenews.com.br\/?p=28913"},"wordCount":1266,"commentCount":0,"publisher":{"@id":"https:\/\/inclusivenews.com.br\/#organization"},"image":{"@id":"https:\/\/inclusivenews.com.br\/?p=28913#primaryimage"},"thumbnailUrl":"https:\/\/cdn-images-1.medium.com\/max\/800\/1*kdc6DSCZOOjXVhPpMp13nQ.jpeg","articleSection":["NOT\u00cdCIAS"],"inLanguage":"pt-PT","potentialAction":[{"@type":"CommentAction","name":"Comment","target":["https:\/\/inclusivenews.com.br\/?p=28913#respond"]}]},{"@type":"WebPage","@id":"https:\/\/inclusivenews.com.br\/?p=28913","url":"https:\/\/inclusivenews.com.br\/?p=28913","name":"Atravessando o Escuro -","isPartOf":{"@id":"https:\/\/inclusivenews.com.br\/#website"},"primaryImageOfPage":{"@id":"https:\/\/inclusivenews.com.br\/?p=28913#primaryimage"},"image":{"@id":"https:\/\/inclusivenews.com.br\/?p=28913#primaryimage"},"thumbnailUrl":"https:\/\/cdn-images-1.medium.com\/max\/800\/1*kdc6DSCZOOjXVhPpMp13nQ.jpeg","datePublished":"2016-03-02T16:01:31+00:00","breadcrumb":{"@id":"https:\/\/inclusivenews.com.br\/?p=28913#breadcrumb"},"inLanguage":"pt-PT","potentialAction":[{"@type":"ReadAction","target":["https:\/\/inclusivenews.com.br\/?p=28913"]}]},{"@type":"ImageObject","inLanguage":"pt-PT","@id":"https:\/\/inclusivenews.com.br\/?p=28913#primaryimage","url":"https:\/\/cdn-images-1.medium.com\/max\/800\/1*kdc6DSCZOOjXVhPpMp13nQ.jpeg","contentUrl":"https:\/\/cdn-images-1.medium.com\/max\/800\/1*kdc6DSCZOOjXVhPpMp13nQ.jpeg"},{"@type":"BreadcrumbList","@id":"https:\/\/inclusivenews.com.br\/?p=28913#breadcrumb","itemListElement":[{"@type":"ListItem","position":1,"name":"In\u00edcio","item":"https:\/\/inclusivenews.com.br\/"},{"@type":"ListItem","position":2,"name":"Atravessando o Escuro"}]},{"@type":"WebSite","@id":"https:\/\/inclusivenews.com.br\/#website","url":"https:\/\/inclusivenews.com.br\/","name":"Inclusive News","description":"Inclusive News","publisher":{"@id":"https:\/\/inclusivenews.com.br\/#organization"},"potentialAction":[{"@type":"SearchAction","target":{"@type":"EntryPoint","urlTemplate":"https:\/\/inclusivenews.com.br\/?s={search_term_string}"},"query-input":{"@type":"PropertyValueSpecification","valueRequired":true,"valueName":"search_term_string"}}],"inLanguage":"pt-PT"},{"@type":"Organization","@id":"https:\/\/inclusivenews.com.br\/#organization","name":"Inclusive - inclus\u00e3o e cidadania","url":"https:\/\/inclusivenews.com.br\/","logo":{"@type":"ImageObject","inLanguage":"pt-PT","@id":"https:\/\/inclusivenews.com.br\/#\/schema\/logo\/image\/","url":"https:\/\/inclusivenews.com.br\/wp-content\/uploads\/2024\/03\/@grandesite.png","contentUrl":"https:\/\/inclusivenews.com.br\/wp-content\/uploads\/2024\/03\/@grandesite.png","width":1080,"height":1080,"caption":"Inclusive - inclus\u00e3o e cidadania"},"image":{"@id":"https:\/\/inclusivenews.com.br\/#\/schema\/logo\/image\/"},"sameAs":["https:\/\/www.facebook.com\/agenciainclusive\/","https:\/\/www.instagram.com\/newsinclusive\/"]},{"@type":"Person","@id":"https:\/\/inclusivenews.com.br\/#\/schema\/person\/ae4ec7087559b8692fb33b6fffd2273b","name":"inclusivenews2024","image":{"@type":"ImageObject","inLanguage":"pt-PT","@id":"https:\/\/secure.gravatar.com\/avatar\/c5a7ef84c66fa914f55bc4f7ce26cfa275a3b9a1c5568b907bd184fb4dde7b40?s=96&d=mm&r=g","url":"https:\/\/secure.gravatar.com\/avatar\/c5a7ef84c66fa914f55bc4f7ce26cfa275a3b9a1c5568b907bd184fb4dde7b40?s=96&d=mm&r=g","contentUrl":"https:\/\/secure.gravatar.com\/avatar\/c5a7ef84c66fa914f55bc4f7ce26cfa275a3b9a1c5568b907bd184fb4dde7b40?s=96&d=mm&r=g","caption":"inclusivenews2024"},"sameAs":["https:\/\/inclusivenews.com.br"],"url":"https:\/\/inclusivenews.com.br\/?author=1"}]}},"_links":{"self":[{"href":"https:\/\/inclusivenews.com.br\/index.php?rest_route=\/wp\/v2\/posts\/28913","targetHints":{"allow":["GET"]}}],"collection":[{"href":"https:\/\/inclusivenews.com.br\/index.php?rest_route=\/wp\/v2\/posts"}],"about":[{"href":"https:\/\/inclusivenews.com.br\/index.php?rest_route=\/wp\/v2\/types\/post"}],"author":[{"embeddable":true,"href":"https:\/\/inclusivenews.com.br\/index.php?rest_route=\/wp\/v2\/users\/1"}],"replies":[{"embeddable":true,"href":"https:\/\/inclusivenews.com.br\/index.php?rest_route=%2Fwp%2Fv2%2Fcomments&post=28913"}],"version-history":[{"count":0,"href":"https:\/\/inclusivenews.com.br\/index.php?rest_route=\/wp\/v2\/posts\/28913\/revisions"}],"wp:attachment":[{"href":"https:\/\/inclusivenews.com.br\/index.php?rest_route=%2Fwp%2Fv2%2Fmedia&parent=28913"}],"wp:term":[{"taxonomy":"category","embeddable":true,"href":"https:\/\/inclusivenews.com.br\/index.php?rest_route=%2Fwp%2Fv2%2Fcategories&post=28913"},{"taxonomy":"post_tag","embeddable":true,"href":"https:\/\/inclusivenews.com.br\/index.php?rest_route=%2Fwp%2Fv2%2Ftags&post=28913"}],"curies":[{"name":"wp","href":"https:\/\/api.w.org\/{rel}","templated":true}]}}