{"id":28920,"date":"2016-03-07T13:45:05","date_gmt":"2016-03-07T16:45:05","guid":{"rendered":"http:\/\/www.inclusive.org.br\/?p=28920"},"modified":"2016-03-07T13:45:05","modified_gmt":"2016-03-07T16:45:05","slug":"brasil-tem-quase-80-dos-alunos-com-deficiencia-incluidos-na-educacao-basica","status":"publish","type":"post","link":"https:\/\/inclusivenews.com.br\/?p=28920","title":{"rendered":"Brasil tem quase 80% dos alunos com defici\u00eancia inclu\u00eddos na educa\u00e7\u00e3o b\u00e1sica"},"content":{"rendered":"<figure id=\"attachment_14641\" aria-describedby=\"caption-attachment-14641\" style=\"width: 300px\" class=\"wp-caption alignnone\"><img loading=\"lazy\" decoding=\"async\" class=\"size-full wp-image-14641\" alt=\"Dois alunos e uma aluna de escola municipal regular no Rio de Janeiro\" src=\"http:\/\/inclusivenews.com.br\/wp-content\/uploads\/2010\/03\/raquel-300x266.png\" width=\"300\" height=\"266\" \/><figcaption id=\"caption-attachment-14641\" class=\"wp-caption-text\">Dois alunos e uma aluna de escola municipal regular no Rio de Janeiro<\/figcaption><\/figure>\n<p>A Secretaria de Educa\u00e7\u00e3o Continuada, Alfabetiza\u00e7\u00e3o, Diversidade e Inclus\u00e3o (Secadi), divulgou quadros onde constam os n\u00fameros do Censo MEC\/INEP com rela\u00e7\u00e3o \u00e0\u00a0inclus\u00e3o de pessoas com defici\u00eancia na educa\u00e7\u00e3o.<\/p>\n<p>Em alguns estados, como Roraima, Acre, Rio Grande do Norte, e Esp\u00edrito Santo,\u00a0a taxa de inclus\u00e3o de alunos com defici\u00eancia em escolas regulares\u00a0\u00e9 de \u00a0100%.<\/p>\n<p>Apenas 7 estados est\u00e3o abaixo da m\u00e9dia nacional de inclus\u00e3o, que \u00e9 de 79%. S\u00e3o eles:<\/p>\n<p>Amazonas &#8211; 76%<\/p>\n<p>Rio de Janeiro &#8211; 75%<\/p>\n<p>S\u00e3o Paulo &#8211; 75%<\/p>\n<p>Mato Grosso do Sul &#8211; 72%<\/p>\n<p>Mato Grosso &#8211; 73%<\/p>\n<p>Minas Gerais &#8211; 66%<\/p>\n<p>Paran\u00e1 &#8211; 50% e<\/p>\n<p>Em todo Brasil, a\u00a0matr\u00edcula de estudantes com defici\u00eancia, de 4 a 17 anos, em escolas p\u00fablicas em classes comuns, que em 2003 era de 128.275 (51%), passou em 2014 para 595.347 (94%).<\/p>\n<p>A matr\u00edcula em classes\/escolas especiais que em 2003\u00a0era de 121.458 (49%), caiu para 40.270 (6%) em 2014.<\/p>\n<p>O n\u00famero de professores com forma\u00e7\u00e3o em educa\u00e7\u00e3o especial tamb\u00e9m cresceu. Em 2003, 33.691 professores tinham essa forma\u00e7\u00e3o em todo Brasil. Esse n\u00famero subiu para 97.459 professores em 2014, ou seja, um crescimento de 189%.<\/p>\n<p>Em 2003 apenas 56,5% dos munic\u00edpios brasileiros tinham estudantes com defici6encia matriculados nas classes comuns do ensino regular. Em 2014, esse n\u00famero chegou a 5.563 munic\u00edpios, ou seja, 99,9% dos munic\u00edpios do Brasil.<\/p>\n<p>&nbsp;<\/p>\n<p>Veja os quadros demonstrativos<\/p>\n<p><a href=\"http:\/\/portal.mec.gov.br\/index.php?option=com_docman&amp;view=download&amp;alias=17655-secadi-principais-indicadores-da-educacao-especial&amp;category_slug=junho-2015-pdf&amp;Itemid=30192\" target=\"_blank\" rel=\"noopener\"><span style=\"font-size: large;\"><span style=\"color: #1155cc;\">http:\/\/portal.mec.gov.br\/<wbr \/><\/span><\/span>index.php?option=com_docman&amp;<wbr \/>view=download&amp;alias=17655-<wbr \/>secadi-principais-indicadores-<wbr \/>da-educacao-especial&amp;category_<wbr \/>slug=junho-2015-pdf&amp;Itemid=<wbr \/>30192<\/a><\/p>\n<p>Fonte: MEC<\/p>\n","protected":false},"excerpt":{"rendered":"<p>Os n\u00fameros s\u00e3o do censo MEC\/INEP.<\/p>\n","protected":false},"author":1,"featured_media":0,"comment_status":"open","ping_status":"open","sticky":false,"template":"","format":"standard","meta":{"site-container-style":"default","site-container-layout":"default","site-sidebar-layout":"default","disable-article-header":"default","disable-site-header":"default","disable-site-footer":"default","disable-content-area-spacing":"default","footnotes":""},"categories":[38,6,48],"tags":[],"class_list":["post-28920","post","type-post","status-publish","format-standard","hentry","category-deficiencia","category-educacao","category-inclusao"],"yoast_head":"<!-- This site is optimized with the Yoast SEO plugin v27.4 - https:\/\/yoast.com\/product\/yoast-seo-wordpress\/ -->\n<title>Brasil tem quase 80% dos alunos com defici\u00eancia inclu\u00eddos na educa\u00e7\u00e3o b\u00e1sica -<\/title>\n<meta name=\"robots\" content=\"index, follow, max-snippet:-1, max-image-preview:large, max-video-preview:-1\" \/>\n<link rel=\"canonical\" href=\"https:\/\/inclusivenews.com.br\/?p=28920\" \/>\n<meta property=\"og:locale\" content=\"pt_PT\" \/>\n<meta property=\"og:type\" content=\"article\" \/>\n<meta property=\"og:title\" content=\"Brasil tem quase 80% dos alunos com defici\u00eancia inclu\u00eddos na educa\u00e7\u00e3o b\u00e1sica -\" \/>\n<meta property=\"og:description\" content=\"Os n\u00fameros s\u00e3o do censo MEC\/INEP.\" \/>\n<meta property=\"og:url\" content=\"https:\/\/inclusivenews.com.br\/?p=28920\" \/>\n<meta property=\"article:publisher\" content=\"https:\/\/www.facebook.com\/agenciainclusive\/\" \/>\n<meta property=\"article:published_time\" content=\"2016-03-07T16:45:05+00:00\" \/>\n<meta property=\"og:image\" content=\"http:\/\/inclusivenews.com.br\/wp-content\/uploads\/2010\/03\/raquel-300x266.png\" \/>\n<meta name=\"author\" content=\"inclusivenews2024\" \/>\n<meta name=\"twitter:card\" content=\"summary_large_image\" \/>\n<meta name=\"twitter:label1\" content=\"Escrito por\" \/>\n\t<meta name=\"twitter:data1\" content=\"inclusivenews2024\" \/>\n\t<meta name=\"twitter:label2\" content=\"Tempo estimado de leitura\" \/>\n\t<meta name=\"twitter:data2\" content=\"1 minuto\" \/>\n<script type=\"application\/ld+json\" class=\"yoast-schema-graph\">{\"@context\":\"https:\\\/\\\/schema.org\",\"@graph\":[{\"@type\":\"Article\",\"@id\":\"https:\\\/\\\/inclusivenews.com.br\\\/?p=28920#article\",\"isPartOf\":{\"@id\":\"https:\\\/\\\/inclusivenews.com.br\\\/?p=28920\"},\"author\":{\"name\":\"inclusivenews2024\",\"@id\":\"https:\\\/\\\/inclusivenews.com.br\\\/#\\\/schema\\\/person\\\/ae4ec7087559b8692fb33b6fffd2273b\"},\"headline\":\"Brasil tem quase 80% dos alunos com defici\u00eancia inclu\u00eddos na educa\u00e7\u00e3o b\u00e1sica\",\"datePublished\":\"2016-03-07T16:45:05+00:00\",\"mainEntityOfPage\":{\"@id\":\"https:\\\/\\\/inclusivenews.com.br\\\/?p=28920\"},\"wordCount\":282,\"commentCount\":0,\"publisher\":{\"@id\":\"https:\\\/\\\/inclusivenews.com.br\\\/#organization\"},\"image\":{\"@id\":\"https:\\\/\\\/inclusivenews.com.br\\\/?p=28920#primaryimage\"},\"thumbnailUrl\":\"http:\\\/\\\/inclusivenews.com.br\\\/wp-content\\\/uploads\\\/2010\\\/03\\\/raquel-300x266.png\",\"articleSection\":[\"Defici\u00eancia\",\"EDUCA\u00c7\u00c3O\",\"INCLUS\u00c3O SOCIAL\"],\"inLanguage\":\"pt-PT\",\"potentialAction\":[{\"@type\":\"CommentAction\",\"name\":\"Comment\",\"target\":[\"https:\\\/\\\/inclusivenews.com.br\\\/?p=28920#respond\"]}]},{\"@type\":\"WebPage\",\"@id\":\"https:\\\/\\\/inclusivenews.com.br\\\/?p=28920\",\"url\":\"https:\\\/\\\/inclusivenews.com.br\\\/?p=28920\",\"name\":\"Brasil tem quase 80% dos alunos com defici\u00eancia inclu\u00eddos na educa\u00e7\u00e3o b\u00e1sica -\",\"isPartOf\":{\"@id\":\"https:\\\/\\\/inclusivenews.com.br\\\/#website\"},\"primaryImageOfPage\":{\"@id\":\"https:\\\/\\\/inclusivenews.com.br\\\/?p=28920#primaryimage\"},\"image\":{\"@id\":\"https:\\\/\\\/inclusivenews.com.br\\\/?p=28920#primaryimage\"},\"thumbnailUrl\":\"http:\\\/\\\/inclusivenews.com.br\\\/wp-content\\\/uploads\\\/2010\\\/03\\\/raquel-300x266.png\",\"datePublished\":\"2016-03-07T16:45:05+00:00\",\"breadcrumb\":{\"@id\":\"https:\\\/\\\/inclusivenews.com.br\\\/?p=28920#breadcrumb\"},\"inLanguage\":\"pt-PT\",\"potentialAction\":[{\"@type\":\"ReadAction\",\"target\":[\"https:\\\/\\\/inclusivenews.com.br\\\/?p=28920\"]}]},{\"@type\":\"ImageObject\",\"inLanguage\":\"pt-PT\",\"@id\":\"https:\\\/\\\/inclusivenews.com.br\\\/?p=28920#primaryimage\",\"url\":\"\",\"contentUrl\":\"\"},{\"@type\":\"BreadcrumbList\",\"@id\":\"https:\\\/\\\/inclusivenews.com.br\\\/?p=28920#breadcrumb\",\"itemListElement\":[{\"@type\":\"ListItem\",\"position\":1,\"name\":\"In\u00edcio\",\"item\":\"https:\\\/\\\/inclusivenews.com.br\\\/\"},{\"@type\":\"ListItem\",\"position\":2,\"name\":\"Brasil tem quase 80% dos alunos com defici\u00eancia inclu\u00eddos na educa\u00e7\u00e3o b\u00e1sica\"}]},{\"@type\":\"WebSite\",\"@id\":\"https:\\\/\\\/inclusivenews.com.br\\\/#website\",\"url\":\"https:\\\/\\\/inclusivenews.com.br\\\/\",\"name\":\"Inclusive News\",\"description\":\"Inclusive News\",\"publisher\":{\"@id\":\"https:\\\/\\\/inclusivenews.com.br\\\/#organization\"},\"potentialAction\":[{\"@type\":\"SearchAction\",\"target\":{\"@type\":\"EntryPoint\",\"urlTemplate\":\"https:\\\/\\\/inclusivenews.com.br\\\/?s={search_term_string}\"},\"query-input\":{\"@type\":\"PropertyValueSpecification\",\"valueRequired\":true,\"valueName\":\"search_term_string\"}}],\"inLanguage\":\"pt-PT\"},{\"@type\":\"Organization\",\"@id\":\"https:\\\/\\\/inclusivenews.com.br\\\/#organization\",\"name\":\"Inclusive - inclus\u00e3o e cidadania\",\"url\":\"https:\\\/\\\/inclusivenews.com.br\\\/\",\"logo\":{\"@type\":\"ImageObject\",\"inLanguage\":\"pt-PT\",\"@id\":\"https:\\\/\\\/inclusivenews.com.br\\\/#\\\/schema\\\/logo\\\/image\\\/\",\"url\":\"https:\\\/\\\/inclusivenews.com.br\\\/wp-content\\\/uploads\\\/2024\\\/03\\\/@grandesite.png\",\"contentUrl\":\"https:\\\/\\\/inclusivenews.com.br\\\/wp-content\\\/uploads\\\/2024\\\/03\\\/@grandesite.png\",\"width\":1080,\"height\":1080,\"caption\":\"Inclusive - inclus\u00e3o e cidadania\"},\"image\":{\"@id\":\"https:\\\/\\\/inclusivenews.com.br\\\/#\\\/schema\\\/logo\\\/image\\\/\"},\"sameAs\":[\"https:\\\/\\\/www.facebook.com\\\/agenciainclusive\\\/\",\"https:\\\/\\\/www.instagram.com\\\/newsinclusive\\\/\"]},{\"@type\":\"Person\",\"@id\":\"https:\\\/\\\/inclusivenews.com.br\\\/#\\\/schema\\\/person\\\/ae4ec7087559b8692fb33b6fffd2273b\",\"name\":\"inclusivenews2024\",\"image\":{\"@type\":\"ImageObject\",\"inLanguage\":\"pt-PT\",\"@id\":\"https:\\\/\\\/secure.gravatar.com\\\/avatar\\\/c5a7ef84c66fa914f55bc4f7ce26cfa275a3b9a1c5568b907bd184fb4dde7b40?s=96&d=mm&r=g\",\"url\":\"https:\\\/\\\/secure.gravatar.com\\\/avatar\\\/c5a7ef84c66fa914f55bc4f7ce26cfa275a3b9a1c5568b907bd184fb4dde7b40?s=96&d=mm&r=g\",\"contentUrl\":\"https:\\\/\\\/secure.gravatar.com\\\/avatar\\\/c5a7ef84c66fa914f55bc4f7ce26cfa275a3b9a1c5568b907bd184fb4dde7b40?s=96&d=mm&r=g\",\"caption\":\"inclusivenews2024\"},\"sameAs\":[\"https:\\\/\\\/inclusivenews.com.br\"],\"url\":\"https:\\\/\\\/inclusivenews.com.br\\\/?author=1\"}]}<\/script>\n<!-- \/ Yoast SEO plugin. -->","yoast_head_json":{"title":"Brasil tem quase 80% dos alunos com defici\u00eancia inclu\u00eddos na educa\u00e7\u00e3o b\u00e1sica -","robots":{"index":"index","follow":"follow","max-snippet":"max-snippet:-1","max-image-preview":"max-image-preview:large","max-video-preview":"max-video-preview:-1"},"canonical":"https:\/\/inclusivenews.com.br\/?p=28920","og_locale":"pt_PT","og_type":"article","og_title":"Brasil tem quase 80% dos alunos com defici\u00eancia inclu\u00eddos na educa\u00e7\u00e3o b\u00e1sica -","og_description":"Os n\u00fameros s\u00e3o do censo MEC\/INEP.","og_url":"https:\/\/inclusivenews.com.br\/?p=28920","article_publisher":"https:\/\/www.facebook.com\/agenciainclusive\/","article_published_time":"2016-03-07T16:45:05+00:00","og_image":[{"url":"http:\/\/inclusivenews.com.br\/wp-content\/uploads\/2010\/03\/raquel-300x266.png","type":"","width":"","height":""}],"author":"inclusivenews2024","twitter_card":"summary_large_image","twitter_misc":{"Escrito por":"inclusivenews2024","Tempo estimado de leitura":"1 minuto"},"schema":{"@context":"https:\/\/schema.org","@graph":[{"@type":"Article","@id":"https:\/\/inclusivenews.com.br\/?p=28920#article","isPartOf":{"@id":"https:\/\/inclusivenews.com.br\/?p=28920"},"author":{"name":"inclusivenews2024","@id":"https:\/\/inclusivenews.com.br\/#\/schema\/person\/ae4ec7087559b8692fb33b6fffd2273b"},"headline":"Brasil tem quase 80% dos alunos com defici\u00eancia inclu\u00eddos na educa\u00e7\u00e3o b\u00e1sica","datePublished":"2016-03-07T16:45:05+00:00","mainEntityOfPage":{"@id":"https:\/\/inclusivenews.com.br\/?p=28920"},"wordCount":282,"commentCount":0,"publisher":{"@id":"https:\/\/inclusivenews.com.br\/#organization"},"image":{"@id":"https:\/\/inclusivenews.com.br\/?p=28920#primaryimage"},"thumbnailUrl":"http:\/\/inclusivenews.com.br\/wp-content\/uploads\/2010\/03\/raquel-300x266.png","articleSection":["Defici\u00eancia","EDUCA\u00c7\u00c3O","INCLUS\u00c3O SOCIAL"],"inLanguage":"pt-PT","potentialAction":[{"@type":"CommentAction","name":"Comment","target":["https:\/\/inclusivenews.com.br\/?p=28920#respond"]}]},{"@type":"WebPage","@id":"https:\/\/inclusivenews.com.br\/?p=28920","url":"https:\/\/inclusivenews.com.br\/?p=28920","name":"Brasil tem quase 80% dos alunos com defici\u00eancia inclu\u00eddos na educa\u00e7\u00e3o b\u00e1sica -","isPartOf":{"@id":"https:\/\/inclusivenews.com.br\/#website"},"primaryImageOfPage":{"@id":"https:\/\/inclusivenews.com.br\/?p=28920#primaryimage"},"image":{"@id":"https:\/\/inclusivenews.com.br\/?p=28920#primaryimage"},"thumbnailUrl":"http:\/\/inclusivenews.com.br\/wp-content\/uploads\/2010\/03\/raquel-300x266.png","datePublished":"2016-03-07T16:45:05+00:00","breadcrumb":{"@id":"https:\/\/inclusivenews.com.br\/?p=28920#breadcrumb"},"inLanguage":"pt-PT","potentialAction":[{"@type":"ReadAction","target":["https:\/\/inclusivenews.com.br\/?p=28920"]}]},{"@type":"ImageObject","inLanguage":"pt-PT","@id":"https:\/\/inclusivenews.com.br\/?p=28920#primaryimage","url":"","contentUrl":""},{"@type":"BreadcrumbList","@id":"https:\/\/inclusivenews.com.br\/?p=28920#breadcrumb","itemListElement":[{"@type":"ListItem","position":1,"name":"In\u00edcio","item":"https:\/\/inclusivenews.com.br\/"},{"@type":"ListItem","position":2,"name":"Brasil tem quase 80% dos alunos com defici\u00eancia inclu\u00eddos na educa\u00e7\u00e3o b\u00e1sica"}]},{"@type":"WebSite","@id":"https:\/\/inclusivenews.com.br\/#website","url":"https:\/\/inclusivenews.com.br\/","name":"Inclusive News","description":"Inclusive News","publisher":{"@id":"https:\/\/inclusivenews.com.br\/#organization"},"potentialAction":[{"@type":"SearchAction","target":{"@type":"EntryPoint","urlTemplate":"https:\/\/inclusivenews.com.br\/?s={search_term_string}"},"query-input":{"@type":"PropertyValueSpecification","valueRequired":true,"valueName":"search_term_string"}}],"inLanguage":"pt-PT"},{"@type":"Organization","@id":"https:\/\/inclusivenews.com.br\/#organization","name":"Inclusive - inclus\u00e3o e cidadania","url":"https:\/\/inclusivenews.com.br\/","logo":{"@type":"ImageObject","inLanguage":"pt-PT","@id":"https:\/\/inclusivenews.com.br\/#\/schema\/logo\/image\/","url":"https:\/\/inclusivenews.com.br\/wp-content\/uploads\/2024\/03\/@grandesite.png","contentUrl":"https:\/\/inclusivenews.com.br\/wp-content\/uploads\/2024\/03\/@grandesite.png","width":1080,"height":1080,"caption":"Inclusive - inclus\u00e3o e cidadania"},"image":{"@id":"https:\/\/inclusivenews.com.br\/#\/schema\/logo\/image\/"},"sameAs":["https:\/\/www.facebook.com\/agenciainclusive\/","https:\/\/www.instagram.com\/newsinclusive\/"]},{"@type":"Person","@id":"https:\/\/inclusivenews.com.br\/#\/schema\/person\/ae4ec7087559b8692fb33b6fffd2273b","name":"inclusivenews2024","image":{"@type":"ImageObject","inLanguage":"pt-PT","@id":"https:\/\/secure.gravatar.com\/avatar\/c5a7ef84c66fa914f55bc4f7ce26cfa275a3b9a1c5568b907bd184fb4dde7b40?s=96&d=mm&r=g","url":"https:\/\/secure.gravatar.com\/avatar\/c5a7ef84c66fa914f55bc4f7ce26cfa275a3b9a1c5568b907bd184fb4dde7b40?s=96&d=mm&r=g","contentUrl":"https:\/\/secure.gravatar.com\/avatar\/c5a7ef84c66fa914f55bc4f7ce26cfa275a3b9a1c5568b907bd184fb4dde7b40?s=96&d=mm&r=g","caption":"inclusivenews2024"},"sameAs":["https:\/\/inclusivenews.com.br"],"url":"https:\/\/inclusivenews.com.br\/?author=1"}]}},"_links":{"self":[{"href":"https:\/\/inclusivenews.com.br\/index.php?rest_route=\/wp\/v2\/posts\/28920","targetHints":{"allow":["GET"]}}],"collection":[{"href":"https:\/\/inclusivenews.com.br\/index.php?rest_route=\/wp\/v2\/posts"}],"about":[{"href":"https:\/\/inclusivenews.com.br\/index.php?rest_route=\/wp\/v2\/types\/post"}],"author":[{"embeddable":true,"href":"https:\/\/inclusivenews.com.br\/index.php?rest_route=\/wp\/v2\/users\/1"}],"replies":[{"embeddable":true,"href":"https:\/\/inclusivenews.com.br\/index.php?rest_route=%2Fwp%2Fv2%2Fcomments&post=28920"}],"version-history":[{"count":0,"href":"https:\/\/inclusivenews.com.br\/index.php?rest_route=\/wp\/v2\/posts\/28920\/revisions"}],"wp:attachment":[{"href":"https:\/\/inclusivenews.com.br\/index.php?rest_route=%2Fwp%2Fv2%2Fmedia&parent=28920"}],"wp:term":[{"taxonomy":"category","embeddable":true,"href":"https:\/\/inclusivenews.com.br\/index.php?rest_route=%2Fwp%2Fv2%2Fcategories&post=28920"},{"taxonomy":"post_tag","embeddable":true,"href":"https:\/\/inclusivenews.com.br\/index.php?rest_route=%2Fwp%2Fv2%2Ftags&post=28920"}],"curies":[{"name":"wp","href":"https:\/\/api.w.org\/{rel}","templated":true}]}}