{"id":28952,"date":"2016-03-16T12:51:36","date_gmt":"2016-03-16T15:51:36","guid":{"rendered":"http:\/\/www.inclusive.org.br\/?p=28952"},"modified":"2016-03-16T12:51:36","modified_gmt":"2016-03-16T15:51:36","slug":"autora-e-atriz-brasileira-apresenta-peca-contra-a-violencia-no-unicef-pelo-dia-internacional-da-sindrome-de-down","status":"publish","type":"post","link":"https:\/\/inclusivenews.com.br\/?p=28952","title":{"rendered":"Autora e atriz brasileira apresenta pe\u00e7a contra a viol\u00eancia no Unicef pelo dia Internacional da s\u00edndrome de Down"},"content":{"rendered":"<p><img loading=\"lazy\" decoding=\"async\" class=\"size-full wp-image-28953 aligncenter\" alt=\"a atriz tathiana de bracos aberto e ator, segurando seus bracos por tras. \" src=\"http:\/\/inclusivenews.com.br\/wp-content\/uploads\/tat.png\" width=\"300\" height=\"200\" \/><\/p>\n<p>O UNICEF, UNFPA e parceiros convidam para o evento #ENDviolence Contra Crian\u00e7as e Adolescentes com Defici\u00eancia, que ocorre paralelamente\u00a0\u00e0 60\u00aa Sess\u00e3o da CSW e a 5a. Confer\u00eancia na ONU pelo Dia Internacional da S\u00edndrome de Down<\/p>\n<p>21 de mar\u00e7o de 13:15 &#8211; 14:45<br \/>\nUNICEF House, Sal\u00e3o Labouisse<\/p>\n<p><img loading=\"lazy\" decoding=\"async\" class=\"size-full wp-image-28958 aligncenter\" style=\"width: 429px; height: 312px;\" alt=\"convite para a apresentacao #endviolence em ingl\u00eas. \" src=\"http:\/\/inclusivenews.com.br\/wp-content\/uploads\/endviolence.jpg\" width=\"1753\" height=\"1240\" \/><br \/>\nDetalhes: O evento consiste em uma pequena apresenta\u00e7\u00e3o da pe\u00e7a de teatro &#8220;Menina dos Meus Olhos&#8221;, escrita por Tathiana Piancastelli, artista brasileira com s\u00edndrome de Down e produzida por Nettles Artists Collective. O espet\u00e1culo ser\u00e1 seguido por um painel de discuss\u00e3o sobre a viol\u00eancia contra crian\u00e7as e adolescentes com defici\u00eancia.<\/p>\n<p>Moderadora: Judith Diers, Consultora S\u00eanior de Desenvolvimento de Adolescentes e Participa\u00e7\u00e3o<br \/>\nOradores: Ted Chaiban, Diretor da Divis\u00e3o de Programas, da UNICEF<br \/>\n&#8211; Benoit Kalasa, Diretor da Divis\u00e3o T\u00e9cnica do UNFPA<br \/>\n&#8211; Susan Bissell, Diretora de Parceria Global para Acabar com a Viol\u00eancia contra as Crian\u00e7as<br \/>\n&#8211; Manus De Barra, Gabinete do Representante Especial do Secret\u00e1rio-Geral sobre Viol\u00eancia contra as Crian\u00e7as<br \/>\n&#8211; Tathiana Piancastelli, autora da pe\u00e7a &#8220;Menina dos Meus Olhos&#8221;<br \/>\n&#8211; Representante da\u00a0International Disability Alliance, Alian\u00e7a Internacional da Defici\u00eancia<br \/>\nCaf\u00e9 e bebidas ser\u00e3o servidos ap\u00f3s o evento<br \/>\nPor favor RSVP para o evento usando este link. Se voc\u00ea tiver alguma d\u00favida, entre em contato com aburlyaeva@unicef.org<\/p>\n<p>Sobre a pe\u00e7a &#8220;Menina dos Meus\u00a0Olhos&#8221;<\/p>\n<p>&nbsp;<\/p>\n<p><b>Pe\u00e7a teatral escrita e protagonizada por brasileira com s\u00edndrome de Down se apresenta em Nova York a convite da UNICEF e ONU, no mesmo dia\u00a0 em que se celebra o Dia Internacional da S\u00edndrome de Down<\/b><b>.<\/b><\/p>\n<p>O Fundo das Na\u00e7\u00f5es Unidas para a Inf\u00e2ncia &#8211; UNICEF e a Organiza\u00e7\u00e3o das Na\u00e7\u00f5es Unidas &#8211; ONU convidam para o espet\u00e1culo <i>Menina dos Meus Olhos<\/i> (Apple of My Eye, em ingl\u00eas) de Tathi Piancastelli, 31 anos, a ser apresentada em Nova York, com o objetivo de ilustrar painel que discute combate \u00e0 viol\u00eancia, na mesma data em que se celebra o Dia Internacional da s\u00edndrome de Down. Tathi \u00e9 a primeira atriz e autora brasileira, com a s\u00edndrome, a ter seu trabalho produzido profissionalmente nos Estados Unidos.<\/p>\n<p>A apresenta\u00e7\u00e3o faz parte da agenda da 60\u00aa Sess\u00e3o da Comiss\u00e3o sobre a Situa\u00e7ao da Mulher (CSW), que discute a \u201cElimina\u00e7\u00e3o e Preven\u00e7\u00e3o de Todas as Formas de Viol\u00eancia Contra Mulheres e Meninas&#8221;, e da 5\u00aa Confer\u00eancia do Dia Internacional da s\u00edndrome de Down (WDSD),que tem como tema \u201cMeus Amigos, Minha Comunidade\u201d, ambas a serem realizadas na sede da ONU, em Nova York.<\/p>\n<p>O dia Internacional da S\u00edndrome de Down, foi reconhecido pela ONU em 2012, \u00e9 celebrado no dia 21\/03 em alus\u00e3o aos 3 cromossomas no par 21 que as pessoas com a sindrome de Down carregam. A data toma maiores propor\u00e7\u00f5es\u00a0a cada ano, trazendo \u00a0conscientiza\u00e7\u00e3o\u00a0e dando maior visibilidade \u00e0s pessoas com a s\u00edndrome de Down no mundo.<\/p>\n<p><i>Menina dos Meus Olhos,<\/i> produzida\u00a0 pela Nettles Artists Collective, traz a personagem Bella, uma jovem com s\u00edndrome de Down, que passa por situa\u00e7\u00f5es de preconceito, discrimina\u00e7\u00e3o e viol\u00eancia, at\u00e9 encontrar o verdadeiro amor. O espet\u00e1culo multim\u00eddia, que conta com mais dez atores, foi apresentado em Nova York em 2013 e 2015 e convidado do XXX Festival Internacional de Teatro Hisp\u00e2nico em Miami em julho de 2015.<\/p>\n<p>A cereja do bolo \u00e9, no momento, a indica\u00e7\u00e3o de <i>Menina dos Meus Olhos<\/i> entre os finalistas do Brazilian International Press Award 2016 como melhor espet\u00e1culo. Tathi Piancastelli concorre como melhor atriz junto com outros dois atores da pe\u00e7a, tamb\u00e9m indicados.<\/p>\n<p>Nascida em S\u00e3o Paulo e atualmente morando nos EUA, Tathi \u00e9 atriz, autodefensora e apresentadora de TV. J\u00e1 atuou em pe\u00e7as de teatro brasileiras e em comerciais institucionais da Rede Globo de Televis\u00e3o. Tathi tamb\u00e9m \u00e9 conhecida por ser inspira\u00e7\u00e3o do cartunista Maur\u00edcio de Sousa na cria\u00e7\u00e3o da personagem Tati, com s\u00edndrome de Down. Fotografou como modelo para a Inoar, companhia brasileira de cosm\u00e9ticos com sede no Brasil. Com outro texto dramat\u00fargico a caminho, Tathi Piancastelli reflete sobre o trabalho atual e o recente reconhecimento.&#8221;Eu gosto da pe\u00e7a cada vez mais,\u201d comenta a atriz.<\/p>\n<p>Ap\u00f3s a apresenta\u00e7\u00e3o, a diretora da pe\u00e7a, Debora Balardini, a diretora conceitual, Sandie Luna, Tathi Piancastelli e uma s\u00e9rie de convidados participam do painel, que \u00e9 seguido por uma sess\u00e3o de perguntas e respostas. Balardini e Luna s\u00e3o co-fundadoras da Nettles Artists Collective (NAC), que tem, como casa art\u00edstica, Punto Space, espa\u00e7o localizado em Manhattan. O projeto conta ainda com apoio do Instituto MetaSocial, respons\u00e1vel pela campanha Ser Diferente \u00e9 Normal, e prepara-se para uma turn\u00ea no Brasil e Europa em 2016. Recebe para esta apresenta\u00e7ao apoio do Consulado Geral do Brasil em Nova York<\/p>\n<p>&nbsp;<\/p>\n<p>Contato \u2013 Patricia Heiderich\u00a0 &#8211; <a href=\"mailto:patricia@metasocial.org.br\" target=\"_blank\" rel=\"noopener\">patricia@metasocial.org.br<\/a> &#8211; tel\/whatsapp (1) <a href=\"tel:201%20290%203161\" target=\"_blank\" rel=\"noopener\"><span style=\"color: #1155cc;\">201 290 3161<\/span><\/a><\/p>\n<p>Local \u2013 Unicef House \u00a0&#8211; Data 21\/3 \u2013 13:15pm<\/p>\n<p><a href=\"http:\/\/www.tathipiancstelli-\/\" target=\"_blank\" rel=\"noopener\"><span style=\"color: #1155cc;\">www.tathipiancstelli.com &#8211;<\/span><\/a> instagram\/twitter\/face &#8211; Tathipiancastelli<\/p>\n","protected":false},"excerpt":{"rendered":"<p>A apresenta\u00e7\u00e3o faz parte da agenda da 60\u00aa Sess\u00e3o da Comiss\u00e3o sobre a Situa\u00e7ao da Mulher (CSW), e da 5\u00aa Confer\u00eancia do Dia Internacional da s\u00edndrome de Down (WDSD), na sede da ONU, em Nova York.<\/p>\n","protected":false},"author":1,"featured_media":0,"comment_status":"open","ping_status":"open","sticky":false,"template":"","format":"standard","meta":{"site-container-style":"default","site-container-layout":"default","site-sidebar-layout":"default","disable-article-header":"default","disable-site-header":"default","disable-site-footer":"default","disable-content-area-spacing":"default","footnotes":""},"categories":[4,365],"tags":[],"class_list":["post-28952","post","type-post","status-publish","format-standard","hentry","category-noticias","category-wdsd-2016"],"yoast_head":"<!-- This site is optimized with the Yoast SEO plugin v27.4 - https:\/\/yoast.com\/product\/yoast-seo-wordpress\/ -->\n<title>Autora e atriz brasileira apresenta pe\u00e7a contra a viol\u00eancia no Unicef pelo dia Internacional da s\u00edndrome de Down -<\/title>\n<meta name=\"robots\" content=\"index, follow, max-snippet:-1, max-image-preview:large, max-video-preview:-1\" \/>\n<link rel=\"canonical\" href=\"https:\/\/inclusivenews.com.br\/?p=28952\" \/>\n<meta property=\"og:locale\" content=\"pt_PT\" \/>\n<meta property=\"og:type\" content=\"article\" \/>\n<meta property=\"og:title\" content=\"Autora e atriz brasileira apresenta pe\u00e7a contra a viol\u00eancia no Unicef pelo dia Internacional da s\u00edndrome de Down -\" \/>\n<meta property=\"og:description\" content=\"A apresenta\u00e7\u00e3o faz parte da agenda da 60\u00aa Sess\u00e3o da Comiss\u00e3o sobre a Situa\u00e7ao da Mulher (CSW), e da 5\u00aa Confer\u00eancia do Dia Internacional da s\u00edndrome de Down (WDSD), na sede da ONU, em Nova York.\" \/>\n<meta property=\"og:url\" content=\"https:\/\/inclusivenews.com.br\/?p=28952\" \/>\n<meta property=\"article:publisher\" content=\"https:\/\/www.facebook.com\/agenciainclusive\/\" \/>\n<meta property=\"article:published_time\" content=\"2016-03-16T15:51:36+00:00\" \/>\n<meta property=\"og:image\" content=\"http:\/\/inclusivenews.com.br\/wp-content\/uploads\/tat.png\" \/>\n<meta name=\"author\" content=\"inclusivenews2024\" \/>\n<meta name=\"twitter:card\" content=\"summary_large_image\" \/>\n<meta name=\"twitter:label1\" content=\"Escrito por\" \/>\n\t<meta name=\"twitter:data1\" content=\"inclusivenews2024\" \/>\n\t<meta name=\"twitter:label2\" content=\"Tempo estimado de leitura\" \/>\n\t<meta name=\"twitter:data2\" content=\"4 minutos\" \/>\n<script type=\"application\/ld+json\" class=\"yoast-schema-graph\">{\"@context\":\"https:\\\/\\\/schema.org\",\"@graph\":[{\"@type\":\"Article\",\"@id\":\"https:\\\/\\\/inclusivenews.com.br\\\/?p=28952#article\",\"isPartOf\":{\"@id\":\"https:\\\/\\\/inclusivenews.com.br\\\/?p=28952\"},\"author\":{\"name\":\"inclusivenews2024\",\"@id\":\"https:\\\/\\\/inclusivenews.com.br\\\/#\\\/schema\\\/person\\\/ae4ec7087559b8692fb33b6fffd2273b\"},\"headline\":\"Autora e atriz brasileira apresenta pe\u00e7a contra a viol\u00eancia no Unicef pelo dia Internacional da s\u00edndrome de Down\",\"datePublished\":\"2016-03-16T15:51:36+00:00\",\"mainEntityOfPage\":{\"@id\":\"https:\\\/\\\/inclusivenews.com.br\\\/?p=28952\"},\"wordCount\":871,\"commentCount\":0,\"publisher\":{\"@id\":\"https:\\\/\\\/inclusivenews.com.br\\\/#organization\"},\"image\":{\"@id\":\"https:\\\/\\\/inclusivenews.com.br\\\/?p=28952#primaryimage\"},\"thumbnailUrl\":\"http:\\\/\\\/inclusivenews.com.br\\\/wp-content\\\/uploads\\\/tat.png\",\"articleSection\":[\"NOT\u00cdCIAS\",\"WDSD 2016\"],\"inLanguage\":\"pt-PT\",\"potentialAction\":[{\"@type\":\"CommentAction\",\"name\":\"Comment\",\"target\":[\"https:\\\/\\\/inclusivenews.com.br\\\/?p=28952#respond\"]}]},{\"@type\":\"WebPage\",\"@id\":\"https:\\\/\\\/inclusivenews.com.br\\\/?p=28952\",\"url\":\"https:\\\/\\\/inclusivenews.com.br\\\/?p=28952\",\"name\":\"Autora e atriz brasileira apresenta pe\u00e7a contra a viol\u00eancia no Unicef pelo dia Internacional da s\u00edndrome de Down -\",\"isPartOf\":{\"@id\":\"https:\\\/\\\/inclusivenews.com.br\\\/#website\"},\"primaryImageOfPage\":{\"@id\":\"https:\\\/\\\/inclusivenews.com.br\\\/?p=28952#primaryimage\"},\"image\":{\"@id\":\"https:\\\/\\\/inclusivenews.com.br\\\/?p=28952#primaryimage\"},\"thumbnailUrl\":\"http:\\\/\\\/inclusivenews.com.br\\\/wp-content\\\/uploads\\\/tat.png\",\"datePublished\":\"2016-03-16T15:51:36+00:00\",\"breadcrumb\":{\"@id\":\"https:\\\/\\\/inclusivenews.com.br\\\/?p=28952#breadcrumb\"},\"inLanguage\":\"pt-PT\",\"potentialAction\":[{\"@type\":\"ReadAction\",\"target\":[\"https:\\\/\\\/inclusivenews.com.br\\\/?p=28952\"]}]},{\"@type\":\"ImageObject\",\"inLanguage\":\"pt-PT\",\"@id\":\"https:\\\/\\\/inclusivenews.com.br\\\/?p=28952#primaryimage\",\"url\":\"\",\"contentUrl\":\"\"},{\"@type\":\"BreadcrumbList\",\"@id\":\"https:\\\/\\\/inclusivenews.com.br\\\/?p=28952#breadcrumb\",\"itemListElement\":[{\"@type\":\"ListItem\",\"position\":1,\"name\":\"In\u00edcio\",\"item\":\"https:\\\/\\\/inclusivenews.com.br\\\/\"},{\"@type\":\"ListItem\",\"position\":2,\"name\":\"Autora e atriz brasileira apresenta pe\u00e7a contra a viol\u00eancia no Unicef pelo dia Internacional da s\u00edndrome de Down\"}]},{\"@type\":\"WebSite\",\"@id\":\"https:\\\/\\\/inclusivenews.com.br\\\/#website\",\"url\":\"https:\\\/\\\/inclusivenews.com.br\\\/\",\"name\":\"Inclusive News\",\"description\":\"Inclusive News\",\"publisher\":{\"@id\":\"https:\\\/\\\/inclusivenews.com.br\\\/#organization\"},\"potentialAction\":[{\"@type\":\"SearchAction\",\"target\":{\"@type\":\"EntryPoint\",\"urlTemplate\":\"https:\\\/\\\/inclusivenews.com.br\\\/?s={search_term_string}\"},\"query-input\":{\"@type\":\"PropertyValueSpecification\",\"valueRequired\":true,\"valueName\":\"search_term_string\"}}],\"inLanguage\":\"pt-PT\"},{\"@type\":\"Organization\",\"@id\":\"https:\\\/\\\/inclusivenews.com.br\\\/#organization\",\"name\":\"Inclusive - inclus\u00e3o e cidadania\",\"url\":\"https:\\\/\\\/inclusivenews.com.br\\\/\",\"logo\":{\"@type\":\"ImageObject\",\"inLanguage\":\"pt-PT\",\"@id\":\"https:\\\/\\\/inclusivenews.com.br\\\/#\\\/schema\\\/logo\\\/image\\\/\",\"url\":\"https:\\\/\\\/inclusivenews.com.br\\\/wp-content\\\/uploads\\\/2024\\\/03\\\/@grandesite.png\",\"contentUrl\":\"https:\\\/\\\/inclusivenews.com.br\\\/wp-content\\\/uploads\\\/2024\\\/03\\\/@grandesite.png\",\"width\":1080,\"height\":1080,\"caption\":\"Inclusive - inclus\u00e3o e cidadania\"},\"image\":{\"@id\":\"https:\\\/\\\/inclusivenews.com.br\\\/#\\\/schema\\\/logo\\\/image\\\/\"},\"sameAs\":[\"https:\\\/\\\/www.facebook.com\\\/agenciainclusive\\\/\",\"https:\\\/\\\/www.instagram.com\\\/newsinclusive\\\/\"]},{\"@type\":\"Person\",\"@id\":\"https:\\\/\\\/inclusivenews.com.br\\\/#\\\/schema\\\/person\\\/ae4ec7087559b8692fb33b6fffd2273b\",\"name\":\"inclusivenews2024\",\"image\":{\"@type\":\"ImageObject\",\"inLanguage\":\"pt-PT\",\"@id\":\"https:\\\/\\\/secure.gravatar.com\\\/avatar\\\/c5a7ef84c66fa914f55bc4f7ce26cfa275a3b9a1c5568b907bd184fb4dde7b40?s=96&d=mm&r=g\",\"url\":\"https:\\\/\\\/secure.gravatar.com\\\/avatar\\\/c5a7ef84c66fa914f55bc4f7ce26cfa275a3b9a1c5568b907bd184fb4dde7b40?s=96&d=mm&r=g\",\"contentUrl\":\"https:\\\/\\\/secure.gravatar.com\\\/avatar\\\/c5a7ef84c66fa914f55bc4f7ce26cfa275a3b9a1c5568b907bd184fb4dde7b40?s=96&d=mm&r=g\",\"caption\":\"inclusivenews2024\"},\"sameAs\":[\"https:\\\/\\\/inclusivenews.com.br\"],\"url\":\"https:\\\/\\\/inclusivenews.com.br\\\/?author=1\"}]}<\/script>\n<!-- \/ Yoast SEO plugin. -->","yoast_head_json":{"title":"Autora e atriz brasileira apresenta pe\u00e7a contra a viol\u00eancia no Unicef pelo dia Internacional da s\u00edndrome de Down -","robots":{"index":"index","follow":"follow","max-snippet":"max-snippet:-1","max-image-preview":"max-image-preview:large","max-video-preview":"max-video-preview:-1"},"canonical":"https:\/\/inclusivenews.com.br\/?p=28952","og_locale":"pt_PT","og_type":"article","og_title":"Autora e atriz brasileira apresenta pe\u00e7a contra a viol\u00eancia no Unicef pelo dia Internacional da s\u00edndrome de Down -","og_description":"A apresenta\u00e7\u00e3o faz parte da agenda da 60\u00aa Sess\u00e3o da Comiss\u00e3o sobre a Situa\u00e7ao da Mulher (CSW), e da 5\u00aa Confer\u00eancia do Dia Internacional da s\u00edndrome de Down (WDSD), na sede da ONU, em Nova York.","og_url":"https:\/\/inclusivenews.com.br\/?p=28952","article_publisher":"https:\/\/www.facebook.com\/agenciainclusive\/","article_published_time":"2016-03-16T15:51:36+00:00","og_image":[{"url":"http:\/\/inclusivenews.com.br\/wp-content\/uploads\/tat.png","type":"","width":"","height":""}],"author":"inclusivenews2024","twitter_card":"summary_large_image","twitter_misc":{"Escrito por":"inclusivenews2024","Tempo estimado de leitura":"4 minutos"},"schema":{"@context":"https:\/\/schema.org","@graph":[{"@type":"Article","@id":"https:\/\/inclusivenews.com.br\/?p=28952#article","isPartOf":{"@id":"https:\/\/inclusivenews.com.br\/?p=28952"},"author":{"name":"inclusivenews2024","@id":"https:\/\/inclusivenews.com.br\/#\/schema\/person\/ae4ec7087559b8692fb33b6fffd2273b"},"headline":"Autora e atriz brasileira apresenta pe\u00e7a contra a viol\u00eancia no Unicef pelo dia Internacional da s\u00edndrome de Down","datePublished":"2016-03-16T15:51:36+00:00","mainEntityOfPage":{"@id":"https:\/\/inclusivenews.com.br\/?p=28952"},"wordCount":871,"commentCount":0,"publisher":{"@id":"https:\/\/inclusivenews.com.br\/#organization"},"image":{"@id":"https:\/\/inclusivenews.com.br\/?p=28952#primaryimage"},"thumbnailUrl":"http:\/\/inclusivenews.com.br\/wp-content\/uploads\/tat.png","articleSection":["NOT\u00cdCIAS","WDSD 2016"],"inLanguage":"pt-PT","potentialAction":[{"@type":"CommentAction","name":"Comment","target":["https:\/\/inclusivenews.com.br\/?p=28952#respond"]}]},{"@type":"WebPage","@id":"https:\/\/inclusivenews.com.br\/?p=28952","url":"https:\/\/inclusivenews.com.br\/?p=28952","name":"Autora e atriz brasileira apresenta pe\u00e7a contra a viol\u00eancia no Unicef pelo dia Internacional da s\u00edndrome de Down -","isPartOf":{"@id":"https:\/\/inclusivenews.com.br\/#website"},"primaryImageOfPage":{"@id":"https:\/\/inclusivenews.com.br\/?p=28952#primaryimage"},"image":{"@id":"https:\/\/inclusivenews.com.br\/?p=28952#primaryimage"},"thumbnailUrl":"http:\/\/inclusivenews.com.br\/wp-content\/uploads\/tat.png","datePublished":"2016-03-16T15:51:36+00:00","breadcrumb":{"@id":"https:\/\/inclusivenews.com.br\/?p=28952#breadcrumb"},"inLanguage":"pt-PT","potentialAction":[{"@type":"ReadAction","target":["https:\/\/inclusivenews.com.br\/?p=28952"]}]},{"@type":"ImageObject","inLanguage":"pt-PT","@id":"https:\/\/inclusivenews.com.br\/?p=28952#primaryimage","url":"","contentUrl":""},{"@type":"BreadcrumbList","@id":"https:\/\/inclusivenews.com.br\/?p=28952#breadcrumb","itemListElement":[{"@type":"ListItem","position":1,"name":"In\u00edcio","item":"https:\/\/inclusivenews.com.br\/"},{"@type":"ListItem","position":2,"name":"Autora e atriz brasileira apresenta pe\u00e7a contra a viol\u00eancia no Unicef pelo dia Internacional da s\u00edndrome de Down"}]},{"@type":"WebSite","@id":"https:\/\/inclusivenews.com.br\/#website","url":"https:\/\/inclusivenews.com.br\/","name":"Inclusive News","description":"Inclusive News","publisher":{"@id":"https:\/\/inclusivenews.com.br\/#organization"},"potentialAction":[{"@type":"SearchAction","target":{"@type":"EntryPoint","urlTemplate":"https:\/\/inclusivenews.com.br\/?s={search_term_string}"},"query-input":{"@type":"PropertyValueSpecification","valueRequired":true,"valueName":"search_term_string"}}],"inLanguage":"pt-PT"},{"@type":"Organization","@id":"https:\/\/inclusivenews.com.br\/#organization","name":"Inclusive - inclus\u00e3o e cidadania","url":"https:\/\/inclusivenews.com.br\/","logo":{"@type":"ImageObject","inLanguage":"pt-PT","@id":"https:\/\/inclusivenews.com.br\/#\/schema\/logo\/image\/","url":"https:\/\/inclusivenews.com.br\/wp-content\/uploads\/2024\/03\/@grandesite.png","contentUrl":"https:\/\/inclusivenews.com.br\/wp-content\/uploads\/2024\/03\/@grandesite.png","width":1080,"height":1080,"caption":"Inclusive - inclus\u00e3o e cidadania"},"image":{"@id":"https:\/\/inclusivenews.com.br\/#\/schema\/logo\/image\/"},"sameAs":["https:\/\/www.facebook.com\/agenciainclusive\/","https:\/\/www.instagram.com\/newsinclusive\/"]},{"@type":"Person","@id":"https:\/\/inclusivenews.com.br\/#\/schema\/person\/ae4ec7087559b8692fb33b6fffd2273b","name":"inclusivenews2024","image":{"@type":"ImageObject","inLanguage":"pt-PT","@id":"https:\/\/secure.gravatar.com\/avatar\/c5a7ef84c66fa914f55bc4f7ce26cfa275a3b9a1c5568b907bd184fb4dde7b40?s=96&d=mm&r=g","url":"https:\/\/secure.gravatar.com\/avatar\/c5a7ef84c66fa914f55bc4f7ce26cfa275a3b9a1c5568b907bd184fb4dde7b40?s=96&d=mm&r=g","contentUrl":"https:\/\/secure.gravatar.com\/avatar\/c5a7ef84c66fa914f55bc4f7ce26cfa275a3b9a1c5568b907bd184fb4dde7b40?s=96&d=mm&r=g","caption":"inclusivenews2024"},"sameAs":["https:\/\/inclusivenews.com.br"],"url":"https:\/\/inclusivenews.com.br\/?author=1"}]}},"_links":{"self":[{"href":"https:\/\/inclusivenews.com.br\/index.php?rest_route=\/wp\/v2\/posts\/28952","targetHints":{"allow":["GET"]}}],"collection":[{"href":"https:\/\/inclusivenews.com.br\/index.php?rest_route=\/wp\/v2\/posts"}],"about":[{"href":"https:\/\/inclusivenews.com.br\/index.php?rest_route=\/wp\/v2\/types\/post"}],"author":[{"embeddable":true,"href":"https:\/\/inclusivenews.com.br\/index.php?rest_route=\/wp\/v2\/users\/1"}],"replies":[{"embeddable":true,"href":"https:\/\/inclusivenews.com.br\/index.php?rest_route=%2Fwp%2Fv2%2Fcomments&post=28952"}],"version-history":[{"count":0,"href":"https:\/\/inclusivenews.com.br\/index.php?rest_route=\/wp\/v2\/posts\/28952\/revisions"}],"wp:attachment":[{"href":"https:\/\/inclusivenews.com.br\/index.php?rest_route=%2Fwp%2Fv2%2Fmedia&parent=28952"}],"wp:term":[{"taxonomy":"category","embeddable":true,"href":"https:\/\/inclusivenews.com.br\/index.php?rest_route=%2Fwp%2Fv2%2Fcategories&post=28952"},{"taxonomy":"post_tag","embeddable":true,"href":"https:\/\/inclusivenews.com.br\/index.php?rest_route=%2Fwp%2Fv2%2Ftags&post=28952"}],"curies":[{"name":"wp","href":"https:\/\/api.w.org\/{rel}","templated":true}]}}