{"id":28976,"date":"2016-03-28T15:22:41","date_gmt":"2016-03-28T18:22:41","guid":{"rendered":"http:\/\/www.inclusive.org.br\/?p=28976"},"modified":"2016-03-28T15:22:41","modified_gmt":"2016-03-28T18:22:41","slug":"criancas-com-deficiencia-enfrentam-desde-preconceito-ate-taxa-ilegal","status":"publish","type":"post","link":"https:\/\/inclusivenews.com.br\/?p=28976","title":{"rendered":"Crian\u00e7as com defici\u00eancia enfrentam desde preconceito at\u00e9 taxa ilegal"},"content":{"rendered":"<p><img loading=\"lazy\" decoding=\"async\" class=\"wp-image-12707 alignleft\" alt=\"Inclusive - sala de aula vazia.\" src=\"http:\/\/inclusivenews.com.br\/wp-content\/uploads\/2009\/11\/saladeaulavazia1.jpg\" width=\"191\" height=\"137\" \/><\/p>\n<p>Publicado originalmente em <em>O Povo<\/em>.<\/p>\n<p>O relato das m\u00e3es revela tentativas de romper barreiras na educa\u00e7\u00e3o. Ao lado dos filhos com defici\u00eancia, lutam por uma escola aberta \u00e0s diferen\u00e7as. E aos direitos garantidos para proporcionar ambiente integrado de aprendizado. Desde 2007, a presen\u00e7a dos estudantes com defici\u00eancia \u00e9 cada vez menor em ambientes segregados, como classes especiais e escolas exclusivas.<\/p>\n<p>Para trilhar o caminho da inclus\u00e3o em escolas regulares, h\u00e1 desgastes a serem superados. No caso da m\u00e3e Maria Helena Domingos, falta atendimento completo para que o comportamento ativo do filho n\u00e3o atrapalhe a turma nem impossibilite a conviv\u00eancia com os colegas. Aos nove anos, Paulo tem s\u00edndrome de Down e cursa o 3\u00b0 ano do Ensino Fundamental na escola p\u00fablica. Por dia, fica no m\u00e1ximo duas horas de aula na sala.<\/p>\n<p>Sem esperar pela lota\u00e7\u00e3o de um profissional, Helena fica na escola. \u00c9 ela quem recebe o menino quando ele n\u00e3o consegue se concentrar e precisa sair da sala para beber \u00e1gua. \u201c\u00c9 melhor eu l\u00e1. Porque j\u00e1 teve dia em que achei o vigia tomando conta dele l\u00e1 fora\u201d, lamenta.<\/p>\n<p>Cobran\u00e7a ilegal<\/p>\n<p>Com o filho na rede privada, M\u00e1rcia Maria, de 46 anos, est\u00e1 satisfeita com os cuidados da professora. Mas conta que tentou, h\u00e1 dois anos, matricular Rafael em outra escola particular. Deparou-se com uma cobran\u00e7a adicional ao dizer que o filho tem s\u00edndrome de Down. Teria de pagar por fora uma pessoa para ficar com ele. Uma pr\u00e1tica ilegal e recorrente nas escolas.<\/p>\n<p>Apesar das barreiras, M\u00e1rcia acredita que a inclus\u00e3o ajuda. O filho se desenvolveu melhor desde que o contato com outras crian\u00e7as virou rotina. Para ela, outra dificuldade \u00e9 proteger os filhos da rejei\u00e7\u00e3o. \u201cO preconceito vem do mundo dos adultos. Quando a inclus\u00e3o acontece na base, as outras crian\u00e7as v\u00e3o se acostumando a crescer com a diferen\u00e7a. N\u00f3s vamos mudando as estruturas\u201d, sintetiza.<\/p>\n<p>Para Francilene Ara\u00fajo, 33, o preconceito se manifesta em sutilezas. Quando a m\u00e3e de um colega ensina a n\u00e3o brincar com o filho Fernando, porque ele \u00e9 \u201cdoentinho\u201d, por exemplo. \u201cD\u00e1 para ver que a maldade vem dos pais. Eu repito que meu filho \u00e9 especial e que deve ser tratado como todo mundo\u201d, defende.<\/p>\n<p>Dados<\/p>\n<p>Nas escolas municipais de Fortaleza, s\u00e3o 3.689 alunos com defici\u00eancia, transtornos globais do desenvolvimento ou altas habilidades matriculados em 2016. A maior concentra\u00e7\u00e3o \u00e9 no 4\u00b0 ano do ensino fundamental, conforme a Secretaria Municipal da Educa\u00e7\u00e3o (SME). Nas escolas estaduais, est\u00e3o matriculados 3,4 mil alunos da educa\u00e7\u00e3o especial, desde o infantil.<\/p>\n","protected":false},"excerpt":{"rendered":"<p>O relato das m\u00e3es revela tentativas de romper barreiras na educa\u00e7\u00e3o. Ao lado dos filhos com defici\u00eancia, lutam por uma escola aberta \u00e0s diferen\u00e7as. E aos direitos garantidos para proporcionar ambiente integrado de aprendizado. Reportagem de O Povo.<\/p>\n","protected":false},"author":1,"featured_media":0,"comment_status":"open","ping_status":"open","sticky":false,"template":"","format":"standard","meta":{"site-container-style":"default","site-container-layout":"default","site-sidebar-layout":"default","disable-article-header":"default","disable-site-header":"default","disable-site-footer":"default","disable-content-area-spacing":"default","footnotes":""},"categories":[38,6,48],"tags":[],"class_list":["post-28976","post","type-post","status-publish","format-standard","hentry","category-deficiencia","category-educacao","category-inclusao"],"yoast_head":"<!-- This site is optimized with the Yoast SEO plugin v27.4 - https:\/\/yoast.com\/product\/yoast-seo-wordpress\/ -->\n<title>Crian\u00e7as com defici\u00eancia enfrentam desde preconceito at\u00e9 taxa ilegal -<\/title>\n<meta name=\"robots\" content=\"index, follow, max-snippet:-1, max-image-preview:large, max-video-preview:-1\" \/>\n<link rel=\"canonical\" href=\"https:\/\/inclusivenews.com.br\/?p=28976\" \/>\n<meta property=\"og:locale\" content=\"pt_PT\" \/>\n<meta property=\"og:type\" content=\"article\" \/>\n<meta property=\"og:title\" content=\"Crian\u00e7as com defici\u00eancia enfrentam desde preconceito at\u00e9 taxa ilegal -\" \/>\n<meta property=\"og:description\" content=\"O relato das m\u00e3es revela tentativas de romper barreiras na educa\u00e7\u00e3o. Ao lado dos filhos com defici\u00eancia, lutam por uma escola aberta \u00e0s diferen\u00e7as. E aos direitos garantidos para proporcionar ambiente integrado de aprendizado. Reportagem de O Povo.\" \/>\n<meta property=\"og:url\" content=\"https:\/\/inclusivenews.com.br\/?p=28976\" \/>\n<meta property=\"article:publisher\" content=\"https:\/\/www.facebook.com\/agenciainclusive\/\" \/>\n<meta property=\"article:published_time\" content=\"2016-03-28T18:22:41+00:00\" \/>\n<meta property=\"og:image\" content=\"http:\/\/inclusivenews.com.br\/wp-content\/uploads\/2009\/11\/saladeaulavazia1.jpg\" \/>\n<meta name=\"author\" content=\"inclusivenews2024\" \/>\n<meta name=\"twitter:card\" content=\"summary_large_image\" \/>\n<meta name=\"twitter:label1\" content=\"Escrito por\" \/>\n\t<meta name=\"twitter:data1\" content=\"inclusivenews2024\" \/>\n\t<meta name=\"twitter:label2\" content=\"Tempo estimado de leitura\" \/>\n\t<meta name=\"twitter:data2\" content=\"2 minutos\" \/>\n<script type=\"application\/ld+json\" class=\"yoast-schema-graph\">{\"@context\":\"https:\\\/\\\/schema.org\",\"@graph\":[{\"@type\":\"Article\",\"@id\":\"https:\\\/\\\/inclusivenews.com.br\\\/?p=28976#article\",\"isPartOf\":{\"@id\":\"https:\\\/\\\/inclusivenews.com.br\\\/?p=28976\"},\"author\":{\"name\":\"inclusivenews2024\",\"@id\":\"https:\\\/\\\/inclusivenews.com.br\\\/#\\\/schema\\\/person\\\/ae4ec7087559b8692fb33b6fffd2273b\"},\"headline\":\"Crian\u00e7as com defici\u00eancia enfrentam desde preconceito at\u00e9 taxa ilegal\",\"datePublished\":\"2016-03-28T18:22:41+00:00\",\"mainEntityOfPage\":{\"@id\":\"https:\\\/\\\/inclusivenews.com.br\\\/?p=28976\"},\"wordCount\":451,\"commentCount\":0,\"publisher\":{\"@id\":\"https:\\\/\\\/inclusivenews.com.br\\\/#organization\"},\"image\":{\"@id\":\"https:\\\/\\\/inclusivenews.com.br\\\/?p=28976#primaryimage\"},\"thumbnailUrl\":\"http:\\\/\\\/inclusivenews.com.br\\\/wp-content\\\/uploads\\\/2009\\\/11\\\/saladeaulavazia1.jpg\",\"articleSection\":[\"Defici\u00eancia\",\"EDUCA\u00c7\u00c3O\",\"INCLUS\u00c3O SOCIAL\"],\"inLanguage\":\"pt-PT\",\"potentialAction\":[{\"@type\":\"CommentAction\",\"name\":\"Comment\",\"target\":[\"https:\\\/\\\/inclusivenews.com.br\\\/?p=28976#respond\"]}]},{\"@type\":\"WebPage\",\"@id\":\"https:\\\/\\\/inclusivenews.com.br\\\/?p=28976\",\"url\":\"https:\\\/\\\/inclusivenews.com.br\\\/?p=28976\",\"name\":\"Crian\u00e7as com defici\u00eancia enfrentam desde preconceito at\u00e9 taxa ilegal -\",\"isPartOf\":{\"@id\":\"https:\\\/\\\/inclusivenews.com.br\\\/#website\"},\"primaryImageOfPage\":{\"@id\":\"https:\\\/\\\/inclusivenews.com.br\\\/?p=28976#primaryimage\"},\"image\":{\"@id\":\"https:\\\/\\\/inclusivenews.com.br\\\/?p=28976#primaryimage\"},\"thumbnailUrl\":\"http:\\\/\\\/inclusivenews.com.br\\\/wp-content\\\/uploads\\\/2009\\\/11\\\/saladeaulavazia1.jpg\",\"datePublished\":\"2016-03-28T18:22:41+00:00\",\"breadcrumb\":{\"@id\":\"https:\\\/\\\/inclusivenews.com.br\\\/?p=28976#breadcrumb\"},\"inLanguage\":\"pt-PT\",\"potentialAction\":[{\"@type\":\"ReadAction\",\"target\":[\"https:\\\/\\\/inclusivenews.com.br\\\/?p=28976\"]}]},{\"@type\":\"ImageObject\",\"inLanguage\":\"pt-PT\",\"@id\":\"https:\\\/\\\/inclusivenews.com.br\\\/?p=28976#primaryimage\",\"url\":\"https:\\\/\\\/inclusivenews.com.br\\\/wp-content\\\/uploads\\\/2009\\\/11\\\/saladeaulavazia1.jpg\",\"contentUrl\":\"https:\\\/\\\/inclusivenews.com.br\\\/wp-content\\\/uploads\\\/2009\\\/11\\\/saladeaulavazia1.jpg\",\"width\":273,\"height\":196,\"caption\":\"Inclusive - sala de aula vazia.\"},{\"@type\":\"BreadcrumbList\",\"@id\":\"https:\\\/\\\/inclusivenews.com.br\\\/?p=28976#breadcrumb\",\"itemListElement\":[{\"@type\":\"ListItem\",\"position\":1,\"name\":\"In\u00edcio\",\"item\":\"https:\\\/\\\/inclusivenews.com.br\\\/\"},{\"@type\":\"ListItem\",\"position\":2,\"name\":\"Crian\u00e7as com defici\u00eancia enfrentam desde preconceito at\u00e9 taxa ilegal\"}]},{\"@type\":\"WebSite\",\"@id\":\"https:\\\/\\\/inclusivenews.com.br\\\/#website\",\"url\":\"https:\\\/\\\/inclusivenews.com.br\\\/\",\"name\":\"Inclusive News\",\"description\":\"Inclusive News\",\"publisher\":{\"@id\":\"https:\\\/\\\/inclusivenews.com.br\\\/#organization\"},\"potentialAction\":[{\"@type\":\"SearchAction\",\"target\":{\"@type\":\"EntryPoint\",\"urlTemplate\":\"https:\\\/\\\/inclusivenews.com.br\\\/?s={search_term_string}\"},\"query-input\":{\"@type\":\"PropertyValueSpecification\",\"valueRequired\":true,\"valueName\":\"search_term_string\"}}],\"inLanguage\":\"pt-PT\"},{\"@type\":\"Organization\",\"@id\":\"https:\\\/\\\/inclusivenews.com.br\\\/#organization\",\"name\":\"Inclusive - inclus\u00e3o e cidadania\",\"url\":\"https:\\\/\\\/inclusivenews.com.br\\\/\",\"logo\":{\"@type\":\"ImageObject\",\"inLanguage\":\"pt-PT\",\"@id\":\"https:\\\/\\\/inclusivenews.com.br\\\/#\\\/schema\\\/logo\\\/image\\\/\",\"url\":\"https:\\\/\\\/inclusivenews.com.br\\\/wp-content\\\/uploads\\\/2024\\\/03\\\/@grandesite.png\",\"contentUrl\":\"https:\\\/\\\/inclusivenews.com.br\\\/wp-content\\\/uploads\\\/2024\\\/03\\\/@grandesite.png\",\"width\":1080,\"height\":1080,\"caption\":\"Inclusive - inclus\u00e3o e cidadania\"},\"image\":{\"@id\":\"https:\\\/\\\/inclusivenews.com.br\\\/#\\\/schema\\\/logo\\\/image\\\/\"},\"sameAs\":[\"https:\\\/\\\/www.facebook.com\\\/agenciainclusive\\\/\",\"https:\\\/\\\/www.instagram.com\\\/newsinclusive\\\/\"]},{\"@type\":\"Person\",\"@id\":\"https:\\\/\\\/inclusivenews.com.br\\\/#\\\/schema\\\/person\\\/ae4ec7087559b8692fb33b6fffd2273b\",\"name\":\"inclusivenews2024\",\"image\":{\"@type\":\"ImageObject\",\"inLanguage\":\"pt-PT\",\"@id\":\"https:\\\/\\\/secure.gravatar.com\\\/avatar\\\/c5a7ef84c66fa914f55bc4f7ce26cfa275a3b9a1c5568b907bd184fb4dde7b40?s=96&d=mm&r=g\",\"url\":\"https:\\\/\\\/secure.gravatar.com\\\/avatar\\\/c5a7ef84c66fa914f55bc4f7ce26cfa275a3b9a1c5568b907bd184fb4dde7b40?s=96&d=mm&r=g\",\"contentUrl\":\"https:\\\/\\\/secure.gravatar.com\\\/avatar\\\/c5a7ef84c66fa914f55bc4f7ce26cfa275a3b9a1c5568b907bd184fb4dde7b40?s=96&d=mm&r=g\",\"caption\":\"inclusivenews2024\"},\"sameAs\":[\"https:\\\/\\\/inclusivenews.com.br\"],\"url\":\"https:\\\/\\\/inclusivenews.com.br\\\/?author=1\"}]}<\/script>\n<!-- \/ Yoast SEO plugin. -->","yoast_head_json":{"title":"Crian\u00e7as com defici\u00eancia enfrentam desde preconceito at\u00e9 taxa ilegal -","robots":{"index":"index","follow":"follow","max-snippet":"max-snippet:-1","max-image-preview":"max-image-preview:large","max-video-preview":"max-video-preview:-1"},"canonical":"https:\/\/inclusivenews.com.br\/?p=28976","og_locale":"pt_PT","og_type":"article","og_title":"Crian\u00e7as com defici\u00eancia enfrentam desde preconceito at\u00e9 taxa ilegal -","og_description":"O relato das m\u00e3es revela tentativas de romper barreiras na educa\u00e7\u00e3o. Ao lado dos filhos com defici\u00eancia, lutam por uma escola aberta \u00e0s diferen\u00e7as. E aos direitos garantidos para proporcionar ambiente integrado de aprendizado. Reportagem de O Povo.","og_url":"https:\/\/inclusivenews.com.br\/?p=28976","article_publisher":"https:\/\/www.facebook.com\/agenciainclusive\/","article_published_time":"2016-03-28T18:22:41+00:00","og_image":[{"url":"http:\/\/inclusivenews.com.br\/wp-content\/uploads\/2009\/11\/saladeaulavazia1.jpg","type":"","width":"","height":""}],"author":"inclusivenews2024","twitter_card":"summary_large_image","twitter_misc":{"Escrito por":"inclusivenews2024","Tempo estimado de leitura":"2 minutos"},"schema":{"@context":"https:\/\/schema.org","@graph":[{"@type":"Article","@id":"https:\/\/inclusivenews.com.br\/?p=28976#article","isPartOf":{"@id":"https:\/\/inclusivenews.com.br\/?p=28976"},"author":{"name":"inclusivenews2024","@id":"https:\/\/inclusivenews.com.br\/#\/schema\/person\/ae4ec7087559b8692fb33b6fffd2273b"},"headline":"Crian\u00e7as com defici\u00eancia enfrentam desde preconceito at\u00e9 taxa ilegal","datePublished":"2016-03-28T18:22:41+00:00","mainEntityOfPage":{"@id":"https:\/\/inclusivenews.com.br\/?p=28976"},"wordCount":451,"commentCount":0,"publisher":{"@id":"https:\/\/inclusivenews.com.br\/#organization"},"image":{"@id":"https:\/\/inclusivenews.com.br\/?p=28976#primaryimage"},"thumbnailUrl":"http:\/\/inclusivenews.com.br\/wp-content\/uploads\/2009\/11\/saladeaulavazia1.jpg","articleSection":["Defici\u00eancia","EDUCA\u00c7\u00c3O","INCLUS\u00c3O SOCIAL"],"inLanguage":"pt-PT","potentialAction":[{"@type":"CommentAction","name":"Comment","target":["https:\/\/inclusivenews.com.br\/?p=28976#respond"]}]},{"@type":"WebPage","@id":"https:\/\/inclusivenews.com.br\/?p=28976","url":"https:\/\/inclusivenews.com.br\/?p=28976","name":"Crian\u00e7as com defici\u00eancia enfrentam desde preconceito at\u00e9 taxa ilegal -","isPartOf":{"@id":"https:\/\/inclusivenews.com.br\/#website"},"primaryImageOfPage":{"@id":"https:\/\/inclusivenews.com.br\/?p=28976#primaryimage"},"image":{"@id":"https:\/\/inclusivenews.com.br\/?p=28976#primaryimage"},"thumbnailUrl":"http:\/\/inclusivenews.com.br\/wp-content\/uploads\/2009\/11\/saladeaulavazia1.jpg","datePublished":"2016-03-28T18:22:41+00:00","breadcrumb":{"@id":"https:\/\/inclusivenews.com.br\/?p=28976#breadcrumb"},"inLanguage":"pt-PT","potentialAction":[{"@type":"ReadAction","target":["https:\/\/inclusivenews.com.br\/?p=28976"]}]},{"@type":"ImageObject","inLanguage":"pt-PT","@id":"https:\/\/inclusivenews.com.br\/?p=28976#primaryimage","url":"https:\/\/inclusivenews.com.br\/wp-content\/uploads\/2009\/11\/saladeaulavazia1.jpg","contentUrl":"https:\/\/inclusivenews.com.br\/wp-content\/uploads\/2009\/11\/saladeaulavazia1.jpg","width":273,"height":196,"caption":"Inclusive - sala de aula vazia."},{"@type":"BreadcrumbList","@id":"https:\/\/inclusivenews.com.br\/?p=28976#breadcrumb","itemListElement":[{"@type":"ListItem","position":1,"name":"In\u00edcio","item":"https:\/\/inclusivenews.com.br\/"},{"@type":"ListItem","position":2,"name":"Crian\u00e7as com defici\u00eancia enfrentam desde preconceito at\u00e9 taxa ilegal"}]},{"@type":"WebSite","@id":"https:\/\/inclusivenews.com.br\/#website","url":"https:\/\/inclusivenews.com.br\/","name":"Inclusive News","description":"Inclusive News","publisher":{"@id":"https:\/\/inclusivenews.com.br\/#organization"},"potentialAction":[{"@type":"SearchAction","target":{"@type":"EntryPoint","urlTemplate":"https:\/\/inclusivenews.com.br\/?s={search_term_string}"},"query-input":{"@type":"PropertyValueSpecification","valueRequired":true,"valueName":"search_term_string"}}],"inLanguage":"pt-PT"},{"@type":"Organization","@id":"https:\/\/inclusivenews.com.br\/#organization","name":"Inclusive - inclus\u00e3o e cidadania","url":"https:\/\/inclusivenews.com.br\/","logo":{"@type":"ImageObject","inLanguage":"pt-PT","@id":"https:\/\/inclusivenews.com.br\/#\/schema\/logo\/image\/","url":"https:\/\/inclusivenews.com.br\/wp-content\/uploads\/2024\/03\/@grandesite.png","contentUrl":"https:\/\/inclusivenews.com.br\/wp-content\/uploads\/2024\/03\/@grandesite.png","width":1080,"height":1080,"caption":"Inclusive - inclus\u00e3o e cidadania"},"image":{"@id":"https:\/\/inclusivenews.com.br\/#\/schema\/logo\/image\/"},"sameAs":["https:\/\/www.facebook.com\/agenciainclusive\/","https:\/\/www.instagram.com\/newsinclusive\/"]},{"@type":"Person","@id":"https:\/\/inclusivenews.com.br\/#\/schema\/person\/ae4ec7087559b8692fb33b6fffd2273b","name":"inclusivenews2024","image":{"@type":"ImageObject","inLanguage":"pt-PT","@id":"https:\/\/secure.gravatar.com\/avatar\/c5a7ef84c66fa914f55bc4f7ce26cfa275a3b9a1c5568b907bd184fb4dde7b40?s=96&d=mm&r=g","url":"https:\/\/secure.gravatar.com\/avatar\/c5a7ef84c66fa914f55bc4f7ce26cfa275a3b9a1c5568b907bd184fb4dde7b40?s=96&d=mm&r=g","contentUrl":"https:\/\/secure.gravatar.com\/avatar\/c5a7ef84c66fa914f55bc4f7ce26cfa275a3b9a1c5568b907bd184fb4dde7b40?s=96&d=mm&r=g","caption":"inclusivenews2024"},"sameAs":["https:\/\/inclusivenews.com.br"],"url":"https:\/\/inclusivenews.com.br\/?author=1"}]}},"_links":{"self":[{"href":"https:\/\/inclusivenews.com.br\/index.php?rest_route=\/wp\/v2\/posts\/28976","targetHints":{"allow":["GET"]}}],"collection":[{"href":"https:\/\/inclusivenews.com.br\/index.php?rest_route=\/wp\/v2\/posts"}],"about":[{"href":"https:\/\/inclusivenews.com.br\/index.php?rest_route=\/wp\/v2\/types\/post"}],"author":[{"embeddable":true,"href":"https:\/\/inclusivenews.com.br\/index.php?rest_route=\/wp\/v2\/users\/1"}],"replies":[{"embeddable":true,"href":"https:\/\/inclusivenews.com.br\/index.php?rest_route=%2Fwp%2Fv2%2Fcomments&post=28976"}],"version-history":[{"count":0,"href":"https:\/\/inclusivenews.com.br\/index.php?rest_route=\/wp\/v2\/posts\/28976\/revisions"}],"wp:attachment":[{"href":"https:\/\/inclusivenews.com.br\/index.php?rest_route=%2Fwp%2Fv2%2Fmedia&parent=28976"}],"wp:term":[{"taxonomy":"category","embeddable":true,"href":"https:\/\/inclusivenews.com.br\/index.php?rest_route=%2Fwp%2Fv2%2Fcategories&post=28976"},{"taxonomy":"post_tag","embeddable":true,"href":"https:\/\/inclusivenews.com.br\/index.php?rest_route=%2Fwp%2Fv2%2Ftags&post=28976"}],"curies":[{"name":"wp","href":"https:\/\/api.w.org\/{rel}","templated":true}]}}