{"id":28996,"date":"2016-04-07T15:33:30","date_gmt":"2016-04-07T18:33:30","guid":{"rendered":"http:\/\/www.inclusive.org.br\/?p=28996"},"modified":"2016-04-07T15:33:30","modified_gmt":"2016-04-07T18:33:30","slug":"processos-educacionais-desrespeitam-o-tempo-de-aprender-de-cada-um","status":"publish","type":"post","link":"https:\/\/inclusivenews.com.br\/?p=28996","title":{"rendered":"Processos educacionais desrespeitam o tempo de aprender de cada um"},"content":{"rendered":"<p><img loading=\"lazy\" decoding=\"async\" class=\"alignnone\" alt=\"Rel\u00f3gios anal\u00f3gicos sobrepostos\" src=\"https:\/\/encrypted-tbn3.gstatic.com\/images?q=tbn:ANd9GcQCmOdgl7KWAGyAg3ylHPX-hCWVkqdELhJ5_ErkB3mrQVzl9fOIWg\" width=\"259\" height=\"194\" \/><\/p>\n<p>Pais t\u00eam revelado a necessidade de resgatar a autoestima de suas crian\u00e7as, pelo \u201csimples\u201d motivo de que elas v\u00eam sendo abaladas pelos processos educacionais que n\u00e3o respeitam o tempo de cada uma aprender e tentam praticar a inclus\u00e3o pela for\u00e7a. Isso s\u00f3 piora as coisas, afinal a crian\u00e7a precisa de um tempo ou de uma personaliza\u00e7\u00e3o para a sua aprendizagem. As escolas passaram a n\u00e3o respeitar as crian\u00e7as em suas diversidades de aprender e de serem crian\u00e7as. Essas escolas antecipam cobran\u00e7as excessivas em forma de testes, simulados e rela\u00e7\u00f5es competitivas e pouco solid\u00e1rias, excluindo da escola a alegria de aprender. Da\u00ed termos crian\u00e7as e jovens sendo, a todo tempo, cobrados, amedrontados, infelizes e pouco estimulados a estudar, apresentando altos \u00edndices de repet\u00eancia e abandono dos estudos no Ensino Fundamental e M\u00e9dio.<\/p>\n<p>As necessidades emocionais e as dificuldades de aprendizagem podem se manifestar em crian\u00e7as, jovens e adultos sem e com defici\u00eancia. Por isso a necessidade de acompanhamento psicol\u00f3gico pode surgir a qualquer momento porque a sa\u00fade mental ocupa primeiro lugar na sa\u00fade global do indiv\u00edduo. Cuidar da sa\u00fade mental significa prevenir a somatiza\u00e7\u00e3o, j\u00e1 que a sa\u00fade mental est\u00e1 relacionada ao bem viver e ao equil\u00edbrio de todas as atividades.<\/p>\n<p>O Centro de Terapias Integradas \u00e0 Arte, que funciona na Tijuca, foi feito para atender qualquer crian\u00e7a ou jovem com necessidades educativas ou com alguma defici\u00eancia estabelecida. Ele funciona no Espa\u00e7o Cultural Tocando em Voc\u00ea (ECTV) considerado a 1\u00aa Escola de Arte Inclusiva do Brasil. O ECTV foi criado pelo Grupo Educart que, h\u00e1 29 anos, trabalha na constru\u00e7\u00e3o de uma sociedade inclusiva e solid\u00e1ria, integrando arte, terapias e educa\u00e7\u00e3o. A alquimia de projetos realizados pelo Educart transforma muitas vidas, atrav\u00e9s da <b>Musicoterapia<\/b> rompendo barreiras emocionais em busca de realiza\u00e7\u00e3o pessoal; do <b>aprendizado de instrumentos musicais<\/b> pela metodologia desenvolvida por musicoterapeutas e m\u00fasicos para deficientes, com abordagem especial para defici\u00eancia auditiva e visual; do <b>Coral <\/b>Especial TOCAR-TE para crian\u00e7as, adolescentes e adultos especiais; da <b>Arteterapia <\/b>que a partir da experi\u00eancia com cores, formas, materiais e sensa\u00e7\u00f5es possibilita o resgate da auto-estima e a realiza\u00e7\u00e3o pessoal; da<b> Dan\u00e7aterapia<\/b> que reeduca as capacidades perceptivas e expressivas do corpo atrav\u00e9s da integra\u00e7\u00e3o postural, do relaxamento, do alongamento; do <b>Teatroterapia<\/b> que trabalha terapeuticamente as rela\u00e7\u00f5es pessoais, familiares e sociais; da <b>Psicologia<\/b> que estimula a integra\u00e7\u00e3o, cria\u00e7\u00e3o e produtividade atrav\u00e9s do fortalecimento psicoemocional; da <b>Fonoaudiologia <\/b>que aprimora os processos de comunica\u00e7\u00e3o; da P<b>sicomotricidade\/ Fisioterapia <\/b>que libera as atividades psicomotoras fundamentais para forma\u00e7\u00e3o das estruturas cognitivas, afetivas e sociais da crian\u00e7a; da <b>Psicopedagogia<\/b> que desperta a auto-confian\u00e7a para supera\u00e7\u00e3o de dificuldades de aprendizagem.<\/p>\n<p>O Centro de Terapias tamb\u00e9m atende a empresas em programas de preven\u00e7\u00e3o e sa\u00fade, a casos espec\u00edficos de dist\u00farbios de aprendizagem e comportamento, de defici\u00eancias psicomotoras, defici\u00eancias mentais, dist\u00farbios emocionais e, tamb\u00e9m, a surdos e deficientes visuais. \u201cO Tocando em Voc\u00ea tem como grande objetivo a utiliza\u00e7\u00e3o da arte como caminho de recupera\u00e7\u00e3o e integra\u00e7\u00e3o \u00e0 sociedade. A partir do momento que nossos alunos seguem todo um plano terap\u00eautico de acordo com o problema que enfrentam, as modalidades art\u00edsticas passam a serem alicerces para o amadurecimento intelectual, emocional e social deles\u201d, conclui <i>Regina Lucia Colucci, musicoterapeuta e Diretora do Centro de Terapias Integradas \u00e0 Arte do ECTV<\/i><\/p>\n","protected":false},"excerpt":{"rendered":"<p>As necessidades emocionais e as dificuldades de aprendizagem podem se manifestar em crian\u00e7as, jovens e adultos sem e com defici\u00eancia. Por isso a necessidade de acompanhamento psicol\u00f3gico pode surgir a qualquer momento porque a sa\u00fade mental ocupa primeiro lugar na sa\u00fade global do indiv\u00edduo. O Centro de Terapias Integradas \u00e0 Arte, que funciona na Tijuca, foi feito para atender qualquer crian\u00e7a ou jovem com necessidades educativas ou com alguma defici\u00eancia estabelecida. Ele funciona no Espa\u00e7o Cultural Tocando em Voc\u00ea (ECTV) considerado a 1\u00aa Escola de Arte Inclusiva do Brasil. O ECTV foi criado pelo Grupo Educart que, h\u00e1 29 anos, trabalha na constru\u00e7\u00e3o de uma sociedade inclusiva e solid\u00e1ria, integrando arte, terapias e educa\u00e7\u00e3o.<\/p>\n","protected":false},"author":1,"featured_media":0,"comment_status":"open","ping_status":"open","sticky":false,"template":"","format":"standard","meta":{"site-container-style":"default","site-container-layout":"default","site-sidebar-layout":"default","disable-article-header":"default","disable-site-header":"default","disable-site-footer":"default","disable-content-area-spacing":"default","footnotes":""},"categories":[38,48],"tags":[189],"class_list":["post-28996","post","type-post","status-publish","format-standard","hentry","category-deficiencia","category-inclusao","tag-deficiencia-2"],"yoast_head":"<!-- This site is optimized with the Yoast SEO plugin v27.4 - https:\/\/yoast.com\/product\/yoast-seo-wordpress\/ -->\n<title>Processos educacionais desrespeitam o tempo de aprender de cada um -<\/title>\n<meta name=\"robots\" content=\"index, follow, max-snippet:-1, max-image-preview:large, max-video-preview:-1\" \/>\n<link rel=\"canonical\" href=\"https:\/\/inclusivenews.com.br\/?p=28996\" \/>\n<meta property=\"og:locale\" content=\"pt_PT\" \/>\n<meta property=\"og:type\" content=\"article\" \/>\n<meta property=\"og:title\" content=\"Processos educacionais desrespeitam o tempo de aprender de cada um -\" \/>\n<meta property=\"og:description\" content=\"As necessidades emocionais e as dificuldades de aprendizagem podem se manifestar em crian\u00e7as, jovens e adultos sem e com defici\u00eancia. Por isso a necessidade de acompanhamento psicol\u00f3gico pode surgir a qualquer momento porque a sa\u00fade mental ocupa primeiro lugar na sa\u00fade global do indiv\u00edduo. O Centro de Terapias Integradas \u00e0 Arte, que funciona na Tijuca, foi feito para atender qualquer crian\u00e7a ou jovem com necessidades educativas ou com alguma defici\u00eancia estabelecida. Ele funciona no Espa\u00e7o Cultural Tocando em Voc\u00ea (ECTV) considerado a 1\u00aa Escola de Arte Inclusiva do Brasil. O ECTV foi criado pelo Grupo Educart que, h\u00e1 29 anos, trabalha na constru\u00e7\u00e3o de uma sociedade inclusiva e solid\u00e1ria, integrando arte, terapias e educa\u00e7\u00e3o.\" \/>\n<meta property=\"og:url\" content=\"https:\/\/inclusivenews.com.br\/?p=28996\" \/>\n<meta property=\"article:publisher\" content=\"https:\/\/www.facebook.com\/agenciainclusive\/\" \/>\n<meta property=\"article:published_time\" content=\"2016-04-07T18:33:30+00:00\" \/>\n<meta property=\"og:image\" content=\"https:\/\/encrypted-tbn3.gstatic.com\/images?q=tbn:ANd9GcQCmOdgl7KWAGyAg3ylHPX-hCWVkqdELhJ5_ErkB3mrQVzl9fOIWg\" \/>\n<meta name=\"author\" content=\"inclusivenews2024\" \/>\n<meta name=\"twitter:card\" content=\"summary_large_image\" \/>\n<meta name=\"twitter:label1\" content=\"Escrito por\" \/>\n\t<meta name=\"twitter:data1\" content=\"inclusivenews2024\" \/>\n\t<meta name=\"twitter:label2\" content=\"Tempo estimado de leitura\" \/>\n\t<meta name=\"twitter:data2\" content=\"3 minutos\" \/>\n<script type=\"application\/ld+json\" class=\"yoast-schema-graph\">{\"@context\":\"https:\\\/\\\/schema.org\",\"@graph\":[{\"@type\":\"Article\",\"@id\":\"https:\\\/\\\/inclusivenews.com.br\\\/?p=28996#article\",\"isPartOf\":{\"@id\":\"https:\\\/\\\/inclusivenews.com.br\\\/?p=28996\"},\"author\":{\"name\":\"inclusivenews2024\",\"@id\":\"https:\\\/\\\/inclusivenews.com.br\\\/#\\\/schema\\\/person\\\/ae4ec7087559b8692fb33b6fffd2273b\"},\"headline\":\"Processos educacionais desrespeitam o tempo de aprender de cada um\",\"datePublished\":\"2016-04-07T18:33:30+00:00\",\"mainEntityOfPage\":{\"@id\":\"https:\\\/\\\/inclusivenews.com.br\\\/?p=28996\"},\"wordCount\":606,\"commentCount\":0,\"publisher\":{\"@id\":\"https:\\\/\\\/inclusivenews.com.br\\\/#organization\"},\"image\":{\"@id\":\"https:\\\/\\\/inclusivenews.com.br\\\/?p=28996#primaryimage\"},\"thumbnailUrl\":\"https:\\\/\\\/encrypted-tbn3.gstatic.com\\\/images?q=tbn:ANd9GcQCmOdgl7KWAGyAg3ylHPX-hCWVkqdELhJ5_ErkB3mrQVzl9fOIWg\",\"keywords\":[\"defici\u00eancia\"],\"articleSection\":[\"Defici\u00eancia\",\"INCLUS\u00c3O SOCIAL\"],\"inLanguage\":\"pt-PT\",\"potentialAction\":[{\"@type\":\"CommentAction\",\"name\":\"Comment\",\"target\":[\"https:\\\/\\\/inclusivenews.com.br\\\/?p=28996#respond\"]}]},{\"@type\":\"WebPage\",\"@id\":\"https:\\\/\\\/inclusivenews.com.br\\\/?p=28996\",\"url\":\"https:\\\/\\\/inclusivenews.com.br\\\/?p=28996\",\"name\":\"Processos educacionais desrespeitam o tempo de aprender de cada um -\",\"isPartOf\":{\"@id\":\"https:\\\/\\\/inclusivenews.com.br\\\/#website\"},\"primaryImageOfPage\":{\"@id\":\"https:\\\/\\\/inclusivenews.com.br\\\/?p=28996#primaryimage\"},\"image\":{\"@id\":\"https:\\\/\\\/inclusivenews.com.br\\\/?p=28996#primaryimage\"},\"thumbnailUrl\":\"https:\\\/\\\/encrypted-tbn3.gstatic.com\\\/images?q=tbn:ANd9GcQCmOdgl7KWAGyAg3ylHPX-hCWVkqdELhJ5_ErkB3mrQVzl9fOIWg\",\"datePublished\":\"2016-04-07T18:33:30+00:00\",\"breadcrumb\":{\"@id\":\"https:\\\/\\\/inclusivenews.com.br\\\/?p=28996#breadcrumb\"},\"inLanguage\":\"pt-PT\",\"potentialAction\":[{\"@type\":\"ReadAction\",\"target\":[\"https:\\\/\\\/inclusivenews.com.br\\\/?p=28996\"]}]},{\"@type\":\"ImageObject\",\"inLanguage\":\"pt-PT\",\"@id\":\"https:\\\/\\\/inclusivenews.com.br\\\/?p=28996#primaryimage\",\"url\":\"https:\\\/\\\/encrypted-tbn3.gstatic.com\\\/images?q=tbn:ANd9GcQCmOdgl7KWAGyAg3ylHPX-hCWVkqdELhJ5_ErkB3mrQVzl9fOIWg\",\"contentUrl\":\"https:\\\/\\\/encrypted-tbn3.gstatic.com\\\/images?q=tbn:ANd9GcQCmOdgl7KWAGyAg3ylHPX-hCWVkqdELhJ5_ErkB3mrQVzl9fOIWg\"},{\"@type\":\"BreadcrumbList\",\"@id\":\"https:\\\/\\\/inclusivenews.com.br\\\/?p=28996#breadcrumb\",\"itemListElement\":[{\"@type\":\"ListItem\",\"position\":1,\"name\":\"In\u00edcio\",\"item\":\"https:\\\/\\\/inclusivenews.com.br\\\/\"},{\"@type\":\"ListItem\",\"position\":2,\"name\":\"Processos educacionais desrespeitam o tempo de aprender de cada um\"}]},{\"@type\":\"WebSite\",\"@id\":\"https:\\\/\\\/inclusivenews.com.br\\\/#website\",\"url\":\"https:\\\/\\\/inclusivenews.com.br\\\/\",\"name\":\"Inclusive News\",\"description\":\"Inclusive News\",\"publisher\":{\"@id\":\"https:\\\/\\\/inclusivenews.com.br\\\/#organization\"},\"potentialAction\":[{\"@type\":\"SearchAction\",\"target\":{\"@type\":\"EntryPoint\",\"urlTemplate\":\"https:\\\/\\\/inclusivenews.com.br\\\/?s={search_term_string}\"},\"query-input\":{\"@type\":\"PropertyValueSpecification\",\"valueRequired\":true,\"valueName\":\"search_term_string\"}}],\"inLanguage\":\"pt-PT\"},{\"@type\":\"Organization\",\"@id\":\"https:\\\/\\\/inclusivenews.com.br\\\/#organization\",\"name\":\"Inclusive - inclus\u00e3o e cidadania\",\"url\":\"https:\\\/\\\/inclusivenews.com.br\\\/\",\"logo\":{\"@type\":\"ImageObject\",\"inLanguage\":\"pt-PT\",\"@id\":\"https:\\\/\\\/inclusivenews.com.br\\\/#\\\/schema\\\/logo\\\/image\\\/\",\"url\":\"https:\\\/\\\/inclusivenews.com.br\\\/wp-content\\\/uploads\\\/2024\\\/03\\\/@grandesite.png\",\"contentUrl\":\"https:\\\/\\\/inclusivenews.com.br\\\/wp-content\\\/uploads\\\/2024\\\/03\\\/@grandesite.png\",\"width\":1080,\"height\":1080,\"caption\":\"Inclusive - inclus\u00e3o e cidadania\"},\"image\":{\"@id\":\"https:\\\/\\\/inclusivenews.com.br\\\/#\\\/schema\\\/logo\\\/image\\\/\"},\"sameAs\":[\"https:\\\/\\\/www.facebook.com\\\/agenciainclusive\\\/\",\"https:\\\/\\\/www.instagram.com\\\/newsinclusive\\\/\"]},{\"@type\":\"Person\",\"@id\":\"https:\\\/\\\/inclusivenews.com.br\\\/#\\\/schema\\\/person\\\/ae4ec7087559b8692fb33b6fffd2273b\",\"name\":\"inclusivenews2024\",\"image\":{\"@type\":\"ImageObject\",\"inLanguage\":\"pt-PT\",\"@id\":\"https:\\\/\\\/secure.gravatar.com\\\/avatar\\\/c5a7ef84c66fa914f55bc4f7ce26cfa275a3b9a1c5568b907bd184fb4dde7b40?s=96&d=mm&r=g\",\"url\":\"https:\\\/\\\/secure.gravatar.com\\\/avatar\\\/c5a7ef84c66fa914f55bc4f7ce26cfa275a3b9a1c5568b907bd184fb4dde7b40?s=96&d=mm&r=g\",\"contentUrl\":\"https:\\\/\\\/secure.gravatar.com\\\/avatar\\\/c5a7ef84c66fa914f55bc4f7ce26cfa275a3b9a1c5568b907bd184fb4dde7b40?s=96&d=mm&r=g\",\"caption\":\"inclusivenews2024\"},\"sameAs\":[\"https:\\\/\\\/inclusivenews.com.br\"],\"url\":\"https:\\\/\\\/inclusivenews.com.br\\\/?author=1\"}]}<\/script>\n<!-- \/ Yoast SEO plugin. -->","yoast_head_json":{"title":"Processos educacionais desrespeitam o tempo de aprender de cada um -","robots":{"index":"index","follow":"follow","max-snippet":"max-snippet:-1","max-image-preview":"max-image-preview:large","max-video-preview":"max-video-preview:-1"},"canonical":"https:\/\/inclusivenews.com.br\/?p=28996","og_locale":"pt_PT","og_type":"article","og_title":"Processos educacionais desrespeitam o tempo de aprender de cada um -","og_description":"As necessidades emocionais e as dificuldades de aprendizagem podem se manifestar em crian\u00e7as, jovens e adultos sem e com defici\u00eancia. Por isso a necessidade de acompanhamento psicol\u00f3gico pode surgir a qualquer momento porque a sa\u00fade mental ocupa primeiro lugar na sa\u00fade global do indiv\u00edduo. O Centro de Terapias Integradas \u00e0 Arte, que funciona na Tijuca, foi feito para atender qualquer crian\u00e7a ou jovem com necessidades educativas ou com alguma defici\u00eancia estabelecida. Ele funciona no Espa\u00e7o Cultural Tocando em Voc\u00ea (ECTV) considerado a 1\u00aa Escola de Arte Inclusiva do Brasil. O ECTV foi criado pelo Grupo Educart que, h\u00e1 29 anos, trabalha na constru\u00e7\u00e3o de uma sociedade inclusiva e solid\u00e1ria, integrando arte, terapias e educa\u00e7\u00e3o.","og_url":"https:\/\/inclusivenews.com.br\/?p=28996","article_publisher":"https:\/\/www.facebook.com\/agenciainclusive\/","article_published_time":"2016-04-07T18:33:30+00:00","og_image":[{"url":"https:\/\/encrypted-tbn3.gstatic.com\/images?q=tbn:ANd9GcQCmOdgl7KWAGyAg3ylHPX-hCWVkqdELhJ5_ErkB3mrQVzl9fOIWg","type":"","width":"","height":""}],"author":"inclusivenews2024","twitter_card":"summary_large_image","twitter_misc":{"Escrito por":"inclusivenews2024","Tempo estimado de leitura":"3 minutos"},"schema":{"@context":"https:\/\/schema.org","@graph":[{"@type":"Article","@id":"https:\/\/inclusivenews.com.br\/?p=28996#article","isPartOf":{"@id":"https:\/\/inclusivenews.com.br\/?p=28996"},"author":{"name":"inclusivenews2024","@id":"https:\/\/inclusivenews.com.br\/#\/schema\/person\/ae4ec7087559b8692fb33b6fffd2273b"},"headline":"Processos educacionais desrespeitam o tempo de aprender de cada um","datePublished":"2016-04-07T18:33:30+00:00","mainEntityOfPage":{"@id":"https:\/\/inclusivenews.com.br\/?p=28996"},"wordCount":606,"commentCount":0,"publisher":{"@id":"https:\/\/inclusivenews.com.br\/#organization"},"image":{"@id":"https:\/\/inclusivenews.com.br\/?p=28996#primaryimage"},"thumbnailUrl":"https:\/\/encrypted-tbn3.gstatic.com\/images?q=tbn:ANd9GcQCmOdgl7KWAGyAg3ylHPX-hCWVkqdELhJ5_ErkB3mrQVzl9fOIWg","keywords":["defici\u00eancia"],"articleSection":["Defici\u00eancia","INCLUS\u00c3O SOCIAL"],"inLanguage":"pt-PT","potentialAction":[{"@type":"CommentAction","name":"Comment","target":["https:\/\/inclusivenews.com.br\/?p=28996#respond"]}]},{"@type":"WebPage","@id":"https:\/\/inclusivenews.com.br\/?p=28996","url":"https:\/\/inclusivenews.com.br\/?p=28996","name":"Processos educacionais desrespeitam o tempo de aprender de cada um -","isPartOf":{"@id":"https:\/\/inclusivenews.com.br\/#website"},"primaryImageOfPage":{"@id":"https:\/\/inclusivenews.com.br\/?p=28996#primaryimage"},"image":{"@id":"https:\/\/inclusivenews.com.br\/?p=28996#primaryimage"},"thumbnailUrl":"https:\/\/encrypted-tbn3.gstatic.com\/images?q=tbn:ANd9GcQCmOdgl7KWAGyAg3ylHPX-hCWVkqdELhJ5_ErkB3mrQVzl9fOIWg","datePublished":"2016-04-07T18:33:30+00:00","breadcrumb":{"@id":"https:\/\/inclusivenews.com.br\/?p=28996#breadcrumb"},"inLanguage":"pt-PT","potentialAction":[{"@type":"ReadAction","target":["https:\/\/inclusivenews.com.br\/?p=28996"]}]},{"@type":"ImageObject","inLanguage":"pt-PT","@id":"https:\/\/inclusivenews.com.br\/?p=28996#primaryimage","url":"https:\/\/encrypted-tbn3.gstatic.com\/images?q=tbn:ANd9GcQCmOdgl7KWAGyAg3ylHPX-hCWVkqdELhJ5_ErkB3mrQVzl9fOIWg","contentUrl":"https:\/\/encrypted-tbn3.gstatic.com\/images?q=tbn:ANd9GcQCmOdgl7KWAGyAg3ylHPX-hCWVkqdELhJ5_ErkB3mrQVzl9fOIWg"},{"@type":"BreadcrumbList","@id":"https:\/\/inclusivenews.com.br\/?p=28996#breadcrumb","itemListElement":[{"@type":"ListItem","position":1,"name":"In\u00edcio","item":"https:\/\/inclusivenews.com.br\/"},{"@type":"ListItem","position":2,"name":"Processos educacionais desrespeitam o tempo de aprender de cada um"}]},{"@type":"WebSite","@id":"https:\/\/inclusivenews.com.br\/#website","url":"https:\/\/inclusivenews.com.br\/","name":"Inclusive News","description":"Inclusive News","publisher":{"@id":"https:\/\/inclusivenews.com.br\/#organization"},"potentialAction":[{"@type":"SearchAction","target":{"@type":"EntryPoint","urlTemplate":"https:\/\/inclusivenews.com.br\/?s={search_term_string}"},"query-input":{"@type":"PropertyValueSpecification","valueRequired":true,"valueName":"search_term_string"}}],"inLanguage":"pt-PT"},{"@type":"Organization","@id":"https:\/\/inclusivenews.com.br\/#organization","name":"Inclusive - inclus\u00e3o e cidadania","url":"https:\/\/inclusivenews.com.br\/","logo":{"@type":"ImageObject","inLanguage":"pt-PT","@id":"https:\/\/inclusivenews.com.br\/#\/schema\/logo\/image\/","url":"https:\/\/inclusivenews.com.br\/wp-content\/uploads\/2024\/03\/@grandesite.png","contentUrl":"https:\/\/inclusivenews.com.br\/wp-content\/uploads\/2024\/03\/@grandesite.png","width":1080,"height":1080,"caption":"Inclusive - inclus\u00e3o e cidadania"},"image":{"@id":"https:\/\/inclusivenews.com.br\/#\/schema\/logo\/image\/"},"sameAs":["https:\/\/www.facebook.com\/agenciainclusive\/","https:\/\/www.instagram.com\/newsinclusive\/"]},{"@type":"Person","@id":"https:\/\/inclusivenews.com.br\/#\/schema\/person\/ae4ec7087559b8692fb33b6fffd2273b","name":"inclusivenews2024","image":{"@type":"ImageObject","inLanguage":"pt-PT","@id":"https:\/\/secure.gravatar.com\/avatar\/c5a7ef84c66fa914f55bc4f7ce26cfa275a3b9a1c5568b907bd184fb4dde7b40?s=96&d=mm&r=g","url":"https:\/\/secure.gravatar.com\/avatar\/c5a7ef84c66fa914f55bc4f7ce26cfa275a3b9a1c5568b907bd184fb4dde7b40?s=96&d=mm&r=g","contentUrl":"https:\/\/secure.gravatar.com\/avatar\/c5a7ef84c66fa914f55bc4f7ce26cfa275a3b9a1c5568b907bd184fb4dde7b40?s=96&d=mm&r=g","caption":"inclusivenews2024"},"sameAs":["https:\/\/inclusivenews.com.br"],"url":"https:\/\/inclusivenews.com.br\/?author=1"}]}},"_links":{"self":[{"href":"https:\/\/inclusivenews.com.br\/index.php?rest_route=\/wp\/v2\/posts\/28996","targetHints":{"allow":["GET"]}}],"collection":[{"href":"https:\/\/inclusivenews.com.br\/index.php?rest_route=\/wp\/v2\/posts"}],"about":[{"href":"https:\/\/inclusivenews.com.br\/index.php?rest_route=\/wp\/v2\/types\/post"}],"author":[{"embeddable":true,"href":"https:\/\/inclusivenews.com.br\/index.php?rest_route=\/wp\/v2\/users\/1"}],"replies":[{"embeddable":true,"href":"https:\/\/inclusivenews.com.br\/index.php?rest_route=%2Fwp%2Fv2%2Fcomments&post=28996"}],"version-history":[{"count":0,"href":"https:\/\/inclusivenews.com.br\/index.php?rest_route=\/wp\/v2\/posts\/28996\/revisions"}],"wp:attachment":[{"href":"https:\/\/inclusivenews.com.br\/index.php?rest_route=%2Fwp%2Fv2%2Fmedia&parent=28996"}],"wp:term":[{"taxonomy":"category","embeddable":true,"href":"https:\/\/inclusivenews.com.br\/index.php?rest_route=%2Fwp%2Fv2%2Fcategories&post=28996"},{"taxonomy":"post_tag","embeddable":true,"href":"https:\/\/inclusivenews.com.br\/index.php?rest_route=%2Fwp%2Fv2%2Ftags&post=28996"}],"curies":[{"name":"wp","href":"https:\/\/api.w.org\/{rel}","templated":true}]}}