{"id":28998,"date":"2016-04-07T15:33:24","date_gmt":"2016-04-07T18:33:24","guid":{"rendered":"http:\/\/www.inclusive.org.br\/?p=28998"},"modified":"2016-04-07T15:33:24","modified_gmt":"2016-04-07T18:33:24","slug":"fenapaes-leva-ao-governo-proposta-de-atendimento-a-criancas-com-microcefalia","status":"publish","type":"post","link":"https:\/\/inclusivenews.com.br\/?p=28998","title":{"rendered":"Fenapaes leva ao governo proposta de atendimento a crian\u00e7as com microcefalia"},"content":{"rendered":"<p><img loading=\"lazy\" decoding=\"async\" class=\"alignnone\" alt=\"APAE Brasil - Federa\u00e7\u00e3o Nacional das Apaes\" src=\"http:\/\/www.apaebrasil.org.br\/web\/img\/1.jpg\" width=\"220\" height=\"90\" \/><\/p>\n<p>Na segunda-feira (04\/04), o Coordenador Nacional de Sa\u00fade e Preven\u00e7\u00e3o da Fenapaes, Dr. Rui Fernando Pilotto, teve uma importante agenda em Bras\u00edlia com o intuito de fortalecer as a\u00e7\u00f5es das Apaes e promover uma educa\u00e7\u00e3o continuada aos profissionais dessas Apaes que recebam crian\u00e7as com microcefalia.<\/p>\n<p>Ele vai apresentar, ao Minist\u00e9rio da Sa\u00fade e \u00e0 Secretaria Nacional de Assist\u00eancia Social do Minist\u00e9rio do Desenvolvimento Social e Combate \u00e0 Fome, uma proposta de trabalho com as crian\u00e7as que est\u00e3o nascendo com microcefalia, extensiva aos pais dessas crian\u00e7as.<\/p>\n<p>A ideia do projeto foi desenhada pelo Dr. Donald Bailey, da Carolina do Norte (EUA), e que vem ao Brasil nesse mesmo per\u00edodo para acompanhar o Dr. Rui Piloto em Bras\u00edlia e em Recife.<\/p>\n<p>No dia seguinte, a partir das 10 horas, eles participam de uma reuni\u00e3o na Apae de Recife, com gestores, profissionais e t\u00e9cnicos da Apae local, assim como m\u00e9dicos e psic\u00f3logos da capital pernambucana e representantes da \u00e1rea da sa\u00fade municipal e estadual. \u00a0Tamb\u00e9m est\u00e3o convidados representantes das Apaes pr\u00f3ximas a Recife, que j\u00e1 tenham recebido casos de microcefalia.<\/p>\n<p>Fonte: <a href=\"http:\/\/www.apaebrasil.org.br\/#\/noticia\/66998\" target=\"_blank\" rel=\"noopener\">FENAPAES<\/a><\/p>\n<p>&nbsp;<\/p>\n","protected":false},"excerpt":{"rendered":"<p>Na segunda-feira (04\/04), o Coordenador Nacional de Sa\u00fade e Preven\u00e7\u00e3o da Fenapaes, Dr. Rui Fernando Pilotto, teve uma importante agenda em Bras\u00edlia com o intuito de fortalecer as a\u00e7\u00f5es das Apaes e promover uma educa\u00e7\u00e3o continuada aos profissionais dessas Apaes que recebam crian\u00e7as com microcefalia. Ele vai apresentar, ao Minist\u00e9rio da Sa\u00fade e \u00e0 Secretaria [&hellip;]<\/p>\n","protected":false},"author":1,"featured_media":0,"comment_status":"open","ping_status":"open","sticky":false,"template":"","format":"standard","meta":{"site-container-style":"default","site-container-layout":"default","site-sidebar-layout":"default","disable-article-header":"default","disable-site-header":"default","disable-site-footer":"default","disable-content-area-spacing":"default","footnotes":""},"categories":[48,359,37],"tags":[356],"class_list":["post-28998","post","type-post","status-publish","format-standard","hentry","category-inclusao","category-microcefalia","category-saude","tag-microcefalia"],"yoast_head":"<!-- This site is optimized with the Yoast SEO plugin v27.4 - https:\/\/yoast.com\/product\/yoast-seo-wordpress\/ -->\n<title>Fenapaes leva ao governo proposta de atendimento a crian\u00e7as com microcefalia -<\/title>\n<meta name=\"robots\" content=\"index, follow, max-snippet:-1, max-image-preview:large, max-video-preview:-1\" \/>\n<link rel=\"canonical\" href=\"https:\/\/inclusivenews.com.br\/?p=28998\" \/>\n<meta property=\"og:locale\" content=\"pt_PT\" \/>\n<meta property=\"og:type\" content=\"article\" \/>\n<meta property=\"og:title\" content=\"Fenapaes leva ao governo proposta de atendimento a crian\u00e7as com microcefalia -\" \/>\n<meta property=\"og:description\" content=\"Na segunda-feira (04\/04), o Coordenador Nacional de Sa\u00fade e Preven\u00e7\u00e3o da Fenapaes, Dr. Rui Fernando Pilotto, teve uma importante agenda em Bras\u00edlia com o intuito de fortalecer as a\u00e7\u00f5es das Apaes e promover uma educa\u00e7\u00e3o continuada aos profissionais dessas Apaes que recebam crian\u00e7as com microcefalia. Ele vai apresentar, ao Minist\u00e9rio da Sa\u00fade e \u00e0 Secretaria [&hellip;]\" \/>\n<meta property=\"og:url\" content=\"https:\/\/inclusivenews.com.br\/?p=28998\" \/>\n<meta property=\"article:publisher\" content=\"https:\/\/www.facebook.com\/agenciainclusive\/\" \/>\n<meta property=\"article:published_time\" content=\"2016-04-07T18:33:24+00:00\" \/>\n<meta property=\"og:image\" content=\"http:\/\/www.apaebrasil.org.br\/web\/img\/1.jpg\" \/>\n<meta name=\"author\" content=\"inclusivenews2024\" \/>\n<meta name=\"twitter:card\" content=\"summary_large_image\" \/>\n<meta name=\"twitter:label1\" content=\"Escrito por\" \/>\n\t<meta name=\"twitter:data1\" content=\"inclusivenews2024\" \/>\n\t<meta name=\"twitter:label2\" content=\"Tempo estimado de leitura\" \/>\n\t<meta name=\"twitter:data2\" content=\"1 minuto\" \/>\n<script type=\"application\/ld+json\" class=\"yoast-schema-graph\">{\"@context\":\"https:\\\/\\\/schema.org\",\"@graph\":[{\"@type\":\"Article\",\"@id\":\"https:\\\/\\\/inclusivenews.com.br\\\/?p=28998#article\",\"isPartOf\":{\"@id\":\"https:\\\/\\\/inclusivenews.com.br\\\/?p=28998\"},\"author\":{\"name\":\"inclusivenews2024\",\"@id\":\"https:\\\/\\\/inclusivenews.com.br\\\/#\\\/schema\\\/person\\\/ae4ec7087559b8692fb33b6fffd2273b\"},\"headline\":\"Fenapaes leva ao governo proposta de atendimento a crian\u00e7as com microcefalia\",\"datePublished\":\"2016-04-07T18:33:24+00:00\",\"mainEntityOfPage\":{\"@id\":\"https:\\\/\\\/inclusivenews.com.br\\\/?p=28998\"},\"wordCount\":211,\"commentCount\":1,\"publisher\":{\"@id\":\"https:\\\/\\\/inclusivenews.com.br\\\/#organization\"},\"image\":{\"@id\":\"https:\\\/\\\/inclusivenews.com.br\\\/?p=28998#primaryimage\"},\"thumbnailUrl\":\"http:\\\/\\\/www.apaebrasil.org.br\\\/web\\\/img\\\/1.jpg\",\"keywords\":[\"Microcefalia\"],\"articleSection\":[\"INCLUS\u00c3O SOCIAL\",\"Microcefalia\",\"Sa\u00fade\"],\"inLanguage\":\"pt-PT\",\"potentialAction\":[{\"@type\":\"CommentAction\",\"name\":\"Comment\",\"target\":[\"https:\\\/\\\/inclusivenews.com.br\\\/?p=28998#respond\"]}]},{\"@type\":\"WebPage\",\"@id\":\"https:\\\/\\\/inclusivenews.com.br\\\/?p=28998\",\"url\":\"https:\\\/\\\/inclusivenews.com.br\\\/?p=28998\",\"name\":\"Fenapaes leva ao governo proposta de atendimento a crian\u00e7as com microcefalia -\",\"isPartOf\":{\"@id\":\"https:\\\/\\\/inclusivenews.com.br\\\/#website\"},\"primaryImageOfPage\":{\"@id\":\"https:\\\/\\\/inclusivenews.com.br\\\/?p=28998#primaryimage\"},\"image\":{\"@id\":\"https:\\\/\\\/inclusivenews.com.br\\\/?p=28998#primaryimage\"},\"thumbnailUrl\":\"http:\\\/\\\/www.apaebrasil.org.br\\\/web\\\/img\\\/1.jpg\",\"datePublished\":\"2016-04-07T18:33:24+00:00\",\"breadcrumb\":{\"@id\":\"https:\\\/\\\/inclusivenews.com.br\\\/?p=28998#breadcrumb\"},\"inLanguage\":\"pt-PT\",\"potentialAction\":[{\"@type\":\"ReadAction\",\"target\":[\"https:\\\/\\\/inclusivenews.com.br\\\/?p=28998\"]}]},{\"@type\":\"ImageObject\",\"inLanguage\":\"pt-PT\",\"@id\":\"https:\\\/\\\/inclusivenews.com.br\\\/?p=28998#primaryimage\",\"url\":\"http:\\\/\\\/www.apaebrasil.org.br\\\/web\\\/img\\\/1.jpg\",\"contentUrl\":\"http:\\\/\\\/www.apaebrasil.org.br\\\/web\\\/img\\\/1.jpg\"},{\"@type\":\"BreadcrumbList\",\"@id\":\"https:\\\/\\\/inclusivenews.com.br\\\/?p=28998#breadcrumb\",\"itemListElement\":[{\"@type\":\"ListItem\",\"position\":1,\"name\":\"In\u00edcio\",\"item\":\"https:\\\/\\\/inclusivenews.com.br\\\/\"},{\"@type\":\"ListItem\",\"position\":2,\"name\":\"Fenapaes leva ao governo proposta de atendimento a crian\u00e7as com microcefalia\"}]},{\"@type\":\"WebSite\",\"@id\":\"https:\\\/\\\/inclusivenews.com.br\\\/#website\",\"url\":\"https:\\\/\\\/inclusivenews.com.br\\\/\",\"name\":\"Inclusive News\",\"description\":\"Inclusive News\",\"publisher\":{\"@id\":\"https:\\\/\\\/inclusivenews.com.br\\\/#organization\"},\"potentialAction\":[{\"@type\":\"SearchAction\",\"target\":{\"@type\":\"EntryPoint\",\"urlTemplate\":\"https:\\\/\\\/inclusivenews.com.br\\\/?s={search_term_string}\"},\"query-input\":{\"@type\":\"PropertyValueSpecification\",\"valueRequired\":true,\"valueName\":\"search_term_string\"}}],\"inLanguage\":\"pt-PT\"},{\"@type\":\"Organization\",\"@id\":\"https:\\\/\\\/inclusivenews.com.br\\\/#organization\",\"name\":\"Inclusive - inclus\u00e3o e cidadania\",\"url\":\"https:\\\/\\\/inclusivenews.com.br\\\/\",\"logo\":{\"@type\":\"ImageObject\",\"inLanguage\":\"pt-PT\",\"@id\":\"https:\\\/\\\/inclusivenews.com.br\\\/#\\\/schema\\\/logo\\\/image\\\/\",\"url\":\"https:\\\/\\\/inclusivenews.com.br\\\/wp-content\\\/uploads\\\/2024\\\/03\\\/@grandesite.png\",\"contentUrl\":\"https:\\\/\\\/inclusivenews.com.br\\\/wp-content\\\/uploads\\\/2024\\\/03\\\/@grandesite.png\",\"width\":1080,\"height\":1080,\"caption\":\"Inclusive - inclus\u00e3o e cidadania\"},\"image\":{\"@id\":\"https:\\\/\\\/inclusivenews.com.br\\\/#\\\/schema\\\/logo\\\/image\\\/\"},\"sameAs\":[\"https:\\\/\\\/www.facebook.com\\\/agenciainclusive\\\/\",\"https:\\\/\\\/www.instagram.com\\\/newsinclusive\\\/\"]},{\"@type\":\"Person\",\"@id\":\"https:\\\/\\\/inclusivenews.com.br\\\/#\\\/schema\\\/person\\\/ae4ec7087559b8692fb33b6fffd2273b\",\"name\":\"inclusivenews2024\",\"image\":{\"@type\":\"ImageObject\",\"inLanguage\":\"pt-PT\",\"@id\":\"https:\\\/\\\/secure.gravatar.com\\\/avatar\\\/c5a7ef84c66fa914f55bc4f7ce26cfa275a3b9a1c5568b907bd184fb4dde7b40?s=96&d=mm&r=g\",\"url\":\"https:\\\/\\\/secure.gravatar.com\\\/avatar\\\/c5a7ef84c66fa914f55bc4f7ce26cfa275a3b9a1c5568b907bd184fb4dde7b40?s=96&d=mm&r=g\",\"contentUrl\":\"https:\\\/\\\/secure.gravatar.com\\\/avatar\\\/c5a7ef84c66fa914f55bc4f7ce26cfa275a3b9a1c5568b907bd184fb4dde7b40?s=96&d=mm&r=g\",\"caption\":\"inclusivenews2024\"},\"sameAs\":[\"https:\\\/\\\/inclusivenews.com.br\"],\"url\":\"https:\\\/\\\/inclusivenews.com.br\\\/?author=1\"}]}<\/script>\n<!-- \/ Yoast SEO plugin. -->","yoast_head_json":{"title":"Fenapaes leva ao governo proposta de atendimento a crian\u00e7as com microcefalia -","robots":{"index":"index","follow":"follow","max-snippet":"max-snippet:-1","max-image-preview":"max-image-preview:large","max-video-preview":"max-video-preview:-1"},"canonical":"https:\/\/inclusivenews.com.br\/?p=28998","og_locale":"pt_PT","og_type":"article","og_title":"Fenapaes leva ao governo proposta de atendimento a crian\u00e7as com microcefalia -","og_description":"Na segunda-feira (04\/04), o Coordenador Nacional de Sa\u00fade e Preven\u00e7\u00e3o da Fenapaes, Dr. Rui Fernando Pilotto, teve uma importante agenda em Bras\u00edlia com o intuito de fortalecer as a\u00e7\u00f5es das Apaes e promover uma educa\u00e7\u00e3o continuada aos profissionais dessas Apaes que recebam crian\u00e7as com microcefalia. Ele vai apresentar, ao Minist\u00e9rio da Sa\u00fade e \u00e0 Secretaria [&hellip;]","og_url":"https:\/\/inclusivenews.com.br\/?p=28998","article_publisher":"https:\/\/www.facebook.com\/agenciainclusive\/","article_published_time":"2016-04-07T18:33:24+00:00","og_image":[{"url":"http:\/\/www.apaebrasil.org.br\/web\/img\/1.jpg","type":"","width":"","height":""}],"author":"inclusivenews2024","twitter_card":"summary_large_image","twitter_misc":{"Escrito por":"inclusivenews2024","Tempo estimado de leitura":"1 minuto"},"schema":{"@context":"https:\/\/schema.org","@graph":[{"@type":"Article","@id":"https:\/\/inclusivenews.com.br\/?p=28998#article","isPartOf":{"@id":"https:\/\/inclusivenews.com.br\/?p=28998"},"author":{"name":"inclusivenews2024","@id":"https:\/\/inclusivenews.com.br\/#\/schema\/person\/ae4ec7087559b8692fb33b6fffd2273b"},"headline":"Fenapaes leva ao governo proposta de atendimento a crian\u00e7as com microcefalia","datePublished":"2016-04-07T18:33:24+00:00","mainEntityOfPage":{"@id":"https:\/\/inclusivenews.com.br\/?p=28998"},"wordCount":211,"commentCount":1,"publisher":{"@id":"https:\/\/inclusivenews.com.br\/#organization"},"image":{"@id":"https:\/\/inclusivenews.com.br\/?p=28998#primaryimage"},"thumbnailUrl":"http:\/\/www.apaebrasil.org.br\/web\/img\/1.jpg","keywords":["Microcefalia"],"articleSection":["INCLUS\u00c3O SOCIAL","Microcefalia","Sa\u00fade"],"inLanguage":"pt-PT","potentialAction":[{"@type":"CommentAction","name":"Comment","target":["https:\/\/inclusivenews.com.br\/?p=28998#respond"]}]},{"@type":"WebPage","@id":"https:\/\/inclusivenews.com.br\/?p=28998","url":"https:\/\/inclusivenews.com.br\/?p=28998","name":"Fenapaes leva ao governo proposta de atendimento a crian\u00e7as com microcefalia -","isPartOf":{"@id":"https:\/\/inclusivenews.com.br\/#website"},"primaryImageOfPage":{"@id":"https:\/\/inclusivenews.com.br\/?p=28998#primaryimage"},"image":{"@id":"https:\/\/inclusivenews.com.br\/?p=28998#primaryimage"},"thumbnailUrl":"http:\/\/www.apaebrasil.org.br\/web\/img\/1.jpg","datePublished":"2016-04-07T18:33:24+00:00","breadcrumb":{"@id":"https:\/\/inclusivenews.com.br\/?p=28998#breadcrumb"},"inLanguage":"pt-PT","potentialAction":[{"@type":"ReadAction","target":["https:\/\/inclusivenews.com.br\/?p=28998"]}]},{"@type":"ImageObject","inLanguage":"pt-PT","@id":"https:\/\/inclusivenews.com.br\/?p=28998#primaryimage","url":"http:\/\/www.apaebrasil.org.br\/web\/img\/1.jpg","contentUrl":"http:\/\/www.apaebrasil.org.br\/web\/img\/1.jpg"},{"@type":"BreadcrumbList","@id":"https:\/\/inclusivenews.com.br\/?p=28998#breadcrumb","itemListElement":[{"@type":"ListItem","position":1,"name":"In\u00edcio","item":"https:\/\/inclusivenews.com.br\/"},{"@type":"ListItem","position":2,"name":"Fenapaes leva ao governo proposta de atendimento a crian\u00e7as com microcefalia"}]},{"@type":"WebSite","@id":"https:\/\/inclusivenews.com.br\/#website","url":"https:\/\/inclusivenews.com.br\/","name":"Inclusive News","description":"Inclusive News","publisher":{"@id":"https:\/\/inclusivenews.com.br\/#organization"},"potentialAction":[{"@type":"SearchAction","target":{"@type":"EntryPoint","urlTemplate":"https:\/\/inclusivenews.com.br\/?s={search_term_string}"},"query-input":{"@type":"PropertyValueSpecification","valueRequired":true,"valueName":"search_term_string"}}],"inLanguage":"pt-PT"},{"@type":"Organization","@id":"https:\/\/inclusivenews.com.br\/#organization","name":"Inclusive - inclus\u00e3o e cidadania","url":"https:\/\/inclusivenews.com.br\/","logo":{"@type":"ImageObject","inLanguage":"pt-PT","@id":"https:\/\/inclusivenews.com.br\/#\/schema\/logo\/image\/","url":"https:\/\/inclusivenews.com.br\/wp-content\/uploads\/2024\/03\/@grandesite.png","contentUrl":"https:\/\/inclusivenews.com.br\/wp-content\/uploads\/2024\/03\/@grandesite.png","width":1080,"height":1080,"caption":"Inclusive - inclus\u00e3o e cidadania"},"image":{"@id":"https:\/\/inclusivenews.com.br\/#\/schema\/logo\/image\/"},"sameAs":["https:\/\/www.facebook.com\/agenciainclusive\/","https:\/\/www.instagram.com\/newsinclusive\/"]},{"@type":"Person","@id":"https:\/\/inclusivenews.com.br\/#\/schema\/person\/ae4ec7087559b8692fb33b6fffd2273b","name":"inclusivenews2024","image":{"@type":"ImageObject","inLanguage":"pt-PT","@id":"https:\/\/secure.gravatar.com\/avatar\/c5a7ef84c66fa914f55bc4f7ce26cfa275a3b9a1c5568b907bd184fb4dde7b40?s=96&d=mm&r=g","url":"https:\/\/secure.gravatar.com\/avatar\/c5a7ef84c66fa914f55bc4f7ce26cfa275a3b9a1c5568b907bd184fb4dde7b40?s=96&d=mm&r=g","contentUrl":"https:\/\/secure.gravatar.com\/avatar\/c5a7ef84c66fa914f55bc4f7ce26cfa275a3b9a1c5568b907bd184fb4dde7b40?s=96&d=mm&r=g","caption":"inclusivenews2024"},"sameAs":["https:\/\/inclusivenews.com.br"],"url":"https:\/\/inclusivenews.com.br\/?author=1"}]}},"_links":{"self":[{"href":"https:\/\/inclusivenews.com.br\/index.php?rest_route=\/wp\/v2\/posts\/28998","targetHints":{"allow":["GET"]}}],"collection":[{"href":"https:\/\/inclusivenews.com.br\/index.php?rest_route=\/wp\/v2\/posts"}],"about":[{"href":"https:\/\/inclusivenews.com.br\/index.php?rest_route=\/wp\/v2\/types\/post"}],"author":[{"embeddable":true,"href":"https:\/\/inclusivenews.com.br\/index.php?rest_route=\/wp\/v2\/users\/1"}],"replies":[{"embeddable":true,"href":"https:\/\/inclusivenews.com.br\/index.php?rest_route=%2Fwp%2Fv2%2Fcomments&post=28998"}],"version-history":[{"count":0,"href":"https:\/\/inclusivenews.com.br\/index.php?rest_route=\/wp\/v2\/posts\/28998\/revisions"}],"wp:attachment":[{"href":"https:\/\/inclusivenews.com.br\/index.php?rest_route=%2Fwp%2Fv2%2Fmedia&parent=28998"}],"wp:term":[{"taxonomy":"category","embeddable":true,"href":"https:\/\/inclusivenews.com.br\/index.php?rest_route=%2Fwp%2Fv2%2Fcategories&post=28998"},{"taxonomy":"post_tag","embeddable":true,"href":"https:\/\/inclusivenews.com.br\/index.php?rest_route=%2Fwp%2Fv2%2Ftags&post=28998"}],"curies":[{"name":"wp","href":"https:\/\/api.w.org\/{rel}","templated":true}]}}