{"id":29008,"date":"2016-04-07T15:48:33","date_gmt":"2016-04-07T18:48:33","guid":{"rendered":"http:\/\/www.inclusive.org.br\/?p=29008"},"modified":"2016-04-07T15:48:33","modified_gmt":"2016-04-07T18:48:33","slug":"escola-de-gente-da-a-largada-para-a-formacao-de-novas-turmas-de-agentes-de-promocao-da-acessibilidade","status":"publish","type":"post","link":"https:\/\/inclusivenews.com.br\/?p=29008","title":{"rendered":"Escola de Gente d\u00e1 a largada para a forma\u00e7\u00e3o de novas turmas de Agentes de Promo\u00e7\u00e3o da Acessibilidade"},"content":{"rendered":"<p>No dia 15 de mar\u00e7o, a Escola de Gente \u2013 Comunica\u00e7\u00e3o em Inclus\u00e3o deu largada no projeto Agentes de Promo\u00e7\u00e3o da Acessibilidade 2016. Os Inclusos e os Sisos \u2013 Teatro de Mobiliza\u00e7\u00e3o pela Diversidade abriram o evento de boas-vindas aos\/\u00e0s novos\/as Agentes com um divertido festival de esquetes sobre discrimina\u00e7\u00e3o.<\/p>\n<p><img loading=\"lazy\" decoding=\"async\" class=\"alignnone\" alt=\"foto (cr\u00e9dito Virg\u00ednia Nu\u00f1ez) foi tirada no palco, no dia do lan\u00e7amento das turmas do APA BR, com dezenas de pessoas, entre homens e mulheres, jovens, parceiros\/as e equipe da Escola de Gente\" src=\"http:\/\/www.escoladegente.org.br\/site\/wp-content\/uploads\/2016\/04\/img-interna-01042016.png\" width=\"386\" height=\"257\" \/><\/p>\n<p>A forma\u00e7\u00e3o para se tornar um Agente de Promo\u00e7\u00e3o da Acessibilidade \u00e9 ampla e focada no tema da acessibilidade a comunica\u00e7\u00e3o. Ao todo, as duas turmas, na Rocinha e no Caju, receber\u00e3o 90 horas de forma\u00e7\u00e3o em conte\u00fados de inclus\u00e3o e direitos humanos.\u00a0 Mais de 60 jovens est\u00e3o inscritos\/as no curso. Ao final dele, estar\u00e3o preparados\/as para agir sempre que os direitos \u00e0 comunica\u00e7\u00e3o, participa\u00e7\u00e3o e inclus\u00e3o de pessoas, com e sem defici\u00eancia, forem amea\u00e7ados ou violados. O projeto tem patroc\u00ednio da Petrobras e conta com a parceria da Associa\u00e7\u00e3o Nacional dos Procuradores da Rep\u00fablica, o Minist\u00e9rio P\u00fablico do Trabalho, a Funda\u00e7\u00e3o Pedro Jorge, o Oi Futuro, entre outras organiza\u00e7\u00f5es.<\/p>\n<p>O encontro de lan\u00e7amento das turmas de 2016 foi realizado no audit\u00f3rio da Biblioteca Parque da Rocinha e reuniu Agentes de Promo\u00e7\u00e3o da Acessibilidade participantes do projeto em anos anteriores, que puderam contar suas experi\u00eancias, como jovens j\u00e1 formados pela Escola de Gente, para os jovens que ser\u00e3o formados\/as em 2016. O encontro contou ainda com a presen\u00e7a dos\/as mobilizadores\/as locais e parceiros\/as do projeto, com representantes da Petrobras, do\u00a0Minist\u00e9rio P\u00fablico do Trabalho, da Secretaria de Cultura do Estado do Rio de Janeiro, do Conselho Estadual para a Pol\u00edtica de Integra\u00e7\u00e3o da Pessoa com Defici\u00eancia, do Comit\u00ea Ol\u00edmpico 2016 e da empresa ManPower.<\/p>\n<p><b>Escola de Gente trabalha com o conceito de empregabilidade inclusiva<\/b><\/p>\n<p>Uma das metas do projeto Agentes de Promo\u00e7\u00e3o da Acessibilidade \u00e9 o encaminhamento de jovens para o mercado de trabalho, por isso a ManPower participou do lan\u00e7amento das novas turmas e na ocasi\u00e3o recebeu diversos curr\u00edculos de Agentes de Promo\u00e7\u00e3o da Acessibilidade formados em turmas passadas, com o objetivo de avali\u00e1-los. A empresa est\u00e1 interessada na forma\u00e7\u00e3o espec\u00edfica em inclus\u00e3o e acessibilidade oferecida pelo projeto, e que inclui no\u00e7\u00f5es de Libras, audiodescri\u00e7\u00e3o e legisla\u00e7\u00e3o inclusiva, entre outros conte\u00fados que d\u00e3o a dimens\u00e3o do que a Escola de Gente chama de empregabilidade inclusiva.<\/p>\n","protected":false},"excerpt":{"rendered":"<p>A forma\u00e7\u00e3o para se tornar um Agente de Promo\u00e7\u00e3o da Acessibilidade \u00e9 ampla e focada no tema da acessibilidade a comunica\u00e7\u00e3o. Ao todo, as duas turmas, na Rocinha e no Caju, receber\u00e3o 90 horas de forma\u00e7\u00e3o em conte\u00fados de inclus\u00e3o e direitos humanos.  Mais de 60 jovens est\u00e3o inscritos\/as no curso.<\/p>\n","protected":false},"author":1,"featured_media":0,"comment_status":"open","ping_status":"open","sticky":false,"template":"","format":"standard","meta":{"site-container-style":"default","site-container-layout":"default","site-sidebar-layout":"default","disable-article-header":"default","disable-site-header":"default","disable-site-footer":"default","disable-content-area-spacing":"default","footnotes":""},"categories":[12,4],"tags":[],"class_list":["post-29008","post","type-post","status-publish","format-standard","hentry","category-cursos-e-eventos","category-noticias"],"yoast_head":"<!-- This site is optimized with the Yoast SEO plugin v27.4 - https:\/\/yoast.com\/product\/yoast-seo-wordpress\/ -->\n<title>Escola de Gente d\u00e1 a largada para a forma\u00e7\u00e3o de novas turmas de Agentes de Promo\u00e7\u00e3o da Acessibilidade -<\/title>\n<meta name=\"robots\" content=\"index, follow, max-snippet:-1, max-image-preview:large, max-video-preview:-1\" \/>\n<link rel=\"canonical\" href=\"https:\/\/inclusivenews.com.br\/?p=29008\" \/>\n<meta property=\"og:locale\" content=\"pt_PT\" \/>\n<meta property=\"og:type\" content=\"article\" \/>\n<meta property=\"og:title\" content=\"Escola de Gente d\u00e1 a largada para a forma\u00e7\u00e3o de novas turmas de Agentes de Promo\u00e7\u00e3o da Acessibilidade -\" \/>\n<meta property=\"og:description\" content=\"A forma\u00e7\u00e3o para se tornar um Agente de Promo\u00e7\u00e3o da Acessibilidade \u00e9 ampla e focada no tema da acessibilidade a comunica\u00e7\u00e3o. Ao todo, as duas turmas, na Rocinha e no Caju, receber\u00e3o 90 horas de forma\u00e7\u00e3o em conte\u00fados de inclus\u00e3o e direitos humanos. Mais de 60 jovens est\u00e3o inscritos\/as no curso.\" \/>\n<meta property=\"og:url\" content=\"https:\/\/inclusivenews.com.br\/?p=29008\" \/>\n<meta property=\"article:publisher\" content=\"https:\/\/www.facebook.com\/agenciainclusive\/\" \/>\n<meta property=\"article:published_time\" content=\"2016-04-07T18:48:33+00:00\" \/>\n<meta property=\"og:image\" content=\"http:\/\/www.escoladegente.org.br\/site\/wp-content\/uploads\/2016\/04\/img-interna-01042016.png\" \/>\n<meta name=\"author\" content=\"inclusivenews2024\" \/>\n<meta name=\"twitter:card\" content=\"summary_large_image\" \/>\n<meta name=\"twitter:label1\" content=\"Escrito por\" \/>\n\t<meta name=\"twitter:data1\" content=\"inclusivenews2024\" \/>\n\t<meta name=\"twitter:label2\" content=\"Tempo estimado de leitura\" \/>\n\t<meta name=\"twitter:data2\" content=\"2 minutos\" \/>\n<script type=\"application\/ld+json\" class=\"yoast-schema-graph\">{\"@context\":\"https:\\\/\\\/schema.org\",\"@graph\":[{\"@type\":\"Article\",\"@id\":\"https:\\\/\\\/inclusivenews.com.br\\\/?p=29008#article\",\"isPartOf\":{\"@id\":\"https:\\\/\\\/inclusivenews.com.br\\\/?p=29008\"},\"author\":{\"name\":\"inclusivenews2024\",\"@id\":\"https:\\\/\\\/inclusivenews.com.br\\\/#\\\/schema\\\/person\\\/ae4ec7087559b8692fb33b6fffd2273b\"},\"headline\":\"Escola de Gente d\u00e1 a largada para a forma\u00e7\u00e3o de novas turmas de Agentes de Promo\u00e7\u00e3o da Acessibilidade\",\"datePublished\":\"2016-04-07T18:48:33+00:00\",\"mainEntityOfPage\":{\"@id\":\"https:\\\/\\\/inclusivenews.com.br\\\/?p=29008\"},\"wordCount\":436,\"commentCount\":0,\"publisher\":{\"@id\":\"https:\\\/\\\/inclusivenews.com.br\\\/#organization\"},\"image\":{\"@id\":\"https:\\\/\\\/inclusivenews.com.br\\\/?p=29008#primaryimage\"},\"thumbnailUrl\":\"http:\\\/\\\/www.escoladegente.org.br\\\/site\\\/wp-content\\\/uploads\\\/2016\\\/04\\\/img-interna-01042016.png\",\"articleSection\":[\"Cursos e eventos\",\"NOT\u00cdCIAS\"],\"inLanguage\":\"pt-PT\",\"potentialAction\":[{\"@type\":\"CommentAction\",\"name\":\"Comment\",\"target\":[\"https:\\\/\\\/inclusivenews.com.br\\\/?p=29008#respond\"]}]},{\"@type\":\"WebPage\",\"@id\":\"https:\\\/\\\/inclusivenews.com.br\\\/?p=29008\",\"url\":\"https:\\\/\\\/inclusivenews.com.br\\\/?p=29008\",\"name\":\"Escola de Gente d\u00e1 a largada para a forma\u00e7\u00e3o de novas turmas de Agentes de Promo\u00e7\u00e3o da Acessibilidade -\",\"isPartOf\":{\"@id\":\"https:\\\/\\\/inclusivenews.com.br\\\/#website\"},\"primaryImageOfPage\":{\"@id\":\"https:\\\/\\\/inclusivenews.com.br\\\/?p=29008#primaryimage\"},\"image\":{\"@id\":\"https:\\\/\\\/inclusivenews.com.br\\\/?p=29008#primaryimage\"},\"thumbnailUrl\":\"http:\\\/\\\/www.escoladegente.org.br\\\/site\\\/wp-content\\\/uploads\\\/2016\\\/04\\\/img-interna-01042016.png\",\"datePublished\":\"2016-04-07T18:48:33+00:00\",\"breadcrumb\":{\"@id\":\"https:\\\/\\\/inclusivenews.com.br\\\/?p=29008#breadcrumb\"},\"inLanguage\":\"pt-PT\",\"potentialAction\":[{\"@type\":\"ReadAction\",\"target\":[\"https:\\\/\\\/inclusivenews.com.br\\\/?p=29008\"]}]},{\"@type\":\"ImageObject\",\"inLanguage\":\"pt-PT\",\"@id\":\"https:\\\/\\\/inclusivenews.com.br\\\/?p=29008#primaryimage\",\"url\":\"http:\\\/\\\/www.escoladegente.org.br\\\/site\\\/wp-content\\\/uploads\\\/2016\\\/04\\\/img-interna-01042016.png\",\"contentUrl\":\"http:\\\/\\\/www.escoladegente.org.br\\\/site\\\/wp-content\\\/uploads\\\/2016\\\/04\\\/img-interna-01042016.png\"},{\"@type\":\"BreadcrumbList\",\"@id\":\"https:\\\/\\\/inclusivenews.com.br\\\/?p=29008#breadcrumb\",\"itemListElement\":[{\"@type\":\"ListItem\",\"position\":1,\"name\":\"In\u00edcio\",\"item\":\"https:\\\/\\\/inclusivenews.com.br\\\/\"},{\"@type\":\"ListItem\",\"position\":2,\"name\":\"Escola de Gente d\u00e1 a largada para a forma\u00e7\u00e3o de novas turmas de Agentes de Promo\u00e7\u00e3o da Acessibilidade\"}]},{\"@type\":\"WebSite\",\"@id\":\"https:\\\/\\\/inclusivenews.com.br\\\/#website\",\"url\":\"https:\\\/\\\/inclusivenews.com.br\\\/\",\"name\":\"Inclusive News\",\"description\":\"Inclusive News\",\"publisher\":{\"@id\":\"https:\\\/\\\/inclusivenews.com.br\\\/#organization\"},\"potentialAction\":[{\"@type\":\"SearchAction\",\"target\":{\"@type\":\"EntryPoint\",\"urlTemplate\":\"https:\\\/\\\/inclusivenews.com.br\\\/?s={search_term_string}\"},\"query-input\":{\"@type\":\"PropertyValueSpecification\",\"valueRequired\":true,\"valueName\":\"search_term_string\"}}],\"inLanguage\":\"pt-PT\"},{\"@type\":\"Organization\",\"@id\":\"https:\\\/\\\/inclusivenews.com.br\\\/#organization\",\"name\":\"Inclusive - inclus\u00e3o e cidadania\",\"url\":\"https:\\\/\\\/inclusivenews.com.br\\\/\",\"logo\":{\"@type\":\"ImageObject\",\"inLanguage\":\"pt-PT\",\"@id\":\"https:\\\/\\\/inclusivenews.com.br\\\/#\\\/schema\\\/logo\\\/image\\\/\",\"url\":\"https:\\\/\\\/inclusivenews.com.br\\\/wp-content\\\/uploads\\\/2024\\\/03\\\/@grandesite.png\",\"contentUrl\":\"https:\\\/\\\/inclusivenews.com.br\\\/wp-content\\\/uploads\\\/2024\\\/03\\\/@grandesite.png\",\"width\":1080,\"height\":1080,\"caption\":\"Inclusive - inclus\u00e3o e cidadania\"},\"image\":{\"@id\":\"https:\\\/\\\/inclusivenews.com.br\\\/#\\\/schema\\\/logo\\\/image\\\/\"},\"sameAs\":[\"https:\\\/\\\/www.facebook.com\\\/agenciainclusive\\\/\",\"https:\\\/\\\/www.instagram.com\\\/newsinclusive\\\/\"]},{\"@type\":\"Person\",\"@id\":\"https:\\\/\\\/inclusivenews.com.br\\\/#\\\/schema\\\/person\\\/ae4ec7087559b8692fb33b6fffd2273b\",\"name\":\"inclusivenews2024\",\"image\":{\"@type\":\"ImageObject\",\"inLanguage\":\"pt-PT\",\"@id\":\"https:\\\/\\\/secure.gravatar.com\\\/avatar\\\/c5a7ef84c66fa914f55bc4f7ce26cfa275a3b9a1c5568b907bd184fb4dde7b40?s=96&d=mm&r=g\",\"url\":\"https:\\\/\\\/secure.gravatar.com\\\/avatar\\\/c5a7ef84c66fa914f55bc4f7ce26cfa275a3b9a1c5568b907bd184fb4dde7b40?s=96&d=mm&r=g\",\"contentUrl\":\"https:\\\/\\\/secure.gravatar.com\\\/avatar\\\/c5a7ef84c66fa914f55bc4f7ce26cfa275a3b9a1c5568b907bd184fb4dde7b40?s=96&d=mm&r=g\",\"caption\":\"inclusivenews2024\"},\"sameAs\":[\"https:\\\/\\\/inclusivenews.com.br\"],\"url\":\"https:\\\/\\\/inclusivenews.com.br\\\/?author=1\"}]}<\/script>\n<!-- \/ Yoast SEO plugin. -->","yoast_head_json":{"title":"Escola de Gente d\u00e1 a largada para a forma\u00e7\u00e3o de novas turmas de Agentes de Promo\u00e7\u00e3o da Acessibilidade -","robots":{"index":"index","follow":"follow","max-snippet":"max-snippet:-1","max-image-preview":"max-image-preview:large","max-video-preview":"max-video-preview:-1"},"canonical":"https:\/\/inclusivenews.com.br\/?p=29008","og_locale":"pt_PT","og_type":"article","og_title":"Escola de Gente d\u00e1 a largada para a forma\u00e7\u00e3o de novas turmas de Agentes de Promo\u00e7\u00e3o da Acessibilidade -","og_description":"A forma\u00e7\u00e3o para se tornar um Agente de Promo\u00e7\u00e3o da Acessibilidade \u00e9 ampla e focada no tema da acessibilidade a comunica\u00e7\u00e3o. Ao todo, as duas turmas, na Rocinha e no Caju, receber\u00e3o 90 horas de forma\u00e7\u00e3o em conte\u00fados de inclus\u00e3o e direitos humanos. Mais de 60 jovens est\u00e3o inscritos\/as no curso.","og_url":"https:\/\/inclusivenews.com.br\/?p=29008","article_publisher":"https:\/\/www.facebook.com\/agenciainclusive\/","article_published_time":"2016-04-07T18:48:33+00:00","og_image":[{"url":"http:\/\/www.escoladegente.org.br\/site\/wp-content\/uploads\/2016\/04\/img-interna-01042016.png","type":"","width":"","height":""}],"author":"inclusivenews2024","twitter_card":"summary_large_image","twitter_misc":{"Escrito por":"inclusivenews2024","Tempo estimado de leitura":"2 minutos"},"schema":{"@context":"https:\/\/schema.org","@graph":[{"@type":"Article","@id":"https:\/\/inclusivenews.com.br\/?p=29008#article","isPartOf":{"@id":"https:\/\/inclusivenews.com.br\/?p=29008"},"author":{"name":"inclusivenews2024","@id":"https:\/\/inclusivenews.com.br\/#\/schema\/person\/ae4ec7087559b8692fb33b6fffd2273b"},"headline":"Escola de Gente d\u00e1 a largada para a forma\u00e7\u00e3o de novas turmas de Agentes de Promo\u00e7\u00e3o da Acessibilidade","datePublished":"2016-04-07T18:48:33+00:00","mainEntityOfPage":{"@id":"https:\/\/inclusivenews.com.br\/?p=29008"},"wordCount":436,"commentCount":0,"publisher":{"@id":"https:\/\/inclusivenews.com.br\/#organization"},"image":{"@id":"https:\/\/inclusivenews.com.br\/?p=29008#primaryimage"},"thumbnailUrl":"http:\/\/www.escoladegente.org.br\/site\/wp-content\/uploads\/2016\/04\/img-interna-01042016.png","articleSection":["Cursos e eventos","NOT\u00cdCIAS"],"inLanguage":"pt-PT","potentialAction":[{"@type":"CommentAction","name":"Comment","target":["https:\/\/inclusivenews.com.br\/?p=29008#respond"]}]},{"@type":"WebPage","@id":"https:\/\/inclusivenews.com.br\/?p=29008","url":"https:\/\/inclusivenews.com.br\/?p=29008","name":"Escola de Gente d\u00e1 a largada para a forma\u00e7\u00e3o de novas turmas de Agentes de Promo\u00e7\u00e3o da Acessibilidade -","isPartOf":{"@id":"https:\/\/inclusivenews.com.br\/#website"},"primaryImageOfPage":{"@id":"https:\/\/inclusivenews.com.br\/?p=29008#primaryimage"},"image":{"@id":"https:\/\/inclusivenews.com.br\/?p=29008#primaryimage"},"thumbnailUrl":"http:\/\/www.escoladegente.org.br\/site\/wp-content\/uploads\/2016\/04\/img-interna-01042016.png","datePublished":"2016-04-07T18:48:33+00:00","breadcrumb":{"@id":"https:\/\/inclusivenews.com.br\/?p=29008#breadcrumb"},"inLanguage":"pt-PT","potentialAction":[{"@type":"ReadAction","target":["https:\/\/inclusivenews.com.br\/?p=29008"]}]},{"@type":"ImageObject","inLanguage":"pt-PT","@id":"https:\/\/inclusivenews.com.br\/?p=29008#primaryimage","url":"http:\/\/www.escoladegente.org.br\/site\/wp-content\/uploads\/2016\/04\/img-interna-01042016.png","contentUrl":"http:\/\/www.escoladegente.org.br\/site\/wp-content\/uploads\/2016\/04\/img-interna-01042016.png"},{"@type":"BreadcrumbList","@id":"https:\/\/inclusivenews.com.br\/?p=29008#breadcrumb","itemListElement":[{"@type":"ListItem","position":1,"name":"In\u00edcio","item":"https:\/\/inclusivenews.com.br\/"},{"@type":"ListItem","position":2,"name":"Escola de Gente d\u00e1 a largada para a forma\u00e7\u00e3o de novas turmas de Agentes de Promo\u00e7\u00e3o da Acessibilidade"}]},{"@type":"WebSite","@id":"https:\/\/inclusivenews.com.br\/#website","url":"https:\/\/inclusivenews.com.br\/","name":"Inclusive News","description":"Inclusive News","publisher":{"@id":"https:\/\/inclusivenews.com.br\/#organization"},"potentialAction":[{"@type":"SearchAction","target":{"@type":"EntryPoint","urlTemplate":"https:\/\/inclusivenews.com.br\/?s={search_term_string}"},"query-input":{"@type":"PropertyValueSpecification","valueRequired":true,"valueName":"search_term_string"}}],"inLanguage":"pt-PT"},{"@type":"Organization","@id":"https:\/\/inclusivenews.com.br\/#organization","name":"Inclusive - inclus\u00e3o e cidadania","url":"https:\/\/inclusivenews.com.br\/","logo":{"@type":"ImageObject","inLanguage":"pt-PT","@id":"https:\/\/inclusivenews.com.br\/#\/schema\/logo\/image\/","url":"https:\/\/inclusivenews.com.br\/wp-content\/uploads\/2024\/03\/@grandesite.png","contentUrl":"https:\/\/inclusivenews.com.br\/wp-content\/uploads\/2024\/03\/@grandesite.png","width":1080,"height":1080,"caption":"Inclusive - inclus\u00e3o e cidadania"},"image":{"@id":"https:\/\/inclusivenews.com.br\/#\/schema\/logo\/image\/"},"sameAs":["https:\/\/www.facebook.com\/agenciainclusive\/","https:\/\/www.instagram.com\/newsinclusive\/"]},{"@type":"Person","@id":"https:\/\/inclusivenews.com.br\/#\/schema\/person\/ae4ec7087559b8692fb33b6fffd2273b","name":"inclusivenews2024","image":{"@type":"ImageObject","inLanguage":"pt-PT","@id":"https:\/\/secure.gravatar.com\/avatar\/c5a7ef84c66fa914f55bc4f7ce26cfa275a3b9a1c5568b907bd184fb4dde7b40?s=96&d=mm&r=g","url":"https:\/\/secure.gravatar.com\/avatar\/c5a7ef84c66fa914f55bc4f7ce26cfa275a3b9a1c5568b907bd184fb4dde7b40?s=96&d=mm&r=g","contentUrl":"https:\/\/secure.gravatar.com\/avatar\/c5a7ef84c66fa914f55bc4f7ce26cfa275a3b9a1c5568b907bd184fb4dde7b40?s=96&d=mm&r=g","caption":"inclusivenews2024"},"sameAs":["https:\/\/inclusivenews.com.br"],"url":"https:\/\/inclusivenews.com.br\/?author=1"}]}},"_links":{"self":[{"href":"https:\/\/inclusivenews.com.br\/index.php?rest_route=\/wp\/v2\/posts\/29008","targetHints":{"allow":["GET"]}}],"collection":[{"href":"https:\/\/inclusivenews.com.br\/index.php?rest_route=\/wp\/v2\/posts"}],"about":[{"href":"https:\/\/inclusivenews.com.br\/index.php?rest_route=\/wp\/v2\/types\/post"}],"author":[{"embeddable":true,"href":"https:\/\/inclusivenews.com.br\/index.php?rest_route=\/wp\/v2\/users\/1"}],"replies":[{"embeddable":true,"href":"https:\/\/inclusivenews.com.br\/index.php?rest_route=%2Fwp%2Fv2%2Fcomments&post=29008"}],"version-history":[{"count":0,"href":"https:\/\/inclusivenews.com.br\/index.php?rest_route=\/wp\/v2\/posts\/29008\/revisions"}],"wp:attachment":[{"href":"https:\/\/inclusivenews.com.br\/index.php?rest_route=%2Fwp%2Fv2%2Fmedia&parent=29008"}],"wp:term":[{"taxonomy":"category","embeddable":true,"href":"https:\/\/inclusivenews.com.br\/index.php?rest_route=%2Fwp%2Fv2%2Fcategories&post=29008"},{"taxonomy":"post_tag","embeddable":true,"href":"https:\/\/inclusivenews.com.br\/index.php?rest_route=%2Fwp%2Fv2%2Ftags&post=29008"}],"curies":[{"name":"wp","href":"https:\/\/api.w.org\/{rel}","templated":true}]}}