{"id":29010,"date":"2016-04-07T15:52:14","date_gmt":"2016-04-07T18:52:14","guid":{"rendered":"http:\/\/www.inclusive.org.br\/?p=29010"},"modified":"2016-04-07T15:52:14","modified_gmt":"2016-04-07T18:52:14","slug":"premio-educador-nota-10-abre-inscricoes-para-a-19a-edicao","status":"publish","type":"post","link":"https:\/\/inclusivenews.com.br\/?p=29010","title":{"rendered":"Pr\u00eamio Educador Nota 10 abre inscri\u00e7\u00f5es para a 19\u00aa edi\u00e7\u00e3o"},"content":{"rendered":"<p><img loading=\"lazy\" decoding=\"async\" class=\" wp-image-19388 alignnone\" title=\"V\u00e1rios l\u00e1pis coloridos\" alt=\"V\u00e1rios l\u00e1pis coloridos\" src=\"http:\/\/inclusivenews.com.br\/wp-content\/uploads\/2011\/05\/crayons_Education_72ppi1.jpg\" width=\"368\" height=\"245\" \/><\/p>\n<p>Do <em>Porvir<\/em><\/p>\n<p>Est\u00e3o abertas as inscri\u00e7\u00f5es para a 19\u00aa edi\u00e7\u00e3o do <a href=\"http:\/\/www.fvc.org.br\/educadornota10\/sobre-o-premio\/maior-premio-educacao.shtml\" target=\"_blank\" rel=\"noopener\">Pr\u00eamio Educador Nota 10<\/a>, que reconhece e dissemina o trabalho de professores e gestores da educa\u00e7\u00e3o infantil e ensino fundamental de todo o Brasil. Desde 1998, quando a premia\u00e7\u00e3o foi criada, 191 profissionais da educa\u00e7\u00e3o receberam R$ 2,2 milh\u00f5es em pr\u00eamios.<\/p>\n<p>O evento, organizado pela Funda\u00e7\u00e3o Victor Civita em parceria com o Grupo Abril, Globo, Funda\u00e7\u00e3o Roberto Marinho e Funda\u00e7\u00e3o Lemann empenha-se em conhecer e avaliar o trabalho dos educadores e divulgar pr\u00e1ticas criativas e bem sucedidas, para que possam ser replicadas e usadas como modelo em todas as regi\u00f5es do pa\u00eds.<\/p>\n<p>O Educador Nota 10 recebe inscri\u00e7\u00f5es de professores, diretores, coordenadores pedag\u00f3gicos e orientadores de educa\u00e7\u00e3o infantil e do 1\u00ba ao 9\u00ba ano do ensino fundamental das seguintes disciplinas: Alfabetiza\u00e7\u00e3o, L\u00edngua Portuguesa, Educa\u00e7\u00e3o F\u00edsica, Hist\u00f3ria, Arte, L\u00edngua Estrangeira, Ci\u00eancias, Matem\u00e1tica e Geografia. Profissionais que atuam na Educa\u00e7\u00e3o de Jovens e Adultos (EJA) tamb\u00e9m podem participar.<\/p>\n<p>Os interessados em participar da sele\u00e7\u00e3o devem desenvolver um projeto ou sequ\u00eancia de atividades com seus alunos. Depois, o educador precisa escrever um <a href=\"http:\/\/www.fvc.org.br\/educadornota10\/inscricoes\/ficha-redacao-do-relato.shtml\" target=\"_blank\" rel=\"noopener\">relato<\/a> sobre o processo de ensino-aprendizagem, al\u00e9m das din\u00e2micas \u00e0s quais os estudantes foram submetidos. O trabalho deve conter justificativa, objetivos, conte\u00fados, metodologia, adequa\u00e7\u00e3o das propostas no caso de alunos com Necessidades Educacionais Especiais (NEE), processo de aprendizagem e uma autoavalia\u00e7\u00e3o. Em seguida, a coordena\u00e7\u00e3o pedag\u00f3gica da Funda\u00e7\u00e3o Victor Civita fica respons\u00e1vel por pr\u00e9-selecionar os trabalhos.\u00a0<a href=\"http:\/\/www.fvc.org.br\/educadornota10\/dicas-uteis\/dicas-de-sucesso.shtml\" target=\"_blank\" rel=\"noopener\">Aqui<\/a>, \u00e9 poss\u00edvel encontrar algumas dicas sobre a elabora\u00e7\u00e3o do relato e o processo de inscri\u00e7\u00e3o no Pr\u00eamio.<\/p>\n<p><strong>Premia\u00e7\u00e3o<\/strong><\/p>\n<p>As inscri\u00e7\u00f5es ser\u00e3o recebidas at\u00e9 o dia 31 de maio e podem ser realizadas <a href=\"http:\/\/www.premioeducadornotadez.com.br\/\" target=\"_blank\" rel=\"noopener\">nesse link<\/a>. Depois desse per\u00edodo, a Comiss\u00e3o Selecionadora ir\u00e1 classificar os autores dos 50 melhores trabalhos, que ganhar\u00e3o uma assinatura de um ano do site Nova Escola Clube. Desse grupo, ser\u00e3o selecionados os 10 projetos vencedores. Cada profissional receber\u00e1 R$ 15 mil em forma de vale-presente, e ter\u00e1 seu trabalho divulgado na revista e no site Nova Escola e\/ou Gest\u00e3o Escolar.<\/p>\n<p>A \u00faltima sele\u00e7\u00e3o ir\u00e1 eleger o Educador do ano, que receber\u00e1, al\u00e9m dos pr\u00eamios citados acima, um vale-presente de R$ 5 mil para uso pessoal e outro vale no mesmo valor para a escola onde desenvolveu o trabalho vencedor. A premia\u00e7\u00e3o acontecer\u00e1 em S\u00e3o Paulo, no dia 17 de outubro.<\/p>\n<p><strong>Dicas de quem j\u00e1 venceu\u00a0<\/strong><\/p>\n<p><a href=\"http:\/\/www.fvc.org.br\/educadornota10\/vencedores\/vencedores-2015.shtml\" target=\"_blank\" rel=\"noopener\">Em 2015<\/a>, projetos do Rio Grande do Sul, S\u00e3o Paulo, Pernambuco, Sergipe, Amazonas e Bahia marcaram presen\u00e7a na lista das melhoras pr\u00e1ticas educacionais. Entre os temas abordados est\u00e1 \u201c<a href=\"https:\/\/www.youtube.com\/watch?v=EYGIE05y1_w\" target=\"_blank\" rel=\"noopener\">\u00c1gua limpa para os curumins<\/a>\u201d, projeto desenvolvido pelo professor Valter Pereira de Menezes com alunos do 9\u00ba ano de Parintins, no Amazonas, e \u201c<a href=\"https:\/\/www.youtube.com\/watch?v=9iBpd_S5Xzo\" target=\"_blank\" rel=\"noopener\">Feira livre: espa\u00e7o de aprendizagem<\/a>\u201d, atividade coordenada pela professora Paloma Silva Santos, com alunos do 7\u00ba ano de Aracaju, em Sergipe.<\/p>\n<p>O Pr\u00eamio de Educador Nota 10 foi para Diego Mahfouz Faria Lima, diretor da Escola Municipal Darcy Ribeiro, de S\u00e3o Jos\u00e9 do Rio Preto, no interior de S\u00e3o Paulo. A partir do projeto \u201c<a href=\"https:\/\/www.youtube.com\/watch?v=eda9xvqEEak\" target=\"_blank\" rel=\"noopener\">Minha escola: reconstru\u00e7\u00e3o coletiva<\/a>\u201d, ele contou com a ajuda do corpo docente para, juntos, reduzir o \u00edndice de evas\u00e3o dos alunos e o n\u00famero de suspens\u00f5es. Al\u00e9m disso, a abertura da escola aos finais de semana trouxe a comunidade para perto da educa\u00e7\u00e3o.<\/p>\n","protected":false},"excerpt":{"rendered":"<p>Est\u00e3o abertas as inscri\u00e7\u00f5es para a 19\u00aa edi\u00e7\u00e3o do Pr\u00eamio Educador Nota 10, que reconhece e dissemina o trabalho de professores e gestores da educa\u00e7\u00e3o infantil e ensino fundamental de todo o Brasil. Desde 1998, quando a premia\u00e7\u00e3o foi criada, 191 profissionais da educa\u00e7\u00e3o receberam R$ 2,2 milh\u00f5es em pr\u00eamios.<\/p>\n","protected":false},"author":1,"featured_media":0,"comment_status":"open","ping_status":"open","sticky":false,"template":"","format":"standard","meta":{"site-container-style":"default","site-container-layout":"default","site-sidebar-layout":"default","disable-article-header":"default","disable-site-header":"default","disable-site-footer":"default","disable-content-area-spacing":"default","footnotes":""},"categories":[6,4],"tags":[],"class_list":["post-29010","post","type-post","status-publish","format-standard","hentry","category-educacao","category-noticias"],"yoast_head":"<!-- This site is optimized with the Yoast SEO plugin v27.4 - https:\/\/yoast.com\/product\/yoast-seo-wordpress\/ -->\n<title>Pr\u00eamio Educador Nota 10 abre inscri\u00e7\u00f5es para a 19\u00aa edi\u00e7\u00e3o -<\/title>\n<meta name=\"robots\" content=\"index, follow, max-snippet:-1, max-image-preview:large, max-video-preview:-1\" \/>\n<link rel=\"canonical\" href=\"https:\/\/inclusivenews.com.br\/?p=29010\" \/>\n<meta property=\"og:locale\" content=\"pt_PT\" \/>\n<meta property=\"og:type\" content=\"article\" \/>\n<meta property=\"og:title\" content=\"Pr\u00eamio Educador Nota 10 abre inscri\u00e7\u00f5es para a 19\u00aa edi\u00e7\u00e3o -\" \/>\n<meta property=\"og:description\" content=\"Est\u00e3o abertas as inscri\u00e7\u00f5es para a 19\u00aa edi\u00e7\u00e3o do Pr\u00eamio Educador Nota 10, que reconhece e dissemina o trabalho de professores e gestores da educa\u00e7\u00e3o infantil e ensino fundamental de todo o Brasil. Desde 1998, quando a premia\u00e7\u00e3o foi criada, 191 profissionais da educa\u00e7\u00e3o receberam R$ 2,2 milh\u00f5es em pr\u00eamios.\" \/>\n<meta property=\"og:url\" content=\"https:\/\/inclusivenews.com.br\/?p=29010\" \/>\n<meta property=\"article:publisher\" content=\"https:\/\/www.facebook.com\/agenciainclusive\/\" \/>\n<meta property=\"article:published_time\" content=\"2016-04-07T18:52:14+00:00\" \/>\n<meta property=\"og:image\" content=\"http:\/\/inclusivenews.com.br\/wp-content\/uploads\/2011\/05\/crayons_Education_72ppi1.jpg\" \/>\n<meta name=\"author\" content=\"inclusivenews2024\" \/>\n<meta name=\"twitter:card\" content=\"summary_large_image\" \/>\n<meta name=\"twitter:label1\" content=\"Escrito por\" \/>\n\t<meta name=\"twitter:data1\" content=\"inclusivenews2024\" \/>\n\t<meta name=\"twitter:label2\" content=\"Tempo estimado de leitura\" \/>\n\t<meta name=\"twitter:data2\" content=\"3 minutos\" \/>\n<script type=\"application\/ld+json\" class=\"yoast-schema-graph\">{\"@context\":\"https:\\\/\\\/schema.org\",\"@graph\":[{\"@type\":\"Article\",\"@id\":\"https:\\\/\\\/inclusivenews.com.br\\\/?p=29010#article\",\"isPartOf\":{\"@id\":\"https:\\\/\\\/inclusivenews.com.br\\\/?p=29010\"},\"author\":{\"name\":\"inclusivenews2024\",\"@id\":\"https:\\\/\\\/inclusivenews.com.br\\\/#\\\/schema\\\/person\\\/ae4ec7087559b8692fb33b6fffd2273b\"},\"headline\":\"Pr\u00eamio Educador Nota 10 abre inscri\u00e7\u00f5es para a 19\u00aa edi\u00e7\u00e3o\",\"datePublished\":\"2016-04-07T18:52:14+00:00\",\"mainEntityOfPage\":{\"@id\":\"https:\\\/\\\/inclusivenews.com.br\\\/?p=29010\"},\"wordCount\":596,\"commentCount\":0,\"publisher\":{\"@id\":\"https:\\\/\\\/inclusivenews.com.br\\\/#organization\"},\"image\":{\"@id\":\"https:\\\/\\\/inclusivenews.com.br\\\/?p=29010#primaryimage\"},\"thumbnailUrl\":\"http:\\\/\\\/inclusivenews.com.br\\\/wp-content\\\/uploads\\\/2011\\\/05\\\/crayons_Education_72ppi1.jpg\",\"articleSection\":[\"EDUCA\u00c7\u00c3O\",\"NOT\u00cdCIAS\"],\"inLanguage\":\"pt-PT\",\"potentialAction\":[{\"@type\":\"CommentAction\",\"name\":\"Comment\",\"target\":[\"https:\\\/\\\/inclusivenews.com.br\\\/?p=29010#respond\"]}]},{\"@type\":\"WebPage\",\"@id\":\"https:\\\/\\\/inclusivenews.com.br\\\/?p=29010\",\"url\":\"https:\\\/\\\/inclusivenews.com.br\\\/?p=29010\",\"name\":\"Pr\u00eamio Educador Nota 10 abre inscri\u00e7\u00f5es para a 19\u00aa edi\u00e7\u00e3o -\",\"isPartOf\":{\"@id\":\"https:\\\/\\\/inclusivenews.com.br\\\/#website\"},\"primaryImageOfPage\":{\"@id\":\"https:\\\/\\\/inclusivenews.com.br\\\/?p=29010#primaryimage\"},\"image\":{\"@id\":\"https:\\\/\\\/inclusivenews.com.br\\\/?p=29010#primaryimage\"},\"thumbnailUrl\":\"http:\\\/\\\/inclusivenews.com.br\\\/wp-content\\\/uploads\\\/2011\\\/05\\\/crayons_Education_72ppi1.jpg\",\"datePublished\":\"2016-04-07T18:52:14+00:00\",\"breadcrumb\":{\"@id\":\"https:\\\/\\\/inclusivenews.com.br\\\/?p=29010#breadcrumb\"},\"inLanguage\":\"pt-PT\",\"potentialAction\":[{\"@type\":\"ReadAction\",\"target\":[\"https:\\\/\\\/inclusivenews.com.br\\\/?p=29010\"]}]},{\"@type\":\"ImageObject\",\"inLanguage\":\"pt-PT\",\"@id\":\"https:\\\/\\\/inclusivenews.com.br\\\/?p=29010#primaryimage\",\"url\":\"\",\"contentUrl\":\"\"},{\"@type\":\"BreadcrumbList\",\"@id\":\"https:\\\/\\\/inclusivenews.com.br\\\/?p=29010#breadcrumb\",\"itemListElement\":[{\"@type\":\"ListItem\",\"position\":1,\"name\":\"In\u00edcio\",\"item\":\"https:\\\/\\\/inclusivenews.com.br\\\/\"},{\"@type\":\"ListItem\",\"position\":2,\"name\":\"Pr\u00eamio Educador Nota 10 abre inscri\u00e7\u00f5es para a 19\u00aa edi\u00e7\u00e3o\"}]},{\"@type\":\"WebSite\",\"@id\":\"https:\\\/\\\/inclusivenews.com.br\\\/#website\",\"url\":\"https:\\\/\\\/inclusivenews.com.br\\\/\",\"name\":\"Inclusive News\",\"description\":\"Inclusive News\",\"publisher\":{\"@id\":\"https:\\\/\\\/inclusivenews.com.br\\\/#organization\"},\"potentialAction\":[{\"@type\":\"SearchAction\",\"target\":{\"@type\":\"EntryPoint\",\"urlTemplate\":\"https:\\\/\\\/inclusivenews.com.br\\\/?s={search_term_string}\"},\"query-input\":{\"@type\":\"PropertyValueSpecification\",\"valueRequired\":true,\"valueName\":\"search_term_string\"}}],\"inLanguage\":\"pt-PT\"},{\"@type\":\"Organization\",\"@id\":\"https:\\\/\\\/inclusivenews.com.br\\\/#organization\",\"name\":\"Inclusive - inclus\u00e3o e cidadania\",\"url\":\"https:\\\/\\\/inclusivenews.com.br\\\/\",\"logo\":{\"@type\":\"ImageObject\",\"inLanguage\":\"pt-PT\",\"@id\":\"https:\\\/\\\/inclusivenews.com.br\\\/#\\\/schema\\\/logo\\\/image\\\/\",\"url\":\"https:\\\/\\\/inclusivenews.com.br\\\/wp-content\\\/uploads\\\/2024\\\/03\\\/@grandesite.png\",\"contentUrl\":\"https:\\\/\\\/inclusivenews.com.br\\\/wp-content\\\/uploads\\\/2024\\\/03\\\/@grandesite.png\",\"width\":1080,\"height\":1080,\"caption\":\"Inclusive - inclus\u00e3o e cidadania\"},\"image\":{\"@id\":\"https:\\\/\\\/inclusivenews.com.br\\\/#\\\/schema\\\/logo\\\/image\\\/\"},\"sameAs\":[\"https:\\\/\\\/www.facebook.com\\\/agenciainclusive\\\/\",\"https:\\\/\\\/www.instagram.com\\\/newsinclusive\\\/\"]},{\"@type\":\"Person\",\"@id\":\"https:\\\/\\\/inclusivenews.com.br\\\/#\\\/schema\\\/person\\\/ae4ec7087559b8692fb33b6fffd2273b\",\"name\":\"inclusivenews2024\",\"image\":{\"@type\":\"ImageObject\",\"inLanguage\":\"pt-PT\",\"@id\":\"https:\\\/\\\/secure.gravatar.com\\\/avatar\\\/c5a7ef84c66fa914f55bc4f7ce26cfa275a3b9a1c5568b907bd184fb4dde7b40?s=96&d=mm&r=g\",\"url\":\"https:\\\/\\\/secure.gravatar.com\\\/avatar\\\/c5a7ef84c66fa914f55bc4f7ce26cfa275a3b9a1c5568b907bd184fb4dde7b40?s=96&d=mm&r=g\",\"contentUrl\":\"https:\\\/\\\/secure.gravatar.com\\\/avatar\\\/c5a7ef84c66fa914f55bc4f7ce26cfa275a3b9a1c5568b907bd184fb4dde7b40?s=96&d=mm&r=g\",\"caption\":\"inclusivenews2024\"},\"sameAs\":[\"https:\\\/\\\/inclusivenews.com.br\"],\"url\":\"https:\\\/\\\/inclusivenews.com.br\\\/?author=1\"}]}<\/script>\n<!-- \/ Yoast SEO plugin. -->","yoast_head_json":{"title":"Pr\u00eamio Educador Nota 10 abre inscri\u00e7\u00f5es para a 19\u00aa edi\u00e7\u00e3o -","robots":{"index":"index","follow":"follow","max-snippet":"max-snippet:-1","max-image-preview":"max-image-preview:large","max-video-preview":"max-video-preview:-1"},"canonical":"https:\/\/inclusivenews.com.br\/?p=29010","og_locale":"pt_PT","og_type":"article","og_title":"Pr\u00eamio Educador Nota 10 abre inscri\u00e7\u00f5es para a 19\u00aa edi\u00e7\u00e3o -","og_description":"Est\u00e3o abertas as inscri\u00e7\u00f5es para a 19\u00aa edi\u00e7\u00e3o do Pr\u00eamio Educador Nota 10, que reconhece e dissemina o trabalho de professores e gestores da educa\u00e7\u00e3o infantil e ensino fundamental de todo o Brasil. Desde 1998, quando a premia\u00e7\u00e3o foi criada, 191 profissionais da educa\u00e7\u00e3o receberam R$ 2,2 milh\u00f5es em pr\u00eamios.","og_url":"https:\/\/inclusivenews.com.br\/?p=29010","article_publisher":"https:\/\/www.facebook.com\/agenciainclusive\/","article_published_time":"2016-04-07T18:52:14+00:00","og_image":[{"url":"http:\/\/inclusivenews.com.br\/wp-content\/uploads\/2011\/05\/crayons_Education_72ppi1.jpg","type":"","width":"","height":""}],"author":"inclusivenews2024","twitter_card":"summary_large_image","twitter_misc":{"Escrito por":"inclusivenews2024","Tempo estimado de leitura":"3 minutos"},"schema":{"@context":"https:\/\/schema.org","@graph":[{"@type":"Article","@id":"https:\/\/inclusivenews.com.br\/?p=29010#article","isPartOf":{"@id":"https:\/\/inclusivenews.com.br\/?p=29010"},"author":{"name":"inclusivenews2024","@id":"https:\/\/inclusivenews.com.br\/#\/schema\/person\/ae4ec7087559b8692fb33b6fffd2273b"},"headline":"Pr\u00eamio Educador Nota 10 abre inscri\u00e7\u00f5es para a 19\u00aa edi\u00e7\u00e3o","datePublished":"2016-04-07T18:52:14+00:00","mainEntityOfPage":{"@id":"https:\/\/inclusivenews.com.br\/?p=29010"},"wordCount":596,"commentCount":0,"publisher":{"@id":"https:\/\/inclusivenews.com.br\/#organization"},"image":{"@id":"https:\/\/inclusivenews.com.br\/?p=29010#primaryimage"},"thumbnailUrl":"http:\/\/inclusivenews.com.br\/wp-content\/uploads\/2011\/05\/crayons_Education_72ppi1.jpg","articleSection":["EDUCA\u00c7\u00c3O","NOT\u00cdCIAS"],"inLanguage":"pt-PT","potentialAction":[{"@type":"CommentAction","name":"Comment","target":["https:\/\/inclusivenews.com.br\/?p=29010#respond"]}]},{"@type":"WebPage","@id":"https:\/\/inclusivenews.com.br\/?p=29010","url":"https:\/\/inclusivenews.com.br\/?p=29010","name":"Pr\u00eamio Educador Nota 10 abre inscri\u00e7\u00f5es para a 19\u00aa edi\u00e7\u00e3o -","isPartOf":{"@id":"https:\/\/inclusivenews.com.br\/#website"},"primaryImageOfPage":{"@id":"https:\/\/inclusivenews.com.br\/?p=29010#primaryimage"},"image":{"@id":"https:\/\/inclusivenews.com.br\/?p=29010#primaryimage"},"thumbnailUrl":"http:\/\/inclusivenews.com.br\/wp-content\/uploads\/2011\/05\/crayons_Education_72ppi1.jpg","datePublished":"2016-04-07T18:52:14+00:00","breadcrumb":{"@id":"https:\/\/inclusivenews.com.br\/?p=29010#breadcrumb"},"inLanguage":"pt-PT","potentialAction":[{"@type":"ReadAction","target":["https:\/\/inclusivenews.com.br\/?p=29010"]}]},{"@type":"ImageObject","inLanguage":"pt-PT","@id":"https:\/\/inclusivenews.com.br\/?p=29010#primaryimage","url":"","contentUrl":""},{"@type":"BreadcrumbList","@id":"https:\/\/inclusivenews.com.br\/?p=29010#breadcrumb","itemListElement":[{"@type":"ListItem","position":1,"name":"In\u00edcio","item":"https:\/\/inclusivenews.com.br\/"},{"@type":"ListItem","position":2,"name":"Pr\u00eamio Educador Nota 10 abre inscri\u00e7\u00f5es para a 19\u00aa edi\u00e7\u00e3o"}]},{"@type":"WebSite","@id":"https:\/\/inclusivenews.com.br\/#website","url":"https:\/\/inclusivenews.com.br\/","name":"Inclusive News","description":"Inclusive News","publisher":{"@id":"https:\/\/inclusivenews.com.br\/#organization"},"potentialAction":[{"@type":"SearchAction","target":{"@type":"EntryPoint","urlTemplate":"https:\/\/inclusivenews.com.br\/?s={search_term_string}"},"query-input":{"@type":"PropertyValueSpecification","valueRequired":true,"valueName":"search_term_string"}}],"inLanguage":"pt-PT"},{"@type":"Organization","@id":"https:\/\/inclusivenews.com.br\/#organization","name":"Inclusive - inclus\u00e3o e cidadania","url":"https:\/\/inclusivenews.com.br\/","logo":{"@type":"ImageObject","inLanguage":"pt-PT","@id":"https:\/\/inclusivenews.com.br\/#\/schema\/logo\/image\/","url":"https:\/\/inclusivenews.com.br\/wp-content\/uploads\/2024\/03\/@grandesite.png","contentUrl":"https:\/\/inclusivenews.com.br\/wp-content\/uploads\/2024\/03\/@grandesite.png","width":1080,"height":1080,"caption":"Inclusive - inclus\u00e3o e cidadania"},"image":{"@id":"https:\/\/inclusivenews.com.br\/#\/schema\/logo\/image\/"},"sameAs":["https:\/\/www.facebook.com\/agenciainclusive\/","https:\/\/www.instagram.com\/newsinclusive\/"]},{"@type":"Person","@id":"https:\/\/inclusivenews.com.br\/#\/schema\/person\/ae4ec7087559b8692fb33b6fffd2273b","name":"inclusivenews2024","image":{"@type":"ImageObject","inLanguage":"pt-PT","@id":"https:\/\/secure.gravatar.com\/avatar\/c5a7ef84c66fa914f55bc4f7ce26cfa275a3b9a1c5568b907bd184fb4dde7b40?s=96&d=mm&r=g","url":"https:\/\/secure.gravatar.com\/avatar\/c5a7ef84c66fa914f55bc4f7ce26cfa275a3b9a1c5568b907bd184fb4dde7b40?s=96&d=mm&r=g","contentUrl":"https:\/\/secure.gravatar.com\/avatar\/c5a7ef84c66fa914f55bc4f7ce26cfa275a3b9a1c5568b907bd184fb4dde7b40?s=96&d=mm&r=g","caption":"inclusivenews2024"},"sameAs":["https:\/\/inclusivenews.com.br"],"url":"https:\/\/inclusivenews.com.br\/?author=1"}]}},"_links":{"self":[{"href":"https:\/\/inclusivenews.com.br\/index.php?rest_route=\/wp\/v2\/posts\/29010","targetHints":{"allow":["GET"]}}],"collection":[{"href":"https:\/\/inclusivenews.com.br\/index.php?rest_route=\/wp\/v2\/posts"}],"about":[{"href":"https:\/\/inclusivenews.com.br\/index.php?rest_route=\/wp\/v2\/types\/post"}],"author":[{"embeddable":true,"href":"https:\/\/inclusivenews.com.br\/index.php?rest_route=\/wp\/v2\/users\/1"}],"replies":[{"embeddable":true,"href":"https:\/\/inclusivenews.com.br\/index.php?rest_route=%2Fwp%2Fv2%2Fcomments&post=29010"}],"version-history":[{"count":0,"href":"https:\/\/inclusivenews.com.br\/index.php?rest_route=\/wp\/v2\/posts\/29010\/revisions"}],"wp:attachment":[{"href":"https:\/\/inclusivenews.com.br\/index.php?rest_route=%2Fwp%2Fv2%2Fmedia&parent=29010"}],"wp:term":[{"taxonomy":"category","embeddable":true,"href":"https:\/\/inclusivenews.com.br\/index.php?rest_route=%2Fwp%2Fv2%2Fcategories&post=29010"},{"taxonomy":"post_tag","embeddable":true,"href":"https:\/\/inclusivenews.com.br\/index.php?rest_route=%2Fwp%2Fv2%2Ftags&post=29010"}],"curies":[{"name":"wp","href":"https:\/\/api.w.org\/{rel}","templated":true}]}}