{"id":29012,"date":"2016-04-07T15:54:35","date_gmt":"2016-04-07T18:54:35","guid":{"rendered":"http:\/\/www.inclusive.org.br\/?p=29012"},"modified":"2016-04-07T15:54:35","modified_gmt":"2016-04-07T18:54:35","slug":"professores-indigenas-fazem-curso-para-ensinar-criancas-com-deficiencia","status":"publish","type":"post","link":"https:\/\/inclusivenews.com.br\/?p=29012","title":{"rendered":"Professores ind\u00edgenas fazem curso para ensinar crian\u00e7as com defici\u00eancia"},"content":{"rendered":"<p><img loading=\"lazy\" decoding=\"async\" class=\"alignnone size-full wp-image-18995\" alt=\"Inclusive - inclus\u00e3o - v\u00e1rias figuras multicoloridas de m\u00e3os dadas: um cadeirante, um muito alto, um muito baixo e outros olhando para dire\u00e7\u00f5es diversas\" src=\"http:\/\/inclusivenews.com.br\/wp-content\/uploads\/2011\/04\/inclusive_inclusao.jpg\" width=\"232\" height=\"126\" \/><\/p>\n<p>Do <em>Portal Brasil, via ANDI<\/em><\/p>\n<p>O avan\u00e7o da pol\u00edtica de educa\u00e7\u00e3o especial no Brasil tem revelado experi\u00eancias bem-sucedidas nas escolas ind\u00edgenas. No interior do Acre, crian\u00e7as e jovens com defici\u00eancia que n\u00e3o estudavam s\u00e3o levados \u00e0s escolas das aldeias desde 2009, quando teve in\u00edcio um trabalho de forma\u00e7\u00e3o de 300 professores ind\u00edgenas. O primeiro passo \u00e9 o convencimento e esclarecimento dos caciques de diferentes etnias sobre a legisla\u00e7\u00e3o da educa\u00e7\u00e3o especial e o direito dos ind\u00edgenas com defici\u00eancia de frequentar as salas de aula comuns.<\/p>\n<p>Na escola Ixub\u00e3y Rabui Puyanawa, da aldeia dos poianauas, no munic\u00edpio de M\u00e2ncio Lima, a 650 quil\u00f4metros da capital, Rio Branco, a professora Marcilene Porracai faz h\u00e1 tr\u00eas anos o atendimento de educa\u00e7\u00e3o especial a oito alunos com defici\u00eancia, no turno oposto ao das aulas regulares. \u201cCom o curso de forma\u00e7\u00e3o, amor, carinho e respeito aos limites de cada um, eles v\u00e3o aos poucos avan\u00e7ando e conseguindo passar de ano\u201d, diz a professora.<\/p>\n<p>Como h\u00e1 entre eles dois alunos surdos, Marcilene teve de aprender a l\u00edngua brasileira de sinais (libras). Uma aluna surda, que est\u00e1 terminando o ensino m\u00e9dio, nunca teve contato com a libras. \u201cA professora ind\u00edgena da escola Ixub\u00e3y Rabui se esfor\u00e7ou bastante e, durante tr\u00eas meses, precisou vir de uma dist\u00e2ncia de 35 quil\u00f4metros para chegar ao munic\u00edpio de Cruzeiro do Sul e frequentar o curso de forma\u00e7\u00e3o\u201d, explica Darci Nic\u00e1cio, coordenadora do N\u00facleo de Apoio Pedag\u00f3gico \u00e0 Inclus\u00e3o (Napi) da Secretaria de Educa\u00e7\u00e3o do Acre. Com a nova l\u00edngua inserida na comunidade, os poianauas ser\u00e3o poliglotas. Al\u00e9m da l\u00edngua ind\u00edgena, as crian\u00e7as aprendem portugu\u00eas, ingl\u00eas e, agora, libras.<\/p>\n<p>Aos poucos, outras aldeias aderem \u00e0 inclus\u00e3o. A pr\u00f3xima ser\u00e1 a escola Tamakai\u00e3, da etnia catuquina, em Cruzeiro do Sul. \u201cA articula\u00e7\u00e3o com os ind\u00edgenas n\u00e3o \u00e9 f\u00e1cil, pois muitos deles nem falam portugu\u00eas e precisamos de um int\u00e9rprete para explicar a import\u00e2ncia da inclus\u00e3o, de n\u00e3o deixar ningu\u00e9m fora da escola\u201d, explica \u00darsula Maria Maia, coordenadora de educa\u00e7\u00e3o especial no estado.<\/p>\n<p><strong>Assist\u00eancia<\/strong><br \/>\nNa aldeia Rep\u00fablica, da etnia nuquini, tamb\u00e9m no munic\u00edpio de M\u00e2ncio Lima, o professor ind\u00edgena Marcos Costa Oliveira tem atuado no atendimento especial a crian\u00e7as e jovens com algum tipo de defici\u00eancia. Na Escola Pedro Ant\u00f4nio de Oliveira, onde ele trabalha, cinco alunos apresentam defici\u00eancias distintas: um tem baixa vis\u00e3o e restri\u00e7\u00f5es de locomo\u00e7\u00e3o durante o dia em raz\u00e3o da luminosidade; outro tem daltonismo e os demais, defici\u00eancia motora, de fala e intelectual.<\/p>\n<p>\u201cEu dou assist\u00eancia a todos e fa\u00e7o o que posso\u201d, diz o professor. \u201cPego at\u00e9 o barco para ir \u00e0 casa de um dos alunos, que tem defici\u00eancia motora, e \u00e9 muito dif\u00edcil para ele vir \u00e0 escola.\u201d<\/p>\n<p>O povo nuquini espalha-se por uma \u00e1rea vasta, e alguns alunos precisam vencer dist\u00e2ncias de at\u00e9 3 quil\u00f4metros de rio para chegar \u00e0 escola. A aldeia Rep\u00fablica segue o curso do rio Moa, afluente do Juru\u00e1, que des\u00e1gua no Amazonas. Marcos acrescenta que h\u00e1 necessidade de um maior n\u00famero de professores ind\u00edgenas com forma\u00e7\u00e3o especial para atender outras crian\u00e7as e jovens com defici\u00eancia em outras aldeias. \u201cEu fiz o curso porque senti que o meu povo precisava de ajuda\u201d, afirma. \u201cEsses alunos com defici\u00eancia precisavam ser inclu\u00eddos.\u201d<\/p>\n<p>Al\u00e9m de dar assist\u00eancia aos estudantes, Marcos orienta os demais professores ind\u00edgenas a prestar aten\u00e7\u00e3o nos alunos com dificuldade de aprendizagem. \u201cComo \u00e9 tudo muito novo para n\u00f3s, eles precisam estar atentos aos alunos, observ\u00e1-los para descobrir se h\u00e1 defici\u00eancias n\u00e3o percebidas ainda\u201d, esclarece. \u201cEsse processo todo nos faz refletir e respeitar as diferen\u00e7as.\u201d<\/p>\n","protected":false},"excerpt":{"rendered":"<p>O avan\u00e7o da pol\u00edtica de educa\u00e7\u00e3o especial no Brasil tem revelado experi\u00eancias bem-sucedidas nas escolas ind\u00edgenas. No interior do Acre, crian\u00e7as e jovens com defici\u00eancia que n\u00e3o estudavam s\u00e3o levados \u00e0s escolas das aldeias desde 2009, quando teve in\u00edcio um trabalho de forma\u00e7\u00e3o de 300 professores ind\u00edgenas. O primeiro passo \u00e9 o convencimento e esclarecimento dos caciques de diferentes etnias sobre a legisla\u00e7\u00e3o da educa\u00e7\u00e3o especial e o direito dos ind\u00edgenas com defici\u00eancia de frequentar as salas de aula comuns.<\/p>\n","protected":false},"author":1,"featured_media":0,"comment_status":"open","ping_status":"open","sticky":false,"template":"","format":"standard","meta":{"site-container-style":"default","site-container-layout":"default","site-sidebar-layout":"default","disable-article-header":"default","disable-site-header":"default","disable-site-footer":"default","disable-content-area-spacing":"default","footnotes":""},"categories":[48],"tags":[299,100],"class_list":["post-29012","post","type-post","status-publish","format-standard","hentry","category-inclusao","tag-educacao-indigena","tag-indigenas"],"yoast_head":"<!-- This site is optimized with the Yoast SEO plugin v27.4 - https:\/\/yoast.com\/product\/yoast-seo-wordpress\/ -->\n<title>Professores ind\u00edgenas fazem curso para ensinar crian\u00e7as com defici\u00eancia -<\/title>\n<meta name=\"robots\" content=\"index, follow, max-snippet:-1, max-image-preview:large, max-video-preview:-1\" \/>\n<link rel=\"canonical\" href=\"https:\/\/inclusivenews.com.br\/?p=29012\" \/>\n<meta property=\"og:locale\" content=\"pt_PT\" \/>\n<meta property=\"og:type\" content=\"article\" \/>\n<meta property=\"og:title\" content=\"Professores ind\u00edgenas fazem curso para ensinar crian\u00e7as com defici\u00eancia -\" \/>\n<meta property=\"og:description\" content=\"O avan\u00e7o da pol\u00edtica de educa\u00e7\u00e3o especial no Brasil tem revelado experi\u00eancias bem-sucedidas nas escolas ind\u00edgenas. No interior do Acre, crian\u00e7as e jovens com defici\u00eancia que n\u00e3o estudavam s\u00e3o levados \u00e0s escolas das aldeias desde 2009, quando teve in\u00edcio um trabalho de forma\u00e7\u00e3o de 300 professores ind\u00edgenas. O primeiro passo \u00e9 o convencimento e esclarecimento dos caciques de diferentes etnias sobre a legisla\u00e7\u00e3o da educa\u00e7\u00e3o especial e o direito dos ind\u00edgenas com defici\u00eancia de frequentar as salas de aula comuns.\" \/>\n<meta property=\"og:url\" content=\"https:\/\/inclusivenews.com.br\/?p=29012\" \/>\n<meta property=\"article:publisher\" content=\"https:\/\/www.facebook.com\/agenciainclusive\/\" \/>\n<meta property=\"article:published_time\" content=\"2016-04-07T18:54:35+00:00\" \/>\n<meta property=\"og:image\" content=\"http:\/\/inclusivenews.com.br\/wp-content\/uploads\/2011\/04\/inclusive_inclusao.jpg\" \/>\n<meta name=\"author\" content=\"inclusivenews2024\" \/>\n<meta name=\"twitter:card\" content=\"summary_large_image\" \/>\n<meta name=\"twitter:label1\" content=\"Escrito por\" \/>\n\t<meta name=\"twitter:data1\" content=\"inclusivenews2024\" \/>\n\t<meta name=\"twitter:label2\" content=\"Tempo estimado de leitura\" \/>\n\t<meta name=\"twitter:data2\" content=\"3 minutos\" \/>\n<script type=\"application\/ld+json\" class=\"yoast-schema-graph\">{\"@context\":\"https:\\\/\\\/schema.org\",\"@graph\":[{\"@type\":\"Article\",\"@id\":\"https:\\\/\\\/inclusivenews.com.br\\\/?p=29012#article\",\"isPartOf\":{\"@id\":\"https:\\\/\\\/inclusivenews.com.br\\\/?p=29012\"},\"author\":{\"name\":\"inclusivenews2024\",\"@id\":\"https:\\\/\\\/inclusivenews.com.br\\\/#\\\/schema\\\/person\\\/ae4ec7087559b8692fb33b6fffd2273b\"},\"headline\":\"Professores ind\u00edgenas fazem curso para ensinar crian\u00e7as com defici\u00eancia\",\"datePublished\":\"2016-04-07T18:54:35+00:00\",\"mainEntityOfPage\":{\"@id\":\"https:\\\/\\\/inclusivenews.com.br\\\/?p=29012\"},\"wordCount\":681,\"commentCount\":0,\"publisher\":{\"@id\":\"https:\\\/\\\/inclusivenews.com.br\\\/#organization\"},\"image\":{\"@id\":\"https:\\\/\\\/inclusivenews.com.br\\\/?p=29012#primaryimage\"},\"thumbnailUrl\":\"http:\\\/\\\/inclusivenews.com.br\\\/wp-content\\\/uploads\\\/2011\\\/04\\\/inclusive_inclusao.jpg\",\"keywords\":[\"educa\u00e7\u00e3o ind\u00edgena\",\"Ind\u00edgenas\"],\"articleSection\":[\"INCLUS\u00c3O SOCIAL\"],\"inLanguage\":\"pt-PT\",\"potentialAction\":[{\"@type\":\"CommentAction\",\"name\":\"Comment\",\"target\":[\"https:\\\/\\\/inclusivenews.com.br\\\/?p=29012#respond\"]}]},{\"@type\":\"WebPage\",\"@id\":\"https:\\\/\\\/inclusivenews.com.br\\\/?p=29012\",\"url\":\"https:\\\/\\\/inclusivenews.com.br\\\/?p=29012\",\"name\":\"Professores ind\u00edgenas fazem curso para ensinar crian\u00e7as com defici\u00eancia -\",\"isPartOf\":{\"@id\":\"https:\\\/\\\/inclusivenews.com.br\\\/#website\"},\"primaryImageOfPage\":{\"@id\":\"https:\\\/\\\/inclusivenews.com.br\\\/?p=29012#primaryimage\"},\"image\":{\"@id\":\"https:\\\/\\\/inclusivenews.com.br\\\/?p=29012#primaryimage\"},\"thumbnailUrl\":\"http:\\\/\\\/inclusivenews.com.br\\\/wp-content\\\/uploads\\\/2011\\\/04\\\/inclusive_inclusao.jpg\",\"datePublished\":\"2016-04-07T18:54:35+00:00\",\"breadcrumb\":{\"@id\":\"https:\\\/\\\/inclusivenews.com.br\\\/?p=29012#breadcrumb\"},\"inLanguage\":\"pt-PT\",\"potentialAction\":[{\"@type\":\"ReadAction\",\"target\":[\"https:\\\/\\\/inclusivenews.com.br\\\/?p=29012\"]}]},{\"@type\":\"ImageObject\",\"inLanguage\":\"pt-PT\",\"@id\":\"https:\\\/\\\/inclusivenews.com.br\\\/?p=29012#primaryimage\",\"url\":\"\",\"contentUrl\":\"\"},{\"@type\":\"BreadcrumbList\",\"@id\":\"https:\\\/\\\/inclusivenews.com.br\\\/?p=29012#breadcrumb\",\"itemListElement\":[{\"@type\":\"ListItem\",\"position\":1,\"name\":\"In\u00edcio\",\"item\":\"https:\\\/\\\/inclusivenews.com.br\\\/\"},{\"@type\":\"ListItem\",\"position\":2,\"name\":\"Professores ind\u00edgenas fazem curso para ensinar crian\u00e7as com defici\u00eancia\"}]},{\"@type\":\"WebSite\",\"@id\":\"https:\\\/\\\/inclusivenews.com.br\\\/#website\",\"url\":\"https:\\\/\\\/inclusivenews.com.br\\\/\",\"name\":\"Inclusive News\",\"description\":\"Inclusive News\",\"publisher\":{\"@id\":\"https:\\\/\\\/inclusivenews.com.br\\\/#organization\"},\"potentialAction\":[{\"@type\":\"SearchAction\",\"target\":{\"@type\":\"EntryPoint\",\"urlTemplate\":\"https:\\\/\\\/inclusivenews.com.br\\\/?s={search_term_string}\"},\"query-input\":{\"@type\":\"PropertyValueSpecification\",\"valueRequired\":true,\"valueName\":\"search_term_string\"}}],\"inLanguage\":\"pt-PT\"},{\"@type\":\"Organization\",\"@id\":\"https:\\\/\\\/inclusivenews.com.br\\\/#organization\",\"name\":\"Inclusive - inclus\u00e3o e cidadania\",\"url\":\"https:\\\/\\\/inclusivenews.com.br\\\/\",\"logo\":{\"@type\":\"ImageObject\",\"inLanguage\":\"pt-PT\",\"@id\":\"https:\\\/\\\/inclusivenews.com.br\\\/#\\\/schema\\\/logo\\\/image\\\/\",\"url\":\"https:\\\/\\\/inclusivenews.com.br\\\/wp-content\\\/uploads\\\/2024\\\/03\\\/@grandesite.png\",\"contentUrl\":\"https:\\\/\\\/inclusivenews.com.br\\\/wp-content\\\/uploads\\\/2024\\\/03\\\/@grandesite.png\",\"width\":1080,\"height\":1080,\"caption\":\"Inclusive - inclus\u00e3o e cidadania\"},\"image\":{\"@id\":\"https:\\\/\\\/inclusivenews.com.br\\\/#\\\/schema\\\/logo\\\/image\\\/\"},\"sameAs\":[\"https:\\\/\\\/www.facebook.com\\\/agenciainclusive\\\/\",\"https:\\\/\\\/www.instagram.com\\\/newsinclusive\\\/\"]},{\"@type\":\"Person\",\"@id\":\"https:\\\/\\\/inclusivenews.com.br\\\/#\\\/schema\\\/person\\\/ae4ec7087559b8692fb33b6fffd2273b\",\"name\":\"inclusivenews2024\",\"image\":{\"@type\":\"ImageObject\",\"inLanguage\":\"pt-PT\",\"@id\":\"https:\\\/\\\/secure.gravatar.com\\\/avatar\\\/c5a7ef84c66fa914f55bc4f7ce26cfa275a3b9a1c5568b907bd184fb4dde7b40?s=96&d=mm&r=g\",\"url\":\"https:\\\/\\\/secure.gravatar.com\\\/avatar\\\/c5a7ef84c66fa914f55bc4f7ce26cfa275a3b9a1c5568b907bd184fb4dde7b40?s=96&d=mm&r=g\",\"contentUrl\":\"https:\\\/\\\/secure.gravatar.com\\\/avatar\\\/c5a7ef84c66fa914f55bc4f7ce26cfa275a3b9a1c5568b907bd184fb4dde7b40?s=96&d=mm&r=g\",\"caption\":\"inclusivenews2024\"},\"sameAs\":[\"https:\\\/\\\/inclusivenews.com.br\"],\"url\":\"https:\\\/\\\/inclusivenews.com.br\\\/?author=1\"}]}<\/script>\n<!-- \/ Yoast SEO plugin. -->","yoast_head_json":{"title":"Professores ind\u00edgenas fazem curso para ensinar crian\u00e7as com defici\u00eancia -","robots":{"index":"index","follow":"follow","max-snippet":"max-snippet:-1","max-image-preview":"max-image-preview:large","max-video-preview":"max-video-preview:-1"},"canonical":"https:\/\/inclusivenews.com.br\/?p=29012","og_locale":"pt_PT","og_type":"article","og_title":"Professores ind\u00edgenas fazem curso para ensinar crian\u00e7as com defici\u00eancia -","og_description":"O avan\u00e7o da pol\u00edtica de educa\u00e7\u00e3o especial no Brasil tem revelado experi\u00eancias bem-sucedidas nas escolas ind\u00edgenas. No interior do Acre, crian\u00e7as e jovens com defici\u00eancia que n\u00e3o estudavam s\u00e3o levados \u00e0s escolas das aldeias desde 2009, quando teve in\u00edcio um trabalho de forma\u00e7\u00e3o de 300 professores ind\u00edgenas. O primeiro passo \u00e9 o convencimento e esclarecimento dos caciques de diferentes etnias sobre a legisla\u00e7\u00e3o da educa\u00e7\u00e3o especial e o direito dos ind\u00edgenas com defici\u00eancia de frequentar as salas de aula comuns.","og_url":"https:\/\/inclusivenews.com.br\/?p=29012","article_publisher":"https:\/\/www.facebook.com\/agenciainclusive\/","article_published_time":"2016-04-07T18:54:35+00:00","og_image":[{"url":"http:\/\/inclusivenews.com.br\/wp-content\/uploads\/2011\/04\/inclusive_inclusao.jpg","type":"","width":"","height":""}],"author":"inclusivenews2024","twitter_card":"summary_large_image","twitter_misc":{"Escrito por":"inclusivenews2024","Tempo estimado de leitura":"3 minutos"},"schema":{"@context":"https:\/\/schema.org","@graph":[{"@type":"Article","@id":"https:\/\/inclusivenews.com.br\/?p=29012#article","isPartOf":{"@id":"https:\/\/inclusivenews.com.br\/?p=29012"},"author":{"name":"inclusivenews2024","@id":"https:\/\/inclusivenews.com.br\/#\/schema\/person\/ae4ec7087559b8692fb33b6fffd2273b"},"headline":"Professores ind\u00edgenas fazem curso para ensinar crian\u00e7as com defici\u00eancia","datePublished":"2016-04-07T18:54:35+00:00","mainEntityOfPage":{"@id":"https:\/\/inclusivenews.com.br\/?p=29012"},"wordCount":681,"commentCount":0,"publisher":{"@id":"https:\/\/inclusivenews.com.br\/#organization"},"image":{"@id":"https:\/\/inclusivenews.com.br\/?p=29012#primaryimage"},"thumbnailUrl":"http:\/\/inclusivenews.com.br\/wp-content\/uploads\/2011\/04\/inclusive_inclusao.jpg","keywords":["educa\u00e7\u00e3o ind\u00edgena","Ind\u00edgenas"],"articleSection":["INCLUS\u00c3O SOCIAL"],"inLanguage":"pt-PT","potentialAction":[{"@type":"CommentAction","name":"Comment","target":["https:\/\/inclusivenews.com.br\/?p=29012#respond"]}]},{"@type":"WebPage","@id":"https:\/\/inclusivenews.com.br\/?p=29012","url":"https:\/\/inclusivenews.com.br\/?p=29012","name":"Professores ind\u00edgenas fazem curso para ensinar crian\u00e7as com defici\u00eancia -","isPartOf":{"@id":"https:\/\/inclusivenews.com.br\/#website"},"primaryImageOfPage":{"@id":"https:\/\/inclusivenews.com.br\/?p=29012#primaryimage"},"image":{"@id":"https:\/\/inclusivenews.com.br\/?p=29012#primaryimage"},"thumbnailUrl":"http:\/\/inclusivenews.com.br\/wp-content\/uploads\/2011\/04\/inclusive_inclusao.jpg","datePublished":"2016-04-07T18:54:35+00:00","breadcrumb":{"@id":"https:\/\/inclusivenews.com.br\/?p=29012#breadcrumb"},"inLanguage":"pt-PT","potentialAction":[{"@type":"ReadAction","target":["https:\/\/inclusivenews.com.br\/?p=29012"]}]},{"@type":"ImageObject","inLanguage":"pt-PT","@id":"https:\/\/inclusivenews.com.br\/?p=29012#primaryimage","url":"","contentUrl":""},{"@type":"BreadcrumbList","@id":"https:\/\/inclusivenews.com.br\/?p=29012#breadcrumb","itemListElement":[{"@type":"ListItem","position":1,"name":"In\u00edcio","item":"https:\/\/inclusivenews.com.br\/"},{"@type":"ListItem","position":2,"name":"Professores ind\u00edgenas fazem curso para ensinar crian\u00e7as com defici\u00eancia"}]},{"@type":"WebSite","@id":"https:\/\/inclusivenews.com.br\/#website","url":"https:\/\/inclusivenews.com.br\/","name":"Inclusive News","description":"Inclusive News","publisher":{"@id":"https:\/\/inclusivenews.com.br\/#organization"},"potentialAction":[{"@type":"SearchAction","target":{"@type":"EntryPoint","urlTemplate":"https:\/\/inclusivenews.com.br\/?s={search_term_string}"},"query-input":{"@type":"PropertyValueSpecification","valueRequired":true,"valueName":"search_term_string"}}],"inLanguage":"pt-PT"},{"@type":"Organization","@id":"https:\/\/inclusivenews.com.br\/#organization","name":"Inclusive - inclus\u00e3o e cidadania","url":"https:\/\/inclusivenews.com.br\/","logo":{"@type":"ImageObject","inLanguage":"pt-PT","@id":"https:\/\/inclusivenews.com.br\/#\/schema\/logo\/image\/","url":"https:\/\/inclusivenews.com.br\/wp-content\/uploads\/2024\/03\/@grandesite.png","contentUrl":"https:\/\/inclusivenews.com.br\/wp-content\/uploads\/2024\/03\/@grandesite.png","width":1080,"height":1080,"caption":"Inclusive - inclus\u00e3o e cidadania"},"image":{"@id":"https:\/\/inclusivenews.com.br\/#\/schema\/logo\/image\/"},"sameAs":["https:\/\/www.facebook.com\/agenciainclusive\/","https:\/\/www.instagram.com\/newsinclusive\/"]},{"@type":"Person","@id":"https:\/\/inclusivenews.com.br\/#\/schema\/person\/ae4ec7087559b8692fb33b6fffd2273b","name":"inclusivenews2024","image":{"@type":"ImageObject","inLanguage":"pt-PT","@id":"https:\/\/secure.gravatar.com\/avatar\/c5a7ef84c66fa914f55bc4f7ce26cfa275a3b9a1c5568b907bd184fb4dde7b40?s=96&d=mm&r=g","url":"https:\/\/secure.gravatar.com\/avatar\/c5a7ef84c66fa914f55bc4f7ce26cfa275a3b9a1c5568b907bd184fb4dde7b40?s=96&d=mm&r=g","contentUrl":"https:\/\/secure.gravatar.com\/avatar\/c5a7ef84c66fa914f55bc4f7ce26cfa275a3b9a1c5568b907bd184fb4dde7b40?s=96&d=mm&r=g","caption":"inclusivenews2024"},"sameAs":["https:\/\/inclusivenews.com.br"],"url":"https:\/\/inclusivenews.com.br\/?author=1"}]}},"_links":{"self":[{"href":"https:\/\/inclusivenews.com.br\/index.php?rest_route=\/wp\/v2\/posts\/29012","targetHints":{"allow":["GET"]}}],"collection":[{"href":"https:\/\/inclusivenews.com.br\/index.php?rest_route=\/wp\/v2\/posts"}],"about":[{"href":"https:\/\/inclusivenews.com.br\/index.php?rest_route=\/wp\/v2\/types\/post"}],"author":[{"embeddable":true,"href":"https:\/\/inclusivenews.com.br\/index.php?rest_route=\/wp\/v2\/users\/1"}],"replies":[{"embeddable":true,"href":"https:\/\/inclusivenews.com.br\/index.php?rest_route=%2Fwp%2Fv2%2Fcomments&post=29012"}],"version-history":[{"count":0,"href":"https:\/\/inclusivenews.com.br\/index.php?rest_route=\/wp\/v2\/posts\/29012\/revisions"}],"wp:attachment":[{"href":"https:\/\/inclusivenews.com.br\/index.php?rest_route=%2Fwp%2Fv2%2Fmedia&parent=29012"}],"wp:term":[{"taxonomy":"category","embeddable":true,"href":"https:\/\/inclusivenews.com.br\/index.php?rest_route=%2Fwp%2Fv2%2Fcategories&post=29012"},{"taxonomy":"post_tag","embeddable":true,"href":"https:\/\/inclusivenews.com.br\/index.php?rest_route=%2Fwp%2Fv2%2Ftags&post=29012"}],"curies":[{"name":"wp","href":"https:\/\/api.w.org\/{rel}","templated":true}]}}